{"id":53693,"date":"2024-04-03T06:59:45","date_gmt":"2024-04-03T09:59:45","guid":{"rendered":"http:\/\/lahoradelcampo.com.uy\/site\/?p=53693"},"modified":"2024-04-03T08:51:22","modified_gmt":"2024-04-03T11:51:22","slug":"en-mayo-estaria-disponible-en-el-mercado-el-fluralaner-contra-la-garrapata","status":"publish","type":"post","link":"https:\/\/lahoradelcampo.com.uy\/site\/en-mayo-estaria-disponible-en-el-mercado-el-fluralaner-contra-la-garrapata\/","title":{"rendered":"En mayo estar\u00eda disponible en el mercado, el fluralaner contra la garrapata"},"content":{"rendered":"\n<figure class=\"wp-block-image size-full\"><a href=\"https:\/\/i0.wp.com\/lahoradelcampo.com.uy\/site\/wp-content\/uploads\/2020\/06\/garrapataweb.jpg\"><img data-recalc-dims=\"1\" loading=\"lazy\" decoding=\"async\" width=\"810\" height=\"405\" data-attachment-id=\"21360\" data-permalink=\"https:\/\/lahoradelcampo.com.uy\/site\/laboratorio-de-udelar-se-instalara-en-artigas-para-el-estudio-de-la-garrapata\/garrapataweb\/\" data-orig-file=\"https:\/\/i0.wp.com\/lahoradelcampo.com.uy\/site\/wp-content\/uploads\/2020\/06\/garrapataweb.jpg?fit=880%2C440&amp;ssl=1\" data-orig-size=\"880,440\" data-comments-opened=\"1\" data-image-meta=\"{&quot;aperture&quot;:&quot;0&quot;,&quot;credit&quot;:&quot;&quot;,&quot;camera&quot;:&quot;&quot;,&quot;caption&quot;:&quot;&quot;,&quot;created_timestamp&quot;:&quot;0&quot;,&quot;copyright&quot;:&quot;&quot;,&quot;focal_length&quot;:&quot;0&quot;,&quot;iso&quot;:&quot;0&quot;,&quot;shutter_speed&quot;:&quot;0&quot;,&quot;title&quot;:&quot;&quot;,&quot;orientation&quot;:&quot;1&quot;}\" data-image-title=\"garrapataweb\" data-image-description=\"\" data-image-caption=\"\" data-large-file=\"https:\/\/i0.wp.com\/lahoradelcampo.com.uy\/site\/wp-content\/uploads\/2020\/06\/garrapataweb.jpg?fit=810%2C405&amp;ssl=1\" src=\"https:\/\/i0.wp.com\/lahoradelcampo.com.uy\/site\/wp-content\/uploads\/2020\/06\/garrapataweb.jpg?resize=810%2C405\" alt=\"\" class=\"wp-image-21360\" srcset=\"https:\/\/i0.wp.com\/lahoradelcampo.com.uy\/site\/wp-content\/uploads\/2020\/06\/garrapataweb.jpg?w=880&amp;ssl=1 880w, https:\/\/i0.wp.com\/lahoradelcampo.com.uy\/site\/wp-content\/uploads\/2020\/06\/garrapataweb.jpg?resize=300%2C150&amp;ssl=1 300w, https:\/\/i0.wp.com\/lahoradelcampo.com.uy\/site\/wp-content\/uploads\/2020\/06\/garrapataweb.jpg?resize=768%2C384&amp;ssl=1 768w, https:\/\/i0.wp.com\/lahoradelcampo.com.uy\/site\/wp-content\/uploads\/2020\/06\/garrapataweb.jpg?resize=820%2C410&amp;ssl=1 820w\" sizes=\"auto, (max-width: 810px) 100vw, 810px\" \/><\/a><\/figure>\n\n\n\n<p>El momento de la garrapata en el pa\u00eds es, para muchos productores, un gran problema de todos los d\u00edas. Las condicionantes clim\u00e1ticas y la resistencia a m\u00e1s de un producto qu\u00edmico ha determinado un aumento de la poblaci\u00f3n del par\u00e1sito y que esto determine adem\u00e1s de la p\u00e9rdida de kilos, la mortandad de animales por tristeza.&nbsp;<\/p>\n\n\n\n<p>En el \u00faltimo a\u00f1o se ha venido trabajando por parte del laboratorio MSD Uruguay y el Ministerio de Ganader\u00eda, Agricultura y Pesca (MGAP), realizando los tr\u00e1mites y pruebas de rigor para la habilitaci\u00f3n de un producto, con un nuevo principio activo, el fluralaner para el combate al par\u00e1sito. En enero, el Dr. Mart\u00edn Altuna, director de Sanidad Animal del MGAP inform\u00f3 que el producto estaba aprobado y restaba definir el tiempo de espera \u00fanicamente. &nbsp;<\/p>\n\n\n\n<p>En la tarde de ayer, el Dr. Eduardo Rosso, director t\u00e9cnico de MSD Uruguay, confirm\u00f3 a La Hora del Campo, que el producto est\u00e1 aprobado y que estar\u00e1 disponible en el mercado en mayo, si bien se trabaja en la posibilidad de que llegue antes de finalizar el mes de abril.<\/p>\n\n\n\n<p>Rosso se\u00f1al\u00f3 que el producto ya est\u00e1 registrado en Brasil hace un a\u00f1o y medio, en tanto que en M\u00e9xico hace un a\u00f1o, se est\u00e1n terminando los registros en Argentina, Bolivia y Paraguay. \u201cEn estos pa\u00edses que son ganaderos y donde la garrapata est\u00e1 pegando fuerte, pr\u00e1cticamente en todos ellos, ya se logr\u00f3 terminar el tr\u00e1mite de aprobaci\u00f3n del producto, despu\u00e9s en otros pa\u00edses donde las condiciones para registrar son m\u00e1s largas, todav\u00eda no se culminaron, pero andan en eso\u201d indic\u00f3.<\/p>\n\n\n\n<p>Respecto a la aplicaci\u00f3n del producto, dijo que la dosis es un mililitro cada 20 kilos de peso corporal, es de aplicaci\u00f3n t\u00f3pica \u201ces lo que se llama pour on, que va por encima del lomo y a lo largo de toda la l\u00ednea media, desde la cruz hasta la base de la cola. Es sist\u00e9mico, o sea que el animal tiene que absorberlo\u201d explic\u00f3.<\/p>\n\n\n\n<p>Sobre los resultados que se han registrado en otros pa\u00edses y en los ensayos en Uruguay, Rosso dijo \u201cson espectaculares, a los tres o cuatro d\u00edas, ya no hay garrapata en el animal. En algunos casos donde hay un desaf\u00edo mucho m\u00e1s grande, capaz que a los seis siete d\u00edas ya no encontramos garrapata\u201d.<\/p>\n\n\n\n<p>Sobre la durabilidad o residualidad del producto, el veterinario dijo \u201chemos visto establecimientos donde hab\u00eda un desaf\u00edo grande, donde hab\u00eda multirresistencia y encontramos lugares que en 40 d\u00edas no apareci\u00f3 ninguna garrapata y otros lugares donde se lleg\u00f3 a haber 80 d\u00edas sin garrapata\u201d.<\/p>\n\n\n\n<p>Si bien explic\u00f3 que en cada predio es una realidad distinta y que las condicionantes clim\u00e1ticas tambi\u00e9n son un factor a tener en cuenta, la recomendaci\u00f3n es \u201caplicar a los 42 d\u00edas el segundo tratamiento. Yo s\u00e9 que me van a decir que yo lo us\u00e9 y reci\u00e9n me apareci\u00f3 una garrapata a los 60 d\u00edas o a los 56 d\u00edas, o a los 80, pero igualmente nosotros no tenemos que ver la garrapata adulta para aplicar el producto, tenemos que ir ya, anticiparnos un poco y pienso que 42 d\u00edas es un tiempo considerable para volver a tratar esos animales\u201d.<\/p>\n\n\n\n<p>En cuanto a los tiempos de espera para enviar el ganado a frigor\u00edfico, Rosso se\u00f1al\u00f3 que hubo un trabajo muy intenso con los t\u00e9cnicos y las autoridades del MGAP, debido al tema residuos en carne, \u201cel ministerio realiza un control muy importante para cuidar los residuos en carne ya que nuestro mercado en un 70% u 80% se exporta a otros pa\u00edses y tenemos que cuidar esos mercados, para evitar problemas como han ocurrido anteriormente con otros principios activos y que no aparezcan residuos\u201d.<\/p>\n\n\n\n<p>El profesional se\u00f1al\u00f3 que se ha determinado un tiempo de espera \u201cac\u00e1 en Uruguay de 84 d\u00edas\u201d, tiempo que duplica lo autorizado en pa\u00edses como Brasil y M\u00e9xico, mientras que en los tr\u00e1mites en Argentina tambi\u00e9n se tiene previsto un tiempo de espera de 42 d\u00edas. \u201cCon 84 d\u00edas creo que todos estamos m\u00e1s tranquilos y es un tiempo prudencial para evitar tener justamente esos reclamos que pueden llegar a venir del del exterior\u201d.<\/p>\n\n\n\n<p>Rosso remarc\u00f3 que al igual que otros productos, en este caso tambi\u00e9n hay que \u201ccuidar el producto, es muy importante y hay que prestar suma atenci\u00f3n con el tema de la dosis, de no sub dosificar animales, que ese es el principio de la aparici\u00f3n de resistencia\u201d. Seg\u00fan el profesional \u201cel fen\u00f3meno de la resistencia va a ocurrir tarde o temprano con todos los principios activos, entonces deber\u00edamos cuidar estos productos y no sub dosificar\u201d.<\/p>\n\n\n\n<p>Sobre el costo del producto dijo que \u201cel costo del producto que va a salir al productor, va a ser el mismo que ya sali\u00f3 en Brasil, al productor anda en torno los US$ 600 el litro. Pero m\u00e1s all\u00e1 del costo, que sin duda que es importante, si terminamos con el problema de garrapata en un establecimiento el costo es secundario en comparaci\u00f3n con lo que con lo que se pierde en kilos y en animales\u201d.<\/p>\n\n\n\n<p>Rosso record\u00f3 que el producto es importado de Nueva Zelanda, y normalmente demora 60 d\u00edas en llegar al pa\u00eds, \u201cestamos viendo la posibilidad de traerlo v\u00eda a\u00e9rea para hacerlo mucho m\u00e1s r\u00e1pido y tratar de, por lo menos, llegar a la \u00faltima aplicaci\u00f3n, al tercer ciclo de la garrapata\u201d. El profesional aclar\u00f3 que \u201ctodav\u00eda no tenemos una fecha exacta\u201d, aunque indic\u00f3 que \u201cen mayo si estar\u00eda llegando y se estar\u00eda lanzando seguro, pero estamos tratando de apurarlo para que llegue ahora en abril\u201d.<\/p>\n\n\n\n<p>Salto, 3 de abril de 2024<\/p>\n","protected":false},"excerpt":{"rendered":"<p>El momento de la garrapata en el pa\u00eds es, para muchos productores, un gran problema de todos los d\u00edas. Las condicionantes clim\u00e1ticas y la resistencia a m\u00e1s de un producto [&hellip;]<\/p>\n","protected":false},"author":5,"featured_media":21360,"comment_status":"open","ping_status":"open","sticky":false,"template":"","format":"standard","meta":{"_price":"","_stock":"","_tribe_ticket_header":"","_tribe_default_ticket_provider":"","_tribe_ticket_capacity":"0","_ticket_start_date":"","_ticket_end_date":"","_tribe_ticket_show_description":"","_tribe_ticket_show_not_going":false,"_tribe_ticket_use_global_stock":"","_tribe_ticket_global_stock_level":"","_global_stock_mode":"","_global_stock_cap":"","_tribe_rsvp_for_event":"","_tribe_ticket_going_count":"","_tribe_ticket_not_going_count":"","_tribe_tickets_list":"[]","_tribe_ticket_has_attendee_info_fields":false,"h5ap_radio_sources":[],"_jetpack_newsletter_access":"","_jetpack_dont_email_post_to_subs":false,"_jetpack_newsletter_tier_id":0,"_jetpack_memberships_contains_paywalled_content":false,"_jetpack_memberships_contains_paid_content":false,"footnotes":""},"categories":[21,5],"tags":[],"class_list":["post-53693","post","type-post","status-publish","format-standard","has-post-thumbnail","hentry","category-actualidad","category-ganaderia"],"jetpack_featured_media_url":"https:\/\/i0.wp.com\/lahoradelcampo.com.uy\/site\/wp-content\/uploads\/2020\/06\/garrapataweb.jpg?fit=880%2C440&ssl=1","jetpack_sharing_enabled":true,"jetpack_shortlink":"https:\/\/wp.me\/p99IaT-dY1","jetpack-related-posts":[{"id":21872,"url":"https:\/\/lahoradelcampo.com.uy\/site\/crece-la-mortandad-por-garrapata-en-el-norte\/","url_meta":{"origin":53693,"position":0},"title":"Crece la mortandad por garrapata en el norte","author":"La Hora del Campo","date":"15 julio, 2020","format":false,"excerpt":"Durante todo el a\u00f1o 2019 y en el transcurso del actual, la incidencia de la garrapata en los rodeos a nivel nacional ha venido increment\u00e1ndose. En este sentido el Ministro de Ganader\u00eda, Agricultura y Pesca, Ing. Agr. Carlos Mar\u00eda Uriarte, se\u00f1al\u00f3 en el \u00faltimo congreso de la Federaci\u00f3n Rural del\u2026","rel":"","context":"En \u00abActualidad\u00bb","block_context":{"text":"Actualidad","link":"https:\/\/lahoradelcampo.com.uy\/site\/category\/actualidad\/"},"img":{"alt_text":"","src":"https:\/\/i0.wp.com\/lahoradelcampo.com.uy\/site\/wp-content\/uploads\/2020\/07\/garrapataweb1.jpg?fit=880%2C440&ssl=1&resize=350%2C200","width":350,"height":200,"srcset":"https:\/\/i0.wp.com\/lahoradelcampo.com.uy\/site\/wp-content\/uploads\/2020\/07\/garrapataweb1.jpg?fit=880%2C440&ssl=1&resize=350%2C200 1x, https:\/\/i0.wp.com\/lahoradelcampo.com.uy\/site\/wp-content\/uploads\/2020\/07\/garrapataweb1.jpg?fit=880%2C440&ssl=1&resize=525%2C300 1.5x, https:\/\/i0.wp.com\/lahoradelcampo.com.uy\/site\/wp-content\/uploads\/2020\/07\/garrapataweb1.jpg?fit=880%2C440&ssl=1&resize=700%2C400 2x"},"classes":[]},{"id":33080,"url":"https:\/\/lahoradelcampo.com.uy\/site\/agosto-es-ideal-para-comenzar-un-buen-tratamiento-contra-la-garrapata\/","url_meta":{"origin":53693,"position":1},"title":"Agosto es ideal para comenzar un buen tratamiento contra la garrapata","author":"La Hora del Campo","date":"13 agosto, 2021","format":false,"excerpt":"En Agosto comienza el primer ciclo de la garrapata, de los tres que tiene el par\u00e1sito en nuestro pa\u00eds, por lo tanto es un buen momento para comenzar con un buen tratamiento, reducir la poblaci\u00f3n del par\u00e1sito y evitar la resistencia. En Uruguay hay tres generaciones de garrapata, la primera\u2026","rel":"","context":"En \u00abActualidad\u00bb","block_context":{"text":"Actualidad","link":"https:\/\/lahoradelcampo.com.uy\/site\/category\/actualidad\/"},"img":{"alt_text":"","src":"https:\/\/i0.wp.com\/lahoradelcampo.com.uy\/site\/wp-content\/uploads\/2021\/02\/biogenesis-2.jpg?fit=880%2C440&ssl=1&resize=350%2C200","width":350,"height":200,"srcset":"https:\/\/i0.wp.com\/lahoradelcampo.com.uy\/site\/wp-content\/uploads\/2021\/02\/biogenesis-2.jpg?fit=880%2C440&ssl=1&resize=350%2C200 1x, https:\/\/i0.wp.com\/lahoradelcampo.com.uy\/site\/wp-content\/uploads\/2021\/02\/biogenesis-2.jpg?fit=880%2C440&ssl=1&resize=525%2C300 1.5x, https:\/\/i0.wp.com\/lahoradelcampo.com.uy\/site\/wp-content\/uploads\/2021\/02\/biogenesis-2.jpg?fit=880%2C440&ssl=1&resize=700%2C400 2x"},"classes":[]},{"id":41677,"url":"https:\/\/lahoradelcampo.com.uy\/site\/martinez-la-garrapata-es-un-tema-candente-y-permanente-en-la-region\/","url_meta":{"origin":53693,"position":2},"title":"Mart\u00ednez: \u201cLa garrapata es un tema candente y permanente en la regi\u00f3n\u201d","author":"La Hora del Campo","date":"11 mayo, 2022","format":false,"excerpt":"Agropecuaria Salto realiz\u00f3 recientemente una jornada sobre el control de la garrapata y la presentaci\u00f3n de las particularidades de un producto a base Fluazur\u00f3n, principio activo que hasta el momento no presenta niveles de resistencia por parte del par\u00e1sito en nuestro pa\u00eds. El Dr. Mauricio Mart\u00ednez, uno de los principales\u2026","rel":"","context":"En \u00abActualidad\u00bb","block_context":{"text":"Actualidad","link":"https:\/\/lahoradelcampo.com.uy\/site\/category\/actualidad\/"},"img":{"alt_text":"","src":"https:\/\/i0.wp.com\/lahoradelcampo.com.uy\/site\/wp-content\/uploads\/2022\/05\/AgropecuariaSalto1.jpg?fit=880%2C440&ssl=1&resize=350%2C200","width":350,"height":200,"srcset":"https:\/\/i0.wp.com\/lahoradelcampo.com.uy\/site\/wp-content\/uploads\/2022\/05\/AgropecuariaSalto1.jpg?fit=880%2C440&ssl=1&resize=350%2C200 1x, https:\/\/i0.wp.com\/lahoradelcampo.com.uy\/site\/wp-content\/uploads\/2022\/05\/AgropecuariaSalto1.jpg?fit=880%2C440&ssl=1&resize=525%2C300 1.5x, https:\/\/i0.wp.com\/lahoradelcampo.com.uy\/site\/wp-content\/uploads\/2022\/05\/AgropecuariaSalto1.jpg?fit=880%2C440&ssl=1&resize=700%2C400 2x"},"classes":[]},{"id":21536,"url":"https:\/\/lahoradelcampo.com.uy\/site\/fluazuron-el-principio-activo-para-la-primera-generacion-de-garrapata-en-el-invierno\/","url_meta":{"origin":53693,"position":3},"title":"Fluazur\u00f3n: el principio activo para la primera generaci\u00f3n de garrapata en el invierno","author":"La Hora del Campo","date":"3 julio, 2020","format":false,"excerpt":"El Dr. Daniel Salada, director t\u00e9cnico de Laboratorio Cibeles, en di\u00e1logo con La Hora del Campo, indic\u00f3 que se debe aprovechar \"la baja de la guardia\" de la garrapata en el invierno y realizar aplicaciones \"con productos efectivos\". Consultado al respecto, el profesional record\u00f3 que cambiar el principio activo sin\u2026","rel":"","context":"En \u00abActualidad\u00bb","block_context":{"text":"Actualidad","link":"https:\/\/lahoradelcampo.com.uy\/site\/category\/actualidad\/"},"img":{"alt_text":"","src":"https:\/\/i0.wp.com\/lahoradelcampo.com.uy\/site\/wp-content\/uploads\/2019\/06\/Daniel-Salada.jpg?fit=880%2C440&ssl=1&resize=350%2C200","width":350,"height":200,"srcset":"https:\/\/i0.wp.com\/lahoradelcampo.com.uy\/site\/wp-content\/uploads\/2019\/06\/Daniel-Salada.jpg?fit=880%2C440&ssl=1&resize=350%2C200 1x, https:\/\/i0.wp.com\/lahoradelcampo.com.uy\/site\/wp-content\/uploads\/2019\/06\/Daniel-Salada.jpg?fit=880%2C440&ssl=1&resize=525%2C300 1.5x, https:\/\/i0.wp.com\/lahoradelcampo.com.uy\/site\/wp-content\/uploads\/2019\/06\/Daniel-Salada.jpg?fit=880%2C440&ssl=1&resize=700%2C400 2x"},"classes":[]},{"id":56210,"url":"https:\/\/lahoradelcampo.com.uy\/site\/la-garrapata-no-es-invencible-hay-que-conocerla-para-ganarle\/","url_meta":{"origin":53693,"position":4},"title":"La garrapata no es invencible: \u00abhay que conocerla para ganarle\u00bb","author":"La Hora del Campo","date":"16 junio, 2025","format":false,"excerpt":"El m\u00e9dico veterinario y caba\u00f1ero, del departamento de Rivera, Dr. Marcelo Mendon\u00e7a advirti\u00f3 que el mayor problema de situaci\u00f3n de la garrapata es mayormente por desconocimiento del ciclo de la garrapata y la utilizaci\u00f3n de los distintos principios activos para su control. \"El 80% de los problemas con la garrapata\u2026","rel":"","context":"En \u00abActualidad\u00bb","block_context":{"text":"Actualidad","link":"https:\/\/lahoradelcampo.com.uy\/site\/category\/actualidad\/"},"img":{"alt_text":"","src":"https:\/\/i0.wp.com\/lahoradelcampo.com.uy\/site\/wp-content\/uploads\/2025\/06\/Doctormarcelomendonza.jpg?fit=880%2C440&ssl=1&resize=350%2C200","width":350,"height":200,"srcset":"https:\/\/i0.wp.com\/lahoradelcampo.com.uy\/site\/wp-content\/uploads\/2025\/06\/Doctormarcelomendonza.jpg?fit=880%2C440&ssl=1&resize=350%2C200 1x, https:\/\/i0.wp.com\/lahoradelcampo.com.uy\/site\/wp-content\/uploads\/2025\/06\/Doctormarcelomendonza.jpg?fit=880%2C440&ssl=1&resize=525%2C300 1.5x, https:\/\/i0.wp.com\/lahoradelcampo.com.uy\/site\/wp-content\/uploads\/2025\/06\/Doctormarcelomendonza.jpg?fit=880%2C440&ssl=1&resize=700%2C400 2x"},"classes":[]},{"id":44163,"url":"https:\/\/lahoradelcampo.com.uy\/site\/garrapata-se-debe-hacer-diagnosticos-de-situacion-y-rotar-moleculas\/","url_meta":{"origin":53693,"position":5},"title":"Garrapata: Se debe hacer diagn\u00f3sticos de situaci\u00f3n y rotar mol\u00e9culas","author":"La Hora del Campo","date":"26 julio, 2022","format":false,"excerpt":"En el marco de la reuni\u00f3n de consignatarios, se invit\u00f3 al Dr. Gast\u00f3n Borderes de Corrientes, Argentina, a presentar su visi\u00f3n sobre el control y combate a la garrapata. En ese marco dijo que la realidad del par\u00e1sito \u201ces una guerra constante\u201d, principalmente por la decisi\u00f3n de los productores en\u2026","rel":"","context":"En \u00abActualidad\u00bb","block_context":{"text":"Actualidad","link":"https:\/\/lahoradelcampo.com.uy\/site\/category\/actualidad\/"},"img":{"alt_text":"","src":"https:\/\/i0.wp.com\/lahoradelcampo.com.uy\/site\/wp-content\/uploads\/2022\/07\/Dr-Gaston-Borderes.jpg?fit=880%2C440&ssl=1&resize=350%2C200","width":350,"height":200,"srcset":"https:\/\/i0.wp.com\/lahoradelcampo.com.uy\/site\/wp-content\/uploads\/2022\/07\/Dr-Gaston-Borderes.jpg?fit=880%2C440&ssl=1&resize=350%2C200 1x, https:\/\/i0.wp.com\/lahoradelcampo.com.uy\/site\/wp-content\/uploads\/2022\/07\/Dr-Gaston-Borderes.jpg?fit=880%2C440&ssl=1&resize=525%2C300 1.5x, https:\/\/i0.wp.com\/lahoradelcampo.com.uy\/site\/wp-content\/uploads\/2022\/07\/Dr-Gaston-Borderes.jpg?fit=880%2C440&ssl=1&resize=700%2C400 2x"},"classes":[]}],"jetpack_likes_enabled":true,"_links":{"self":[{"href":"https:\/\/lahoradelcampo.com.uy\/site\/wp-json\/wp\/v2\/posts\/53693","targetHints":{"allow":["GET"]}}],"collection":[{"href":"https:\/\/lahoradelcampo.com.uy\/site\/wp-json\/wp\/v2\/posts"}],"about":[{"href":"https:\/\/lahoradelcampo.com.uy\/site\/wp-json\/wp\/v2\/types\/post"}],"author":[{"embeddable":true,"href":"https:\/\/lahoradelcampo.com.uy\/site\/wp-json\/wp\/v2\/users\/5"}],"replies":[{"embeddable":true,"href":"https:\/\/lahoradelcampo.com.uy\/site\/wp-json\/wp\/v2\/comments?post=53693"}],"version-history":[{"count":2,"href":"https:\/\/lahoradelcampo.com.uy\/site\/wp-json\/wp\/v2\/posts\/53693\/revisions"}],"predecessor-version":[{"id":53695,"href":"https:\/\/lahoradelcampo.com.uy\/site\/wp-json\/wp\/v2\/posts\/53693\/revisions\/53695"}],"wp:featuredmedia":[{"embeddable":true,"href":"https:\/\/lahoradelcampo.com.uy\/site\/wp-json\/wp\/v2\/media\/21360"}],"wp:attachment":[{"href":"https:\/\/lahoradelcampo.com.uy\/site\/wp-json\/wp\/v2\/media?parent=53693"}],"wp:term":[{"taxonomy":"category","embeddable":true,"href":"https:\/\/lahoradelcampo.com.uy\/site\/wp-json\/wp\/v2\/categories?post=53693"},{"taxonomy":"post_tag","embeddable":true,"href":"https:\/\/lahoradelcampo.com.uy\/site\/wp-json\/wp\/v2\/tags?post=53693"}],"curies":[{"name":"wp","href":"https:\/\/api.w.org\/{rel}","templated":true}]}}