{"id":53690,"date":"2024-04-03T06:00:00","date_gmt":"2024-04-03T09:00:00","guid":{"rendered":"http:\/\/lahoradelcampo.com.uy\/site\/?p=53690"},"modified":"2024-04-03T06:56:20","modified_gmt":"2024-04-03T09:56:20","slug":"uruguay-asumio-presidencia-de-la-cosave","status":"publish","type":"post","link":"https:\/\/lahoradelcampo.com.uy\/site\/uruguay-asumio-presidencia-de-la-cosave\/","title":{"rendered":"Uruguay asumi\u00f3 presidencia de la COSAVE"},"content":{"rendered":"\n<figure class=\"wp-block-image size-full\"><a href=\"https:\/\/i0.wp.com\/lahoradelcampo.com.uy\/site\/wp-content\/uploads\/2024\/04\/mgap-cosave.jpg\"><img data-recalc-dims=\"1\" loading=\"lazy\" decoding=\"async\" width=\"810\" height=\"405\" data-attachment-id=\"53691\" data-permalink=\"https:\/\/lahoradelcampo.com.uy\/site\/uruguay-asumio-presidencia-de-la-cosave\/mgap-cosave\/\" data-orig-file=\"https:\/\/i0.wp.com\/lahoradelcampo.com.uy\/site\/wp-content\/uploads\/2024\/04\/mgap-cosave.jpg?fit=880%2C440&amp;ssl=1\" data-orig-size=\"880,440\" data-comments-opened=\"1\" data-image-meta=\"{&quot;aperture&quot;:&quot;0&quot;,&quot;credit&quot;:&quot;&quot;,&quot;camera&quot;:&quot;&quot;,&quot;caption&quot;:&quot;&quot;,&quot;created_timestamp&quot;:&quot;0&quot;,&quot;copyright&quot;:&quot;&quot;,&quot;focal_length&quot;:&quot;0&quot;,&quot;iso&quot;:&quot;0&quot;,&quot;shutter_speed&quot;:&quot;0&quot;,&quot;title&quot;:&quot;&quot;,&quot;orientation&quot;:&quot;1&quot;}\" data-image-title=\"mgap-cosave\" data-image-description=\"\" data-image-caption=\"\" data-large-file=\"https:\/\/i0.wp.com\/lahoradelcampo.com.uy\/site\/wp-content\/uploads\/2024\/04\/mgap-cosave.jpg?fit=810%2C405&amp;ssl=1\" src=\"https:\/\/i0.wp.com\/lahoradelcampo.com.uy\/site\/wp-content\/uploads\/2024\/04\/mgap-cosave.jpg?resize=810%2C405\" alt=\"\" class=\"wp-image-53691\" srcset=\"https:\/\/i0.wp.com\/lahoradelcampo.com.uy\/site\/wp-content\/uploads\/2024\/04\/mgap-cosave.jpg?w=880&amp;ssl=1 880w, https:\/\/i0.wp.com\/lahoradelcampo.com.uy\/site\/wp-content\/uploads\/2024\/04\/mgap-cosave.jpg?resize=300%2C150&amp;ssl=1 300w, https:\/\/i0.wp.com\/lahoradelcampo.com.uy\/site\/wp-content\/uploads\/2024\/04\/mgap-cosave.jpg?resize=768%2C384&amp;ssl=1 768w, https:\/\/i0.wp.com\/lahoradelcampo.com.uy\/site\/wp-content\/uploads\/2024\/04\/mgap-cosave.jpg?resize=820%2C410&amp;ssl=1 820w\" sizes=\"auto, (max-width: 810px) 100vw, 810px\" \/><\/a><\/figure>\n\n\n\n<p>Uruguay ha tomado las riendas como presidente del Comit\u00e9 de Sanidad Vegetal del Cono Sur (COSAVE), sucediendo a Argentina en esta posici\u00f3n clave para la regi\u00f3n. La transferencia oficial de la presidencia tuvo lugar el pasado jueves 21 de marzo en la sede del Instituto Interamericano de Cooperaci\u00f3n para la Agricultura (IICA) en Montevideo.<\/p>\n\n\n\n<p>Diego Quiroga, director nacional de protecci\u00f3n Vegetal del Servicio Nacional de Sanidad y Calidad Agroalimentaria (Senasa) de Argentina, quien ocupaba el cargo saliente, cedi\u00f3 el liderazgo a Leonardo Olivera Uriarte, director general de Servicios Agr\u00edcolas del Ministerio de Ganader\u00eda, Agricultura y Pesca de Uruguay. Este traspaso de responsabilidades fue parte de una ceremonia que coincidi\u00f3 con el 35\u00b0 aniversario de COSAVE, y cont\u00f3 con la presencia del ministro de Ganader\u00eda, Agricultura y Pesca, Fernando Mattos.<\/p>\n\n\n\n<p>Durante la 112\u00b0 Reuni\u00f3n del Comit\u00e9 Directivo del COSAVE se revisaron los documentos que ser\u00e1n discutidos en la pr\u00f3xima reuni\u00f3n de la Comisi\u00f3n de Medidas Fitosanitarias (CMF) de la Convenci\u00f3n Internacional de Protecci\u00f3n Fitosanitaria (CIPF), programada para el pr\u00f3ximo mes en Roma. En este contexto, se alcanz\u00f3 un acuerdo sobre la posici\u00f3n regional que el Comit\u00e9 defender\u00e1 en dicho encuentro.<\/p>\n\n\n\n<p>Entre los puntos de agenda abordados se destac\u00f3 el fortalecimiento de la organizaci\u00f3n y su relaci\u00f3n con actores regionales, internacionales y privados clave. Tambi\u00e9n se analiz\u00f3 el progreso hacia la instituci\u00f3n de una Secretar\u00eda permanente en la Ciudad Aut\u00f3noma de Buenos Aires, as\u00ed como el informe final de la Presidencia de Argentina del Comit\u00e9 durante el bienio 2022-2024.<\/p>\n\n\n\n<p>Diego Quiroga expres\u00f3 su agradecimiento por el apoyo recibido de todos los pa\u00edses miembros durante su gesti\u00f3n y subray\u00f3 la importancia de la integraci\u00f3n para fortalecer la regi\u00f3n del Cono Sur en materia de protecci\u00f3n vegetal, tanto a nivel nacional como internacional.<\/p>\n\n\n\n<p>Leonardo Olivera, por su parte, manifest\u00f3 su entusiasmo y compromiso al asumir la presidencia de COSAVE, destacando el desempe\u00f1o de Argentina en los \u00faltimos dos a\u00f1os. Enfatiz\u00f3 que el trabajo de Uruguay estar\u00e1 enfocado en continuar fortaleciendo la relaci\u00f3n entre los pa\u00edses en aras de la integraci\u00f3n regional y su inserci\u00f3n en el \u00e1mbito internacional.<\/p>\n\n\n\n<p>Salto, 3 de abril de 2024<\/p>\n","protected":false},"excerpt":{"rendered":"<p>Uruguay ha tomado las riendas como presidente del Comit\u00e9 de Sanidad Vegetal del Cono Sur (COSAVE), sucediendo a Argentina en esta posici\u00f3n clave para la regi\u00f3n. La transferencia oficial de [&hellip;]<\/p>\n","protected":false},"author":5,"featured_media":53691,"comment_status":"open","ping_status":"open","sticky":false,"template":"","format":"standard","meta":{"_price":"","_stock":"","_tribe_ticket_header":"","_tribe_default_ticket_provider":"","_tribe_ticket_capacity":"0","_ticket_start_date":"","_ticket_end_date":"","_tribe_ticket_show_description":"","_tribe_ticket_show_not_going":false,"_tribe_ticket_use_global_stock":"","_tribe_ticket_global_stock_level":"","_global_stock_mode":"","_global_stock_cap":"","_tribe_rsvp_for_event":"","_tribe_ticket_going_count":"","_tribe_ticket_not_going_count":"","_tribe_tickets_list":"[]","_tribe_ticket_has_attendee_info_fields":false,"h5ap_radio_sources":[],"_jetpack_newsletter_access":"","_jetpack_dont_email_post_to_subs":false,"_jetpack_newsletter_tier_id":0,"_jetpack_memberships_contains_paywalled_content":false,"_jetpack_memberships_contains_paid_content":false,"footnotes":""},"categories":[21,7],"tags":[],"class_list":["post-53690","post","type-post","status-publish","format-standard","has-post-thumbnail","hentry","category-actualidad","category-agricultura"],"jetpack_featured_media_url":"https:\/\/i0.wp.com\/lahoradelcampo.com.uy\/site\/wp-content\/uploads\/2024\/04\/mgap-cosave.jpg?fit=880%2C440&ssl=1","jetpack_sharing_enabled":true,"jetpack_shortlink":"https:\/\/wp.me\/p99IaT-dXY","jetpack-related-posts":[{"id":44761,"url":"https:\/\/lahoradelcampo.com.uy\/site\/uruguay-reactiva-fondo-de-apoyo-a-la-produccion-familiar-en-el-mercosur\/","url_meta":{"origin":53690,"position":0},"title":"Uruguay reactiva fondo de apoyo a la producci\u00f3n familiar en el Mercosur","author":"La Hora del Campo","date":"16 agosto, 2022","format":false,"excerpt":"En el marco de la secci\u00f3n nacional, en la sede del MGAP\/DGDR, Fernanda Maldonado, coordinadora nacional de Uruguay ante la REAF, anunci\u00f3 un nuevo fondo que el MGAP aportar\u00e1 para que se puedan desarrollar actividades de la Reuni\u00f3n Especializada sobre Agricultura Familiar del MERCOSUR, espacio de di\u00e1logo pol\u00edtico donde participan\u2026","rel":"","context":"En \u00abActualidad\u00bb","block_context":{"text":"Actualidad","link":"https:\/\/lahoradelcampo.com.uy\/site\/category\/actualidad\/"},"img":{"alt_text":"","src":"https:\/\/i0.wp.com\/lahoradelcampo.com.uy\/site\/wp-content\/uploads\/2022\/08\/REAF-maldonado.jpg?fit=880%2C440&ssl=1&resize=350%2C200","width":350,"height":200,"srcset":"https:\/\/i0.wp.com\/lahoradelcampo.com.uy\/site\/wp-content\/uploads\/2022\/08\/REAF-maldonado.jpg?fit=880%2C440&ssl=1&resize=350%2C200 1x, https:\/\/i0.wp.com\/lahoradelcampo.com.uy\/site\/wp-content\/uploads\/2022\/08\/REAF-maldonado.jpg?fit=880%2C440&ssl=1&resize=525%2C300 1.5x, https:\/\/i0.wp.com\/lahoradelcampo.com.uy\/site\/wp-content\/uploads\/2022\/08\/REAF-maldonado.jpg?fit=880%2C440&ssl=1&resize=700%2C400 2x"},"classes":[]},{"id":32084,"url":"https:\/\/lahoradelcampo.com.uy\/site\/conrado-ferber-asumio-como-presidente-de-inac\/","url_meta":{"origin":53690,"position":1},"title":"Conrado Ferber asumi\u00f3 como presidente de INAC","author":"La Hora del Campo","date":"15 julio, 2021","format":false,"excerpt":"La salida del Ing. Agr. Fernando Mattos de la presidencia del Instituto Nacional de Carnes (INAC) para ocupar la titularidad del Ministerio de Ganader\u00eda, Agricultura y Pesca (MGAP) determino que el presentante del Ministerio de Industria, Energ\u00eda y Miner\u00eda, Conrado Ferber Artagaveytia, que se desempe\u00f1aba como vicepresidente, asumiera como presidente\u2026","rel":"","context":"En \u00abActualidad\u00bb","block_context":{"text":"Actualidad","link":"https:\/\/lahoradelcampo.com.uy\/site\/category\/actualidad\/"},"img":{"alt_text":"","src":"https:\/\/i0.wp.com\/lahoradelcampo.com.uy\/site\/wp-content\/uploads\/2021\/07\/Conradoferber.jpg?fit=880%2C440&ssl=1&resize=350%2C200","width":350,"height":200,"srcset":"https:\/\/i0.wp.com\/lahoradelcampo.com.uy\/site\/wp-content\/uploads\/2021\/07\/Conradoferber.jpg?fit=880%2C440&ssl=1&resize=350%2C200 1x, https:\/\/i0.wp.com\/lahoradelcampo.com.uy\/site\/wp-content\/uploads\/2021\/07\/Conradoferber.jpg?fit=880%2C440&ssl=1&resize=525%2C300 1.5x, https:\/\/i0.wp.com\/lahoradelcampo.com.uy\/site\/wp-content\/uploads\/2021\/07\/Conradoferber.jpg?fit=880%2C440&ssl=1&resize=700%2C400 2x"},"classes":[]},{"id":43157,"url":"https:\/\/lahoradelcampo.com.uy\/site\/uruguay-sera-sede-de-la-proxima-reaf\/","url_meta":{"origin":53690,"position":2},"title":"Uruguay ser\u00e1 sede de la pr\u00f3xima REAF","author":"La Hora del Campo","date":"24 junio, 2022","format":false,"excerpt":"Los d\u00edas martes 21 y mi\u00e9rcoles 22 de junio, Uruguay particip\u00f3 de la 36\u00ba Reuni\u00f3n Especializada de Agricultura Familiar (REAF) bajo la presidencia pro-t\u00e9mpore de Paraguay en el MERCOSUR. La Dra. Fernanda Maldonado y Mercedes Antia, coordinadora Nacional y Alterna de la Reaf Mercosur participaron del encuentro en suelo guaran\u00ed,\u2026","rel":"","context":"En \u00abActualidad\u00bb","block_context":{"text":"Actualidad","link":"https:\/\/lahoradelcampo.com.uy\/site\/category\/actualidad\/"},"img":{"alt_text":"","src":"https:\/\/i0.wp.com\/lahoradelcampo.com.uy\/site\/wp-content\/uploads\/2022\/06\/MGAP-REAF.jpg?fit=880%2C440&ssl=1&resize=350%2C200","width":350,"height":200,"srcset":"https:\/\/i0.wp.com\/lahoradelcampo.com.uy\/site\/wp-content\/uploads\/2022\/06\/MGAP-REAF.jpg?fit=880%2C440&ssl=1&resize=350%2C200 1x, https:\/\/i0.wp.com\/lahoradelcampo.com.uy\/site\/wp-content\/uploads\/2022\/06\/MGAP-REAF.jpg?fit=880%2C440&ssl=1&resize=525%2C300 1.5x, https:\/\/i0.wp.com\/lahoradelcampo.com.uy\/site\/wp-content\/uploads\/2022\/06\/MGAP-REAF.jpg?fit=880%2C440&ssl=1&resize=700%2C400 2x"},"classes":[]},{"id":51349,"url":"https:\/\/lahoradelcampo.com.uy\/site\/evitemos-que-pase-campana-que-busca-concientizar-sobre-la-bioseguridad-nacional\/","url_meta":{"origin":53690,"position":3},"title":"\u00abEvitemos Que Pase\u00bb: campa\u00f1a que busca concientizar sobre la bioseguridad nacional","author":"La Hora del Campo","date":"22 junio, 2023","format":false,"excerpt":"La Direcci\u00f3n General de Bioseguridad e Inocuidad Alimentaria (DIGEBIA) del Ministerio de Ganader\u00eda, Agricultura y Pesca lanz\u00f3 la Campa\u00f1a de Comunicaci\u00f3n \"Evitemos Que Pase\" con el objetivo de generar conciencia sobre los riesgos asociados con la introducci\u00f3n de productos no permitidos al pa\u00eds y promover la preservaci\u00f3n de la bioseguridad\u2026","rel":"","context":"En \u00abActualidad\u00bb","block_context":{"text":"Actualidad","link":"https:\/\/lahoradelcampo.com.uy\/site\/category\/actualidad\/"},"img":{"alt_text":"","src":"https:\/\/i0.wp.com\/lahoradelcampo.com.uy\/site\/wp-content\/uploads\/2023\/06\/MGAP-evitemosquepase.jpg?fit=880%2C440&ssl=1&resize=350%2C200","width":350,"height":200,"srcset":"https:\/\/i0.wp.com\/lahoradelcampo.com.uy\/site\/wp-content\/uploads\/2023\/06\/MGAP-evitemosquepase.jpg?fit=880%2C440&ssl=1&resize=350%2C200 1x, https:\/\/i0.wp.com\/lahoradelcampo.com.uy\/site\/wp-content\/uploads\/2023\/06\/MGAP-evitemosquepase.jpg?fit=880%2C440&ssl=1&resize=525%2C300 1.5x, https:\/\/i0.wp.com\/lahoradelcampo.com.uy\/site\/wp-content\/uploads\/2023\/06\/MGAP-evitemosquepase.jpg?fit=880%2C440&ssl=1&resize=700%2C400 2x"},"classes":[]},{"id":35117,"url":"https:\/\/lahoradelcampo.com.uy\/site\/brasil-y-uruguay-aunan-esfuerzos-para-el-control-sanitario-en-frontera\/","url_meta":{"origin":53690,"position":4},"title":"Brasil y Uruguay a\u00fanan esfuerzos para el control sanitario en frontera","author":"La Hora del Campo","date":"6 octubre, 2021","format":false,"excerpt":"Funcionarios de Sanidad Animal de la Direcci\u00f3n General de Servicios Ganaderos, en conjunto con los t\u00e9cnicos de Brasil, trabajaron en la inspecci\u00f3n de la frontera en apoyo a los servicios veterinarios de Rio Grande del Sur. Los d\u00edas 27 y 28 de setiembre, un equipo de la Divisi\u00f3n Sanidad Animal\u2026","rel":"","context":"En \u00abActualidad\u00bb","block_context":{"text":"Actualidad","link":"https:\/\/lahoradelcampo.com.uy\/site\/category\/actualidad\/"},"img":{"alt_text":"","src":"https:\/\/i0.wp.com\/lahoradelcampo.com.uy\/site\/wp-content\/uploads\/2021\/10\/mgap-sentinela.jpg?fit=880%2C440&ssl=1&resize=350%2C200","width":350,"height":200,"srcset":"https:\/\/i0.wp.com\/lahoradelcampo.com.uy\/site\/wp-content\/uploads\/2021\/10\/mgap-sentinela.jpg?fit=880%2C440&ssl=1&resize=350%2C200 1x, https:\/\/i0.wp.com\/lahoradelcampo.com.uy\/site\/wp-content\/uploads\/2021\/10\/mgap-sentinela.jpg?fit=880%2C440&ssl=1&resize=525%2C300 1.5x, https:\/\/i0.wp.com\/lahoradelcampo.com.uy\/site\/wp-content\/uploads\/2021\/10\/mgap-sentinela.jpg?fit=880%2C440&ssl=1&resize=700%2C400 2x"},"classes":[]},{"id":29448,"url":"https:\/\/lahoradelcampo.com.uy\/site\/problemas-de-etiquetado-en-china-genero-la-salida-del-director-de-los-servicios-ganaderos-del-mgap\/","url_meta":{"origin":53690,"position":5},"title":"Problemas de etiquetado en China gener\u00f3 la salida del Director de los Servicios Ganaderos del MGAP","author":"La Hora del Campo","date":"22 abril, 2021","format":false,"excerpt":"En las \u00faltimas semanas se inform\u00f3 que la planta frigor\u00edfica de Breeders and Packers Meat Uruguay (BPU), actualmente en manos del grupo nip\u00f3n \"NH Foods\", fue suspendida temporalmente por parte de China para exportaciones a ese destino, debido al arribo de un embarque que conten\u00eda en \"Trimmings Bovinos\" un producto\u2026","rel":"","context":"En \u00abActualidad\u00bb","block_context":{"text":"Actualidad","link":"https:\/\/lahoradelcampo.com.uy\/site\/category\/actualidad\/"},"img":{"alt_text":"","src":"https:\/\/i0.wp.com\/lahoradelcampo.com.uy\/site\/wp-content\/uploads\/2021\/04\/barreyrossi.jpg?fit=880%2C440&ssl=1&resize=350%2C200","width":350,"height":200,"srcset":"https:\/\/i0.wp.com\/lahoradelcampo.com.uy\/site\/wp-content\/uploads\/2021\/04\/barreyrossi.jpg?fit=880%2C440&ssl=1&resize=350%2C200 1x, https:\/\/i0.wp.com\/lahoradelcampo.com.uy\/site\/wp-content\/uploads\/2021\/04\/barreyrossi.jpg?fit=880%2C440&ssl=1&resize=525%2C300 1.5x, https:\/\/i0.wp.com\/lahoradelcampo.com.uy\/site\/wp-content\/uploads\/2021\/04\/barreyrossi.jpg?fit=880%2C440&ssl=1&resize=700%2C400 2x"},"classes":[]}],"jetpack_likes_enabled":true,"_links":{"self":[{"href":"https:\/\/lahoradelcampo.com.uy\/site\/wp-json\/wp\/v2\/posts\/53690","targetHints":{"allow":["GET"]}}],"collection":[{"href":"https:\/\/lahoradelcampo.com.uy\/site\/wp-json\/wp\/v2\/posts"}],"about":[{"href":"https:\/\/lahoradelcampo.com.uy\/site\/wp-json\/wp\/v2\/types\/post"}],"author":[{"embeddable":true,"href":"https:\/\/lahoradelcampo.com.uy\/site\/wp-json\/wp\/v2\/users\/5"}],"replies":[{"embeddable":true,"href":"https:\/\/lahoradelcampo.com.uy\/site\/wp-json\/wp\/v2\/comments?post=53690"}],"version-history":[{"count":1,"href":"https:\/\/lahoradelcampo.com.uy\/site\/wp-json\/wp\/v2\/posts\/53690\/revisions"}],"predecessor-version":[{"id":53692,"href":"https:\/\/lahoradelcampo.com.uy\/site\/wp-json\/wp\/v2\/posts\/53690\/revisions\/53692"}],"wp:featuredmedia":[{"embeddable":true,"href":"https:\/\/lahoradelcampo.com.uy\/site\/wp-json\/wp\/v2\/media\/53691"}],"wp:attachment":[{"href":"https:\/\/lahoradelcampo.com.uy\/site\/wp-json\/wp\/v2\/media?parent=53690"}],"wp:term":[{"taxonomy":"category","embeddable":true,"href":"https:\/\/lahoradelcampo.com.uy\/site\/wp-json\/wp\/v2\/categories?post=53690"},{"taxonomy":"post_tag","embeddable":true,"href":"https:\/\/lahoradelcampo.com.uy\/site\/wp-json\/wp\/v2\/tags?post=53690"}],"curies":[{"name":"wp","href":"https:\/\/api.w.org\/{rel}","templated":true}]}}