{"id":53687,"date":"2024-04-03T06:51:01","date_gmt":"2024-04-03T09:51:01","guid":{"rendered":"http:\/\/lahoradelcampo.com.uy\/site\/?p=53687"},"modified":"2024-04-03T06:51:03","modified_gmt":"2024-04-03T09:51:03","slug":"mercado-de-haciendas-estable-y-oferta-pretenciosa","status":"publish","type":"post","link":"https:\/\/lahoradelcampo.com.uy\/site\/mercado-de-haciendas-estable-y-oferta-pretenciosa\/","title":{"rendered":"Mercado de haciendas estable y oferta pretenciosa"},"content":{"rendered":"\n<figure class=\"wp-block-image size-full\"><a href=\"https:\/\/i0.wp.com\/lahoradelcampo.com.uy\/site\/wp-content\/uploads\/2024\/04\/ganados-pastura.jpg\"><img data-recalc-dims=\"1\" loading=\"lazy\" decoding=\"async\" width=\"810\" height=\"405\" data-attachment-id=\"53688\" data-permalink=\"https:\/\/lahoradelcampo.com.uy\/site\/mercado-de-haciendas-estable-y-oferta-pretenciosa\/ganados-pastura-2\/\" data-orig-file=\"https:\/\/i0.wp.com\/lahoradelcampo.com.uy\/site\/wp-content\/uploads\/2024\/04\/ganados-pastura.jpg?fit=880%2C440&amp;ssl=1\" data-orig-size=\"880,440\" data-comments-opened=\"1\" data-image-meta=\"{&quot;aperture&quot;:&quot;0&quot;,&quot;credit&quot;:&quot;&quot;,&quot;camera&quot;:&quot;&quot;,&quot;caption&quot;:&quot;&quot;,&quot;created_timestamp&quot;:&quot;0&quot;,&quot;copyright&quot;:&quot;&quot;,&quot;focal_length&quot;:&quot;0&quot;,&quot;iso&quot;:&quot;0&quot;,&quot;shutter_speed&quot;:&quot;0&quot;,&quot;title&quot;:&quot;&quot;,&quot;orientation&quot;:&quot;1&quot;}\" data-image-title=\"ganados-pastura\" data-image-description=\"\" data-image-caption=\"\" data-large-file=\"https:\/\/i0.wp.com\/lahoradelcampo.com.uy\/site\/wp-content\/uploads\/2024\/04\/ganados-pastura.jpg?fit=810%2C405&amp;ssl=1\" src=\"https:\/\/i0.wp.com\/lahoradelcampo.com.uy\/site\/wp-content\/uploads\/2024\/04\/ganados-pastura.jpg?resize=810%2C405\" alt=\"\" class=\"wp-image-53688\" srcset=\"https:\/\/i0.wp.com\/lahoradelcampo.com.uy\/site\/wp-content\/uploads\/2024\/04\/ganados-pastura.jpg?w=880&amp;ssl=1 880w, https:\/\/i0.wp.com\/lahoradelcampo.com.uy\/site\/wp-content\/uploads\/2024\/04\/ganados-pastura.jpg?resize=300%2C150&amp;ssl=1 300w, https:\/\/i0.wp.com\/lahoradelcampo.com.uy\/site\/wp-content\/uploads\/2024\/04\/ganados-pastura.jpg?resize=768%2C384&amp;ssl=1 768w, https:\/\/i0.wp.com\/lahoradelcampo.com.uy\/site\/wp-content\/uploads\/2024\/04\/ganados-pastura.jpg?resize=820%2C410&amp;ssl=1 820w\" sizes=\"auto, (max-width: 810px) 100vw, 810px\" \/><\/a><\/figure>\n\n\n\n<p>La semana del 24 al 30 de marzo trajo consigo un escenario de estabilidad en el mercado de haciendas, seg\u00fan lo reportado por la Asociaci\u00f3n de Consignatarios de Ganado (ACG).<\/p>\n\n\n\n<p>Para el novillo gordo especial destinado a la exportaci\u00f3n se mantuvo su cotizaci\u00f3n, sosteni\u00e9ndose en US$ 2,08 en pie y US$ 3,67 a la carne, sin variaciones con respecto a la semana previa. En el caso del novillo especial de abasto, se registr\u00f3 una suba de dos centavos a US$ 3,65. <\/p>\n\n\n\n<p>Por su parte, la vaca gorda experiment\u00f3 un leve ascenso, pasando de US$ 1,62 a US$ 1,63 en pie y de US$ 3,34 a US$ 3,35 a la carne. Similarmente, la vaquillona aument\u00f3 su valor en pie de US$ 1,98 a US$ 2,00, mientras que el precio a la carne se mantuvo en US$ 3,51.<\/p>\n\n\n\n<p>Los valores promedio se mantuvieron estables para estas categor\u00edas, con el novillo gordo en US$ 1,93 en pie y US$ 3,62 a la carne. La vaca gorda se mantuvo en US$ 1,55 en pie y subi\u00f3 a US$ 3,27 a la carne. La vaquillona gorda, por su parte, ascendi\u00f3 a US$ 1,91 en pie y a US$ 3,49 a la carne.<\/p>\n\n\n\n<p>Ovinos<\/p>\n\n\n\n<p>En el ovino, el mercado se mantuvo firme con aumentos en todas las categor\u00edas. Los corderos pasaron de US$ 3,35 a US$ 3,38, los borregos de US$ 3,23 a US$ 3,30, los capones de US$ 2,71 a US$ 2,72 y las ovejas de US$ 2,61 a US$ 2,64.<\/p>\n\n\n\n<p>Reposici\u00f3n<\/p>\n\n\n\n<p>Respecto a la reposici\u00f3n, la actividad posvacunaci\u00f3n mostr\u00f3 un retorno paulatino, lo que gener\u00f3 una oferta reducida y una demanda expectante. En este contexto, el ternero subi\u00f3 de US$ 2,70 a US$ 2,72, mientras que la ternera y la vaca de invernada descendieron de US$ 2,22 a US$ 2,21 y de US$ 1,55 a US$ 1,53, respectivamente.<\/p>\n\n\n\n<p>Faena<\/p>\n\n\n\n<p>En cuanto a la faena, tanto de vacunos como de ovinos, se registr\u00f3 una importante disminuci\u00f3n. La faena de vacunos fue de 36.678 animales, 8.491 menos que la semana anterior. Por categor\u00eda, se faenaron 16.977 novillos, 14.983 vacas, 4.189 vaquillonas, 23 terneras y 511 toros, acumulando un total anual de 574.814 vacunos.<\/p>\n\n\n\n<p>Por otro lado, los ovinos faenados totalizaron 13.377 animales, representando una disminuci\u00f3n de 7.471 respecto a la semana anterior. En detalle, se faenaron 5.199 corderos, 1.041 borregos, 975 capones, 6.047 ovejas y 115 capones, acumulando un total anual de 258.496 ovinos.<\/p>\n\n\n\n<p>Salto, 3 de abril de 2024<\/p>\n","protected":false},"excerpt":{"rendered":"<p>La semana del 24 al 30 de marzo trajo consigo un escenario de estabilidad en el mercado de haciendas, seg\u00fan lo reportado por la Asociaci\u00f3n de Consignatarios de Ganado (ACG). [&hellip;]<\/p>\n","protected":false},"author":5,"featured_media":53688,"comment_status":"open","ping_status":"open","sticky":false,"template":"","format":"standard","meta":{"_price":"","_stock":"","_tribe_ticket_header":"","_tribe_default_ticket_provider":"","_tribe_ticket_capacity":"0","_ticket_start_date":"","_ticket_end_date":"","_tribe_ticket_show_description":"","_tribe_ticket_show_not_going":false,"_tribe_ticket_use_global_stock":"","_tribe_ticket_global_stock_level":"","_global_stock_mode":"","_global_stock_cap":"","_tribe_rsvp_for_event":"","_tribe_ticket_going_count":"","_tribe_ticket_not_going_count":"","_tribe_tickets_list":"[]","_tribe_ticket_has_attendee_info_fields":false,"h5ap_radio_sources":[],"_jetpack_newsletter_access":"","_jetpack_dont_email_post_to_subs":false,"_jetpack_newsletter_tier_id":0,"_jetpack_memberships_contains_paywalled_content":false,"_jetpack_memberships_contains_paid_content":false,"footnotes":""},"categories":[21,5],"tags":[],"class_list":["post-53687","post","type-post","status-publish","format-standard","has-post-thumbnail","hentry","category-actualidad","category-ganaderia"],"jetpack_featured_media_url":"https:\/\/i0.wp.com\/lahoradelcampo.com.uy\/site\/wp-content\/uploads\/2024\/04\/ganados-pastura.jpg?fit=880%2C440&ssl=1","jetpack_sharing_enabled":true,"jetpack_shortlink":"https:\/\/wp.me\/p99IaT-dXV","jetpack-related-posts":[{"id":49794,"url":"https:\/\/lahoradelcampo.com.uy\/site\/mercado-de-haciendas-firme-y-con-preferencia-por-vacas\/","url_meta":{"origin":53687,"position":0},"title":"Mercado de haciendas firme y con preferencia por vacas","author":"La Hora del Campo","date":"4 abril, 2023","format":false,"excerpt":"La Asociaci\u00f3n de Consignatarios de Ganado (ACG) realiz\u00f3 su reuni\u00f3n semanal de precios ayer, lunes 3 de abril, en la que se discuti\u00f3 la situaci\u00f3n del mercado de haciendas. Seg\u00fan los comentarios de la ACG, la demanda se mantuvo estable en una semana con mayor preferencia por vacas y reducci\u00f3n\u2026","rel":"","context":"En \u00abActualidad\u00bb","block_context":{"text":"Actualidad","link":"https:\/\/lahoradelcampo.com.uy\/site\/category\/actualidad\/"},"img":{"alt_text":"","src":"https:\/\/i0.wp.com\/lahoradelcampo.com.uy\/site\/wp-content\/uploads\/2018\/01\/vacunos.jpg?fit=880%2C440&ssl=1&resize=350%2C200","width":350,"height":200,"srcset":"https:\/\/i0.wp.com\/lahoradelcampo.com.uy\/site\/wp-content\/uploads\/2018\/01\/vacunos.jpg?fit=880%2C440&ssl=1&resize=350%2C200 1x, https:\/\/i0.wp.com\/lahoradelcampo.com.uy\/site\/wp-content\/uploads\/2018\/01\/vacunos.jpg?fit=880%2C440&ssl=1&resize=525%2C300 1.5x, https:\/\/i0.wp.com\/lahoradelcampo.com.uy\/site\/wp-content\/uploads\/2018\/01\/vacunos.jpg?fit=880%2C440&ssl=1&resize=700%2C400 2x"},"classes":[]},{"id":51253,"url":"https:\/\/lahoradelcampo.com.uy\/site\/mercado-de-haciendas-registra-bajas-y-presion-de-compra-continua-disminuyendo\/","url_meta":{"origin":53687,"position":1},"title":"Mercado de haciendas registra bajas y presi\u00f3n de compra contin\u00faa disminuyendo","author":"La Hora del Campo","date":"15 junio, 2023","format":false,"excerpt":"El mercado de haciendas ha experimentado una baja en sus valores, seg\u00fan los datos difundidos por la Asociaci\u00f3n de Consignatarios de Ganado (ACG) en su \u00faltima reuni\u00f3n este pasado lunes 12 de junio. En cuanto a los vacunos, se ha observado una disminuci\u00f3n en la presi\u00f3n de compra, y se\u2026","rel":"","context":"En \u00abActualidad\u00bb","block_context":{"text":"Actualidad","link":"https:\/\/lahoradelcampo.com.uy\/site\/category\/actualidad\/"},"img":{"alt_text":"","src":"https:\/\/i0.wp.com\/lahoradelcampo.com.uy\/site\/wp-content\/uploads\/2023\/01\/ganado-vaquillonas.jpg?fit=880%2C440&ssl=1&resize=350%2C200","width":350,"height":200,"srcset":"https:\/\/i0.wp.com\/lahoradelcampo.com.uy\/site\/wp-content\/uploads\/2023\/01\/ganado-vaquillonas.jpg?fit=880%2C440&ssl=1&resize=350%2C200 1x, https:\/\/i0.wp.com\/lahoradelcampo.com.uy\/site\/wp-content\/uploads\/2023\/01\/ganado-vaquillonas.jpg?fit=880%2C440&ssl=1&resize=525%2C300 1.5x, https:\/\/i0.wp.com\/lahoradelcampo.com.uy\/site\/wp-content\/uploads\/2023\/01\/ganado-vaquillonas.jpg?fit=880%2C440&ssl=1&resize=700%2C400 2x"},"classes":[]},{"id":41937,"url":"https:\/\/lahoradelcampo.com.uy\/site\/novillo-gordo-bajo-un-centavo-esta-semana\/","url_meta":{"origin":53687,"position":2},"title":"Novillo gordo baj\u00f3 un centavo esta semana","author":"La Hora del Campo","date":"18 mayo, 2022","format":false,"excerpt":"La pasada semana, el mercado de haciendas concret\u00f3 un p\u00e1rate en la suba contin\u00faa de precios que ven\u00eda registrando semana a semana desde los primeros d\u00edas de enero. Esto es consecuente con los comentarios que han venido se\u00f1alando referentes de la industria sobre la necesidad de un ajuste en los\u2026","rel":"","context":"En \u00abActualidad\u00bb","block_context":{"text":"Actualidad","link":"https:\/\/lahoradelcampo.com.uy\/site\/category\/actualidad\/"},"img":{"alt_text":"","src":"https:\/\/i0.wp.com\/lahoradelcampo.com.uy\/site\/wp-content\/uploads\/2022\/03\/Novillo-angus.jpg?fit=880%2C440&ssl=1&resize=350%2C200","width":350,"height":200,"srcset":"https:\/\/i0.wp.com\/lahoradelcampo.com.uy\/site\/wp-content\/uploads\/2022\/03\/Novillo-angus.jpg?fit=880%2C440&ssl=1&resize=350%2C200 1x, https:\/\/i0.wp.com\/lahoradelcampo.com.uy\/site\/wp-content\/uploads\/2022\/03\/Novillo-angus.jpg?fit=880%2C440&ssl=1&resize=525%2C300 1.5x, https:\/\/i0.wp.com\/lahoradelcampo.com.uy\/site\/wp-content\/uploads\/2022\/03\/Novillo-angus.jpg?fit=880%2C440&ssl=1&resize=700%2C400 2x"},"classes":[]},{"id":55146,"url":"https:\/\/lahoradelcampo.com.uy\/site\/mercado-de-haciendas-firme-con-el-novillo-superando-los-us-400\/","url_meta":{"origin":53687,"position":3},"title":"Mercado de haciendas firme, con el novillo superando los US$ 4,00","author":"La Hora del Campo","date":"20 noviembre, 2024","format":false,"excerpt":"En una semana marcada por la firmeza del mercado de haciendas con destino a faena, el precio del novillo volvi\u00f3 a superar los US$ 4 por kilo carcasa, consolidando su posici\u00f3n por encima de este umbral psicol\u00f3gico. Por su parte, en el caso de los ovinos se afirma la preferencia\u2026","rel":"","context":"En \u00abActualidad\u00bb","block_context":{"text":"Actualidad","link":"https:\/\/lahoradelcampo.com.uy\/site\/category\/actualidad\/"},"img":{"alt_text":"","src":"https:\/\/i0.wp.com\/lahoradelcampo.com.uy\/site\/wp-content\/uploads\/2020\/06\/ovinos.jpg?fit=880%2C440&ssl=1&resize=350%2C200","width":350,"height":200,"srcset":"https:\/\/i0.wp.com\/lahoradelcampo.com.uy\/site\/wp-content\/uploads\/2020\/06\/ovinos.jpg?fit=880%2C440&ssl=1&resize=350%2C200 1x, https:\/\/i0.wp.com\/lahoradelcampo.com.uy\/site\/wp-content\/uploads\/2020\/06\/ovinos.jpg?fit=880%2C440&ssl=1&resize=525%2C300 1.5x, https:\/\/i0.wp.com\/lahoradelcampo.com.uy\/site\/wp-content\/uploads\/2020\/06\/ovinos.jpg?fit=880%2C440&ssl=1&resize=700%2C400 2x"},"classes":[]},{"id":56042,"url":"https:\/\/lahoradelcampo.com.uy\/site\/se-mantiene-la-firmeza-en-el-gordo-con-nuevas-subas-en-los-valores\/","url_meta":{"origin":53687,"position":4},"title":"Se mantiene la firmeza en el gordo con nuevas subas en los valores","author":"La Hora del Campo","date":"30 abril, 2025","format":false,"excerpt":"Durante la semana comprendida entre el 20 y el 26 de abril, el mercado de haciendas registr\u00f3 una nueva suba en los valores del ganado vacuno, con una faena activa marcada por la participaci\u00f3n de animales provenientes de corrales. As\u00ed lo indic\u00f3 la Asociaci\u00f3n de Consignatarios de Ganado (ACG) tras\u2026","rel":"","context":"En \u00abActualidad\u00bb","block_context":{"text":"Actualidad","link":"https:\/\/lahoradelcampo.com.uy\/site\/category\/actualidad\/"},"img":{"alt_text":"","src":"https:\/\/i0.wp.com\/lahoradelcampo.com.uy\/site\/wp-content\/uploads\/2024\/12\/ganado-reposicion.jpg?fit=880%2C440&ssl=1&resize=350%2C200","width":350,"height":200,"srcset":"https:\/\/i0.wp.com\/lahoradelcampo.com.uy\/site\/wp-content\/uploads\/2024\/12\/ganado-reposicion.jpg?fit=880%2C440&ssl=1&resize=350%2C200 1x, https:\/\/i0.wp.com\/lahoradelcampo.com.uy\/site\/wp-content\/uploads\/2024\/12\/ganado-reposicion.jpg?fit=880%2C440&ssl=1&resize=525%2C300 1.5x, https:\/\/i0.wp.com\/lahoradelcampo.com.uy\/site\/wp-content\/uploads\/2024\/12\/ganado-reposicion.jpg?fit=880%2C440&ssl=1&resize=700%2C400 2x"},"classes":[]},{"id":39899,"url":"https:\/\/lahoradelcampo.com.uy\/site\/el-ganado-sigue-subiendo-sin-encontrar-su-techo\/","url_meta":{"origin":53687,"position":5},"title":"El ganado sigue subiendo  sin encontrar su techo","author":"La Hora del Campo","date":"16 marzo, 2022","format":false,"excerpt":"En el mundo con precios al alza en todas las materias primas, el mercado de haciendas no podr\u00eda quedarse atr\u00e1s y as\u00ed lo reflej\u00f3 la Asociaci\u00f3n de Consignatarios de Ganado (ACG) que registr\u00f3 nuevas subas en todas las categor\u00edas con el novillo especial cerrando a US$ 2,81 y US$ 5,10\u2026","rel":"","context":"En \u00abActualidad\u00bb","block_context":{"text":"Actualidad","link":"https:\/\/lahoradelcampo.com.uy\/site\/category\/actualidad\/"},"img":{"alt_text":"","src":"https:\/\/i0.wp.com\/lahoradelcampo.com.uy\/site\/wp-content\/uploads\/2018\/05\/ganado.jpg?fit=880%2C440&ssl=1&resize=350%2C200","width":350,"height":200,"srcset":"https:\/\/i0.wp.com\/lahoradelcampo.com.uy\/site\/wp-content\/uploads\/2018\/05\/ganado.jpg?fit=880%2C440&ssl=1&resize=350%2C200 1x, https:\/\/i0.wp.com\/lahoradelcampo.com.uy\/site\/wp-content\/uploads\/2018\/05\/ganado.jpg?fit=880%2C440&ssl=1&resize=525%2C300 1.5x, https:\/\/i0.wp.com\/lahoradelcampo.com.uy\/site\/wp-content\/uploads\/2018\/05\/ganado.jpg?fit=880%2C440&ssl=1&resize=700%2C400 2x"},"classes":[]}],"jetpack_likes_enabled":true,"_links":{"self":[{"href":"https:\/\/lahoradelcampo.com.uy\/site\/wp-json\/wp\/v2\/posts\/53687","targetHints":{"allow":["GET"]}}],"collection":[{"href":"https:\/\/lahoradelcampo.com.uy\/site\/wp-json\/wp\/v2\/posts"}],"about":[{"href":"https:\/\/lahoradelcampo.com.uy\/site\/wp-json\/wp\/v2\/types\/post"}],"author":[{"embeddable":true,"href":"https:\/\/lahoradelcampo.com.uy\/site\/wp-json\/wp\/v2\/users\/5"}],"replies":[{"embeddable":true,"href":"https:\/\/lahoradelcampo.com.uy\/site\/wp-json\/wp\/v2\/comments?post=53687"}],"version-history":[{"count":1,"href":"https:\/\/lahoradelcampo.com.uy\/site\/wp-json\/wp\/v2\/posts\/53687\/revisions"}],"predecessor-version":[{"id":53689,"href":"https:\/\/lahoradelcampo.com.uy\/site\/wp-json\/wp\/v2\/posts\/53687\/revisions\/53689"}],"wp:featuredmedia":[{"embeddable":true,"href":"https:\/\/lahoradelcampo.com.uy\/site\/wp-json\/wp\/v2\/media\/53688"}],"wp:attachment":[{"href":"https:\/\/lahoradelcampo.com.uy\/site\/wp-json\/wp\/v2\/media?parent=53687"}],"wp:term":[{"taxonomy":"category","embeddable":true,"href":"https:\/\/lahoradelcampo.com.uy\/site\/wp-json\/wp\/v2\/categories?post=53687"},{"taxonomy":"post_tag","embeddable":true,"href":"https:\/\/lahoradelcampo.com.uy\/site\/wp-json\/wp\/v2\/tags?post=53687"}],"curies":[{"name":"wp","href":"https:\/\/api.w.org\/{rel}","templated":true}]}}