{"id":53681,"date":"2024-04-03T06:37:08","date_gmt":"2024-04-03T09:37:08","guid":{"rendered":"http:\/\/lahoradelcampo.com.uy\/site\/?p=53681"},"modified":"2024-04-03T06:37:09","modified_gmt":"2024-04-03T09:37:09","slug":"luego-de-las-caidas-en-marzo-abril-comenzo-con-el-pie-derecho-para-los-lacteos","status":"publish","type":"post","link":"https:\/\/lahoradelcampo.com.uy\/site\/luego-de-las-caidas-en-marzo-abril-comenzo-con-el-pie-derecho-para-los-lacteos\/","title":{"rendered":"Luego de las ca\u00eddas en marzo, abril comenz\u00f3 con el pie derecho para los l\u00e1cteos"},"content":{"rendered":"\n<figure class=\"wp-block-image size-full\"><a href=\"https:\/\/i0.wp.com\/lahoradelcampo.com.uy\/site\/wp-content\/uploads\/2024\/04\/Fonterra-lpe.jpg\"><img data-recalc-dims=\"1\" loading=\"lazy\" decoding=\"async\" width=\"810\" height=\"405\" data-attachment-id=\"53682\" data-permalink=\"https:\/\/lahoradelcampo.com.uy\/site\/luego-de-las-caidas-en-marzo-abril-comenzo-con-el-pie-derecho-para-los-lacteos\/fonterra-lpe\/\" data-orig-file=\"https:\/\/i0.wp.com\/lahoradelcampo.com.uy\/site\/wp-content\/uploads\/2024\/04\/Fonterra-lpe.jpg?fit=880%2C440&amp;ssl=1\" data-orig-size=\"880,440\" data-comments-opened=\"1\" data-image-meta=\"{&quot;aperture&quot;:&quot;0&quot;,&quot;credit&quot;:&quot;&quot;,&quot;camera&quot;:&quot;&quot;,&quot;caption&quot;:&quot;&quot;,&quot;created_timestamp&quot;:&quot;0&quot;,&quot;copyright&quot;:&quot;&quot;,&quot;focal_length&quot;:&quot;0&quot;,&quot;iso&quot;:&quot;0&quot;,&quot;shutter_speed&quot;:&quot;0&quot;,&quot;title&quot;:&quot;&quot;,&quot;orientation&quot;:&quot;1&quot;}\" data-image-title=\"Fonterra-lpe\" data-image-description=\"\" data-image-caption=\"\" data-large-file=\"https:\/\/i0.wp.com\/lahoradelcampo.com.uy\/site\/wp-content\/uploads\/2024\/04\/Fonterra-lpe.jpg?fit=810%2C405&amp;ssl=1\" src=\"https:\/\/i0.wp.com\/lahoradelcampo.com.uy\/site\/wp-content\/uploads\/2024\/04\/Fonterra-lpe.jpg?resize=810%2C405\" alt=\"\" class=\"wp-image-53682\" srcset=\"https:\/\/i0.wp.com\/lahoradelcampo.com.uy\/site\/wp-content\/uploads\/2024\/04\/Fonterra-lpe.jpg?w=880&amp;ssl=1 880w, https:\/\/i0.wp.com\/lahoradelcampo.com.uy\/site\/wp-content\/uploads\/2024\/04\/Fonterra-lpe.jpg?resize=300%2C150&amp;ssl=1 300w, https:\/\/i0.wp.com\/lahoradelcampo.com.uy\/site\/wp-content\/uploads\/2024\/04\/Fonterra-lpe.jpg?resize=768%2C384&amp;ssl=1 768w, https:\/\/i0.wp.com\/lahoradelcampo.com.uy\/site\/wp-content\/uploads\/2024\/04\/Fonterra-lpe.jpg?resize=820%2C410&amp;ssl=1 820w\" sizes=\"auto, (max-width: 810px) 100vw, 810px\" \/><\/a><\/figure>\n\n\n\n<p>La licitaci\u00f3n 353 de la plataforma electr\u00f3nica Global Dairy Trade (GDT) de este martes 2 de abril, cambio la tendencia bajista que el mercado de los l\u00e1cteos registr\u00f3 en el mes de marzo. En el caso del mes de marzo, las dos licitaciones acumularon una ca\u00edda del 4,6% respecto a la \u00faltima venta de febrero, en tanto que en la jornada de hoy volvi\u00f3 a subir, en este caso un 2,8%.<\/p>\n\n\n\n<p>En esta oportunidad, el promedio de esta subasta, donde mayormente se comercializa productos de Fonterra, cerr\u00f3 en US$ 3.558 por tonelada (US$\/ton 61). El volumen comercializado en la jornada de ayer fue de 18.737 toneladas, un 4,7% menor que la venta anterior. La operativa fue alcista para todos los productos comercializados. En el caso de las leches en polvo, se registraron mayores subas para la leche en polvo entera (LPE) que para la descremada (LPD).<\/p>\n\n\n\n<p>El valor promedio para la leche en polvo entera (LPE) fue de US$ 3.236 por tonelada en esta licitaci\u00f3n y marc\u00f3 una suba del 3,4% respecto a la venta anterior (US$\/ton 103). Todos los contratos de LPE a futuro cotizaron en alza, con subas del 3,2% y 3,1% en los contratos m\u00e1s cercanos de mayo, junio y julio, mientras que los contratos de agosto cerraron con una suba del 5.8% y los de setiembre un 4,6%. <\/p>\n\n\n\n<p>Los oferentes fueron Fonterra y Solarec. En el caso de Fonterra los contratos para la LPE Regular cerraron entre US$ 3.195 y US$ 3.360, en tanto que la instant\u00e1nea entre US$ 3.195 y US$ 3.360. Por su parte los contratos de Solarec para la LPE regular se manejaron entre US$ 3.800 y US$ 3.825.<\/p>\n\n\n\n<p>La leche en polvo descremada (LPD) aument\u00f3 en la jornada de ayer, cerrando a US$ 2.550 por tonelada, con una suba 1,4% (US$\/ton 33). Todos los contratos subieron respecto a la venta anterior. Las alzas fueron del 1,8% y 0,4% en los contratos de mayo y junio respectivamente. Por su parte los negocios julio y agosto registraron subas del 3,4% y 3,3%. Los tres oferentes fueron: Arla, Solarec y Fonterra.<\/p>\n\n\n\n<p>Para la manteca el mercado registr\u00f3 una suba del 3,1% en comparaci\u00f3n con la licitaci\u00f3n anterior. En esta oportunidad el promedio se posicion\u00f3 en US$\/ton 6.592 (US$ 184). Los contratos registraron subas en mayo (+3%), en tanto que los contratos de setiembre subieron un 7,1%.<\/p>\n\n\n\n<p>Para Solarec los valores de la manteca sin sal, fluctuaron entre US$ 6.255 y US$ 6.425 por tonelada, en tanto que para Fonterra lo hicieron entre US$ 6.740 y US$ 6.565 en la sin sal y entre US$ 6.670 y 6.625 para la manteca con sal.<\/p>\n\n\n\n<p>En los quesos, el cheddar cerr\u00f3 en US$ 4.430 por tonelada, subiendo 4,1% respecto a la licitaci\u00f3n anterior. Todos los contratos a futuro, negociados \u00fanicamente por Fonterra, registraron subas del 3,9%, 3,8% y 5,4% entre mayo y julio, en tanto que los negocios de octubre subieron un 2,5%.<\/p>\n\n\n\n<p>Por su parte, en el caso del queso mozzarella no se registraron ofertas en el d\u00eda hoy, por pare de la empresa Solarec, que hasta el momento ha sido la \u00fanica oferente en GlobalDairyTrade.<\/p>\n\n\n\n<p>Salto, 3 de abril de 2024<\/p>\n","protected":false},"excerpt":{"rendered":"<p>La licitaci\u00f3n 353 de la plataforma electr\u00f3nica Global Dairy Trade (GDT) de este martes 2 de abril, cambio la tendencia bajista que el mercado de los l\u00e1cteos registr\u00f3 en el [&hellip;]<\/p>\n","protected":false},"author":5,"featured_media":53682,"comment_status":"open","ping_status":"open","sticky":false,"template":"","format":"standard","meta":{"_price":"","_stock":"","_tribe_ticket_header":"","_tribe_default_ticket_provider":"","_tribe_ticket_capacity":"0","_ticket_start_date":"","_ticket_end_date":"","_tribe_ticket_show_description":"","_tribe_ticket_show_not_going":false,"_tribe_ticket_use_global_stock":"","_tribe_ticket_global_stock_level":"","_global_stock_mode":"","_global_stock_cap":"","_tribe_rsvp_for_event":"","_tribe_ticket_going_count":"","_tribe_ticket_not_going_count":"","_tribe_tickets_list":"[]","_tribe_ticket_has_attendee_info_fields":false,"h5ap_radio_sources":[],"_jetpack_newsletter_access":"","_jetpack_dont_email_post_to_subs":false,"_jetpack_newsletter_tier_id":0,"_jetpack_memberships_contains_paywalled_content":false,"_jetpack_memberships_contains_paid_content":false,"footnotes":""},"categories":[21,11],"tags":[],"class_list":["post-53681","post","type-post","status-publish","format-standard","has-post-thumbnail","hentry","category-actualidad","category-lecheria"],"jetpack_featured_media_url":"https:\/\/i0.wp.com\/lahoradelcampo.com.uy\/site\/wp-content\/uploads\/2024\/04\/Fonterra-lpe.jpg?fit=880%2C440&ssl=1","jetpack_sharing_enabled":true,"jetpack_shortlink":"https:\/\/wp.me\/p99IaT-dXP","jetpack-related-posts":[{"id":49083,"url":"https:\/\/lahoradelcampo.com.uy\/site\/nueva-baja-para-los-lacteos-en-la-primera-licitacion-de-marzo\/","url_meta":{"origin":53681,"position":0},"title":"Nueva baja para los l\u00e1cteos, en la primera licitaci\u00f3n de marzo","author":"La Hora del Campo","date":"8 marzo, 2023","format":false,"excerpt":"En la jornada de ayer se realiz\u00f3 la primera licitaci\u00f3n internacional de l\u00e1cteos del mes de marzo, a trav\u00e9s de la plataforma electr\u00f3nica GlobalDairyTrade, con una baja del 0,7% en el promedio general de los diferentes productos comercializados. Dicho valor se ubic\u00f3 en US$ 3.403 por tonelada. La oferta baj\u00f3\u2026","rel":"","context":"En \u00abActualidad\u00bb","block_context":{"text":"Actualidad","link":"https:\/\/lahoradelcampo.com.uy\/site\/category\/actualidad\/"},"img":{"alt_text":"","src":"https:\/\/i0.wp.com\/lahoradelcampo.com.uy\/site\/wp-content\/uploads\/2017\/09\/Fonterra.jpg?fit=880%2C440&ssl=1&resize=350%2C200","width":350,"height":200,"srcset":"https:\/\/i0.wp.com\/lahoradelcampo.com.uy\/site\/wp-content\/uploads\/2017\/09\/Fonterra.jpg?fit=880%2C440&ssl=1&resize=350%2C200 1x, https:\/\/i0.wp.com\/lahoradelcampo.com.uy\/site\/wp-content\/uploads\/2017\/09\/Fonterra.jpg?fit=880%2C440&ssl=1&resize=525%2C300 1.5x, https:\/\/i0.wp.com\/lahoradelcampo.com.uy\/site\/wp-content\/uploads\/2017\/09\/Fonterra.jpg?fit=880%2C440&ssl=1&resize=700%2C400 2x"},"classes":[]},{"id":49356,"url":"https:\/\/lahoradelcampo.com.uy\/site\/leche-en-polvo-entera-cae-un-15-en-la-segunda-licitacion-de-marzo\/","url_meta":{"origin":53681,"position":1},"title":"Leche en polvo entera cae un 1,5% en la segunda licitaci\u00f3n de marzo","author":"La Hora del Campo","date":"21 marzo, 2023","format":false,"excerpt":"Este martes se realiz\u00f3 la segunda licitaci\u00f3n internacional de l\u00e1cteos del mes de marzo, a trav\u00e9s de la plataforma electr\u00f3nica GlobalDairyTrade, con un nuevo descenso del 2,6% en el promedio general de los diferentes productos comercializados. Dicho valor se ubic\u00f3 en US$ 3.361 por tonelada. La oferta subi\u00f3 levemente entre\u2026","rel":"","context":"En \u00abActualidad\u00bb","block_context":{"text":"Actualidad","link":"https:\/\/lahoradelcampo.com.uy\/site\/category\/actualidad\/"},"img":{"alt_text":"","src":"https:\/\/i0.wp.com\/lahoradelcampo.com.uy\/site\/wp-content\/uploads\/2023\/03\/Fonterra-GDT328.jpg?fit=880%2C440&ssl=1&resize=350%2C200","width":350,"height":200,"srcset":"https:\/\/i0.wp.com\/lahoradelcampo.com.uy\/site\/wp-content\/uploads\/2023\/03\/Fonterra-GDT328.jpg?fit=880%2C440&ssl=1&resize=350%2C200 1x, https:\/\/i0.wp.com\/lahoradelcampo.com.uy\/site\/wp-content\/uploads\/2023\/03\/Fonterra-GDT328.jpg?fit=880%2C440&ssl=1&resize=525%2C300 1.5x, https:\/\/i0.wp.com\/lahoradelcampo.com.uy\/site\/wp-content\/uploads\/2023\/03\/Fonterra-GDT328.jpg?fit=880%2C440&ssl=1&resize=700%2C400 2x"},"classes":[]},{"id":45709,"url":"https:\/\/lahoradelcampo.com.uy\/site\/lacteos-subieron-un-2-en-la-segunda-licitacion-de-setiembre\/","url_meta":{"origin":53681,"position":2},"title":"L\u00e1cteos subieron un 2% en la segunda licitaci\u00f3n de setiembre","author":"La Hora del Campo","date":"21 septiembre, 2022","format":false,"excerpt":"Este martes 20 de setiembre de 2022, se realiz\u00f3 la licitaci\u00f3n n\u00famero 316 de la plataforma electr\u00f3nica GlobalDairyTrade (GDT), registr\u00e1ndose un nuevo incremento en el promedio general de los productos l\u00e1cteos comercializados. Luego de cinco ca\u00eddas consecutivas, setiembre quebr\u00f3 la tendencia bajista que tra\u00edan los l\u00e1cteos con una suba del\u2026","rel":"","context":"En \u00abActualidad\u00bb","block_context":{"text":"Actualidad","link":"https:\/\/lahoradelcampo.com.uy\/site\/category\/actualidad\/"},"img":{"alt_text":"","src":"https:\/\/i0.wp.com\/lahoradelcampo.com.uy\/site\/wp-content\/uploads\/2019\/06\/fonterra-2.jpg?fit=880%2C440&ssl=1&resize=350%2C200","width":350,"height":200,"srcset":"https:\/\/i0.wp.com\/lahoradelcampo.com.uy\/site\/wp-content\/uploads\/2019\/06\/fonterra-2.jpg?fit=880%2C440&ssl=1&resize=350%2C200 1x, https:\/\/i0.wp.com\/lahoradelcampo.com.uy\/site\/wp-content\/uploads\/2019\/06\/fonterra-2.jpg?fit=880%2C440&ssl=1&resize=525%2C300 1.5x, https:\/\/i0.wp.com\/lahoradelcampo.com.uy\/site\/wp-content\/uploads\/2019\/06\/fonterra-2.jpg?fit=880%2C440&ssl=1&resize=700%2C400 2x"},"classes":[]},{"id":53793,"url":"https:\/\/lahoradelcampo.com.uy\/site\/leve-suba-para-los-lacteos-en-la-segunda-licitacion-de-abril\/","url_meta":{"origin":53681,"position":3},"title":"Leve suba para los l\u00e1cteos en la segunda licitaci\u00f3n de abril","author":"La Hora del Campo","date":"18 abril, 2024","format":false,"excerpt":"La licitaci\u00f3n 354 de la plataforma electr\u00f3nica Global Dairy Trade (GDT) de este martes 16 de abril registr\u00f3 un leve incremento en su indicador promedio, ratificando el cambio de tendencia bajista del mes de marzo para los l\u00e1cteos, a\u00fan sin haber logrado recuperar todo lo perdido en el tercer mes\u2026","rel":"","context":"En \u00abActualidad\u00bb","block_context":{"text":"Actualidad","link":"https:\/\/lahoradelcampo.com.uy\/site\/category\/actualidad\/"},"img":{"alt_text":"","src":"https:\/\/i0.wp.com\/lahoradelcampo.com.uy\/site\/wp-content\/uploads\/2024\/04\/fonterra-gdt354.jpg?fit=880%2C440&ssl=1&resize=350%2C200","width":350,"height":200,"srcset":"https:\/\/i0.wp.com\/lahoradelcampo.com.uy\/site\/wp-content\/uploads\/2024\/04\/fonterra-gdt354.jpg?fit=880%2C440&ssl=1&resize=350%2C200 1x, https:\/\/i0.wp.com\/lahoradelcampo.com.uy\/site\/wp-content\/uploads\/2024\/04\/fonterra-gdt354.jpg?fit=880%2C440&ssl=1&resize=525%2C300 1.5x, https:\/\/i0.wp.com\/lahoradelcampo.com.uy\/site\/wp-content\/uploads\/2024\/04\/fonterra-gdt354.jpg?fit=880%2C440&ssl=1&resize=700%2C400 2x"},"classes":[]},{"id":17774,"url":"https:\/\/lahoradelcampo.com.uy\/site\/marzo-comenzo-con-bajas-en-los-lacteos\/","url_meta":{"origin":53681,"position":4},"title":"Marzo comenz\u00f3 con bajas en los l\u00e1cteos","author":"La Hora del Campo","date":"4 marzo, 2020","format":false,"excerpt":"La primera licitaci\u00f3n del tercer mes del a\u00f1o de la neozelandesa Fonterra, registr\u00f3 al mismo tiempo la tercera ca\u00edda consecutiva en el mercado de los l\u00e1cteos a nivel internacional. El volumen de productos comercializados se posicion\u00f3 en 25.576 toneladas y si bien registr\u00f3 una ca\u00edda del 9,2% respecto a la\u2026","rel":"","context":"En \u00abActualidad\u00bb","block_context":{"text":"Actualidad","link":"https:\/\/lahoradelcampo.com.uy\/site\/category\/actualidad\/"},"img":{"alt_text":"","src":"https:\/\/i0.wp.com\/lahoradelcampo.com.uy\/site\/wp-content\/uploads\/2018\/03\/fonterra-web.jpg?fit=880%2C440&ssl=1&resize=350%2C200","width":350,"height":200,"srcset":"https:\/\/i0.wp.com\/lahoradelcampo.com.uy\/site\/wp-content\/uploads\/2018\/03\/fonterra-web.jpg?fit=880%2C440&ssl=1&resize=350%2C200 1x, https:\/\/i0.wp.com\/lahoradelcampo.com.uy\/site\/wp-content\/uploads\/2018\/03\/fonterra-web.jpg?fit=880%2C440&ssl=1&resize=525%2C300 1.5x, https:\/\/i0.wp.com\/lahoradelcampo.com.uy\/site\/wp-content\/uploads\/2018\/03\/fonterra-web.jpg?fit=880%2C440&ssl=1&resize=700%2C400 2x"},"classes":[]},{"id":55419,"url":"https:\/\/lahoradelcampo.com.uy\/site\/el-ano-inicia-con-baja-en-los-lacteos-a-nivel-internacional\/","url_meta":{"origin":53681,"position":5},"title":"El a\u00f1o inicia con baja en los l\u00e1cteos a nivel internacional","author":"La Hora del Campo","date":"8 enero, 2025","format":false,"excerpt":"La licitaci\u00f3n 371 de la plataforma electr\u00f3nica Global Dairy Trade (GDT), la primera del 2025 cerr\u00f3 con nuevos descensos en el promedio general de todos los l\u00e1cteos, as\u00ed como tambi\u00e9n para los principales productos de exportaci\u00f3n de Uruguay, salvo en los quesos. Recordemos que luego de varias licitaciones con subas\u2026","rel":"","context":"En \u00abActualidad\u00bb","block_context":{"text":"Actualidad","link":"https:\/\/lahoradelcampo.com.uy\/site\/category\/actualidad\/"},"img":{"alt_text":"","src":"https:\/\/i0.wp.com\/lahoradelcampo.com.uy\/site\/wp-content\/uploads\/2025\/01\/fonterra-1radenenero.jpg?fit=880%2C440&ssl=1&resize=350%2C200","width":350,"height":200,"srcset":"https:\/\/i0.wp.com\/lahoradelcampo.com.uy\/site\/wp-content\/uploads\/2025\/01\/fonterra-1radenenero.jpg?fit=880%2C440&ssl=1&resize=350%2C200 1x, https:\/\/i0.wp.com\/lahoradelcampo.com.uy\/site\/wp-content\/uploads\/2025\/01\/fonterra-1radenenero.jpg?fit=880%2C440&ssl=1&resize=525%2C300 1.5x, https:\/\/i0.wp.com\/lahoradelcampo.com.uy\/site\/wp-content\/uploads\/2025\/01\/fonterra-1radenenero.jpg?fit=880%2C440&ssl=1&resize=700%2C400 2x"},"classes":[]}],"jetpack_likes_enabled":true,"_links":{"self":[{"href":"https:\/\/lahoradelcampo.com.uy\/site\/wp-json\/wp\/v2\/posts\/53681","targetHints":{"allow":["GET"]}}],"collection":[{"href":"https:\/\/lahoradelcampo.com.uy\/site\/wp-json\/wp\/v2\/posts"}],"about":[{"href":"https:\/\/lahoradelcampo.com.uy\/site\/wp-json\/wp\/v2\/types\/post"}],"author":[{"embeddable":true,"href":"https:\/\/lahoradelcampo.com.uy\/site\/wp-json\/wp\/v2\/users\/5"}],"replies":[{"embeddable":true,"href":"https:\/\/lahoradelcampo.com.uy\/site\/wp-json\/wp\/v2\/comments?post=53681"}],"version-history":[{"count":1,"href":"https:\/\/lahoradelcampo.com.uy\/site\/wp-json\/wp\/v2\/posts\/53681\/revisions"}],"predecessor-version":[{"id":53683,"href":"https:\/\/lahoradelcampo.com.uy\/site\/wp-json\/wp\/v2\/posts\/53681\/revisions\/53683"}],"wp:featuredmedia":[{"embeddable":true,"href":"https:\/\/lahoradelcampo.com.uy\/site\/wp-json\/wp\/v2\/media\/53682"}],"wp:attachment":[{"href":"https:\/\/lahoradelcampo.com.uy\/site\/wp-json\/wp\/v2\/media?parent=53681"}],"wp:term":[{"taxonomy":"category","embeddable":true,"href":"https:\/\/lahoradelcampo.com.uy\/site\/wp-json\/wp\/v2\/categories?post=53681"},{"taxonomy":"post_tag","embeddable":true,"href":"https:\/\/lahoradelcampo.com.uy\/site\/wp-json\/wp\/v2\/tags?post=53681"}],"curies":[{"name":"wp","href":"https:\/\/api.w.org\/{rel}","templated":true}]}}