{"id":53678,"date":"2024-04-03T06:33:04","date_gmt":"2024-04-03T09:33:04","guid":{"rendered":"http:\/\/lahoradelcampo.com.uy\/site\/?p=53678"},"modified":"2024-04-03T06:33:05","modified_gmt":"2024-04-03T09:33:05","slug":"primera-fecha-del-campeonato-nacional-de-enduro-de-criollos-se-corre-en-salto","status":"publish","type":"post","link":"https:\/\/lahoradelcampo.com.uy\/site\/primera-fecha-del-campeonato-nacional-de-enduro-de-criollos-se-corre-en-salto\/","title":{"rendered":"Primera fecha del Campeonato Nacional de Enduro de Criollos se corre en Salto"},"content":{"rendered":"\n<figure class=\"wp-block-image size-full\"><a href=\"https:\/\/i0.wp.com\/lahoradelcampo.com.uy\/site\/wp-content\/uploads\/2024\/04\/criollos-endurito.jpg\"><img data-recalc-dims=\"1\" loading=\"lazy\" decoding=\"async\" width=\"810\" height=\"405\" data-attachment-id=\"53679\" data-permalink=\"https:\/\/lahoradelcampo.com.uy\/site\/primera-fecha-del-campeonato-nacional-de-enduro-de-criollos-se-corre-en-salto\/criollos-endurito\/\" data-orig-file=\"https:\/\/i0.wp.com\/lahoradelcampo.com.uy\/site\/wp-content\/uploads\/2024\/04\/criollos-endurito.jpg?fit=880%2C440&amp;ssl=1\" data-orig-size=\"880,440\" data-comments-opened=\"1\" data-image-meta=\"{&quot;aperture&quot;:&quot;0&quot;,&quot;credit&quot;:&quot;&quot;,&quot;camera&quot;:&quot;&quot;,&quot;caption&quot;:&quot;&quot;,&quot;created_timestamp&quot;:&quot;0&quot;,&quot;copyright&quot;:&quot;&quot;,&quot;focal_length&quot;:&quot;0&quot;,&quot;iso&quot;:&quot;0&quot;,&quot;shutter_speed&quot;:&quot;0&quot;,&quot;title&quot;:&quot;&quot;,&quot;orientation&quot;:&quot;1&quot;}\" data-image-title=\"criollos-endurito\" data-image-description=\"\" data-image-caption=\"\" data-large-file=\"https:\/\/i0.wp.com\/lahoradelcampo.com.uy\/site\/wp-content\/uploads\/2024\/04\/criollos-endurito.jpg?fit=810%2C405&amp;ssl=1\" src=\"https:\/\/i0.wp.com\/lahoradelcampo.com.uy\/site\/wp-content\/uploads\/2024\/04\/criollos-endurito.jpg?resize=810%2C405\" alt=\"\" class=\"wp-image-53679\" srcset=\"https:\/\/i0.wp.com\/lahoradelcampo.com.uy\/site\/wp-content\/uploads\/2024\/04\/criollos-endurito.jpg?w=880&amp;ssl=1 880w, https:\/\/i0.wp.com\/lahoradelcampo.com.uy\/site\/wp-content\/uploads\/2024\/04\/criollos-endurito.jpg?resize=300%2C150&amp;ssl=1 300w, https:\/\/i0.wp.com\/lahoradelcampo.com.uy\/site\/wp-content\/uploads\/2024\/04\/criollos-endurito.jpg?resize=768%2C384&amp;ssl=1 768w, https:\/\/i0.wp.com\/lahoradelcampo.com.uy\/site\/wp-content\/uploads\/2024\/04\/criollos-endurito.jpg?resize=820%2C410&amp;ssl=1 820w\" sizes=\"auto, (max-width: 810px) 100vw, 810px\" \/><\/a><\/figure>\n\n\n\n<p>La Sociedad de Criadores de Caballos Criollos del Uruguay (SCCCU) inform\u00f3 que el s\u00e1bado 13 de abril se correr\u00e1 la primera fecha del Campeonato Nacional de Enduro 2024, en el departamento de Salto.<\/p>\n\n\n\n<p>Las inscripciones para participar estar\u00e1n abiertas hasta el pr\u00f3ximo lunes 8 de abril, con la Agremiaci\u00f3n de Criadores de Caballos Criollos de Salto, con Jimena P\u00e9rez al celular 099 411 776. <\/p>\n\n\n\n<p>Las pr\u00f3ximas fechas est\u00e1n agendadas para el 6 de julio en Flores, 11 de agosto en Melo y 21 de setiembre en Tacuaremb\u00f3.<\/p>\n\n\n\n<p>Salto, 3 de abril de 2024<\/p>\n","protected":false},"excerpt":{"rendered":"<p>La Sociedad de Criadores de Caballos Criollos del Uruguay (SCCCU) inform\u00f3 que el s\u00e1bado 13 de abril se correr\u00e1 la primera fecha del Campeonato Nacional de Enduro 2024, en el [&hellip;]<\/p>\n","protected":false},"author":5,"featured_media":53679,"comment_status":"open","ping_status":"open","sticky":false,"template":"","format":"standard","meta":{"_price":"","_stock":"","_tribe_ticket_header":"","_tribe_default_ticket_provider":"","_tribe_ticket_capacity":"0","_ticket_start_date":"","_ticket_end_date":"","_tribe_ticket_show_description":"","_tribe_ticket_show_not_going":false,"_tribe_ticket_use_global_stock":"","_tribe_ticket_global_stock_level":"","_global_stock_mode":"","_global_stock_cap":"","_tribe_rsvp_for_event":"","_tribe_ticket_going_count":"","_tribe_ticket_not_going_count":"","_tribe_tickets_list":"[]","_tribe_ticket_has_attendee_info_fields":false,"h5ap_radio_sources":[],"_jetpack_newsletter_access":"","_jetpack_dont_email_post_to_subs":false,"_jetpack_newsletter_tier_id":0,"_jetpack_memberships_contains_paywalled_content":false,"_jetpack_memberships_contains_paid_content":false,"footnotes":""},"categories":[21,23],"tags":[],"class_list":["post-53678","post","type-post","status-publish","format-standard","has-post-thumbnail","hentry","category-actualidad","category-equinos"],"jetpack_featured_media_url":"https:\/\/i0.wp.com\/lahoradelcampo.com.uy\/site\/wp-content\/uploads\/2024\/04\/criollos-endurito.jpg?fit=880%2C440&ssl=1","jetpack_sharing_enabled":true,"jetpack_shortlink":"https:\/\/wp.me\/p99IaT-dXM","jetpack-related-posts":[{"id":55910,"url":"https:\/\/lahoradelcampo.com.uy\/site\/criollistas-cierran-el-mes-con-varias-actividades-en-salto\/","url_meta":{"origin":53678,"position":0},"title":"Criollistas cierran el mes con varias actividades en Salto","author":"La Hora del Campo","date":"18 abril, 2025","format":false,"excerpt":"La Sociedad de criadores de caballos Criollos del Uruguay y la Agremiaci\u00f3n de criadores de caballos Criollos de Salto, tienen previstas varias actividades para el cierre del mes de abril en Salto. Adem\u00e1s de las inspecciones que ya iniciaron la pasada semana, se realizar\u00e1 en el departamento la segunda fecha\u2026","rel":"","context":"En \u00abActualidad\u00bb","block_context":{"text":"Actualidad","link":"https:\/\/lahoradelcampo.com.uy\/site\/category\/actualidad\/"},"img":{"alt_text":"","src":"https:\/\/i0.wp.com\/lahoradelcampo.com.uy\/site\/wp-content\/uploads\/2025\/04\/criollos-marchas.jpg?fit=880%2C440&ssl=1&resize=350%2C200","width":350,"height":200,"srcset":"https:\/\/i0.wp.com\/lahoradelcampo.com.uy\/site\/wp-content\/uploads\/2025\/04\/criollos-marchas.jpg?fit=880%2C440&ssl=1&resize=350%2C200 1x, https:\/\/i0.wp.com\/lahoradelcampo.com.uy\/site\/wp-content\/uploads\/2025\/04\/criollos-marchas.jpg?fit=880%2C440&ssl=1&resize=525%2C300 1.5x, https:\/\/i0.wp.com\/lahoradelcampo.com.uy\/site\/wp-content\/uploads\/2025\/04\/criollos-marchas.jpg?fit=880%2C440&ssl=1&resize=700%2C400 2x"},"classes":[]},{"id":49930,"url":"https:\/\/lahoradelcampo.com.uy\/site\/arranca-el-campeonato-nacional-de-enduro-2023\/","url_meta":{"origin":53678,"position":1},"title":"Arranca el Campeonato Nacional de Enduro 2023","author":"La Hora del Campo","date":"12 abril, 2023","format":false,"excerpt":"El s\u00e1bado 15 de abril inicia el Campeonato Nacional de Enduro 2023 en Uruguay, organizado por la Sociedad de Criadores de Caballos Criollos. Este evento cuenta con cuatro fechas confirmadas para este a\u00f1o y promete ser emocionante. Marcaci\u00f3n, entrega de chalecos y campeonato de truco en Artigas La primera fecha\u2026","rel":"","context":"En \u00abActualidad\u00bb","block_context":{"text":"Actualidad","link":"https:\/\/lahoradelcampo.com.uy\/site\/category\/actualidad\/"},"img":{"alt_text":"","src":"https:\/\/i0.wp.com\/lahoradelcampo.com.uy\/site\/wp-content\/uploads\/2020\/01\/Enduro.jpg?fit=880%2C440&ssl=1&resize=350%2C200","width":350,"height":200,"srcset":"https:\/\/i0.wp.com\/lahoradelcampo.com.uy\/site\/wp-content\/uploads\/2020\/01\/Enduro.jpg?fit=880%2C440&ssl=1&resize=350%2C200 1x, https:\/\/i0.wp.com\/lahoradelcampo.com.uy\/site\/wp-content\/uploads\/2020\/01\/Enduro.jpg?fit=880%2C440&ssl=1&resize=525%2C300 1.5x, https:\/\/i0.wp.com\/lahoradelcampo.com.uy\/site\/wp-content\/uploads\/2020\/01\/Enduro.jpg?fit=880%2C440&ssl=1&resize=700%2C400 2x"},"classes":[]},{"id":51443,"url":"https:\/\/lahoradelcampo.com.uy\/site\/en-salto-se-realiza-la-2da-fecha-del-campeonato-nacional-de-enduro\/","url_meta":{"origin":53678,"position":2},"title":"En Salto se realiza la 2da fecha del Campeonato nacional de enduro","author":"La Hora del Campo","date":"25 junio, 2023","format":false,"excerpt":"La Sociedad de Criadores de Caballos Criollos del Uruguay ha anunciado la convocatoria para la segunda fecha del Campeonato Nacional de Enduro 2023, una competencia que promete grandes dosis de emoci\u00f3n. El evento se llevar\u00e1 a cabo el pr\u00f3ximo 1 de julio en el predio de la Asociaci\u00f3n Agropecuaria de\u2026","rel":"","context":"En \u00abActualidad\u00bb","block_context":{"text":"Actualidad","link":"https:\/\/lahoradelcampo.com.uy\/site\/category\/actualidad\/"},"img":{"alt_text":"","src":"https:\/\/i0.wp.com\/lahoradelcampo.com.uy\/site\/wp-content\/uploads\/2023\/06\/Criollos-enduro1.jpg?fit=880%2C440&ssl=1&resize=350%2C200","width":350,"height":200,"srcset":"https:\/\/i0.wp.com\/lahoradelcampo.com.uy\/site\/wp-content\/uploads\/2023\/06\/Criollos-enduro1.jpg?fit=880%2C440&ssl=1&resize=350%2C200 1x, https:\/\/i0.wp.com\/lahoradelcampo.com.uy\/site\/wp-content\/uploads\/2023\/06\/Criollos-enduro1.jpg?fit=880%2C440&ssl=1&resize=525%2C300 1.5x, https:\/\/i0.wp.com\/lahoradelcampo.com.uy\/site\/wp-content\/uploads\/2023\/06\/Criollos-enduro1.jpg?fit=880%2C440&ssl=1&resize=700%2C400 2x"},"classes":[]},{"id":27880,"url":"https:\/\/lahoradelcampo.com.uy\/site\/el-9-de-abril-comienza-el-campeonato-nacional-de-enduro-2021\/","url_meta":{"origin":53678,"position":3},"title":"El 9 de abril comienza el Campeonato  Nacional de Enduro 2021","author":"La Hora del Campo","date":"22 febrero, 2021","format":false,"excerpt":"La Sociedad de Criadores de Caballos Criollos del Uruguay dio a conocer las fechas programadas para el Campeonato Nacional de Enduro 2021, que estar\u00e1 claramente sujeto a la situaci\u00f3n sanitaria del pa\u00eds y de cada localidad en particular. De acuerdo a la informaci\u00f3n brindada por la gremial, la primera fecha\u2026","rel":"","context":"En \u00abActualidad\u00bb","block_context":{"text":"Actualidad","link":"https:\/\/lahoradelcampo.com.uy\/site\/category\/actualidad\/"},"img":{"alt_text":"","src":"https:\/\/i0.wp.com\/lahoradelcampo.com.uy\/site\/wp-content\/uploads\/2021\/02\/criollos.jpg?fit=880%2C440&ssl=1&resize=350%2C200","width":350,"height":200,"srcset":"https:\/\/i0.wp.com\/lahoradelcampo.com.uy\/site\/wp-content\/uploads\/2021\/02\/criollos.jpg?fit=880%2C440&ssl=1&resize=350%2C200 1x, https:\/\/i0.wp.com\/lahoradelcampo.com.uy\/site\/wp-content\/uploads\/2021\/02\/criollos.jpg?fit=880%2C440&ssl=1&resize=525%2C300 1.5x, https:\/\/i0.wp.com\/lahoradelcampo.com.uy\/site\/wp-content\/uploads\/2021\/02\/criollos.jpg?fit=880%2C440&ssl=1&resize=700%2C400 2x"},"classes":[]},{"id":43885,"url":"https:\/\/lahoradelcampo.com.uy\/site\/2da-fecha-del-campeonato-nacional-de-enduro-se-corre-en-salto\/","url_meta":{"origin":53678,"position":4},"title":"2da Fecha del Campeonato Nacional de Enduro se corre en Salto","author":"La Hora del Campo","date":"16 julio, 2022","format":false,"excerpt":"El viernes 12 y s\u00e1bado 13 de agosto se correr\u00e1 en Salto, la segunda fecha del Campeonato Nacional de Enduro organizado por la Sociedad de Criadores de Caballos Criollos del Uruguay (SCCCU). Seg\u00fan informa la gremial, se abrieron las pre-inscripciones con descuento para los participantes hasta el 8 de agosto.\u2026","rel":"","context":"En \u00abActualidad\u00bb","block_context":{"text":"Actualidad","link":"https:\/\/lahoradelcampo.com.uy\/site\/category\/actualidad\/"},"img":{"alt_text":"","src":"https:\/\/i0.wp.com\/lahoradelcampo.com.uy\/site\/wp-content\/uploads\/2022\/07\/Criollos-Enduro.jpg?fit=880%2C440&ssl=1&resize=350%2C200","width":350,"height":200,"srcset":"https:\/\/i0.wp.com\/lahoradelcampo.com.uy\/site\/wp-content\/uploads\/2022\/07\/Criollos-Enduro.jpg?fit=880%2C440&ssl=1&resize=350%2C200 1x, https:\/\/i0.wp.com\/lahoradelcampo.com.uy\/site\/wp-content\/uploads\/2022\/07\/Criollos-Enduro.jpg?fit=880%2C440&ssl=1&resize=525%2C300 1.5x, https:\/\/i0.wp.com\/lahoradelcampo.com.uy\/site\/wp-content\/uploads\/2022\/07\/Criollos-Enduro.jpg?fit=880%2C440&ssl=1&resize=700%2C400 2x"},"classes":[]},{"id":56014,"url":"https:\/\/lahoradelcampo.com.uy\/site\/las-cabanas-saltenas-siguen-marcando-el-ritmo-del-campeonato-de-marchitas\/","url_meta":{"origin":53678,"position":5},"title":"Las caba\u00f1as salte\u00f1as siguen marcando el ritmo del campeonato de marchitas","author":"La Hora del Campo","date":"28 abril, 2025","format":false,"excerpt":"La Sociedad de Criadores de Caballos Criollos del Uruguay y la Agremiaci\u00f3n de Criadores de Caballos Criollos de Salto concluyeron este fin de semana una intensa jornada de tres d\u00edas de actividad con la culminaci\u00f3n de la segunda etapa del Campeonato nacional de Marchitas y el desarrollo de la primera\u2026","rel":"","context":"En \u00abActualidad\u00bb","block_context":{"text":"Actualidad","link":"https:\/\/lahoradelcampo.com.uy\/site\/category\/actualidad\/"},"img":{"alt_text":"","src":"https:\/\/i0.wp.com\/lahoradelcampo.com.uy\/site\/wp-content\/uploads\/2025\/04\/caballlos-criollos.jpg?fit=880%2C440&ssl=1&resize=350%2C200","width":350,"height":200,"srcset":"https:\/\/i0.wp.com\/lahoradelcampo.com.uy\/site\/wp-content\/uploads\/2025\/04\/caballlos-criollos.jpg?fit=880%2C440&ssl=1&resize=350%2C200 1x, https:\/\/i0.wp.com\/lahoradelcampo.com.uy\/site\/wp-content\/uploads\/2025\/04\/caballlos-criollos.jpg?fit=880%2C440&ssl=1&resize=525%2C300 1.5x, https:\/\/i0.wp.com\/lahoradelcampo.com.uy\/site\/wp-content\/uploads\/2025\/04\/caballlos-criollos.jpg?fit=880%2C440&ssl=1&resize=700%2C400 2x"},"classes":[]}],"jetpack_likes_enabled":true,"_links":{"self":[{"href":"https:\/\/lahoradelcampo.com.uy\/site\/wp-json\/wp\/v2\/posts\/53678","targetHints":{"allow":["GET"]}}],"collection":[{"href":"https:\/\/lahoradelcampo.com.uy\/site\/wp-json\/wp\/v2\/posts"}],"about":[{"href":"https:\/\/lahoradelcampo.com.uy\/site\/wp-json\/wp\/v2\/types\/post"}],"author":[{"embeddable":true,"href":"https:\/\/lahoradelcampo.com.uy\/site\/wp-json\/wp\/v2\/users\/5"}],"replies":[{"embeddable":true,"href":"https:\/\/lahoradelcampo.com.uy\/site\/wp-json\/wp\/v2\/comments?post=53678"}],"version-history":[{"count":1,"href":"https:\/\/lahoradelcampo.com.uy\/site\/wp-json\/wp\/v2\/posts\/53678\/revisions"}],"predecessor-version":[{"id":53680,"href":"https:\/\/lahoradelcampo.com.uy\/site\/wp-json\/wp\/v2\/posts\/53678\/revisions\/53680"}],"wp:featuredmedia":[{"embeddable":true,"href":"https:\/\/lahoradelcampo.com.uy\/site\/wp-json\/wp\/v2\/media\/53679"}],"wp:attachment":[{"href":"https:\/\/lahoradelcampo.com.uy\/site\/wp-json\/wp\/v2\/media?parent=53678"}],"wp:term":[{"taxonomy":"category","embeddable":true,"href":"https:\/\/lahoradelcampo.com.uy\/site\/wp-json\/wp\/v2\/categories?post=53678"},{"taxonomy":"post_tag","embeddable":true,"href":"https:\/\/lahoradelcampo.com.uy\/site\/wp-json\/wp\/v2\/tags?post=53678"}],"curies":[{"name":"wp","href":"https:\/\/api.w.org\/{rel}","templated":true}]}}