{"id":53672,"date":"2024-04-02T08:01:00","date_gmt":"2024-04-02T11:01:00","guid":{"rendered":"http:\/\/lahoradelcampo.com.uy\/site\/?p=53672"},"modified":"2024-03-31T21:04:56","modified_gmt":"2024-04-01T00:04:56","slug":"exante-preve-un-repunte-en-la-economia-del-sector-agricola","status":"publish","type":"post","link":"https:\/\/lahoradelcampo.com.uy\/site\/exante-preve-un-repunte-en-la-economia-del-sector-agricola\/","title":{"rendered":"Exante prev\u00e9 un repunte en la econom\u00eda del sector agr\u00edcola"},"content":{"rendered":"\n<figure class=\"wp-block-image size-full\"><a href=\"https:\/\/i0.wp.com\/lahoradelcampo.com.uy\/site\/wp-content\/uploads\/2024\/03\/Exante-expoactiva.jpg\"><img data-recalc-dims=\"1\" loading=\"lazy\" decoding=\"async\" width=\"810\" height=\"405\" data-attachment-id=\"53673\" data-permalink=\"https:\/\/lahoradelcampo.com.uy\/site\/exante-preve-un-repunte-en-la-economia-del-sector-agricola\/exante-expoactiva\/\" data-orig-file=\"https:\/\/i0.wp.com\/lahoradelcampo.com.uy\/site\/wp-content\/uploads\/2024\/03\/Exante-expoactiva.jpg?fit=880%2C440&amp;ssl=1\" data-orig-size=\"880,440\" data-comments-opened=\"1\" data-image-meta=\"{&quot;aperture&quot;:&quot;0&quot;,&quot;credit&quot;:&quot;&quot;,&quot;camera&quot;:&quot;&quot;,&quot;caption&quot;:&quot;&quot;,&quot;created_timestamp&quot;:&quot;0&quot;,&quot;copyright&quot;:&quot;&quot;,&quot;focal_length&quot;:&quot;0&quot;,&quot;iso&quot;:&quot;0&quot;,&quot;shutter_speed&quot;:&quot;0&quot;,&quot;title&quot;:&quot;&quot;,&quot;orientation&quot;:&quot;1&quot;}\" data-image-title=\"Exante-expoactiva\" data-image-description=\"\" data-image-caption=\"\" data-large-file=\"https:\/\/i0.wp.com\/lahoradelcampo.com.uy\/site\/wp-content\/uploads\/2024\/03\/Exante-expoactiva.jpg?fit=810%2C405&amp;ssl=1\" src=\"https:\/\/i0.wp.com\/lahoradelcampo.com.uy\/site\/wp-content\/uploads\/2024\/03\/Exante-expoactiva.jpg?resize=810%2C405\" alt=\"\" class=\"wp-image-53673\" srcset=\"https:\/\/i0.wp.com\/lahoradelcampo.com.uy\/site\/wp-content\/uploads\/2024\/03\/Exante-expoactiva.jpg?w=880&amp;ssl=1 880w, https:\/\/i0.wp.com\/lahoradelcampo.com.uy\/site\/wp-content\/uploads\/2024\/03\/Exante-expoactiva.jpg?resize=300%2C150&amp;ssl=1 300w, https:\/\/i0.wp.com\/lahoradelcampo.com.uy\/site\/wp-content\/uploads\/2024\/03\/Exante-expoactiva.jpg?resize=768%2C384&amp;ssl=1 768w, https:\/\/i0.wp.com\/lahoradelcampo.com.uy\/site\/wp-content\/uploads\/2024\/03\/Exante-expoactiva.jpg?resize=820%2C410&amp;ssl=1 820w\" sizes=\"auto, (max-width: 810px) 100vw, 810px\" \/><\/a><\/figure>\n\n\n\n<p>Los expertos de la consultora Exante, Florencia Carriquiry y Pablo Rosselli, ofrecieron su visi\u00f3n sobre el panorama econ\u00f3mico global y sus implicaciones para el sector agropecuario en Uruguay durante su participaci\u00f3n en Expoactiva. <\/p>\n\n\n\n<p>En el marco de la presentaci\u00f3n explicaron que el proceso de desinflaci\u00f3n a nivel mundial ha sido exitoso, lo que ha disminuido los riesgos de escenarios econ\u00f3micos adversos. Sin embargo, el contexto global presenta desaf\u00edos para Uruguay, con un d\u00f3lar fuerte, tasas elevadas y un crecimiento modesto en China, lo que ha llevado a una disminuci\u00f3n significativa en los precios de los commodities.<\/p>\n\n\n\n<p>Adem\u00e1s, la oferta mundial en ciertos rubros, como la soja, est\u00e1 siendo abundante, lo que hace poco probable un repunte significativo en los precios este a\u00f1o, a pesar de una demanda menos din\u00e1mica.<br>La depreciaci\u00f3n de las materias primas coincide con una marcada apreciaci\u00f3n de la moneda nacional, lo que ejerce presi\u00f3n sobre la rentabilidad de las exportaciones agropecuarias.<\/p>\n\n\n\n<p>La sequ\u00eda experimentada en 2023 represent\u00f3 un desaf\u00edo considerable para el sector agropecuario, aunque ocurri\u00f3 despu\u00e9s de dos a\u00f1os muy positivos. El ejercicio 2022 fue testigo de un crecimiento s\u00f3lido y generalizado en la facturaci\u00f3n de las empresas de agronegocios, impulsado por una producci\u00f3n din\u00e1mica y precios r\u00e9cord en varios rubros.<\/p>\n\n\n\n<p>A pesar del aumento de los costos en un contexto de apreciaci\u00f3n del peso, la mayor\u00eda de las empresas de agronegocios enfrentaron el impacto de la sequ\u00eda despu\u00e9s de dos a\u00f1os de mejora en la rentabilidad, manteniendo niveles de endeudamiento saludables en 2022.<\/p>\n\n\n\n<p>Se proyecta un a\u00f1o de recuperaci\u00f3n para el sector en el ejercicio 23\/24. En el caso de la agricultura de secano, a pesar de la disminuci\u00f3n de los precios, los buenos rendimientos y la reducci\u00f3n de costos permitieron m\u00e1rgenes m\u00e1s favorables en los cereales de invierno, aunque no en la colza.<\/p>\n\n\n\n<p>Adem\u00e1s, se esperan buenas productividades en la campa\u00f1a de soja, tras los desaf\u00edos enfrentados en el verano 2022\/2023. Con una expansi\u00f3n del \u00e1rea sembrada, se estima que la cosecha de soja podr\u00eda alcanzar los 3,5 millones de toneladas este a\u00f1o.<\/p>\n\n\n\n<p>A pesar de los precios significativamente menores, se anticipa una mejora considerable en el margen promedio por hect\u00e1rea en el cultivo de soja, en comparaci\u00f3n con las p\u00e9rdidas sufridas en el ciclo anterior, aunque este incremento podr\u00eda ser limitado en t\u00e9rminos relativos.<\/p>\n\n\n\n<p><strong>Ganader\u00eda<\/strong><\/p>\n\n\n\n<p>En la ganader\u00eda, se observa un repunte en la faena bovina en los \u00faltimos meses, impulsado por una ligera recuperaci\u00f3n en la demanda y una oferta abundante de ganado gordo. A pesar de ello, los precios contin\u00faan por debajo de los niveles de a\u00f1os anteriores, lo que afecta los m\u00e1rgenes de rentabilidad.<br>El aumento en los valores del ganado de reposici\u00f3n beneficia a la cr\u00eda, pero ejerce presi\u00f3n sobre los m\u00e1rgenes de los invernadores. Con la disminuci\u00f3n del stock de cr\u00eda y la reducci\u00f3n en la cantidad de terneros este a\u00f1o, aumentar la faena por encima de los 2,3 millones de cabezas representa un desaf\u00edo para la cadena c\u00e1rnica.<\/p>\n\n\n\n<p><strong>Lecher\u00eda<\/strong><\/p>\n\n\n\n<p>En el sector l\u00e1cteo, la remisi\u00f3n de leche a las plantas industriales se vio inicialmente afectada por la sequ\u00eda, pero ha recuperado su crecimiento r\u00e1pidamente. Sin embargo, los precios de exportaci\u00f3n en declive han provocado una marcada disminuci\u00f3n en el precio pagado al productor al inicio del ejercicio 2023\/24. A pesar de la mayor producci\u00f3n y la moderaci\u00f3n de los costos, el fuerte descenso en el precio de la leche contrarresta los beneficios, resultando en una estabilidad relativa de los m\u00e1rgenes en los tambos.<\/p>\n\n\n\n<p><strong>Endeudamiento y morosidad<\/strong><\/p>\n\n\n\n<p>El endeudamiento bancario en el sector agropecuario ha aumentado significativamente desde principios de 2022, aunque la morosidad se mantiene en niveles bajos. Aunque el endeudamiento ha crecido en general en los \u00faltimos a\u00f1os, la morosidad en los cr\u00e9ditos bancarios sigue siendo relativamente baja en todos los rubros, aunque se han observado aumentos moderados en el cultivo de soja y en la lecher\u00eda en los \u00faltimos tiempos.<\/p>\n\n\n\n<p>Salto, 2 de abril de 2024<\/p>\n","protected":false},"excerpt":{"rendered":"<p>Los expertos de la consultora Exante, Florencia Carriquiry y Pablo Rosselli, ofrecieron su visi\u00f3n sobre el panorama econ\u00f3mico global y sus implicaciones para el sector agropecuario en Uruguay durante su [&hellip;]<\/p>\n","protected":false},"author":5,"featured_media":53673,"comment_status":"open","ping_status":"open","sticky":false,"template":"","format":"standard","meta":{"_price":"","_stock":"","_tribe_ticket_header":"","_tribe_default_ticket_provider":"","_tribe_ticket_capacity":"0","_ticket_start_date":"","_ticket_end_date":"","_tribe_ticket_show_description":"","_tribe_ticket_show_not_going":false,"_tribe_ticket_use_global_stock":"","_tribe_ticket_global_stock_level":"","_global_stock_mode":"","_global_stock_cap":"","_tribe_rsvp_for_event":"","_tribe_ticket_going_count":"","_tribe_ticket_not_going_count":"","_tribe_tickets_list":"[]","_tribe_ticket_has_attendee_info_fields":false,"h5ap_radio_sources":[],"_jetpack_newsletter_access":"","_jetpack_dont_email_post_to_subs":false,"_jetpack_newsletter_tier_id":0,"_jetpack_memberships_contains_paywalled_content":false,"_jetpack_memberships_contains_paid_content":false,"footnotes":""},"categories":[21,5],"tags":[],"class_list":["post-53672","post","type-post","status-publish","format-standard","has-post-thumbnail","hentry","category-actualidad","category-ganaderia"],"jetpack_featured_media_url":"https:\/\/i0.wp.com\/lahoradelcampo.com.uy\/site\/wp-content\/uploads\/2024\/03\/Exante-expoactiva.jpg?fit=880%2C440&ssl=1","jetpack_sharing_enabled":true,"jetpack_shortlink":"https:\/\/wp.me\/p99IaT-dXG","jetpack-related-posts":[{"id":34021,"url":"https:\/\/lahoradelcampo.com.uy\/site\/la-carne-bovina-uno-de-los-grandes-ganadores-en-un-acuerdo-uruguay-china\/","url_meta":{"origin":53672,"position":0},"title":"La carne bovina, uno de los grandes ganadores en un acuerdo Uruguay-China","author":"La Hora del Campo","date":"13 septiembre, 2021","format":false,"excerpt":"Hace pocos d\u00edas el Presidente de la Rep\u00fablica, Dr. Luis Lacalle Pou, anunci\u00f3 el inicio de un camino hacia un posible Tratado de Libre Comercio (TLC) con China, actualmente su principal socio comercial y donde nuestro pa\u00eds deja en las aduanas del gigante asi\u00e1tico un importe muy alto en d\u00f3lares\u2026","rel":"","context":"En \u00abActualidad\u00bb","block_context":{"text":"Actualidad","link":"https:\/\/lahoradelcampo.com.uy\/site\/category\/actualidad\/"},"img":{"alt_text":"","src":"https:\/\/i0.wp.com\/lahoradelcampo.com.uy\/site\/wp-content\/uploads\/2021\/09\/CED-CHINA.jpg?fit=880%2C440&ssl=1&resize=350%2C200","width":350,"height":200,"srcset":"https:\/\/i0.wp.com\/lahoradelcampo.com.uy\/site\/wp-content\/uploads\/2021\/09\/CED-CHINA.jpg?fit=880%2C440&ssl=1&resize=350%2C200 1x, https:\/\/i0.wp.com\/lahoradelcampo.com.uy\/site\/wp-content\/uploads\/2021\/09\/CED-CHINA.jpg?fit=880%2C440&ssl=1&resize=525%2C300 1.5x, https:\/\/i0.wp.com\/lahoradelcampo.com.uy\/site\/wp-content\/uploads\/2021\/09\/CED-CHINA.jpg?fit=880%2C440&ssl=1&resize=700%2C400 2x"},"classes":[]},{"id":50164,"url":"https:\/\/lahoradelcampo.com.uy\/site\/exportaciones-de-ganado-en-pie-cayeron-un-70-durante-2022\/","url_meta":{"origin":53672,"position":1},"title":"Exportaciones de ganado en pie cayeron un 70% durante 2022","author":"La Hora del Campo","date":"24 abril, 2023","format":false,"excerpt":"El Instituto Nacional de Carnes (INAC) ha presentado su anuario estad\u00edstico 2022, en el cual se analizan diversos aspectos del sector c\u00e1rnico en el mercado interno y externo. Uno de los puntos que se destacan en el informe es la exportaci\u00f3n de ganado en pie, la cual ha presentado una\u2026","rel":"","context":"En \u00abActualidad\u00bb","block_context":{"text":"Actualidad","link":"https:\/\/lahoradelcampo.com.uy\/site\/category\/actualidad\/"},"img":{"alt_text":"","src":"https:\/\/i0.wp.com\/lahoradelcampo.com.uy\/site\/wp-content\/uploads\/2023\/04\/INAC-Exportacionenpie.jpg?fit=880%2C440&ssl=1&resize=350%2C200","width":350,"height":200,"srcset":"https:\/\/i0.wp.com\/lahoradelcampo.com.uy\/site\/wp-content\/uploads\/2023\/04\/INAC-Exportacionenpie.jpg?fit=880%2C440&ssl=1&resize=350%2C200 1x, https:\/\/i0.wp.com\/lahoradelcampo.com.uy\/site\/wp-content\/uploads\/2023\/04\/INAC-Exportacionenpie.jpg?fit=880%2C440&ssl=1&resize=525%2C300 1.5x, https:\/\/i0.wp.com\/lahoradelcampo.com.uy\/site\/wp-content\/uploads\/2023\/04\/INAC-Exportacionenpie.jpg?fit=880%2C440&ssl=1&resize=700%2C400 2x"},"classes":[]},{"id":53184,"url":"https:\/\/lahoradelcampo.com.uy\/site\/el-2024-sera-un-ano-mejor-pero-tampoco-parar-tirar-manteca-al-techo\/","url_meta":{"origin":53672,"position":2},"title":"El 2024 \u00abser\u00e1 un a\u00f1o mejor\u00bb, pero tampoco \u00abparar tirar manteca al techo\u00bb","author":"La Hora del Campo","date":"22 noviembre, 2023","format":false,"excerpt":"El economista Ignacio Munyo, CEO del Centro de Estudios de la Realidad Econ\u00f3mica y Social (CERES), participo en Sarand\u00ed Grande de la inauguraci\u00f3n de un centro log\u00edstico y en di\u00e1logo con el colega \u00c1lvaro Aguiar de Radio Durazno, analiz\u00f3 la situaci\u00f3n actual del pa\u00eds. En ese an\u00e1lisis indic\u00f3 que 2023\u2026","rel":"","context":"En \u00abActualidad\u00bb","block_context":{"text":"Actualidad","link":"https:\/\/lahoradelcampo.com.uy\/site\/category\/actualidad\/"},"img":{"alt_text":"","src":"https:\/\/i0.wp.com\/lahoradelcampo.com.uy\/site\/wp-content\/uploads\/2023\/11\/Ignacio-Munyo.jpg?fit=880%2C440&ssl=1&resize=350%2C200","width":350,"height":200,"srcset":"https:\/\/i0.wp.com\/lahoradelcampo.com.uy\/site\/wp-content\/uploads\/2023\/11\/Ignacio-Munyo.jpg?fit=880%2C440&ssl=1&resize=350%2C200 1x, https:\/\/i0.wp.com\/lahoradelcampo.com.uy\/site\/wp-content\/uploads\/2023\/11\/Ignacio-Munyo.jpg?fit=880%2C440&ssl=1&resize=525%2C300 1.5x, https:\/\/i0.wp.com\/lahoradelcampo.com.uy\/site\/wp-content\/uploads\/2023\/11\/Ignacio-Munyo.jpg?fit=880%2C440&ssl=1&resize=700%2C400 2x"},"classes":[]},{"id":40505,"url":"https:\/\/lahoradelcampo.com.uy\/site\/mitloehner-destaco-el-potencial-de-uruguay-ante-la-neutralidad-climatica\/","url_meta":{"origin":53672,"position":3},"title":"Mitloehner destac\u00f3 el potencial de Uruguay ante  la neutralidad clim\u00e1tica","author":"La Hora del Campo","date":"1 abril, 2022","format":false,"excerpt":"Autoridades de gobierno ,representantes de gremiales y t\u00e9cnicos estuvieron presentes. Se destac\u00f3 en el auditorio el ministro de Ganader\u00eda Fernando Mattos, el Presidente de INAC Conrado Ferber, el Presidente de ARU Gonzalo Vald\u00e9z, as\u00ed como el secretario de Presidencia de la Rep\u00fablica \u00c1lvaro Delgado que estuvo en el inicio de\u2026","rel":"","context":"En \u00abActualidad\u00bb","block_context":{"text":"Actualidad","link":"https:\/\/lahoradelcampo.com.uy\/site\/category\/actualidad\/"},"img":{"alt_text":"","src":"https:\/\/i0.wp.com\/lahoradelcampo.com.uy\/site\/wp-content\/uploads\/2022\/04\/INAC-Mitloehner1.jpg?fit=880%2C440&ssl=1&resize=350%2C200","width":350,"height":200,"srcset":"https:\/\/i0.wp.com\/lahoradelcampo.com.uy\/site\/wp-content\/uploads\/2022\/04\/INAC-Mitloehner1.jpg?fit=880%2C440&ssl=1&resize=350%2C200 1x, https:\/\/i0.wp.com\/lahoradelcampo.com.uy\/site\/wp-content\/uploads\/2022\/04\/INAC-Mitloehner1.jpg?fit=880%2C440&ssl=1&resize=525%2C300 1.5x, https:\/\/i0.wp.com\/lahoradelcampo.com.uy\/site\/wp-content\/uploads\/2022\/04\/INAC-Mitloehner1.jpg?fit=880%2C440&ssl=1&resize=700%2C400 2x"},"classes":[]},{"id":17750,"url":"https:\/\/lahoradelcampo.com.uy\/site\/el-pais-productivo-es-el-petroleo-del-uruguay\/","url_meta":{"origin":53672,"position":4},"title":"\u201cEl pa\u00eds productivo es el petr\u00f3leo del Uruguay\u201d","author":"La Hora del Campo","date":"3 marzo, 2020","format":false,"excerpt":"\u201cEl pa\u00eds productivo es el petr\u00f3leo del Uruguay\u201d, defini\u00f3 Carlos Mar\u00eda Uriarte en su oratoria en el acto en que asumi\u00f3 como ministro de Ganader\u00eda, Agricultura y Pesca, En la oportunidad, deline\u00f3 las estrategias internas y externas de la cartera en el per\u00edodo 2020-2025, con \u00e9nfasis en que los representantes\u2026","rel":"","context":"En \u00abActualidad\u00bb","block_context":{"text":"Actualidad","link":"https:\/\/lahoradelcampo.com.uy\/site\/category\/actualidad\/"},"img":{"alt_text":"","src":"https:\/\/i0.wp.com\/lahoradelcampo.com.uy\/site\/wp-content\/uploads\/2020\/03\/mgap-uriarte.jpg?fit=880%2C440&ssl=1&resize=350%2C200","width":350,"height":200,"srcset":"https:\/\/i0.wp.com\/lahoradelcampo.com.uy\/site\/wp-content\/uploads\/2020\/03\/mgap-uriarte.jpg?fit=880%2C440&ssl=1&resize=350%2C200 1x, https:\/\/i0.wp.com\/lahoradelcampo.com.uy\/site\/wp-content\/uploads\/2020\/03\/mgap-uriarte.jpg?fit=880%2C440&ssl=1&resize=525%2C300 1.5x, https:\/\/i0.wp.com\/lahoradelcampo.com.uy\/site\/wp-content\/uploads\/2020\/03\/mgap-uriarte.jpg?fit=880%2C440&ssl=1&resize=700%2C400 2x"},"classes":[]},{"id":12069,"url":"https:\/\/lahoradelcampo.com.uy\/site\/banco-mundial-organizo-evento-sobre-sistemas-alimentarios-en-uruguay\/","url_meta":{"origin":53672,"position":5},"title":"Banco Mundial organiz\u00f3 evento  sobre sistemas alimentarios en Uruguay","author":"La Hora del Campo","date":"22 junio, 2019","format":false,"excerpt":"Desde el jueves 20 al viernes 21 de junio se desarroll\u00f3 una actividad en Montevideo organizada por el Banco Mundial sobre el futuro de los sistemas alimentarios en Uruguay: \u201cConciencia agropecuaria, capital humano y tecnolog\u00eda verde\u201d. El Ministro (i) del MGAP Alberto Castelar particip\u00f3 en la apertura de la actividad\u2026","rel":"","context":"En \u00abActualidad\u00bb","block_context":{"text":"Actualidad","link":"https:\/\/lahoradelcampo.com.uy\/site\/category\/actualidad\/"},"img":{"alt_text":"","src":"https:\/\/i0.wp.com\/lahoradelcampo.com.uy\/site\/wp-content\/uploads\/2019\/06\/MGAP.jpg?fit=880%2C440&ssl=1&resize=350%2C200","width":350,"height":200,"srcset":"https:\/\/i0.wp.com\/lahoradelcampo.com.uy\/site\/wp-content\/uploads\/2019\/06\/MGAP.jpg?fit=880%2C440&ssl=1&resize=350%2C200 1x, https:\/\/i0.wp.com\/lahoradelcampo.com.uy\/site\/wp-content\/uploads\/2019\/06\/MGAP.jpg?fit=880%2C440&ssl=1&resize=525%2C300 1.5x, https:\/\/i0.wp.com\/lahoradelcampo.com.uy\/site\/wp-content\/uploads\/2019\/06\/MGAP.jpg?fit=880%2C440&ssl=1&resize=700%2C400 2x"},"classes":[]}],"jetpack_likes_enabled":true,"_links":{"self":[{"href":"https:\/\/lahoradelcampo.com.uy\/site\/wp-json\/wp\/v2\/posts\/53672","targetHints":{"allow":["GET"]}}],"collection":[{"href":"https:\/\/lahoradelcampo.com.uy\/site\/wp-json\/wp\/v2\/posts"}],"about":[{"href":"https:\/\/lahoradelcampo.com.uy\/site\/wp-json\/wp\/v2\/types\/post"}],"author":[{"embeddable":true,"href":"https:\/\/lahoradelcampo.com.uy\/site\/wp-json\/wp\/v2\/users\/5"}],"replies":[{"embeddable":true,"href":"https:\/\/lahoradelcampo.com.uy\/site\/wp-json\/wp\/v2\/comments?post=53672"}],"version-history":[{"count":1,"href":"https:\/\/lahoradelcampo.com.uy\/site\/wp-json\/wp\/v2\/posts\/53672\/revisions"}],"predecessor-version":[{"id":53674,"href":"https:\/\/lahoradelcampo.com.uy\/site\/wp-json\/wp\/v2\/posts\/53672\/revisions\/53674"}],"wp:featuredmedia":[{"embeddable":true,"href":"https:\/\/lahoradelcampo.com.uy\/site\/wp-json\/wp\/v2\/media\/53673"}],"wp:attachment":[{"href":"https:\/\/lahoradelcampo.com.uy\/site\/wp-json\/wp\/v2\/media?parent=53672"}],"wp:term":[{"taxonomy":"category","embeddable":true,"href":"https:\/\/lahoradelcampo.com.uy\/site\/wp-json\/wp\/v2\/categories?post=53672"},{"taxonomy":"post_tag","embeddable":true,"href":"https:\/\/lahoradelcampo.com.uy\/site\/wp-json\/wp\/v2\/tags?post=53672"}],"curies":[{"name":"wp","href":"https:\/\/api.w.org\/{rel}","templated":true}]}}