{"id":53670,"date":"2024-04-02T08:30:00","date_gmt":"2024-04-02T11:30:00","guid":{"rendered":"http:\/\/lahoradelcampo.com.uy\/site\/?p=53670"},"modified":"2024-03-31T21:00:54","modified_gmt":"2024-04-01T00:00:54","slug":"cosecha-arrocera-en-el-norte-supera-el-50-del-area","status":"publish","type":"post","link":"https:\/\/lahoradelcampo.com.uy\/site\/cosecha-arrocera-en-el-norte-supera-el-50-del-area\/","title":{"rendered":"Cosecha arrocera en el norte supera el 50% del \u00e1rea"},"content":{"rendered":"\n<figure class=\"wp-block-image size-full\"><a href=\"https:\/\/i0.wp.com\/lahoradelcampo.com.uy\/site\/wp-content\/uploads\/2020\/03\/arroceros-4.jpg\"><img data-recalc-dims=\"1\" loading=\"lazy\" decoding=\"async\" width=\"810\" height=\"405\" data-attachment-id=\"17976\" data-permalink=\"https:\/\/lahoradelcampo.com.uy\/site\/manana-el-presidente-de-la-republica-inaugura-la-zafra-arrocera-2020\/arroceros-4-2\/\" data-orig-file=\"https:\/\/i0.wp.com\/lahoradelcampo.com.uy\/site\/wp-content\/uploads\/2020\/03\/arroceros-4.jpg?fit=880%2C440&amp;ssl=1\" data-orig-size=\"880,440\" data-comments-opened=\"1\" data-image-meta=\"{&quot;aperture&quot;:&quot;0&quot;,&quot;credit&quot;:&quot;&quot;,&quot;camera&quot;:&quot;&quot;,&quot;caption&quot;:&quot;&quot;,&quot;created_timestamp&quot;:&quot;0&quot;,&quot;copyright&quot;:&quot;&quot;,&quot;focal_length&quot;:&quot;0&quot;,&quot;iso&quot;:&quot;0&quot;,&quot;shutter_speed&quot;:&quot;0&quot;,&quot;title&quot;:&quot;&quot;,&quot;orientation&quot;:&quot;1&quot;}\" data-image-title=\"arroceros 4\" data-image-description=\"\" data-image-caption=\"\" data-large-file=\"https:\/\/i0.wp.com\/lahoradelcampo.com.uy\/site\/wp-content\/uploads\/2020\/03\/arroceros-4.jpg?fit=810%2C405&amp;ssl=1\" src=\"https:\/\/i0.wp.com\/lahoradelcampo.com.uy\/site\/wp-content\/uploads\/2020\/03\/arroceros-4.jpg?resize=810%2C405\" alt=\"\" class=\"wp-image-17976\" srcset=\"https:\/\/i0.wp.com\/lahoradelcampo.com.uy\/site\/wp-content\/uploads\/2020\/03\/arroceros-4.jpg?w=880&amp;ssl=1 880w, https:\/\/i0.wp.com\/lahoradelcampo.com.uy\/site\/wp-content\/uploads\/2020\/03\/arroceros-4.jpg?resize=300%2C150&amp;ssl=1 300w, https:\/\/i0.wp.com\/lahoradelcampo.com.uy\/site\/wp-content\/uploads\/2020\/03\/arroceros-4.jpg?resize=768%2C384&amp;ssl=1 768w, https:\/\/i0.wp.com\/lahoradelcampo.com.uy\/site\/wp-content\/uploads\/2020\/03\/arroceros-4.jpg?resize=820%2C410&amp;ssl=1 820w\" sizes=\"auto, (max-width: 810px) 100vw, 810px\" \/><\/a><\/figure>\n\n\n\n<p>La cosecha arrocera llega al 25% a nivel nacional, con el norte promediando su \u00e1rea, pero en el este debido a las precipitaciones los trabajos vienen atrasados. De acuerdo con los datos informados por el vicepresidente de la Asociaci\u00f3n de Cultivadores de Arroz (ACA), Guillermo O&#8217;brien, en el norte \u00abestamos levemente por encima del 50% de \u00e1rea ya cosechada, pero a nivel pa\u00eds ten\u00e9s un promedio de 25% sobre las 150.000 hect\u00e1reas, y donde notoriamente est\u00e1 m\u00e1s bajo es en el Este con 18% cosechado y la zona centro con 25%\u00bb.<\/p>\n\n\n\n<p>En el caso de los rendimientos, el arrocero se\u00f1al\u00f3 que en el norte del pa\u00eds se tienen \u00abrindes entre los 8.500 y 9.000 kilos por hect\u00e1rea. Es un rendimiento bueno, venimos de a\u00f1os excepcionales y si en la siembra, frente a un a\u00f1o de \u00abEl Ni\u00f1o\u00bb, nos hablaban de poder cerrar estos rendimientos, creo que en general cada uno en su medida estar\u00eda satisfecho en cuanto a este rinde\u00bb.<\/p>\n\n\n\n<p>Las inundaciones en la zona este del pa\u00eds, \u00abdonde se concentra la mayor \u00e1rea\u00bb del cultivo a nivel pa\u00eds, determin\u00f3 varios d\u00edas sin tareas de cosecha, pero \u00aben general no se ocasionaron perdidas de chacras por las inundaciones\u00bb, en el caso de los \u00abvientos fuertes\u00bb se detect\u00f3 la ca\u00edda de algunos cultivos que genera \u00abalgunas p\u00e9rdidas de kilos por desgrane\u00bb.<\/p>\n\n\n\n<p>Respecto a las cosechas en el norte, y el potencial esperado para el \u00e1rea restante, O&#8217;brien dijo que \u00aben l\u00edneas generales son chacras de siembras de fin de octubre y noviembre. Que se las ve muy bien, se las ve cargadas de granos\u00bb, esta realidad se debe principalmente al tiempo registrado en el mes de febrero, que \u00abfue pr\u00e1cticamente mejor que enero desde el punto de vista de luminosidad y temperatura, con lo cual tienen una buena carga de arroz\u00bb.<\/p>\n\n\n\n<p>El arrocero indic\u00f3 que el clima es un jugador muy importante de aqu\u00ed en m\u00e1s, principalmente en las \u00abcosechas que van a terminar siendo en abril adentro\u00bb.<\/p>\n\n\n\n<p>A diferencia de las \u00faltimas zafras, donde el clima seco en la cosecha fue un factor favorable, este a\u00f1o \u00abse est\u00e1 cosechando con humedades relativamente altas. Entonces los embudos son en los recibos, en los en los secadores, y eso hace que a veces empiece haber una mayor lentitud en los recibos\u00bb indic\u00f3 O&#8217;brien.<\/p>\n\n\n\n<p>Sin embargo, se\u00f1al\u00f3 que \u00ablos que estamos hace a\u00f1os en esto conocemos estos problemas y lo que termina jugando en la media de producci\u00f3n de cada uno es cuando se cosecha la \u00faltima hect\u00e1rea\u00bb.<\/p>\n\n\n\n<p>Salto, 2 de abril de 2024<\/p>\n","protected":false},"excerpt":{"rendered":"<p>La cosecha arrocera llega al 25% a nivel nacional, con el norte promediando su \u00e1rea, pero en el este debido a las precipitaciones los trabajos vienen atrasados. De acuerdo con [&hellip;]<\/p>\n","protected":false},"author":5,"featured_media":17976,"comment_status":"open","ping_status":"open","sticky":false,"template":"","format":"standard","meta":{"_price":"","_stock":"","_tribe_ticket_header":"","_tribe_default_ticket_provider":"","_tribe_ticket_capacity":"0","_ticket_start_date":"","_ticket_end_date":"","_tribe_ticket_show_description":"","_tribe_ticket_show_not_going":false,"_tribe_ticket_use_global_stock":"","_tribe_ticket_global_stock_level":"","_global_stock_mode":"","_global_stock_cap":"","_tribe_rsvp_for_event":"","_tribe_ticket_going_count":"","_tribe_ticket_not_going_count":"","_tribe_tickets_list":"[]","_tribe_ticket_has_attendee_info_fields":false,"h5ap_radio_sources":[],"_jetpack_newsletter_access":"","_jetpack_dont_email_post_to_subs":false,"_jetpack_newsletter_tier_id":0,"_jetpack_memberships_contains_paywalled_content":false,"_jetpack_memberships_contains_paid_content":false,"footnotes":""},"categories":[21,7],"tags":[],"class_list":["post-53670","post","type-post","status-publish","format-standard","has-post-thumbnail","hentry","category-actualidad","category-agricultura"],"jetpack_featured_media_url":"https:\/\/i0.wp.com\/lahoradelcampo.com.uy\/site\/wp-content\/uploads\/2020\/03\/arroceros-4.jpg?fit=880%2C440&ssl=1","jetpack_sharing_enabled":true,"jetpack_shortlink":"https:\/\/wp.me\/p99IaT-dXE","jetpack-related-posts":[{"id":56068,"url":"https:\/\/lahoradelcampo.com.uy\/site\/cosecha-arrocera-llega-al-86-del-area-en-el-pais\/","url_meta":{"origin":53670,"position":0},"title":"Cosecha arrocera llega al 86% del \u00e1rea en el pa\u00eds","author":"La Hora del Campo","date":"5 mayo, 2025","format":false,"excerpt":"La cosecha de arroz avanza a paso firme, alcanzando un promedio del 86% de la superficie total sembrada para la zafra 2024\/25. Con un \u00e1rea cultivada que totaliz\u00f3 182.874 hect\u00e1reas, el pa\u00eds se encamina hacia la finalizaci\u00f3n de las labores de recolecci\u00f3n. El progreso de la cosecha muestra que la\u2026","rel":"","context":"En \u00abActualidad\u00bb","block_context":{"text":"Actualidad","link":"https:\/\/lahoradelcampo.com.uy\/site\/category\/actualidad\/"},"img":{"alt_text":"","src":"https:\/\/i0.wp.com\/lahoradelcampo.com.uy\/site\/wp-content\/uploads\/2025\/05\/arroz-cosecha.jpg?fit=880%2C440&ssl=1&resize=350%2C200","width":350,"height":200,"srcset":"https:\/\/i0.wp.com\/lahoradelcampo.com.uy\/site\/wp-content\/uploads\/2025\/05\/arroz-cosecha.jpg?fit=880%2C440&ssl=1&resize=350%2C200 1x, https:\/\/i0.wp.com\/lahoradelcampo.com.uy\/site\/wp-content\/uploads\/2025\/05\/arroz-cosecha.jpg?fit=880%2C440&ssl=1&resize=525%2C300 1.5x, https:\/\/i0.wp.com\/lahoradelcampo.com.uy\/site\/wp-content\/uploads\/2025\/05\/arroz-cosecha.jpg?fit=880%2C440&ssl=1&resize=700%2C400 2x"},"classes":[]},{"id":40407,"url":"https:\/\/lahoradelcampo.com.uy\/site\/cosecha-arrocera-lleva-un-38-de-avance\/","url_meta":{"origin":53670,"position":1},"title":"Cosecha arrocera lleva un 38% de avance","author":"La Hora del Campo","date":"30 marzo, 2022","format":false,"excerpt":"La cosecha de arroz est\u00e9 a\u00f1o comenz\u00f3 antes de lo previsto, debido a las condicionantes clim\u00e1ticas en el norte del pa\u00eds,\u00a0 y hasta el momento lleva un 38% de avance de un \u00e1rea total de 163.800 hect\u00e1reas, de acuerdo al \u00faltimo relevamiento realizado por la Asociaci\u00f3n de Cultivadores de Arroz\u2026","rel":"","context":"En \u00abActualidad\u00bb","block_context":{"text":"Actualidad","link":"https:\/\/lahoradelcampo.com.uy\/site\/category\/actualidad\/"},"img":{"alt_text":"","src":"https:\/\/i0.wp.com\/lahoradelcampo.com.uy\/site\/wp-content\/uploads\/2019\/04\/arroz-1.jpg?fit=880%2C440&ssl=1&resize=350%2C200","width":350,"height":200,"srcset":"https:\/\/i0.wp.com\/lahoradelcampo.com.uy\/site\/wp-content\/uploads\/2019\/04\/arroz-1.jpg?fit=880%2C440&ssl=1&resize=350%2C200 1x, https:\/\/i0.wp.com\/lahoradelcampo.com.uy\/site\/wp-content\/uploads\/2019\/04\/arroz-1.jpg?fit=880%2C440&ssl=1&resize=525%2C300 1.5x, https:\/\/i0.wp.com\/lahoradelcampo.com.uy\/site\/wp-content\/uploads\/2019\/04\/arroz-1.jpg?fit=880%2C440&ssl=1&resize=700%2C400 2x"},"classes":[]},{"id":41727,"url":"https:\/\/lahoradelcampo.com.uy\/site\/finalizo-la-cosecha-arrocera-en-el-norte\/","url_meta":{"origin":53670,"position":2},"title":"Finaliz\u00f3 la cosecha arrocera en el norte","author":"La Hora del Campo","date":"12 mayo, 2022","format":false,"excerpt":"La zona norte del pa\u00eds esta semana alcanz\u00f3 el 99% de la cosecha de arroz, seg\u00fan el relevamiento realizado semanalmente por la Asociaci\u00f3n de Cultivadores de Arroz del Uruguay (ACA). A nivel nacional de un total de 163.800 hect\u00e1reas sembradas ya se ha cosechado el 96%. El relevamiento marca que\u2026","rel":"","context":"En \u00abActualidad\u00bb","block_context":{"text":"Actualidad","link":"https:\/\/lahoradelcampo.com.uy\/site\/category\/actualidad\/"},"img":{"alt_text":"","src":"https:\/\/i0.wp.com\/lahoradelcampo.com.uy\/site\/wp-content\/uploads\/2019\/05\/arroz-2.jpg?fit=880%2C440&ssl=1&resize=350%2C200","width":350,"height":200,"srcset":"https:\/\/i0.wp.com\/lahoradelcampo.com.uy\/site\/wp-content\/uploads\/2019\/05\/arroz-2.jpg?fit=880%2C440&ssl=1&resize=350%2C200 1x, https:\/\/i0.wp.com\/lahoradelcampo.com.uy\/site\/wp-content\/uploads\/2019\/05\/arroz-2.jpg?fit=880%2C440&ssl=1&resize=525%2C300 1.5x, https:\/\/i0.wp.com\/lahoradelcampo.com.uy\/site\/wp-content\/uploads\/2019\/05\/arroz-2.jpg?fit=880%2C440&ssl=1&resize=700%2C400 2x"},"classes":[]},{"id":53713,"url":"https:\/\/lahoradelcampo.com.uy\/site\/37-de-avance-de-la-cosecha-arrocera-con-perdidas-por-eventos-climaticos\/","url_meta":{"origin":53670,"position":3},"title":"37% de avance de la cosecha arrocera, con p\u00e9rdidas por eventos clim\u00e1ticos","author":"La Hora del Campo","date":"5 abril, 2024","format":false,"excerpt":"La zafra arrocera 23-24 en Uruguay alcanz\u00f3 un 37% de los trabajos de cosecha, sobre un \u00e1rea de 148.629 hect\u00e1reas sembradas a nivel pa\u00eds. La cosecha se ha encontrado con problemas clim\u00e1ticos que han atrasado las tareas. A nivel regional, el avance de siembra var\u00eda, con el Norte liderando con\u2026","rel":"","context":"En \u00abActualidad\u00bb","block_context":{"text":"Actualidad","link":"https:\/\/lahoradelcampo.com.uy\/site\/category\/actualidad\/"},"img":{"alt_text":"","src":"https:\/\/i0.wp.com\/lahoradelcampo.com.uy\/site\/wp-content\/uploads\/2024\/04\/aca-cosecha-arroz.jpg?fit=880%2C440&ssl=1&resize=350%2C200","width":350,"height":200,"srcset":"https:\/\/i0.wp.com\/lahoradelcampo.com.uy\/site\/wp-content\/uploads\/2024\/04\/aca-cosecha-arroz.jpg?fit=880%2C440&ssl=1&resize=350%2C200 1x, https:\/\/i0.wp.com\/lahoradelcampo.com.uy\/site\/wp-content\/uploads\/2024\/04\/aca-cosecha-arroz.jpg?fit=880%2C440&ssl=1&resize=525%2C300 1.5x, https:\/\/i0.wp.com\/lahoradelcampo.com.uy\/site\/wp-content\/uploads\/2024\/04\/aca-cosecha-arroz.jpg?fit=880%2C440&ssl=1&resize=700%2C400 2x"},"classes":[]},{"id":55883,"url":"https:\/\/lahoradelcampo.com.uy\/site\/avanza-la-cosecha-arrocera-con-buen-ritmo-y-rendimientos-alentadores\/","url_meta":{"origin":53670,"position":4},"title":"Avanza la cosecha arrocera con buen ritmo y rendimientos alentadores","author":"La Hora del Campo","date":"13 abril, 2025","format":false,"excerpt":"De acuerdo con el informe elaborado por la Asociaci\u00f3n de Cultivadores de Arroz del Uruguay (ACA), la zafra arrocera 2024-2025 avanza con un 55% del \u00e1rea cosechada a nivel nacional, sobre un total sembrado de 182.874 hect\u00e1reas. La regi\u00f3n Norte lidera el ritmo con un 70% de avance, seguida por\u2026","rel":"","context":"En \u00abActualidad\u00bb","block_context":{"text":"Actualidad","link":"https:\/\/lahoradelcampo.com.uy\/site\/category\/actualidad\/"},"img":{"alt_text":"","src":"https:\/\/i0.wp.com\/lahoradelcampo.com.uy\/site\/wp-content\/uploads\/2025\/04\/Arrocero-1.jpg?fit=880%2C440&ssl=1&resize=350%2C200","width":350,"height":200,"srcset":"https:\/\/i0.wp.com\/lahoradelcampo.com.uy\/site\/wp-content\/uploads\/2025\/04\/Arrocero-1.jpg?fit=880%2C440&ssl=1&resize=350%2C200 1x, https:\/\/i0.wp.com\/lahoradelcampo.com.uy\/site\/wp-content\/uploads\/2025\/04\/Arrocero-1.jpg?fit=880%2C440&ssl=1&resize=525%2C300 1.5x, https:\/\/i0.wp.com\/lahoradelcampo.com.uy\/site\/wp-content\/uploads\/2025\/04\/Arrocero-1.jpg?fit=880%2C440&ssl=1&resize=700%2C400 2x"},"classes":[]},{"id":53445,"url":"https:\/\/lahoradelcampo.com.uy\/site\/arranco-la-cosecha-arrocera-en-el-norte-del-pais-con-180-bolsas-secas-por-hectarea-de-rinde\/","url_meta":{"origin":53670,"position":5},"title":"Arranc\u00f3 la cosecha arrocera en el norte del pa\u00eds, con 180 bolsas secas por hect\u00e1rea de rinde","author":"La Hora del Campo","date":"22 febrero, 2024","format":false,"excerpt":"Esta pasada semana comenz\u00f3 la cosecha de la zafra arrocera 2023\/24, con rendimientos de 180 bolsas secas por hect\u00e1rea, lo que augura una buena zafra, seg\u00fan los productores del norte, principalmente por el clima favorable de las \u00faltimas semanas para el cultivo. El Ing. Guillermo O'Brien, vicepresidente de la Asociaci\u00f3n\u2026","rel":"","context":"En \u00abActualidad\u00bb","block_context":{"text":"Actualidad","link":"https:\/\/lahoradelcampo.com.uy\/site\/category\/actualidad\/"},"img":{"alt_text":"","src":"https:\/\/i0.wp.com\/lahoradelcampo.com.uy\/site\/wp-content\/uploads\/2023\/04\/arroz-plantacion.jpg?fit=880%2C440&ssl=1&resize=350%2C200","width":350,"height":200,"srcset":"https:\/\/i0.wp.com\/lahoradelcampo.com.uy\/site\/wp-content\/uploads\/2023\/04\/arroz-plantacion.jpg?fit=880%2C440&ssl=1&resize=350%2C200 1x, https:\/\/i0.wp.com\/lahoradelcampo.com.uy\/site\/wp-content\/uploads\/2023\/04\/arroz-plantacion.jpg?fit=880%2C440&ssl=1&resize=525%2C300 1.5x, https:\/\/i0.wp.com\/lahoradelcampo.com.uy\/site\/wp-content\/uploads\/2023\/04\/arroz-plantacion.jpg?fit=880%2C440&ssl=1&resize=700%2C400 2x"},"classes":[]}],"jetpack_likes_enabled":true,"_links":{"self":[{"href":"https:\/\/lahoradelcampo.com.uy\/site\/wp-json\/wp\/v2\/posts\/53670","targetHints":{"allow":["GET"]}}],"collection":[{"href":"https:\/\/lahoradelcampo.com.uy\/site\/wp-json\/wp\/v2\/posts"}],"about":[{"href":"https:\/\/lahoradelcampo.com.uy\/site\/wp-json\/wp\/v2\/types\/post"}],"author":[{"embeddable":true,"href":"https:\/\/lahoradelcampo.com.uy\/site\/wp-json\/wp\/v2\/users\/5"}],"replies":[{"embeddable":true,"href":"https:\/\/lahoradelcampo.com.uy\/site\/wp-json\/wp\/v2\/comments?post=53670"}],"version-history":[{"count":1,"href":"https:\/\/lahoradelcampo.com.uy\/site\/wp-json\/wp\/v2\/posts\/53670\/revisions"}],"predecessor-version":[{"id":53671,"href":"https:\/\/lahoradelcampo.com.uy\/site\/wp-json\/wp\/v2\/posts\/53670\/revisions\/53671"}],"wp:featuredmedia":[{"embeddable":true,"href":"https:\/\/lahoradelcampo.com.uy\/site\/wp-json\/wp\/v2\/media\/17976"}],"wp:attachment":[{"href":"https:\/\/lahoradelcampo.com.uy\/site\/wp-json\/wp\/v2\/media?parent=53670"}],"wp:term":[{"taxonomy":"category","embeddable":true,"href":"https:\/\/lahoradelcampo.com.uy\/site\/wp-json\/wp\/v2\/categories?post=53670"},{"taxonomy":"post_tag","embeddable":true,"href":"https:\/\/lahoradelcampo.com.uy\/site\/wp-json\/wp\/v2\/tags?post=53670"}],"curies":[{"name":"wp","href":"https:\/\/api.w.org\/{rel}","templated":true}]}}