{"id":53666,"date":"2024-04-02T08:25:00","date_gmt":"2024-04-02T11:25:00","guid":{"rendered":"http:\/\/lahoradelcampo.com.uy\/site\/?p=53666"},"modified":"2024-03-31T20:46:03","modified_gmt":"2024-03-31T23:46:03","slug":"brasil-declara-a-21-estados-libres-de-fiebre-aftosa-sin-vacunacion","status":"publish","type":"post","link":"https:\/\/lahoradelcampo.com.uy\/site\/brasil-declara-a-21-estados-libres-de-fiebre-aftosa-sin-vacunacion\/","title":{"rendered":"Brasil declara a 21 estados libres de fiebre aftosa sin vacunaci\u00f3n"},"content":{"rendered":"\n<figure class=\"wp-block-image size-full\"><a href=\"https:\/\/i0.wp.com\/lahoradelcampo.com.uy\/site\/wp-content\/uploads\/2020\/08\/aftosabrasilweb.jpg\"><img data-recalc-dims=\"1\" loading=\"lazy\" decoding=\"async\" width=\"810\" height=\"405\" data-attachment-id=\"22642\" data-permalink=\"https:\/\/lahoradelcampo.com.uy\/site\/rs-fue-declarado-por-brasil-como-libre-de-aftosa-sin-vacunacion\/aftosabrasilweb\/\" data-orig-file=\"https:\/\/i0.wp.com\/lahoradelcampo.com.uy\/site\/wp-content\/uploads\/2020\/08\/aftosabrasilweb.jpg?fit=880%2C440&amp;ssl=1\" data-orig-size=\"880,440\" data-comments-opened=\"1\" data-image-meta=\"{&quot;aperture&quot;:&quot;0&quot;,&quot;credit&quot;:&quot;&quot;,&quot;camera&quot;:&quot;&quot;,&quot;caption&quot;:&quot;&quot;,&quot;created_timestamp&quot;:&quot;0&quot;,&quot;copyright&quot;:&quot;&quot;,&quot;focal_length&quot;:&quot;0&quot;,&quot;iso&quot;:&quot;0&quot;,&quot;shutter_speed&quot;:&quot;0&quot;,&quot;title&quot;:&quot;&quot;,&quot;orientation&quot;:&quot;1&quot;}\" data-image-title=\"aftosabrasilweb\" data-image-description=\"\" data-image-caption=\"\" data-large-file=\"https:\/\/i0.wp.com\/lahoradelcampo.com.uy\/site\/wp-content\/uploads\/2020\/08\/aftosabrasilweb.jpg?fit=810%2C405&amp;ssl=1\" src=\"https:\/\/i0.wp.com\/lahoradelcampo.com.uy\/site\/wp-content\/uploads\/2020\/08\/aftosabrasilweb.jpg?resize=810%2C405\" alt=\"\" class=\"wp-image-22642\" srcset=\"https:\/\/i0.wp.com\/lahoradelcampo.com.uy\/site\/wp-content\/uploads\/2020\/08\/aftosabrasilweb.jpg?w=880&amp;ssl=1 880w, https:\/\/i0.wp.com\/lahoradelcampo.com.uy\/site\/wp-content\/uploads\/2020\/08\/aftosabrasilweb.jpg?resize=300%2C150&amp;ssl=1 300w, https:\/\/i0.wp.com\/lahoradelcampo.com.uy\/site\/wp-content\/uploads\/2020\/08\/aftosabrasilweb.jpg?resize=768%2C384&amp;ssl=1 768w, https:\/\/i0.wp.com\/lahoradelcampo.com.uy\/site\/wp-content\/uploads\/2020\/08\/aftosabrasilweb.jpg?resize=820%2C410&amp;ssl=1 820w\" sizes=\"auto, (max-width: 810px) 100vw, 810px\" \/><\/a><\/figure>\n\n\n\n<p>El Ministerio de Agricultura y Ganader\u00eda de Brasil ha anunciado la oficializaci\u00f3n de 21 estados como libres de fiebre aftosa sin vacunaci\u00f3n. Esta medida, que incluye estados como S\u00e3o Paulo, Minas Gerais y Bah\u00eda, busca fortalecer la posici\u00f3n del pa\u00eds en el mercado internacional. <\/p>\n\n\n\n<p>La resoluci\u00f3n, publicada recientemente, proh\u00edbe la comercializaci\u00f3n de la vacuna contra la aftosa en estas regiones y restringe el movimiento de bovinos hacia \u00e1reas donde a\u00fan se realiza la vacunaci\u00f3n. La medida estar\u00e1 en vigor a partir del 2 de mayo pr\u00f3ximo y es parte del \u00abPlan Estrat\u00e9gico Nacional de Vigilancia de la Fiebre Aftosa\u00bb, que tiene como objetivo obtener el reconocimiento internacional para todo el territorio brasile\u00f1o en 2026. Este logro facilitar\u00eda el acceso a mercados exigentes como Jap\u00f3n y Corea. <\/p>\n\n\n\n<p>La \u00faltima etapa de vacunaci\u00f3n contra la fiebre aftosa en algunos estados est\u00e1 programada para abril, mientras que otros continuar\u00e1n con el proceso en mayo y noviembre.<\/p>\n\n\n\n<p>Salto, 2 de abril de 2024<\/p>\n","protected":false},"excerpt":{"rendered":"<p>El Ministerio de Agricultura y Ganader\u00eda de Brasil ha anunciado la oficializaci\u00f3n de 21 estados como libres de fiebre aftosa sin vacunaci\u00f3n. Esta medida, que incluye estados como S\u00e3o Paulo, [&hellip;]<\/p>\n","protected":false},"author":5,"featured_media":22642,"comment_status":"open","ping_status":"open","sticky":false,"template":"","format":"standard","meta":{"_price":"","_stock":"","_tribe_ticket_header":"","_tribe_default_ticket_provider":"","_tribe_ticket_capacity":"0","_ticket_start_date":"","_ticket_end_date":"","_tribe_ticket_show_description":"","_tribe_ticket_show_not_going":false,"_tribe_ticket_use_global_stock":"","_tribe_ticket_global_stock_level":"","_global_stock_mode":"","_global_stock_cap":"","_tribe_rsvp_for_event":"","_tribe_ticket_going_count":"","_tribe_ticket_not_going_count":"","_tribe_tickets_list":"[]","_tribe_ticket_has_attendee_info_fields":false,"h5ap_radio_sources":[],"_jetpack_newsletter_access":"","_jetpack_dont_email_post_to_subs":false,"_jetpack_newsletter_tier_id":0,"_jetpack_memberships_contains_paywalled_content":false,"_jetpack_memberships_contains_paid_content":false,"footnotes":""},"categories":[21,15],"tags":[],"class_list":["post-53666","post","type-post","status-publish","format-standard","has-post-thumbnail","hentry","category-actualidad","category-columnistas"],"jetpack_featured_media_url":"https:\/\/i0.wp.com\/lahoradelcampo.com.uy\/site\/wp-content\/uploads\/2020\/08\/aftosabrasilweb.jpg?fit=880%2C440&ssl=1","jetpack_sharing_enabled":true,"jetpack_shortlink":"https:\/\/wp.me\/p99IaT-dXA","jetpack-related-posts":[{"id":30580,"url":"https:\/\/lahoradelcampo.com.uy\/site\/rio-grande-del-sur-fue-reconocido-como-libre-de-aftosa-sin-vacunacion\/","url_meta":{"origin":53666,"position":0},"title":"R\u00edo Grande del Sur fue reconocido como libre de aftosa sin vacunaci\u00f3n","author":"La Hora del Campo","date":"28 mayo, 2021","format":false,"excerpt":"En la jornada de ayer, la Organizaci\u00f3n Mundial de Salud Animal (OIE) en su 88\u00aa Sesi\u00f3n General de la Asamblea Mundial de Delegados de la OIE, reconoci\u00f3 al estado de R\u00edo Grande del Sur como libre de fiebre aftosa sin vacunaci\u00f3n. Adem\u00e1s fueron reconocidos tambi\u00e9n los estados de Paran\u00e1, Acre,\u2026","rel":"","context":"En \u00abActualidad\u00bb","block_context":{"text":"Actualidad","link":"https:\/\/lahoradelcampo.com.uy\/site\/category\/actualidad\/"},"img":{"alt_text":"","src":"https:\/\/i0.wp.com\/lahoradelcampo.com.uy\/site\/wp-content\/uploads\/2021\/05\/Aftosabrasil.jpg?fit=880%2C440&ssl=1&resize=350%2C200","width":350,"height":200,"srcset":"https:\/\/i0.wp.com\/lahoradelcampo.com.uy\/site\/wp-content\/uploads\/2021\/05\/Aftosabrasil.jpg?fit=880%2C440&ssl=1&resize=350%2C200 1x, https:\/\/i0.wp.com\/lahoradelcampo.com.uy\/site\/wp-content\/uploads\/2021\/05\/Aftosabrasil.jpg?fit=880%2C440&ssl=1&resize=525%2C300 1.5x, https:\/\/i0.wp.com\/lahoradelcampo.com.uy\/site\/wp-content\/uploads\/2021\/05\/Aftosabrasil.jpg?fit=880%2C440&ssl=1&resize=700%2C400 2x"},"classes":[]},{"id":22640,"url":"https:\/\/lahoradelcampo.com.uy\/site\/rs-fue-declarado-por-brasil-como-libre-de-aftosa-sin-vacunacion\/","url_meta":{"origin":53666,"position":1},"title":"RS fue declarado por Brasil como libre de aftosa sin vacunaci\u00f3n","author":"La Hora del Campo","date":"13 agosto, 2020","format":false,"excerpt":"Los estados de Acre, Paran\u00e1, Rio Grande do Sul, Rondonia y regiones de Amazonas y Mato Grosso fueron declarados el martes como libres de aftosa sin vacunaci\u00f3n por parte de la ministra de Agricultura, Tereza Cristina. Ahora, estas regiones quedan a la espera de que la Organizaci\u00f3n Mundial de Salud\u2026","rel":"","context":"En \u00abActualidad\u00bb","block_context":{"text":"Actualidad","link":"https:\/\/lahoradelcampo.com.uy\/site\/category\/actualidad\/"},"img":{"alt_text":"","src":"https:\/\/i0.wp.com\/lahoradelcampo.com.uy\/site\/wp-content\/uploads\/2020\/08\/aftosabrasilweb.jpg?fit=880%2C440&ssl=1&resize=350%2C200","width":350,"height":200,"srcset":"https:\/\/i0.wp.com\/lahoradelcampo.com.uy\/site\/wp-content\/uploads\/2020\/08\/aftosabrasilweb.jpg?fit=880%2C440&ssl=1&resize=350%2C200 1x, https:\/\/i0.wp.com\/lahoradelcampo.com.uy\/site\/wp-content\/uploads\/2020\/08\/aftosabrasilweb.jpg?fit=880%2C440&ssl=1&resize=525%2C300 1.5x, https:\/\/i0.wp.com\/lahoradelcampo.com.uy\/site\/wp-content\/uploads\/2020\/08\/aftosabrasilweb.jpg?fit=880%2C440&ssl=1&resize=700%2C400 2x"},"classes":[]},{"id":16484,"url":"https:\/\/lahoradelcampo.com.uy\/site\/mgap-emitio-resolucion-sobre-vacunacion-contra-la-fiebre-aftosa\/","url_meta":{"origin":53666,"position":2},"title":"MGAP emiti\u00f3 resoluci\u00f3n sobre vacunaci\u00f3n contra la fiebre aftosa","author":"La Hora del Campo","date":"19 diciembre, 2019","format":false,"excerpt":"Brasil comenz\u00f3 ya su trayecto para dejar de vacunar contra la fiebre aftosa, tema que ha sido planteado en varias oportunidades y ha encontrado resistencia tanto en los productores como en las autoridades de nuestro pa\u00eds, que han decidido continuar con la vacunaci\u00f3n del rodeo nacional. En este sentido el\u2026","rel":"","context":"En \u00abActualidad\u00bb","block_context":{"text":"Actualidad","link":"https:\/\/lahoradelcampo.com.uy\/site\/category\/actualidad\/"},"img":{"alt_text":"","src":"https:\/\/i0.wp.com\/lahoradelcampo.com.uy\/site\/wp-content\/uploads\/2018\/03\/Aftosa.jpg?fit=880%2C440&ssl=1&resize=350%2C200","width":350,"height":200,"srcset":"https:\/\/i0.wp.com\/lahoradelcampo.com.uy\/site\/wp-content\/uploads\/2018\/03\/Aftosa.jpg?fit=880%2C440&ssl=1&resize=350%2C200 1x, https:\/\/i0.wp.com\/lahoradelcampo.com.uy\/site\/wp-content\/uploads\/2018\/03\/Aftosa.jpg?fit=880%2C440&ssl=1&resize=525%2C300 1.5x, https:\/\/i0.wp.com\/lahoradelcampo.com.uy\/site\/wp-content\/uploads\/2018\/03\/Aftosa.jpg?fit=880%2C440&ssl=1&resize=700%2C400 2x"},"classes":[]},{"id":33389,"url":"https:\/\/lahoradelcampo.com.uy\/site\/productores-paraguayos-se-oponen-a-dejar-de-vacunar-contra-la-fiebre-aftosa\/","url_meta":{"origin":53666,"position":3},"title":"Productores paraguayos se oponen a dejar de vacunar contra la fiebre aftosa","author":"La Hora del Campo","date":"26 agosto, 2021","format":false,"excerpt":"Los productores ganaderos guaran\u00edes no apoyan la decisi\u00f3n de dejar de vacunar contra la fiebre aftosa. Seg\u00fan manifest\u00f3 el presidente de la Asociaci\u00f3n Rural del Paraguay (ARP), Pedro Galli, \u201cun posible levantamiento de la vacunaci\u00f3n contra la fiebre aftosa en el corto plazo representar\u00e1 un aumento de costos para el\u2026","rel":"","context":"En \u00abActualidad\u00bb","block_context":{"text":"Actualidad","link":"https:\/\/lahoradelcampo.com.uy\/site\/category\/actualidad\/"},"img":{"alt_text":"","src":"https:\/\/i0.wp.com\/lahoradelcampo.com.uy\/site\/wp-content\/uploads\/2017\/09\/Aftosa-Brasil.jpg?fit=880%2C440&ssl=1&resize=350%2C200","width":350,"height":200,"srcset":"https:\/\/i0.wp.com\/lahoradelcampo.com.uy\/site\/wp-content\/uploads\/2017\/09\/Aftosa-Brasil.jpg?fit=880%2C440&ssl=1&resize=350%2C200 1x, https:\/\/i0.wp.com\/lahoradelcampo.com.uy\/site\/wp-content\/uploads\/2017\/09\/Aftosa-Brasil.jpg?fit=880%2C440&ssl=1&resize=525%2C300 1.5x, https:\/\/i0.wp.com\/lahoradelcampo.com.uy\/site\/wp-content\/uploads\/2017\/09\/Aftosa-Brasil.jpg?fit=880%2C440&ssl=1&resize=700%2C400 2x"},"classes":[]},{"id":19424,"url":"https:\/\/lahoradelcampo.com.uy\/site\/uruguay-muestrea-1-400-establecimientos-al-ano-para-fiebre-aftosa\/","url_meta":{"origin":53666,"position":4},"title":"Uruguay muestrea 1.400 establecimientos al a\u00f1o para fiebre aftosa","author":"La Hora del Campo","date":"5 mayo, 2020","format":false,"excerpt":"La Hora del Campo inform\u00f3 el pasado s\u00e1bado la resoluci\u00f3n del gobierno de Brasil, sobre la prohibici\u00f3n de la comercializaci\u00f3n y aplicaci\u00f3n de la vacuna contra la fiebre aftosa en el estado de R\u00edo Grande del Sur. En di\u00e1logo con el Dr. Eduardo Barre, Director de los Servicios Ganaderos del\u2026","rel":"","context":"En \u00abActualidad\u00bb","block_context":{"text":"Actualidad","link":"https:\/\/lahoradelcampo.com.uy\/site\/category\/actualidad\/"},"img":{"alt_text":"","src":"https:\/\/i0.wp.com\/lahoradelcampo.com.uy\/site\/wp-content\/uploads\/2017\/10\/Barre.jpg?fit=880%2C440&ssl=1&resize=350%2C200","width":350,"height":200,"srcset":"https:\/\/i0.wp.com\/lahoradelcampo.com.uy\/site\/wp-content\/uploads\/2017\/10\/Barre.jpg?fit=880%2C440&ssl=1&resize=350%2C200 1x, https:\/\/i0.wp.com\/lahoradelcampo.com.uy\/site\/wp-content\/uploads\/2017\/10\/Barre.jpg?fit=880%2C440&ssl=1&resize=525%2C300 1.5x, https:\/\/i0.wp.com\/lahoradelcampo.com.uy\/site\/wp-content\/uploads\/2017\/10\/Barre.jpg?fit=880%2C440&ssl=1&resize=700%2C400 2x"},"classes":[]},{"id":9957,"url":"https:\/\/lahoradelcampo.com.uy\/site\/fallas-en-el-plan-estrategico-ponen-en-duda-el-plan-para-dejar-de-vacunar-contra-aftosa-en-brasil\/","url_meta":{"origin":53666,"position":5},"title":"Fallas en el \u201cPlan Estrat\u00e9gico\u201d ponen en duda el plan para dejar de vacunar contra aftosa en Brasil","author":"La Hora del Campo","date":"20 abril, 2019","format":false,"excerpt":"Un documento de 83 p\u00e1ginas disponible en el sitio del Mapa (Ministerio de Agricultura, Ganader\u00eda y Abastecimiento) explica el \"Plan Estrat\u00e9gico\" del Programa Nacional de Fiebre Aftosa (Pnefa). Sin embargo, tal documento estar\u00e1 obsoleto justamente en el punto m\u00e1s importante del grandioso programa trazado por los agentes del gobierno federal:\u2026","rel":"","context":"En \u00abActualidad\u00bb","block_context":{"text":"Actualidad","link":"https:\/\/lahoradelcampo.com.uy\/site\/category\/actualidad\/"},"img":{"alt_text":"","src":"https:\/\/i0.wp.com\/lahoradelcampo.com.uy\/site\/wp-content\/uploads\/2019\/04\/vacunacion.jpg?fit=880%2C440&ssl=1&resize=350%2C200","width":350,"height":200,"srcset":"https:\/\/i0.wp.com\/lahoradelcampo.com.uy\/site\/wp-content\/uploads\/2019\/04\/vacunacion.jpg?fit=880%2C440&ssl=1&resize=350%2C200 1x, https:\/\/i0.wp.com\/lahoradelcampo.com.uy\/site\/wp-content\/uploads\/2019\/04\/vacunacion.jpg?fit=880%2C440&ssl=1&resize=525%2C300 1.5x, https:\/\/i0.wp.com\/lahoradelcampo.com.uy\/site\/wp-content\/uploads\/2019\/04\/vacunacion.jpg?fit=880%2C440&ssl=1&resize=700%2C400 2x"},"classes":[]}],"jetpack_likes_enabled":true,"_links":{"self":[{"href":"https:\/\/lahoradelcampo.com.uy\/site\/wp-json\/wp\/v2\/posts\/53666","targetHints":{"allow":["GET"]}}],"collection":[{"href":"https:\/\/lahoradelcampo.com.uy\/site\/wp-json\/wp\/v2\/posts"}],"about":[{"href":"https:\/\/lahoradelcampo.com.uy\/site\/wp-json\/wp\/v2\/types\/post"}],"author":[{"embeddable":true,"href":"https:\/\/lahoradelcampo.com.uy\/site\/wp-json\/wp\/v2\/users\/5"}],"replies":[{"embeddable":true,"href":"https:\/\/lahoradelcampo.com.uy\/site\/wp-json\/wp\/v2\/comments?post=53666"}],"version-history":[{"count":1,"href":"https:\/\/lahoradelcampo.com.uy\/site\/wp-json\/wp\/v2\/posts\/53666\/revisions"}],"predecessor-version":[{"id":53667,"href":"https:\/\/lahoradelcampo.com.uy\/site\/wp-json\/wp\/v2\/posts\/53666\/revisions\/53667"}],"wp:featuredmedia":[{"embeddable":true,"href":"https:\/\/lahoradelcampo.com.uy\/site\/wp-json\/wp\/v2\/media\/22642"}],"wp:attachment":[{"href":"https:\/\/lahoradelcampo.com.uy\/site\/wp-json\/wp\/v2\/media?parent=53666"}],"wp:term":[{"taxonomy":"category","embeddable":true,"href":"https:\/\/lahoradelcampo.com.uy\/site\/wp-json\/wp\/v2\/categories?post=53666"},{"taxonomy":"post_tag","embeddable":true,"href":"https:\/\/lahoradelcampo.com.uy\/site\/wp-json\/wp\/v2\/tags?post=53666"}],"curies":[{"name":"wp","href":"https:\/\/api.w.org\/{rel}","templated":true}]}}