{"id":53663,"date":"2024-04-02T08:20:00","date_gmt":"2024-04-02T11:20:00","guid":{"rendered":"http:\/\/lahoradelcampo.com.uy\/site\/?p=53663"},"modified":"2024-03-31T20:44:00","modified_gmt":"2024-03-31T23:44:00","slug":"la-exportacion-en-pie-permitio-aplicar-tecnologias-que-antes-eran-inviables","status":"publish","type":"post","link":"https:\/\/lahoradelcampo.com.uy\/site\/la-exportacion-en-pie-permitio-aplicar-tecnologias-que-antes-eran-inviables\/","title":{"rendered":"La exportaci\u00f3n en pie permiti\u00f3 aplicar tecnolog\u00edas que antes eran inviables"},"content":{"rendered":"\n<figure class=\"wp-block-image size-full\"><a href=\"https:\/\/i0.wp.com\/lahoradelcampo.com.uy\/site\/wp-content\/uploads\/2024\/03\/Esteban-Montes-IPA.jpg\"><img data-recalc-dims=\"1\" loading=\"lazy\" decoding=\"async\" width=\"810\" height=\"405\" data-attachment-id=\"53664\" data-permalink=\"https:\/\/lahoradelcampo.com.uy\/site\/la-exportacion-en-pie-permitio-aplicar-tecnologias-que-antes-eran-inviables\/esteban-montes-ipa-2\/\" data-orig-file=\"https:\/\/i0.wp.com\/lahoradelcampo.com.uy\/site\/wp-content\/uploads\/2024\/03\/Esteban-Montes-IPA.jpg?fit=880%2C440&amp;ssl=1\" data-orig-size=\"880,440\" data-comments-opened=\"1\" data-image-meta=\"{&quot;aperture&quot;:&quot;0&quot;,&quot;credit&quot;:&quot;&quot;,&quot;camera&quot;:&quot;&quot;,&quot;caption&quot;:&quot;&quot;,&quot;created_timestamp&quot;:&quot;0&quot;,&quot;copyright&quot;:&quot;&quot;,&quot;focal_length&quot;:&quot;0&quot;,&quot;iso&quot;:&quot;0&quot;,&quot;shutter_speed&quot;:&quot;0&quot;,&quot;title&quot;:&quot;&quot;,&quot;orientation&quot;:&quot;1&quot;}\" data-image-title=\"Esteban-Montes-IPA\" data-image-description=\"\" data-image-caption=\"\" data-large-file=\"https:\/\/i0.wp.com\/lahoradelcampo.com.uy\/site\/wp-content\/uploads\/2024\/03\/Esteban-Montes-IPA.jpg?fit=810%2C405&amp;ssl=1\" src=\"https:\/\/i0.wp.com\/lahoradelcampo.com.uy\/site\/wp-content\/uploads\/2024\/03\/Esteban-Montes-IPA.jpg?resize=810%2C405\" alt=\"\" class=\"wp-image-53664\" srcset=\"https:\/\/i0.wp.com\/lahoradelcampo.com.uy\/site\/wp-content\/uploads\/2024\/03\/Esteban-Montes-IPA.jpg?w=880&amp;ssl=1 880w, https:\/\/i0.wp.com\/lahoradelcampo.com.uy\/site\/wp-content\/uploads\/2024\/03\/Esteban-Montes-IPA.jpg?resize=300%2C150&amp;ssl=1 300w, https:\/\/i0.wp.com\/lahoradelcampo.com.uy\/site\/wp-content\/uploads\/2024\/03\/Esteban-Montes-IPA.jpg?resize=768%2C384&amp;ssl=1 768w, https:\/\/i0.wp.com\/lahoradelcampo.com.uy\/site\/wp-content\/uploads\/2024\/03\/Esteban-Montes-IPA.jpg?resize=820%2C410&amp;ssl=1 820w\" sizes=\"auto, (max-width: 810px) 100vw, 810px\" \/><\/a><\/figure>\n\n\n\n<p>El Ing. Agr. Esteban Montes del Plan Agropecuario ha ofrecido un an\u00e1lisis detallado sobre la exportaci\u00f3n de ganado en pie, destacando su papel fundamental en la estabilidad del sector ganadero uruguayo. Durante su intervenci\u00f3n semanal en radio Rural, Montes inform\u00f3 sobre la situaci\u00f3n actual de la faena de vacunos, que alcanz\u00f3 las 45.169 cabezas en la \u00faltima semana, manteniendo un promedio semanal estable de 44.800. A pesar de este ritmo de faena, el ingeniero se\u00f1al\u00f3 una cierta retenci\u00f3n por parte de los productores, lo que indica un panorama de cautela en el mercado.<\/p>\n\n\n\n<p>En cuanto a la exportaci\u00f3n de ganado en pie, Montes contextualiz\u00f3 su importancia en los ciclos ganaderos, destacando su evoluci\u00f3n en los \u00faltimos a\u00f1os. Anteriormente, el mercado ganadero se limitaba al \u00e1mbito interno, lo que generaba fluctuaciones de precios y especulaciones. Sin embargo, con la apertura de la exportaci\u00f3n en pie, esta din\u00e1mica cambi\u00f3 radicalmente, convirti\u00e9ndose en un precio piso para el mercado interno.<\/p>\n\n\n\n<p>En 2023, Uruguay export\u00f3 casi 300.000 reses en pie, un nivel significativo que evidencia la consolidaci\u00f3n de esta herramienta comercial. Turqu\u00eda emergi\u00f3 como el principal destino, representando el 93% de las exportaciones, mientras que China, que hist\u00f3ricamente hab\u00eda sido el mayor comprador, redujo su participaci\u00f3n al 40%.<\/p>\n\n\n\n<p>Montes destac\u00f3 que la exportaci\u00f3n en pie ha contribuido a mantener la estabilidad de los precios del ternero, permitiendo la implementaci\u00f3n de tecnolog\u00edas que antes eran inviables debido a la volatilidad del mercado. Adem\u00e1s, ha complementado la salida de animales para faena, manteniendo un equilibrio en la oferta y demanda.<\/p>\n\n\n\n<p>En el ejercicio 2021\/2022, la faena interna fue predominante debido a los precios competitivos, relegando a la exportaci\u00f3n en pie. Sin embargo, en la actualidad, con una relaci\u00f3n flaco-gordo de 1,30, los invernadores enfrentan ciertas dificultades, lo que hace que la exportaci\u00f3n en pie sea una opci\u00f3n atractiva para obtener mejores precios.<\/p>\n\n\n\n<p>En resumen, la exportaci\u00f3n de ganado en pie se presenta como un elemento clave para la estabilidad y el desarrollo sostenible del sector ganadero uruguayo, ofreciendo oportunidades tanto para criadores como para invernadores en un mercado din\u00e1mico y cambiante.<\/p>\n\n\n\n<p>Salto, 2 de abril de 2024<\/p>\n","protected":false},"excerpt":{"rendered":"<p>El Ing. Agr. Esteban Montes del Plan Agropecuario ha ofrecido un an\u00e1lisis detallado sobre la exportaci\u00f3n de ganado en pie, destacando su papel fundamental en la estabilidad del sector ganadero [&hellip;]<\/p>\n","protected":false},"author":5,"featured_media":53664,"comment_status":"open","ping_status":"open","sticky":false,"template":"","format":"standard","meta":{"_price":"","_stock":"","_tribe_ticket_header":"","_tribe_default_ticket_provider":"","_tribe_ticket_capacity":"0","_ticket_start_date":"","_ticket_end_date":"","_tribe_ticket_show_description":"","_tribe_ticket_show_not_going":false,"_tribe_ticket_use_global_stock":"","_tribe_ticket_global_stock_level":"","_global_stock_mode":"","_global_stock_cap":"","_tribe_rsvp_for_event":"","_tribe_ticket_going_count":"","_tribe_ticket_not_going_count":"","_tribe_tickets_list":"[]","_tribe_ticket_has_attendee_info_fields":false,"h5ap_radio_sources":[],"_jetpack_newsletter_access":"","_jetpack_dont_email_post_to_subs":false,"_jetpack_newsletter_tier_id":0,"_jetpack_memberships_contains_paywalled_content":false,"_jetpack_memberships_contains_paid_content":false,"footnotes":""},"categories":[21,5],"tags":[],"class_list":["post-53663","post","type-post","status-publish","format-standard","has-post-thumbnail","hentry","category-actualidad","category-ganaderia"],"jetpack_featured_media_url":"https:\/\/i0.wp.com\/lahoradelcampo.com.uy\/site\/wp-content\/uploads\/2024\/03\/Esteban-Montes-IPA.jpg?fit=880%2C440&ssl=1","jetpack_sharing_enabled":true,"jetpack_shortlink":"https:\/\/wp.me\/p99IaT-dXx","jetpack-related-posts":[{"id":5183,"url":"https:\/\/lahoradelcampo.com.uy\/site\/exportacion-en-pie-cierra-cerca-de-las-300-000-cabezas-en-2017\/","url_meta":{"origin":53663,"position":0},"title":"Exportaci\u00f3n en pie cierra cerca de las 300.000 cabezas en 2017","author":"La Hora del Campo","date":"27 diciembre, 2017","format":false,"excerpt":"Con una faena que cerrar\u00e1 el 2017 en las 2,3 millones de cabezas, seg\u00fan los datos del Instituto Nacional de Carnes, y una exportaci\u00f3n en pie que contin\u00faa con su tendencia alcista, el sector de producci\u00f3n de carnes en Uruguay registra una mayor presi\u00f3n en la extracci\u00f3n respecto a los\u2026","rel":"","context":"En \u00abActualidad\u00bb","block_context":{"text":"Actualidad","link":"https:\/\/lahoradelcampo.com.uy\/site\/category\/actualidad\/"},"img":{"alt_text":"","src":"https:\/\/i0.wp.com\/lahoradelcampo.com.uy\/site\/wp-content\/uploads\/2017\/12\/exportacion-en-pie.jpg?fit=880%2C440&ssl=1&resize=350%2C200","width":350,"height":200,"srcset":"https:\/\/i0.wp.com\/lahoradelcampo.com.uy\/site\/wp-content\/uploads\/2017\/12\/exportacion-en-pie.jpg?fit=880%2C440&ssl=1&resize=350%2C200 1x, https:\/\/i0.wp.com\/lahoradelcampo.com.uy\/site\/wp-content\/uploads\/2017\/12\/exportacion-en-pie.jpg?fit=880%2C440&ssl=1&resize=525%2C300 1.5x, https:\/\/i0.wp.com\/lahoradelcampo.com.uy\/site\/wp-content\/uploads\/2017\/12\/exportacion-en-pie.jpg?fit=880%2C440&ssl=1&resize=700%2C400 2x"},"classes":[]},{"id":50164,"url":"https:\/\/lahoradelcampo.com.uy\/site\/exportaciones-de-ganado-en-pie-cayeron-un-70-durante-2022\/","url_meta":{"origin":53663,"position":1},"title":"Exportaciones de ganado en pie cayeron un 70% durante 2022","author":"La Hora del Campo","date":"24 abril, 2023","format":false,"excerpt":"El Instituto Nacional de Carnes (INAC) ha presentado su anuario estad\u00edstico 2022, en el cual se analizan diversos aspectos del sector c\u00e1rnico en el mercado interno y externo. Uno de los puntos que se destacan en el informe es la exportaci\u00f3n de ganado en pie, la cual ha presentado una\u2026","rel":"","context":"En \u00abActualidad\u00bb","block_context":{"text":"Actualidad","link":"https:\/\/lahoradelcampo.com.uy\/site\/category\/actualidad\/"},"img":{"alt_text":"","src":"https:\/\/i0.wp.com\/lahoradelcampo.com.uy\/site\/wp-content\/uploads\/2023\/04\/INAC-Exportacionenpie.jpg?fit=880%2C440&ssl=1&resize=350%2C200","width":350,"height":200,"srcset":"https:\/\/i0.wp.com\/lahoradelcampo.com.uy\/site\/wp-content\/uploads\/2023\/04\/INAC-Exportacionenpie.jpg?fit=880%2C440&ssl=1&resize=350%2C200 1x, https:\/\/i0.wp.com\/lahoradelcampo.com.uy\/site\/wp-content\/uploads\/2023\/04\/INAC-Exportacionenpie.jpg?fit=880%2C440&ssl=1&resize=525%2C300 1.5x, https:\/\/i0.wp.com\/lahoradelcampo.com.uy\/site\/wp-content\/uploads\/2023\/04\/INAC-Exportacionenpie.jpg?fit=880%2C440&ssl=1&resize=700%2C400 2x"},"classes":[]},{"id":51389,"url":"https:\/\/lahoradelcampo.com.uy\/site\/montes-estimo-un-aumento-de-400-000-cabezas-en-el-stock-ganadero\/","url_meta":{"origin":53663,"position":2},"title":"Montes estim\u00f3 un aumento de 400.000 cabezas en el stock ganadero","author":"La Hora del Campo","date":"23 junio, 2023","format":false,"excerpt":"El Ing. Agr. Esteban Montes, del Instituto Plan Agropecuario, ha realizado una proyecci\u00f3n del stock ganadero para el ejercicio 2022-2023 que finaliza en pocos d\u00edas, el 30 de junio. En el contexto de un a\u00f1o distinto al anterior, con un menor nivel de faena y una fuerte incidencia de la\u2026","rel":"","context":"En \u00abActualidad\u00bb","block_context":{"text":"Actualidad","link":"https:\/\/lahoradelcampo.com.uy\/site\/category\/actualidad\/"},"img":{"alt_text":"","src":"https:\/\/i0.wp.com\/lahoradelcampo.com.uy\/site\/wp-content\/uploads\/2023\/06\/Esteban-Montes-IPA.jpg?fit=880%2C440&ssl=1&resize=350%2C200","width":350,"height":200,"srcset":"https:\/\/i0.wp.com\/lahoradelcampo.com.uy\/site\/wp-content\/uploads\/2023\/06\/Esteban-Montes-IPA.jpg?fit=880%2C440&ssl=1&resize=350%2C200 1x, https:\/\/i0.wp.com\/lahoradelcampo.com.uy\/site\/wp-content\/uploads\/2023\/06\/Esteban-Montes-IPA.jpg?fit=880%2C440&ssl=1&resize=525%2C300 1.5x, https:\/\/i0.wp.com\/lahoradelcampo.com.uy\/site\/wp-content\/uploads\/2023\/06\/Esteban-Montes-IPA.jpg?fit=880%2C440&ssl=1&resize=700%2C400 2x"},"classes":[]},{"id":519,"url":"https:\/\/lahoradelcampo.com.uy\/site\/exportacion-en-pie-genero-perdidas-por-us-480-milones\/","url_meta":{"origin":53663,"position":3},"title":"Exportaci\u00f3n en pie gener\u00f3 p\u00e9rdidas por U$S 480 milones","author":"La Hora del Campo","date":"6 septiembre, 2017","format":false,"excerpt":"La C\u00e1mara de la Industria Frigor\u00edfica (CIF) y la Asociaci\u00f3n de la Industria Frigor\u00edfica del Uruguay (ADIFU), solicitaron a la Consultora CPA Ferrere un estudio sobre el impacto econ\u00f3mico en la cadena c\u00e1rnica uruguaya sobre la exportaci\u00f3n en pie. Los analistas llegaron a la conclusi\u00f3n que este canal de comercializaci\u00f3n\u2026","rel":"","context":"En \u00abActualidad\u00bb","block_context":{"text":"Actualidad","link":"https:\/\/lahoradelcampo.com.uy\/site\/category\/actualidad\/"},"img":{"alt_text":"","src":"https:\/\/i0.wp.com\/lahoradelcampo.com.uy\/site\/wp-content\/uploads\/2017\/09\/exportacion-en-pie.jpg?fit=616%2C376&ssl=1&resize=350%2C200","width":350,"height":200,"srcset":"https:\/\/i0.wp.com\/lahoradelcampo.com.uy\/site\/wp-content\/uploads\/2017\/09\/exportacion-en-pie.jpg?fit=616%2C376&ssl=1&resize=350%2C200 1x, https:\/\/i0.wp.com\/lahoradelcampo.com.uy\/site\/wp-content\/uploads\/2017\/09\/exportacion-en-pie.jpg?fit=616%2C376&ssl=1&resize=525%2C300 1.5x"},"classes":[]},{"id":56623,"url":"https:\/\/lahoradelcampo.com.uy\/site\/inac-advierte-sobre-dificultades-para-importar-ganado-en-pie-para-faena\/","url_meta":{"origin":53663,"position":4},"title":"INAC advierte sobre dificultades para importar ganado en pie para faena","author":"La Hora del Campo","date":"20 agosto, 2025","format":false,"excerpt":"Luego de la repercusi\u00f3n p\u00fablica que ha tenido la decisi\u00f3n de suspender transitoriamente la exportaci\u00f3n de ganado en pie para faena, por parte del ministro de ganader\u00eda, Dr. Alfredo Fratti, la Federaci\u00f3n de Obreros de la Industria C\u00e1rnica y Afines (Foica), plante\u00f3 la necesidad de analizar la importaci\u00f3n de ganado\u2026","rel":"","context":"En \u00abActualidad\u00bb","block_context":{"text":"Actualidad","link":"https:\/\/lahoradelcampo.com.uy\/site\/category\/actualidad\/"},"img":{"alt_text":"","src":"https:\/\/i0.wp.com\/lahoradelcampo.com.uy\/site\/wp-content\/uploads\/2025\/06\/Gastonscayola.jpg?fit=880%2C440&ssl=1&resize=350%2C200","width":350,"height":200,"srcset":"https:\/\/i0.wp.com\/lahoradelcampo.com.uy\/site\/wp-content\/uploads\/2025\/06\/Gastonscayola.jpg?fit=880%2C440&ssl=1&resize=350%2C200 1x, https:\/\/i0.wp.com\/lahoradelcampo.com.uy\/site\/wp-content\/uploads\/2025\/06\/Gastonscayola.jpg?fit=880%2C440&ssl=1&resize=525%2C300 1.5x, https:\/\/i0.wp.com\/lahoradelcampo.com.uy\/site\/wp-content\/uploads\/2025\/06\/Gastonscayola.jpg?fit=880%2C440&ssl=1&resize=700%2C400 2x"},"classes":[]},{"id":56625,"url":"https:\/\/lahoradelcampo.com.uy\/site\/la-exportacion-de-ganado-en-pie-es-un-tema-para-analizarlo-tecnicamente\/","url_meta":{"origin":53663,"position":5},"title":"La exportaci\u00f3n de ganado en pie \u00abes un tema para analizarlo t\u00e9cnicamente\u00bb","author":"La Hora del Campo","date":"20 agosto, 2025","format":false,"excerpt":"El debate en torno a la exportaci\u00f3n en pie de ganado ha cobrado especial relevancia en los \u00faltimos meses, a ra\u00edz de las medidas adoptadas por el Ministerio de Ganader\u00eda y las preocupaciones planteadas por la Federaci\u00f3n de Obreros de la Industria C\u00e1rnica y Afines (FOICA). En este contexto, el\u2026","rel":"","context":"En \u00abActualidad\u00bb","block_context":{"text":"Actualidad","link":"https:\/\/lahoradelcampo.com.uy\/site\/category\/actualidad\/"},"img":{"alt_text":"","src":"https:\/\/i0.wp.com\/lahoradelcampo.com.uy\/site\/wp-content\/uploads\/2025\/05\/MarceloSecco-marfrig.jpg?fit=880%2C440&ssl=1&resize=350%2C200","width":350,"height":200,"srcset":"https:\/\/i0.wp.com\/lahoradelcampo.com.uy\/site\/wp-content\/uploads\/2025\/05\/MarceloSecco-marfrig.jpg?fit=880%2C440&ssl=1&resize=350%2C200 1x, https:\/\/i0.wp.com\/lahoradelcampo.com.uy\/site\/wp-content\/uploads\/2025\/05\/MarceloSecco-marfrig.jpg?fit=880%2C440&ssl=1&resize=525%2C300 1.5x, https:\/\/i0.wp.com\/lahoradelcampo.com.uy\/site\/wp-content\/uploads\/2025\/05\/MarceloSecco-marfrig.jpg?fit=880%2C440&ssl=1&resize=700%2C400 2x"},"classes":[]}],"jetpack_likes_enabled":true,"_links":{"self":[{"href":"https:\/\/lahoradelcampo.com.uy\/site\/wp-json\/wp\/v2\/posts\/53663","targetHints":{"allow":["GET"]}}],"collection":[{"href":"https:\/\/lahoradelcampo.com.uy\/site\/wp-json\/wp\/v2\/posts"}],"about":[{"href":"https:\/\/lahoradelcampo.com.uy\/site\/wp-json\/wp\/v2\/types\/post"}],"author":[{"embeddable":true,"href":"https:\/\/lahoradelcampo.com.uy\/site\/wp-json\/wp\/v2\/users\/5"}],"replies":[{"embeddable":true,"href":"https:\/\/lahoradelcampo.com.uy\/site\/wp-json\/wp\/v2\/comments?post=53663"}],"version-history":[{"count":1,"href":"https:\/\/lahoradelcampo.com.uy\/site\/wp-json\/wp\/v2\/posts\/53663\/revisions"}],"predecessor-version":[{"id":53665,"href":"https:\/\/lahoradelcampo.com.uy\/site\/wp-json\/wp\/v2\/posts\/53663\/revisions\/53665"}],"wp:featuredmedia":[{"embeddable":true,"href":"https:\/\/lahoradelcampo.com.uy\/site\/wp-json\/wp\/v2\/media\/53664"}],"wp:attachment":[{"href":"https:\/\/lahoradelcampo.com.uy\/site\/wp-json\/wp\/v2\/media?parent=53663"}],"wp:term":[{"taxonomy":"category","embeddable":true,"href":"https:\/\/lahoradelcampo.com.uy\/site\/wp-json\/wp\/v2\/categories?post=53663"},{"taxonomy":"post_tag","embeddable":true,"href":"https:\/\/lahoradelcampo.com.uy\/site\/wp-json\/wp\/v2\/tags?post=53663"}],"curies":[{"name":"wp","href":"https:\/\/api.w.org\/{rel}","templated":true}]}}