{"id":53660,"date":"2024-04-02T08:15:00","date_gmt":"2024-04-02T11:15:00","guid":{"rendered":"http:\/\/lahoradelcampo.com.uy\/site\/?p=53660"},"modified":"2024-03-31T20:38:42","modified_gmt":"2024-03-31T23:38:42","slug":"cupra-celebra-incremento-de-ventas-de-pollo-nacional-en-24","status":"publish","type":"post","link":"https:\/\/lahoradelcampo.com.uy\/site\/cupra-celebra-incremento-de-ventas-de-pollo-nacional-en-24\/","title":{"rendered":"Cupra celebr\u00e1 incremento de ventas de pollo nacional en &#8217;24"},"content":{"rendered":"\n<p>En un impulso importante para la avicultura nacional, la C\u00e1mara Uruguaya de Procesadoras Av\u00edcolas (Cupra) anunci\u00f3 un aumento destacado en las ventas de pollo durante los meses de enero y febrero del presente a\u00f1o. Seg\u00fan los datos proporcionados por Cupra, las ventas de pollo nacional experimentaron un incremento de 1.100 toneladas en comparaci\u00f3n con el mismo per\u00edodo del a\u00f1o anterior.<\/p>\n\n\n\n<figure class=\"wp-block-image size-full\"><a href=\"https:\/\/i0.wp.com\/lahoradelcampo.com.uy\/site\/wp-content\/uploads\/2024\/03\/Cupra-Pollo.jpg\"><img data-recalc-dims=\"1\" loading=\"lazy\" decoding=\"async\" width=\"810\" height=\"405\" data-attachment-id=\"53661\" data-permalink=\"https:\/\/lahoradelcampo.com.uy\/site\/cupra-celebra-incremento-de-ventas-de-pollo-nacional-en-24\/cupra-pollo\/\" data-orig-file=\"https:\/\/i0.wp.com\/lahoradelcampo.com.uy\/site\/wp-content\/uploads\/2024\/03\/Cupra-Pollo.jpg?fit=880%2C440&amp;ssl=1\" data-orig-size=\"880,440\" data-comments-opened=\"1\" data-image-meta=\"{&quot;aperture&quot;:&quot;0&quot;,&quot;credit&quot;:&quot;&quot;,&quot;camera&quot;:&quot;&quot;,&quot;caption&quot;:&quot;&quot;,&quot;created_timestamp&quot;:&quot;0&quot;,&quot;copyright&quot;:&quot;&quot;,&quot;focal_length&quot;:&quot;0&quot;,&quot;iso&quot;:&quot;0&quot;,&quot;shutter_speed&quot;:&quot;0&quot;,&quot;title&quot;:&quot;&quot;,&quot;orientation&quot;:&quot;1&quot;}\" data-image-title=\"Cupra-Pollo\" data-image-description=\"\" data-image-caption=\"\" data-large-file=\"https:\/\/i0.wp.com\/lahoradelcampo.com.uy\/site\/wp-content\/uploads\/2024\/03\/Cupra-Pollo.jpg?fit=810%2C405&amp;ssl=1\" src=\"https:\/\/i0.wp.com\/lahoradelcampo.com.uy\/site\/wp-content\/uploads\/2024\/03\/Cupra-Pollo.jpg?resize=810%2C405\" alt=\"\" class=\"wp-image-53661\" srcset=\"https:\/\/i0.wp.com\/lahoradelcampo.com.uy\/site\/wp-content\/uploads\/2024\/03\/Cupra-Pollo.jpg?w=880&amp;ssl=1 880w, https:\/\/i0.wp.com\/lahoradelcampo.com.uy\/site\/wp-content\/uploads\/2024\/03\/Cupra-Pollo.jpg?resize=300%2C150&amp;ssl=1 300w, https:\/\/i0.wp.com\/lahoradelcampo.com.uy\/site\/wp-content\/uploads\/2024\/03\/Cupra-Pollo.jpg?resize=768%2C384&amp;ssl=1 768w, https:\/\/i0.wp.com\/lahoradelcampo.com.uy\/site\/wp-content\/uploads\/2024\/03\/Cupra-Pollo.jpg?resize=820%2C410&amp;ssl=1 820w\" sizes=\"auto, (max-width: 810px) 100vw, 810px\" \/><\/a><\/figure>\n\n\n\n<p>El anuncio, realizado a trav\u00e9s de la red social oficial de Cupra, @PollosdelU, se bas\u00f3 en informaci\u00f3n difundida por el Instituto Nacional de Carnes (INAC). Esta cifra representa un hito significativo para el sector av\u00edcola del pa\u00eds, marcando un crecimiento del 9% en la faena durante el primer bimestre de 2024 en relaci\u00f3n al a\u00f1o anterior.<\/p>\n\n\n\n<p>Adem\u00e1s, los datos revelaron que la faena de aves durante enero y febrero de 2024 alcanz\u00f3 niveles r\u00e9cord, registrando la cifra m\u00e1s alta de los \u00faltimos 8 a\u00f1os. Este logro es testimonio del continuo progreso y desarrollo de la avicultura uruguaya, impulsada por el compromiso y la inversi\u00f3n de las empresas del sector.<\/p>\n\n\n\n<p>Cupra destac\u00f3 el papel fundamental de la avicultura en la econom\u00eda nacional, subrayando el constante flujo de inversiones destinadas a fortalecer el sector y promover el crecimiento sostenible. En este sentido, las empresas av\u00edcolas contin\u00faan apostando por el desarrollo de una cadena productiva integral, generando empleo y contribuyendo al desarrollo econ\u00f3mico del pa\u00eds.<\/p>\n\n\n\n<p>El mensaje final de Cupra enfatiz\u00f3 el compromiso de mantener precios competitivos y est\u00e1ndares de calidad excepcionales, no solo para el mercado interno, sino tambi\u00e9n para la exportaci\u00f3n. Este \u00e9xito en las ventas de pollo nacional refleja el dinamismo y la vitalidad de la industria av\u00edcola uruguaya, consolidando su posici\u00f3n como un motor clave para el crecimiento econ\u00f3mico y el bienestar del pa\u00eds.<\/p>\n\n\n\n<p>Salto, 2 de abril de 2024<\/p>\n","protected":false},"excerpt":{"rendered":"<p>En un impulso importante para la avicultura nacional, la C\u00e1mara Uruguaya de Procesadoras Av\u00edcolas (Cupra) anunci\u00f3 un aumento destacado en las ventas de pollo durante los meses de enero y [&hellip;]<\/p>\n","protected":false},"author":5,"featured_media":53661,"comment_status":"open","ping_status":"open","sticky":false,"template":"","format":"standard","meta":{"_price":"","_stock":"","_tribe_ticket_header":"","_tribe_default_ticket_provider":"","_tribe_ticket_capacity":"0","_ticket_start_date":"","_ticket_end_date":"","_tribe_ticket_show_description":"","_tribe_ticket_show_not_going":false,"_tribe_ticket_use_global_stock":"","_tribe_ticket_global_stock_level":"","_global_stock_mode":"","_global_stock_cap":"","_tribe_rsvp_for_event":"","_tribe_ticket_going_count":"","_tribe_ticket_not_going_count":"","_tribe_tickets_list":"[]","_tribe_ticket_has_attendee_info_fields":false,"h5ap_radio_sources":[],"_jetpack_newsletter_access":"","_jetpack_dont_email_post_to_subs":false,"_jetpack_newsletter_tier_id":0,"_jetpack_memberships_contains_paywalled_content":false,"_jetpack_memberships_contains_paid_content":false,"footnotes":""},"categories":[21,9],"tags":[],"class_list":["post-53660","post","type-post","status-publish","format-standard","has-post-thumbnail","hentry","category-actualidad","category-granja"],"jetpack_featured_media_url":"https:\/\/i0.wp.com\/lahoradelcampo.com.uy\/site\/wp-content\/uploads\/2024\/03\/Cupra-Pollo.jpg?fit=880%2C440&ssl=1","jetpack_sharing_enabled":true,"jetpack_shortlink":"https:\/\/wp.me\/p99IaT-dXu","jetpack-related-posts":[{"id":53946,"url":"https:\/\/lahoradelcampo.com.uy\/site\/crece-la-produccion-y-el-consumo-de-carne-aviar\/","url_meta":{"origin":53660,"position":0},"title":"Crece la producci\u00f3n y el consumo de carne aviar","author":"La Hora del Campo","date":"11 junio, 2024","format":false,"excerpt":"Con un incremento de la producci\u00f3n av\u00edcola, Uruguay ha registrado la mayor producci\u00f3n de pollo de los \u00faltimos ocho a\u00f1os. Los datos de faena de los primeros cinco meses de 2024 indican un aumento del 6% en la faena de pollos en plantas nacionales comparado con el mismo per\u00edodo del\u2026","rel":"","context":"En \u00abActualidad\u00bb","block_context":{"text":"Actualidad","link":"https:\/\/lahoradelcampo.com.uy\/site\/category\/actualidad\/"},"img":{"alt_text":"","src":"https:\/\/i0.wp.com\/lahoradelcampo.com.uy\/site\/wp-content\/uploads\/2023\/05\/Carneaviar1.jpg?fit=880%2C440&ssl=1&resize=350%2C200","width":350,"height":200,"srcset":"https:\/\/i0.wp.com\/lahoradelcampo.com.uy\/site\/wp-content\/uploads\/2023\/05\/Carneaviar1.jpg?fit=880%2C440&ssl=1&resize=350%2C200 1x, https:\/\/i0.wp.com\/lahoradelcampo.com.uy\/site\/wp-content\/uploads\/2023\/05\/Carneaviar1.jpg?fit=880%2C440&ssl=1&resize=525%2C300 1.5x, https:\/\/i0.wp.com\/lahoradelcampo.com.uy\/site\/wp-content\/uploads\/2023\/05\/Carneaviar1.jpg?fit=880%2C440&ssl=1&resize=700%2C400 2x"},"classes":[]},{"id":30152,"url":"https:\/\/lahoradelcampo.com.uy\/site\/los-uruguayos-aumentamos-el-consumo-de-pollo-en-2020\/","url_meta":{"origin":53660,"position":1},"title":"Los uruguayos aumentamos el consumo de pollo en 2020","author":"La Hora del Campo","date":"17 mayo, 2021","format":false,"excerpt":"De acuerdo al informe de consumo interno de carnes para el a\u00f1o 2020, elaborado por el Instituto Nacional de Carnes (INAC), la carne de pollo ha sido la \u00fanica que registr\u00f3 un incremento en la preferencia del uruguayo a la hora de consumir carnes, en comparaci\u00f3n con el a\u00f1o anterior.\u2026","rel":"","context":"En \u00abActualidad\u00bb","block_context":{"text":"Actualidad","link":"https:\/\/lahoradelcampo.com.uy\/site\/category\/actualidad\/"},"img":{"alt_text":"","src":"https:\/\/i0.wp.com\/lahoradelcampo.com.uy\/site\/wp-content\/uploads\/2021\/05\/carneaviar.jpg?fit=880%2C440&ssl=1&resize=350%2C200","width":350,"height":200,"srcset":"https:\/\/i0.wp.com\/lahoradelcampo.com.uy\/site\/wp-content\/uploads\/2021\/05\/carneaviar.jpg?fit=880%2C440&ssl=1&resize=350%2C200 1x, https:\/\/i0.wp.com\/lahoradelcampo.com.uy\/site\/wp-content\/uploads\/2021\/05\/carneaviar.jpg?fit=880%2C440&ssl=1&resize=525%2C300 1.5x, https:\/\/i0.wp.com\/lahoradelcampo.com.uy\/site\/wp-content\/uploads\/2021\/05\/carneaviar.jpg?fit=880%2C440&ssl=1&resize=700%2C400 2x"},"classes":[]},{"id":50046,"url":"https:\/\/lahoradelcampo.com.uy\/site\/solicitan-la-creacion-de-grupo-asesor-cientifico-para-atender-la-gripe-aviar-en-uruguay\/","url_meta":{"origin":53660,"position":2},"title":"Solicitan la creaci\u00f3n de grupo asesor cient\u00edfico para atender la gripe aviar en Uruguay","author":"La Hora del Campo","date":"18 abril, 2023","format":false,"excerpt":"La gripe o influenza aviar es una de las mayores amenazas para la producci\u00f3n aviar en todo el mundo. En Uruguay, la C\u00e1mara Uruguaya de Procesadores Av\u00edcolas (Cupra), que nuclea a las principales empresas de la industria av\u00edcola, ha pedido la creaci\u00f3n de un Grupo Asesor Cient\u00edfico Honorario (GACH) para\u2026","rel":"","context":"En \u00abActualidad\u00bb","block_context":{"text":"Actualidad","link":"https:\/\/lahoradelcampo.com.uy\/site\/category\/actualidad\/"},"img":{"alt_text":"","src":"https:\/\/i0.wp.com\/lahoradelcampo.com.uy\/site\/wp-content\/uploads\/2023\/04\/CUPRA-Aviar.jpg?fit=880%2C440&ssl=1&resize=350%2C200","width":350,"height":200,"srcset":"https:\/\/i0.wp.com\/lahoradelcampo.com.uy\/site\/wp-content\/uploads\/2023\/04\/CUPRA-Aviar.jpg?fit=880%2C440&ssl=1&resize=350%2C200 1x, https:\/\/i0.wp.com\/lahoradelcampo.com.uy\/site\/wp-content\/uploads\/2023\/04\/CUPRA-Aviar.jpg?fit=880%2C440&ssl=1&resize=525%2C300 1.5x, https:\/\/i0.wp.com\/lahoradelcampo.com.uy\/site\/wp-content\/uploads\/2023\/04\/CUPRA-Aviar.jpg?fit=880%2C440&ssl=1&resize=700%2C400 2x"},"classes":[]},{"id":39547,"url":"https:\/\/lahoradelcampo.com.uy\/site\/inac-presento-consultoria-para-la-cadena-carnica-aviar\/","url_meta":{"origin":53660,"position":3},"title":"Inac present\u00f3 consultor\u00eda para la cadena c\u00e1rnica aviar","author":"La Hora del Campo","date":"4 marzo, 2022","format":false,"excerpt":"Ayer se realiz\u00f3 la presentaci\u00f3n de resultados y taller de trabajo de la consultor\u00eda sobre el abastecimiento de alimentos (granos) para el sector primario de la carne aviar. El objetivo de dicho taller fue presentar, debatir y analizar en detalle ante los principales sectores involucrados, los hallazgos del trabajo as\u00ed\u2026","rel":"","context":"En \u00abActualidad\u00bb","block_context":{"text":"Actualidad","link":"https:\/\/lahoradelcampo.com.uy\/site\/category\/actualidad\/"},"img":{"alt_text":"","src":"https:\/\/i0.wp.com\/lahoradelcampo.com.uy\/site\/wp-content\/uploads\/2022\/03\/INAC-Aviar.jpg?fit=880%2C440&ssl=1&resize=350%2C200","width":350,"height":200,"srcset":"https:\/\/i0.wp.com\/lahoradelcampo.com.uy\/site\/wp-content\/uploads\/2022\/03\/INAC-Aviar.jpg?fit=880%2C440&ssl=1&resize=350%2C200 1x, https:\/\/i0.wp.com\/lahoradelcampo.com.uy\/site\/wp-content\/uploads\/2022\/03\/INAC-Aviar.jpg?fit=880%2C440&ssl=1&resize=525%2C300 1.5x, https:\/\/i0.wp.com\/lahoradelcampo.com.uy\/site\/wp-content\/uploads\/2022\/03\/INAC-Aviar.jpg?fit=880%2C440&ssl=1&resize=700%2C400 2x"},"classes":[]},{"id":46875,"url":"https:\/\/lahoradelcampo.com.uy\/site\/inac-importaciones-de-carne-aviar-son-el-46-del-consumo-interno\/","url_meta":{"origin":53660,"position":4},"title":"INAC: importaciones de carne aviar son el 4,6% del consumo interno","author":"La Hora del Campo","date":"10 noviembre, 2022","format":false,"excerpt":"La pasada semana, la C\u00e1mara Uruguaya de Procesadores Av\u00edcolas (Cupra) public\u00f3 un informe en el que advierte sobre la amenaza para el sector, que significa la importaci\u00f3n de carne aviar. En dicho documento se presume que las importaciones \"seguramente alcancen el 10% del total\" en el consumo interno durante este\u2026","rel":"","context":"En \u00abActualidad\u00bb","block_context":{"text":"Actualidad","link":"https:\/\/lahoradelcampo.com.uy\/site\/category\/actualidad\/"},"img":{"alt_text":"","src":"https:\/\/i0.wp.com\/lahoradelcampo.com.uy\/site\/wp-content\/uploads\/2022\/11\/INAC-Aviarcarne.jpg?fit=880%2C440&ssl=1&resize=350%2C200","width":350,"height":200,"srcset":"https:\/\/i0.wp.com\/lahoradelcampo.com.uy\/site\/wp-content\/uploads\/2022\/11\/INAC-Aviarcarne.jpg?fit=880%2C440&ssl=1&resize=350%2C200 1x, https:\/\/i0.wp.com\/lahoradelcampo.com.uy\/site\/wp-content\/uploads\/2022\/11\/INAC-Aviarcarne.jpg?fit=880%2C440&ssl=1&resize=525%2C300 1.5x, https:\/\/i0.wp.com\/lahoradelcampo.com.uy\/site\/wp-content\/uploads\/2022\/11\/INAC-Aviarcarne.jpg?fit=880%2C440&ssl=1&resize=700%2C400 2x"},"classes":[]},{"id":39209,"url":"https:\/\/lahoradelcampo.com.uy\/site\/el-sector-carnico-exporto-us-27-millones-a-emiratos-arabes-unidos\/","url_meta":{"origin":53660,"position":5},"title":"El sector c\u00e1rnico export\u00f3 US$ 2,7 millones a Emiratos \u00c1rabes Unidos","author":"La Hora del Campo","date":"17 febrero, 2022","format":false,"excerpt":"Autoridades nacionales se encuentran en Dub\u00e1i, para participar de la Gulfood 2022, donde se promociona a Uruguay como un pa\u00eds natural, amigable con el medioambiente y el bienestar animal. En este sentido el sector c\u00e1rnico busca mejorar su ingreso a los Emiratos \u00c1rabes Unidos, principalmente desde el punto de vista\u2026","rel":"","context":"En \u00abActualidad\u00bb","block_context":{"text":"Actualidad","link":"https:\/\/lahoradelcampo.com.uy\/site\/category\/actualidad\/"},"img":{"alt_text":"","src":"https:\/\/i0.wp.com\/lahoradelcampo.com.uy\/site\/wp-content\/uploads\/2022\/02\/INAC-Dubai.jpg?fit=880%2C440&ssl=1&resize=350%2C200","width":350,"height":200,"srcset":"https:\/\/i0.wp.com\/lahoradelcampo.com.uy\/site\/wp-content\/uploads\/2022\/02\/INAC-Dubai.jpg?fit=880%2C440&ssl=1&resize=350%2C200 1x, https:\/\/i0.wp.com\/lahoradelcampo.com.uy\/site\/wp-content\/uploads\/2022\/02\/INAC-Dubai.jpg?fit=880%2C440&ssl=1&resize=525%2C300 1.5x, https:\/\/i0.wp.com\/lahoradelcampo.com.uy\/site\/wp-content\/uploads\/2022\/02\/INAC-Dubai.jpg?fit=880%2C440&ssl=1&resize=700%2C400 2x"},"classes":[]}],"jetpack_likes_enabled":true,"_links":{"self":[{"href":"https:\/\/lahoradelcampo.com.uy\/site\/wp-json\/wp\/v2\/posts\/53660","targetHints":{"allow":["GET"]}}],"collection":[{"href":"https:\/\/lahoradelcampo.com.uy\/site\/wp-json\/wp\/v2\/posts"}],"about":[{"href":"https:\/\/lahoradelcampo.com.uy\/site\/wp-json\/wp\/v2\/types\/post"}],"author":[{"embeddable":true,"href":"https:\/\/lahoradelcampo.com.uy\/site\/wp-json\/wp\/v2\/users\/5"}],"replies":[{"embeddable":true,"href":"https:\/\/lahoradelcampo.com.uy\/site\/wp-json\/wp\/v2\/comments?post=53660"}],"version-history":[{"count":1,"href":"https:\/\/lahoradelcampo.com.uy\/site\/wp-json\/wp\/v2\/posts\/53660\/revisions"}],"predecessor-version":[{"id":53662,"href":"https:\/\/lahoradelcampo.com.uy\/site\/wp-json\/wp\/v2\/posts\/53660\/revisions\/53662"}],"wp:featuredmedia":[{"embeddable":true,"href":"https:\/\/lahoradelcampo.com.uy\/site\/wp-json\/wp\/v2\/media\/53661"}],"wp:attachment":[{"href":"https:\/\/lahoradelcampo.com.uy\/site\/wp-json\/wp\/v2\/media?parent=53660"}],"wp:term":[{"taxonomy":"category","embeddable":true,"href":"https:\/\/lahoradelcampo.com.uy\/site\/wp-json\/wp\/v2\/categories?post=53660"},{"taxonomy":"post_tag","embeddable":true,"href":"https:\/\/lahoradelcampo.com.uy\/site\/wp-json\/wp\/v2\/tags?post=53660"}],"curies":[{"name":"wp","href":"https:\/\/api.w.org\/{rel}","templated":true}]}}