{"id":53657,"date":"2024-03-31T20:35:26","date_gmt":"2024-03-31T23:35:26","guid":{"rendered":"http:\/\/lahoradelcampo.com.uy\/site\/?p=53657"},"modified":"2024-03-31T20:35:27","modified_gmt":"2024-03-31T23:35:27","slug":"hay-mas-de-20-centavos-entre-la-oferta-y-demanda-para-el-novillo-gordo","status":"publish","type":"post","link":"https:\/\/lahoradelcampo.com.uy\/site\/hay-mas-de-20-centavos-entre-la-oferta-y-demanda-para-el-novillo-gordo\/","title":{"rendered":"Hay m\u00e1s de 20 centavos entre la oferta y demanda para el novillo gordo"},"content":{"rendered":"\n<figure class=\"wp-block-image size-full\"><a href=\"https:\/\/i0.wp.com\/lahoradelcampo.com.uy\/site\/wp-content\/uploads\/2024\/03\/Alvaroarrietta2.jpg\"><img data-recalc-dims=\"1\" loading=\"lazy\" decoding=\"async\" width=\"810\" height=\"405\" data-attachment-id=\"53658\" data-permalink=\"https:\/\/lahoradelcampo.com.uy\/site\/hay-mas-de-20-centavos-entre-la-oferta-y-demanda-para-el-novillo-gordo\/alvaroarrietta2\/\" data-orig-file=\"https:\/\/i0.wp.com\/lahoradelcampo.com.uy\/site\/wp-content\/uploads\/2024\/03\/Alvaroarrietta2.jpg?fit=880%2C440&amp;ssl=1\" data-orig-size=\"880,440\" data-comments-opened=\"1\" data-image-meta=\"{&quot;aperture&quot;:&quot;0&quot;,&quot;credit&quot;:&quot;&quot;,&quot;camera&quot;:&quot;&quot;,&quot;caption&quot;:&quot;&quot;,&quot;created_timestamp&quot;:&quot;0&quot;,&quot;copyright&quot;:&quot;&quot;,&quot;focal_length&quot;:&quot;0&quot;,&quot;iso&quot;:&quot;0&quot;,&quot;shutter_speed&quot;:&quot;0&quot;,&quot;title&quot;:&quot;&quot;,&quot;orientation&quot;:&quot;1&quot;}\" data-image-title=\"Alvaroarrietta2\" data-image-description=\"\" data-image-caption=\"\" data-large-file=\"https:\/\/i0.wp.com\/lahoradelcampo.com.uy\/site\/wp-content\/uploads\/2024\/03\/Alvaroarrietta2.jpg?fit=810%2C405&amp;ssl=1\" src=\"https:\/\/i0.wp.com\/lahoradelcampo.com.uy\/site\/wp-content\/uploads\/2024\/03\/Alvaroarrietta2.jpg?resize=810%2C405\" alt=\"\" class=\"wp-image-53658\" srcset=\"https:\/\/i0.wp.com\/lahoradelcampo.com.uy\/site\/wp-content\/uploads\/2024\/03\/Alvaroarrietta2.jpg?w=880&amp;ssl=1 880w, https:\/\/i0.wp.com\/lahoradelcampo.com.uy\/site\/wp-content\/uploads\/2024\/03\/Alvaroarrietta2.jpg?resize=300%2C150&amp;ssl=1 300w, https:\/\/i0.wp.com\/lahoradelcampo.com.uy\/site\/wp-content\/uploads\/2024\/03\/Alvaroarrietta2.jpg?resize=768%2C384&amp;ssl=1 768w, https:\/\/i0.wp.com\/lahoradelcampo.com.uy\/site\/wp-content\/uploads\/2024\/03\/Alvaroarrietta2.jpg?resize=820%2C410&amp;ssl=1 820w\" sizes=\"auto, (max-width: 810px) 100vw, 810px\" \/><\/a><\/figure>\n\n\n\n<p>El mercado de haciendas est\u00e1 con pocos negocios, ante un posicionamiento de la demanda de intentar bajar los precios y los productores con el clima y la oferta de pasto a su favor retiran los ganados, ejerciendo presi\u00f3n sobre los negocios que no logran ser convalidados. De acuerdo al di\u00e1logo mantenido con varios operadores, se manejan planteos de algunas plantas frigor\u00edficas que proponen US$ 3,50 por novillos pesados, en tanto que los productores se sienten conformes a vender con referencias que superen los US$ 3,70.<\/p>\n\n\n\n<p>\u00c1lvaro Arrietta, representante en Salto de la firma Zambrano &amp; C\u00eda, dijo que \u00absobre mediados de la semana anterior y esta semana, la oferta se retrajo mucho y creo que las lluvias en todo el pa\u00eds han hecho que se tranquilizara un poco m\u00e1s\u00bb, por lo tanto \u00abquien est\u00e1 con un ganado para vender, hoy est\u00e1 con ciertas pretensiones de precio que la industria hoy no lo est\u00e1 convalidando\u00bb indic\u00f3.<\/p>\n\n\n\n<p>Como referencias de precios, el consignatario marc\u00f3 que se han pasado referencias de precios de US$ 3,35 para vacas gordas y US$ 3,65 para novillos, con las cargas entorno a la semana o diez d\u00edas, sin embargo \u00abno se est\u00e1 concretando negocios\u00bb, dijo Arrietta, quien agreg\u00f3 que \u00abla oferta tiene otra idea de precio, porque tiene una posici\u00f3n m\u00e1s c\u00f3moda y puede esperar\u00bb.<\/p>\n\n\n\n<p>Respecto a la distancia entre las puntas, Arrietta dijo que existen alunas plantas que est\u00e1n \u00ab15 centavos por debajo de esa referencia\u00bb haciendo alusi\u00f3n a los US$ 3,65 para el novillo. Seg\u00fan explic\u00f3, \u00abson las plantas que est\u00e1n compradas m\u00e1s en largo plazo, que tienen ganados como para poder ir sobrellevando la faena en estos pr\u00f3ximos d\u00edas\u00bb. Sin embargo, se\u00f1al\u00f3 que actualmente es muy dif\u00edcil concretar negocios en ese rango de precios.<\/p>\n\n\n\n<p>En la otra punta, en la oferta, \u00abNo est\u00e1 siendo f\u00e1cil. Cuando el mercado viene, suba, todos esperamos que siga subiendo y nadie marca una posici\u00f3n, de venta, pero hay gente que espera, quiz\u00e1s, posicionarse arriba de los 3,70, 3,75 o arrim\u00e1ndose los 3,80 para vender o que esos valores los tienta a vender\u00bb.<\/p>\n\n\n\n<p><strong>Reposici\u00f3n<\/strong><\/p>\n\n\n\n<p>Respecto a la reposici\u00f3n, el representante de Zambrano &amp; C\u00eda, dijo que \u00abse ha tranquilizado bastante la oferta, por el periodo vacunaci\u00f3n de aftosa que arranc\u00f3 el 15 de marzo y los ganados deben tener diez d\u00edas de vacunados, seguramente la semana que viene se empieza a mover un poco m\u00e1s\u00bb.<\/p>\n\n\n\n<p>La demanda en los negocios est\u00e1 pautada en los terneros, con un claro reflejo de lo que fueron las referencias de las pantallas, pero \u00abla demanda est\u00e1 activa y cautelosa en cuento a los valores\u00bb. En cuanto a referencias de precios, Arrietta dijo \u00abhemos concretado varios lotes de terneros entre, dependiendo un poco los kilos, 2,75 y 2,81para terneros de 180 kilos, hasta 3 y 3,05 para terneros de 145 a 150 kilos\u00bb. En lo que tiene que ver a las terneras, \u00abde 140 a 150 kilos hicimos en el entorno de los 2,40 a 2,35. Animales que vamos a estar cargando la semana que viene\u00bb se\u00f1al\u00f3.<\/p>\n\n\n\n<p>Arrietta record\u00f3 que se est\u00e1 \u00abcertificando para el pr\u00f3ximo remate Plaza Rural, que tenemos tiempo hasta el viernes de la semana que viene para certificar, para el pr\u00f3ximo remate que va a ser 11 y 12 de abril\u00bb.<\/p>\n\n\n\n<p>Salto, 31 de marzo de 2024<\/p>\n","protected":false},"excerpt":{"rendered":"<p>El mercado de haciendas est\u00e1 con pocos negocios, ante un posicionamiento de la demanda de intentar bajar los precios y los productores con el clima y la oferta de pasto [&hellip;]<\/p>\n","protected":false},"author":5,"featured_media":53658,"comment_status":"open","ping_status":"open","sticky":false,"template":"","format":"standard","meta":{"_price":"","_stock":"","_tribe_ticket_header":"","_tribe_default_ticket_provider":"","_tribe_ticket_capacity":"0","_ticket_start_date":"","_ticket_end_date":"","_tribe_ticket_show_description":"","_tribe_ticket_show_not_going":false,"_tribe_ticket_use_global_stock":"","_tribe_ticket_global_stock_level":"","_global_stock_mode":"","_global_stock_cap":"","_tribe_rsvp_for_event":"","_tribe_ticket_going_count":"","_tribe_ticket_not_going_count":"","_tribe_tickets_list":"[]","_tribe_ticket_has_attendee_info_fields":false,"h5ap_radio_sources":[],"_jetpack_newsletter_access":"","_jetpack_dont_email_post_to_subs":false,"_jetpack_newsletter_tier_id":0,"_jetpack_memberships_contains_paywalled_content":false,"_jetpack_memberships_contains_paid_content":false,"footnotes":""},"categories":[21,5],"tags":[],"class_list":["post-53657","post","type-post","status-publish","format-standard","has-post-thumbnail","hentry","category-actualidad","category-ganaderia"],"jetpack_featured_media_url":"https:\/\/i0.wp.com\/lahoradelcampo.com.uy\/site\/wp-content\/uploads\/2024\/03\/Alvaroarrietta2.jpg?fit=880%2C440&ssl=1","jetpack_sharing_enabled":true,"jetpack_shortlink":"https:\/\/wp.me\/p99IaT-dXr","jetpack-related-posts":[{"id":9789,"url":"https:\/\/lahoradelcampo.com.uy\/site\/ime-cerro-a-us-1387-subiendo-cuatro-centavos-en-la-semana\/","url_meta":{"origin":53657,"position":0},"title":"IME cerr\u00f3 a US$ 13,87 subiendo cuatro centavos en la semana","author":"La Hora del Campo","date":"12 abril, 2019","format":false,"excerpt":"El mercado lanero australiano termino la semana con una leve correcci\u00f3n al alza en el Indicador de Mercados del Este (IME), impulsado por el tipo de cambio ante un mercado que contin\u00faa buscando un nuevo punto de equilibrio frente a la baja calidad de la oferta presentada por los productores\u2026","rel":"","context":"En \u00abActualidad\u00bb","block_context":{"text":"Actualidad","link":"https:\/\/lahoradelcampo.com.uy\/site\/category\/actualidad\/"},"img":{"alt_text":"","src":"https:\/\/i0.wp.com\/lahoradelcampo.com.uy\/site\/wp-content\/uploads\/2019\/04\/Lana-Australia.jpg?fit=880%2C440&ssl=1&resize=350%2C200","width":350,"height":200,"srcset":"https:\/\/i0.wp.com\/lahoradelcampo.com.uy\/site\/wp-content\/uploads\/2019\/04\/Lana-Australia.jpg?fit=880%2C440&ssl=1&resize=350%2C200 1x, https:\/\/i0.wp.com\/lahoradelcampo.com.uy\/site\/wp-content\/uploads\/2019\/04\/Lana-Australia.jpg?fit=880%2C440&ssl=1&resize=525%2C300 1.5x, https:\/\/i0.wp.com\/lahoradelcampo.com.uy\/site\/wp-content\/uploads\/2019\/04\/Lana-Australia.jpg?fit=880%2C440&ssl=1&resize=700%2C400 2x"},"classes":[]},{"id":16146,"url":"https:\/\/lahoradelcampo.com.uy\/site\/luego-de-una-pequena-corriente-comercial-en-lanas-medias-el-mercado-volvio-a-aquietarse\/","url_meta":{"origin":53657,"position":1},"title":"Luego de una peque\u00f1a corriente comercial el mercado se aquiet\u00f3","author":"La Hora del Campo","date":"29 noviembre, 2019","format":false,"excerpt":"El mercado lanero uruguayo registr\u00f3 hace dos semanas una corriente de negocios en lanas medias principalmente, donde se lograron comercializar varios lotes, sin embargo algunos consignatarios entienden que la oferta tens\u00f3 fuertemente una cuerda que no estaba firme y ello llevo a que la demanda se retirara de la operativa.\u2026","rel":"","context":"En \u00abActualidad\u00bb","block_context":{"text":"Actualidad","link":"https:\/\/lahoradelcampo.com.uy\/site\/category\/actualidad\/"},"img":{"alt_text":"","src":"https:\/\/i0.wp.com\/lahoradelcampo.com.uy\/site\/wp-content\/uploads\/2017\/12\/Lanas-uruguay.jpg?fit=880%2C440&ssl=1&resize=350%2C200","width":350,"height":200,"srcset":"https:\/\/i0.wp.com\/lahoradelcampo.com.uy\/site\/wp-content\/uploads\/2017\/12\/Lanas-uruguay.jpg?fit=880%2C440&ssl=1&resize=350%2C200 1x, https:\/\/i0.wp.com\/lahoradelcampo.com.uy\/site\/wp-content\/uploads\/2017\/12\/Lanas-uruguay.jpg?fit=880%2C440&ssl=1&resize=525%2C300 1.5x, https:\/\/i0.wp.com\/lahoradelcampo.com.uy\/site\/wp-content\/uploads\/2017\/12\/Lanas-uruguay.jpg?fit=880%2C440&ssl=1&resize=700%2C400 2x"},"classes":[]},{"id":15990,"url":"https:\/\/lahoradelcampo.com.uy\/site\/mercado-lanero-pocos-negocios-y-los-valores-lejos-de-las-expectativas\/","url_meta":{"origin":53657,"position":2},"title":"Mercado lanero: Pocos negocios y los valores lejos de las expectativas","author":"La Hora del Campo","date":"24 noviembre, 2019","format":false,"excerpt":"El mercado interno se movi\u00f3 lentamente en algunos negocios sobre el pasado fin de semana para luego volver a aquietarse. Como es tradicional al acercarse al cierre del a\u00f1o, algunos productores buscan vender su lana, sin embargo a\u00fan da la sensaci\u00f3n que lejos est\u00e1 de conformarse un mercado fluido en\u2026","rel":"","context":"En \u00abActualidad\u00bb","block_context":{"text":"Actualidad","link":"https:\/\/lahoradelcampo.com.uy\/site\/category\/actualidad\/"},"img":{"alt_text":"","src":"https:\/\/i0.wp.com\/lahoradelcampo.com.uy\/site\/wp-content\/uploads\/2017\/10\/Lanas-2.jpg?fit=880%2C440&ssl=1&resize=350%2C200","width":350,"height":200,"srcset":"https:\/\/i0.wp.com\/lahoradelcampo.com.uy\/site\/wp-content\/uploads\/2017\/10\/Lanas-2.jpg?fit=880%2C440&ssl=1&resize=350%2C200 1x, https:\/\/i0.wp.com\/lahoradelcampo.com.uy\/site\/wp-content\/uploads\/2017\/10\/Lanas-2.jpg?fit=880%2C440&ssl=1&resize=525%2C300 1.5x, https:\/\/i0.wp.com\/lahoradelcampo.com.uy\/site\/wp-content\/uploads\/2017\/10\/Lanas-2.jpg?fit=880%2C440&ssl=1&resize=700%2C400 2x"},"classes":[]},{"id":23244,"url":"https:\/\/lahoradelcampo.com.uy\/site\/el-mercado-interno-continua-sin-negocios-de-lana\/","url_meta":{"origin":53657,"position":3},"title":"El mercado interno contin\u00faa sin negocios de lana","author":"La Hora del Campo","date":"4 septiembre, 2020","format":false,"excerpt":"El mercado lanero uruguayo transcurre la primera semana de setiembre sin operativa en los diferentes tipos de lanas. La demanda contin\u00faa retra\u00edda y sin negocios, frente a una oferta que tampoco presiona, a la espera de referencias de valores que permitan tomar posici\u00f3n de venta. En general y si bien\u2026","rel":"","context":"En \u00abActualidad\u00bb","block_context":{"text":"Actualidad","link":"https:\/\/lahoradelcampo.com.uy\/site\/category\/actualidad\/"},"img":{"alt_text":"","src":"https:\/\/i0.wp.com\/lahoradelcampo.com.uy\/site\/wp-content\/uploads\/2017\/12\/Lanas-uruguay.jpg?fit=880%2C440&ssl=1&resize=350%2C200","width":350,"height":200,"srcset":"https:\/\/i0.wp.com\/lahoradelcampo.com.uy\/site\/wp-content\/uploads\/2017\/12\/Lanas-uruguay.jpg?fit=880%2C440&ssl=1&resize=350%2C200 1x, https:\/\/i0.wp.com\/lahoradelcampo.com.uy\/site\/wp-content\/uploads\/2017\/12\/Lanas-uruguay.jpg?fit=880%2C440&ssl=1&resize=525%2C300 1.5x, https:\/\/i0.wp.com\/lahoradelcampo.com.uy\/site\/wp-content\/uploads\/2017\/12\/Lanas-uruguay.jpg?fit=880%2C440&ssl=1&resize=700%2C400 2x"},"classes":[]},{"id":30942,"url":"https:\/\/lahoradelcampo.com.uy\/site\/tras-negocios-puntuales-productores-esperan-mejores-precios-para-vender\/","url_meta":{"origin":53657,"position":4},"title":"Tras negocios puntuales, productores esperan mejores precios para vender","author":"La Hora del Campo","date":"4 junio, 2021","format":false,"excerpt":"En las \u00faltimas semanas se han dado algunos negocios, que se se\u00f1alan como puntuales por algunos operadores, con precios que generan expectativas y hace que algunos productores vuelvan a posicionarse con valores por encima de lo que la demanda est\u00e1 convalidando en los negocios. Si bien tanto desde la industria\u2026","rel":"","context":"En \u00abActualidad\u00bb","block_context":{"text":"Actualidad","link":"https:\/\/lahoradelcampo.com.uy\/site\/category\/actualidad\/"},"img":{"alt_text":"","src":"https:\/\/i0.wp.com\/lahoradelcampo.com.uy\/site\/wp-content\/uploads\/2021\/06\/lanauruguay.jpg?fit=880%2C440&ssl=1&resize=350%2C200","width":350,"height":200,"srcset":"https:\/\/i0.wp.com\/lahoradelcampo.com.uy\/site\/wp-content\/uploads\/2021\/06\/lanauruguay.jpg?fit=880%2C440&ssl=1&resize=350%2C200 1x, https:\/\/i0.wp.com\/lahoradelcampo.com.uy\/site\/wp-content\/uploads\/2021\/06\/lanauruguay.jpg?fit=880%2C440&ssl=1&resize=525%2C300 1.5x, https:\/\/i0.wp.com\/lahoradelcampo.com.uy\/site\/wp-content\/uploads\/2021\/06\/lanauruguay.jpg?fit=880%2C440&ssl=1&resize=700%2C400 2x"},"classes":[]},{"id":38385,"url":"https:\/\/lahoradelcampo.com.uy\/site\/el-mercado-lanero-interno-hizo-sonar-los-telefonos-esta-semana\/","url_meta":{"origin":53657,"position":5},"title":"El mercado lanero interno hizo sonar los tel\u00e9fonos esta semana","author":"La Hora del Campo","date":"14 enero, 2022","format":false,"excerpt":"El mercado lanero uruguayo est\u00e1 retomando la operativa comercial, luego del receso de las tradicionales fiestas y frente a un mercado internacional que ha registrado un importante incremento en las cotizaciones esta semana. En di\u00e1logo con varios operadores, se ha se\u00f1alado que tanto desde el punto de vista de los\u2026","rel":"","context":"En \u00abActualidad\u00bb","block_context":{"text":"Actualidad","link":"https:\/\/lahoradelcampo.com.uy\/site\/category\/actualidad\/"},"img":{"alt_text":"","src":"https:\/\/i0.wp.com\/lahoradelcampo.com.uy\/site\/wp-content\/uploads\/2021\/06\/lanavellones.jpg?fit=880%2C440&ssl=1&resize=350%2C200","width":350,"height":200,"srcset":"https:\/\/i0.wp.com\/lahoradelcampo.com.uy\/site\/wp-content\/uploads\/2021\/06\/lanavellones.jpg?fit=880%2C440&ssl=1&resize=350%2C200 1x, https:\/\/i0.wp.com\/lahoradelcampo.com.uy\/site\/wp-content\/uploads\/2021\/06\/lanavellones.jpg?fit=880%2C440&ssl=1&resize=525%2C300 1.5x, https:\/\/i0.wp.com\/lahoradelcampo.com.uy\/site\/wp-content\/uploads\/2021\/06\/lanavellones.jpg?fit=880%2C440&ssl=1&resize=700%2C400 2x"},"classes":[]}],"jetpack_likes_enabled":true,"_links":{"self":[{"href":"https:\/\/lahoradelcampo.com.uy\/site\/wp-json\/wp\/v2\/posts\/53657","targetHints":{"allow":["GET"]}}],"collection":[{"href":"https:\/\/lahoradelcampo.com.uy\/site\/wp-json\/wp\/v2\/posts"}],"about":[{"href":"https:\/\/lahoradelcampo.com.uy\/site\/wp-json\/wp\/v2\/types\/post"}],"author":[{"embeddable":true,"href":"https:\/\/lahoradelcampo.com.uy\/site\/wp-json\/wp\/v2\/users\/5"}],"replies":[{"embeddable":true,"href":"https:\/\/lahoradelcampo.com.uy\/site\/wp-json\/wp\/v2\/comments?post=53657"}],"version-history":[{"count":1,"href":"https:\/\/lahoradelcampo.com.uy\/site\/wp-json\/wp\/v2\/posts\/53657\/revisions"}],"predecessor-version":[{"id":53659,"href":"https:\/\/lahoradelcampo.com.uy\/site\/wp-json\/wp\/v2\/posts\/53657\/revisions\/53659"}],"wp:featuredmedia":[{"embeddable":true,"href":"https:\/\/lahoradelcampo.com.uy\/site\/wp-json\/wp\/v2\/media\/53658"}],"wp:attachment":[{"href":"https:\/\/lahoradelcampo.com.uy\/site\/wp-json\/wp\/v2\/media?parent=53657"}],"wp:term":[{"taxonomy":"category","embeddable":true,"href":"https:\/\/lahoradelcampo.com.uy\/site\/wp-json\/wp\/v2\/categories?post=53657"},{"taxonomy":"post_tag","embeddable":true,"href":"https:\/\/lahoradelcampo.com.uy\/site\/wp-json\/wp\/v2\/tags?post=53657"}],"curies":[{"name":"wp","href":"https:\/\/api.w.org\/{rel}","templated":true}]}}