{"id":53641,"date":"2024-04-02T08:08:00","date_gmt":"2024-04-02T11:08:00","guid":{"rendered":"http:\/\/lahoradelcampo.com.uy\/site\/?p=53641"},"modified":"2024-03-31T20:14:44","modified_gmt":"2024-03-31T23:14:44","slug":"sector-vinicola-nacional-brillo-en-la-cumbre-mundial-de-enoturismo","status":"publish","type":"post","link":"https:\/\/lahoradelcampo.com.uy\/site\/sector-vinicola-nacional-brillo-en-la-cumbre-mundial-de-enoturismo\/","title":{"rendered":"Sector vin\u00edcola nacional brillo en la Cumbre Mundial de Enoturismo"},"content":{"rendered":"\n<p>En un evento que reuni\u00f3 a los l\u00edderes m\u00e1s destacados de la vitivinicultura mundial, Punta del Este se convirti\u00f3 en el epicentro de la innovaci\u00f3n y la excelencia en el enoturismo. <\/p>\n\n\n\n<figure class=\"wp-block-image size-full\"><a href=\"https:\/\/i0.wp.com\/lahoradelcampo.com.uy\/site\/wp-content\/uploads\/2024\/03\/INAVI-EnoturismoPdelE.jpg\"><img data-recalc-dims=\"1\" loading=\"lazy\" decoding=\"async\" width=\"810\" height=\"405\" data-attachment-id=\"53642\" data-permalink=\"https:\/\/lahoradelcampo.com.uy\/site\/sector-vinicola-nacional-brillo-en-la-cumbre-mundial-de-enoturismo\/inavi-enoturismopdele\/\" data-orig-file=\"https:\/\/i0.wp.com\/lahoradelcampo.com.uy\/site\/wp-content\/uploads\/2024\/03\/INAVI-EnoturismoPdelE.jpg?fit=880%2C440&amp;ssl=1\" data-orig-size=\"880,440\" data-comments-opened=\"1\" data-image-meta=\"{&quot;aperture&quot;:&quot;0&quot;,&quot;credit&quot;:&quot;&quot;,&quot;camera&quot;:&quot;&quot;,&quot;caption&quot;:&quot;&quot;,&quot;created_timestamp&quot;:&quot;0&quot;,&quot;copyright&quot;:&quot;&quot;,&quot;focal_length&quot;:&quot;0&quot;,&quot;iso&quot;:&quot;0&quot;,&quot;shutter_speed&quot;:&quot;0&quot;,&quot;title&quot;:&quot;&quot;,&quot;orientation&quot;:&quot;1&quot;}\" data-image-title=\"INAVI-EnoturismoPdelE\" data-image-description=\"\" data-image-caption=\"\" data-large-file=\"https:\/\/i0.wp.com\/lahoradelcampo.com.uy\/site\/wp-content\/uploads\/2024\/03\/INAVI-EnoturismoPdelE.jpg?fit=810%2C405&amp;ssl=1\" src=\"https:\/\/i0.wp.com\/lahoradelcampo.com.uy\/site\/wp-content\/uploads\/2024\/03\/INAVI-EnoturismoPdelE.jpg?resize=810%2C405\" alt=\"\" class=\"wp-image-53642\" srcset=\"https:\/\/i0.wp.com\/lahoradelcampo.com.uy\/site\/wp-content\/uploads\/2024\/03\/INAVI-EnoturismoPdelE.jpg?w=880&amp;ssl=1 880w, https:\/\/i0.wp.com\/lahoradelcampo.com.uy\/site\/wp-content\/uploads\/2024\/03\/INAVI-EnoturismoPdelE.jpg?resize=300%2C150&amp;ssl=1 300w, https:\/\/i0.wp.com\/lahoradelcampo.com.uy\/site\/wp-content\/uploads\/2024\/03\/INAVI-EnoturismoPdelE.jpg?resize=768%2C384&amp;ssl=1 768w, https:\/\/i0.wp.com\/lahoradelcampo.com.uy\/site\/wp-content\/uploads\/2024\/03\/INAVI-EnoturismoPdelE.jpg?resize=820%2C410&amp;ssl=1 820w\" sizes=\"auto, (max-width: 810px) 100vw, 810px\" \/><\/a><\/figure>\n\n\n\n<p>Del 19 al 21 de marzo, la Primera Cumbre Global de Enoturismo Responsable, organizada por la Organizaci\u00f3n Mundial de Enoturismo (OMET) y el Ministerio de Turismo de Uruguay con el apoyo del Instituto Nacional de Vitivinicultura (INAVI), congreg\u00f3 a expertos y profesionales de 14 pa\u00edses.<\/p>\n\n\n\n<p>Entre los destacados reconocimientos otorgados por la OMET, la Intendencia de Montevideo fue honrada como un destino nacional de referencia, mientras que la bodega Vi\u00f1a Ed\u00e9n recibi\u00f3 una Menci\u00f3n Honor\u00edfica por su destacada experiencia enotur\u00edstica.<\/p>\n\n\n\n<p>El galard\u00f3n a la excelencia internacional se otorg\u00f3 a Mendoza, consagr\u00e1ndola como el mejor destino internacional de enoturismo, y a Vi\u00f1a Santa Rita de Chile, reconocida como la mejor vivencia enotur\u00edstica del mundo.<\/p>\n\n\n\n<p>La cumbre fue un espacio excepcional para compartir pr\u00e1cticas responsables, fomentar la innovaci\u00f3n empresarial y establecer sinergias entre profesionales y empresarios del sector. Durante tres d\u00edas, se llevaron a cabo paneles de discusi\u00f3n, jornadas acad\u00e9micas y exposiciones, donde se abordaron temas como el paisaje vitivin\u00edcola, branding, asociatividad, turismo de negocios y comercializaci\u00f3n.<\/p>\n\n\n\n<p>Destinos enotur\u00edsticos de todo el mundo presentaron sus casos de \u00e9xito, destacando las particularidades de sus emprendimientos desde una perspectiva responsable. En este contexto, las bodegas uruguayas Bouza, BraccoBosca, Garz\u00f3n, Jos\u00e9 Ignacio, Pizzorno, Vi\u00f1a Ed\u00e9n y Zubizarreta brillaron al mostrar la riqueza y singularidad de sus propuestas.<\/p>\n\n\n\n<p>Adem\u00e1s, se realizaron visitas t\u00e9cnicas a establecimientos enotur\u00edsticos en el departamento de Maldonado, evidenciando el potencial de Uruguay en este \u00e1mbito.<\/p>\n\n\n\n<p>El presidente de INAVI, En\u00f3l. Ricardo Cabrera, subray\u00f3 el orgullo de que Uruguay fuera elegido como sede de esta cumbre hist\u00f3rica y destac\u00f3 la importancia de seguir aprendiendo y conectando las pr\u00e1cticas locales con las tendencias internacionales.<\/p>\n\n\n\n<p>Por su parte, el ministro de Turismo, Dr. Eduardo Sanguinetti, resalt\u00f3 la relevancia de este evento para el desarrollo del turismo enol\u00f3gico a nivel mundial y para la promoci\u00f3n de Uruguay como un destino enotur\u00edstico de excelencia, impulsando el desarrollo socioecon\u00f3mico y fortaleciendo los lazos entre productores, empresarios y amantes del vino de todo el mundo.<\/p>\n\n\n\n<p>La pr\u00f3xima sede de la Cumbre Mundial de Enoturismo ser\u00e1 en la ciudad de Yantai, en China, marcando un nuevo hito en la expansi\u00f3n y consolidaci\u00f3n de este sector a nivel global.<\/p>\n\n\n\n<p>Salto, 31 de marzo de 2024<\/p>\n","protected":false},"excerpt":{"rendered":"<p>En un evento que reuni\u00f3 a los l\u00edderes m\u00e1s destacados de la vitivinicultura mundial, Punta del Este se convirti\u00f3 en el epicentro de la innovaci\u00f3n y la excelencia en el [&hellip;]<\/p>\n","protected":false},"author":5,"featured_media":53642,"comment_status":"open","ping_status":"open","sticky":false,"template":"","format":"standard","meta":{"_price":"","_stock":"","_tribe_ticket_header":"","_tribe_default_ticket_provider":"","_tribe_ticket_capacity":"0","_ticket_start_date":"","_ticket_end_date":"","_tribe_ticket_show_description":"","_tribe_ticket_show_not_going":false,"_tribe_ticket_use_global_stock":"","_tribe_ticket_global_stock_level":"","_global_stock_mode":"","_global_stock_cap":"","_tribe_rsvp_for_event":"","_tribe_ticket_going_count":"","_tribe_ticket_not_going_count":"","_tribe_tickets_list":"[]","_tribe_ticket_has_attendee_info_fields":false,"h5ap_radio_sources":[],"_jetpack_newsletter_access":"","_jetpack_dont_email_post_to_subs":false,"_jetpack_newsletter_tier_id":0,"_jetpack_memberships_contains_paywalled_content":false,"_jetpack_memberships_contains_paid_content":false,"footnotes":""},"categories":[21,9],"tags":[],"class_list":["post-53641","post","type-post","status-publish","format-standard","has-post-thumbnail","hentry","category-actualidad","category-granja"],"jetpack_featured_media_url":"https:\/\/i0.wp.com\/lahoradelcampo.com.uy\/site\/wp-content\/uploads\/2024\/03\/INAVI-EnoturismoPdelE.jpg?fit=880%2C440&ssl=1","jetpack_sharing_enabled":true,"jetpack_shortlink":"https:\/\/wp.me\/p99IaT-dXb","jetpack-related-posts":[{"id":25330,"url":"https:\/\/lahoradelcampo.com.uy\/site\/el-proximo-domingo-se-celebra-el-dia-internacional-del-enoturismo\/","url_meta":{"origin":53641,"position":0},"title":"El pr\u00f3ximo domingo se celebra el d\u00eda internacional del enoturismo","author":"La Hora del Campo","date":"6 noviembre, 2020","format":false,"excerpt":"El pr\u00f3ximo domingo 8 de noviembre se celebra el D\u00eda Internacional del Enoturismo, que como es tradicional se celebra todos los segundos domingos del d\u00e9cimo primer mes del a\u00f1o. Y esta seguramente, ser\u00e1 la celebraci\u00f3n m\u00e1s at\u00edpica en su historia, debido a las restricciones de movilidad y protocolos que se\u2026","rel":"","context":"En \u00abActualidad\u00bb","block_context":{"text":"Actualidad","link":"https:\/\/lahoradelcampo.com.uy\/site\/category\/actualidad\/"},"img":{"alt_text":"","src":"https:\/\/i0.wp.com\/lahoradelcampo.com.uy\/site\/wp-content\/uploads\/2020\/11\/EnoturismoINAVI.jpg?fit=880%2C440&ssl=1&resize=350%2C200","width":350,"height":200,"srcset":"https:\/\/i0.wp.com\/lahoradelcampo.com.uy\/site\/wp-content\/uploads\/2020\/11\/EnoturismoINAVI.jpg?fit=880%2C440&ssl=1&resize=350%2C200 1x, https:\/\/i0.wp.com\/lahoradelcampo.com.uy\/site\/wp-content\/uploads\/2020\/11\/EnoturismoINAVI.jpg?fit=880%2C440&ssl=1&resize=525%2C300 1.5x, https:\/\/i0.wp.com\/lahoradelcampo.com.uy\/site\/wp-content\/uploads\/2020\/11\/EnoturismoINAVI.jpg?fit=880%2C440&ssl=1&resize=700%2C400 2x"},"classes":[]},{"id":52944,"url":"https:\/\/lahoradelcampo.com.uy\/site\/enoturismo-en-uruguay-genera-ingresos-deus-11-millones\/","url_meta":{"origin":53641,"position":1},"title":"Enoturismo en Uruguay genera ingresos deUS$ 11 millones","author":"La Hora del Campo","date":"30 octubre, 2023","format":false,"excerpt":"El Instituto Nacional de Vitivinicultura (INAVI) de Uruguay ha presentado los resultados de una encuesta sobre el impacto econ\u00f3mico del enoturismo en el pa\u00eds, llevada a cabo por la firma Opci\u00f3n Consultores. El informe destaca la creciente importancia del enoturismo en Uruguay, una tendencia que ha experimentado un crecimiento constante\u2026","rel":"","context":"En \u00abActualidad\u00bb","block_context":{"text":"Actualidad","link":"https:\/\/lahoradelcampo.com.uy\/site\/category\/actualidad\/"},"img":{"alt_text":"","src":"https:\/\/i0.wp.com\/lahoradelcampo.com.uy\/site\/wp-content\/uploads\/2023\/10\/INAVI-enoturismo.jpg?fit=880%2C440&ssl=1&resize=350%2C200","width":350,"height":200,"srcset":"https:\/\/i0.wp.com\/lahoradelcampo.com.uy\/site\/wp-content\/uploads\/2023\/10\/INAVI-enoturismo.jpg?fit=880%2C440&ssl=1&resize=350%2C200 1x, https:\/\/i0.wp.com\/lahoradelcampo.com.uy\/site\/wp-content\/uploads\/2023\/10\/INAVI-enoturismo.jpg?fit=880%2C440&ssl=1&resize=525%2C300 1.5x, https:\/\/i0.wp.com\/lahoradelcampo.com.uy\/site\/wp-content\/uploads\/2023\/10\/INAVI-enoturismo.jpg?fit=880%2C440&ssl=1&resize=700%2C400 2x"},"classes":[]},{"id":51005,"url":"https:\/\/lahoradelcampo.com.uy\/site\/el-enoturismo-descubriendo-los-tesoros-vinicolas-del-pais\/","url_meta":{"origin":53641,"position":2},"title":"El enoturismo: Descubriendo los Tesoros Vin\u00edcolas del Pa\u00eds","author":"La Hora del Campo","date":"2 junio, 2023","format":false,"excerpt":"La Mag. Mar\u00eda Paula Vila, Jefe de Enoturismo del Instituto Nacional de Vitivinicultura (INAVI), estuvo recientemente por Salto, en el marco de la Semana de Harriague. El Mercado 18, fue el punto de encuentro para amantes del vino y curiosos que buscaron conocer m\u00e1s de la historia de Harriague, y\u2026","rel":"","context":"En \u00abActualidad\u00bb","block_context":{"text":"Actualidad","link":"https:\/\/lahoradelcampo.com.uy\/site\/category\/actualidad\/"},"img":{"alt_text":"","src":"https:\/\/i0.wp.com\/lahoradelcampo.com.uy\/site\/wp-content\/uploads\/2023\/06\/INAVI_MariaPaulaVila.jpg?fit=880%2C440&ssl=1&resize=350%2C200","width":350,"height":200,"srcset":"https:\/\/i0.wp.com\/lahoradelcampo.com.uy\/site\/wp-content\/uploads\/2023\/06\/INAVI_MariaPaulaVila.jpg?fit=880%2C440&ssl=1&resize=350%2C200 1x, https:\/\/i0.wp.com\/lahoradelcampo.com.uy\/site\/wp-content\/uploads\/2023\/06\/INAVI_MariaPaulaVila.jpg?fit=880%2C440&ssl=1&resize=525%2C300 1.5x, https:\/\/i0.wp.com\/lahoradelcampo.com.uy\/site\/wp-content\/uploads\/2023\/06\/INAVI_MariaPaulaVila.jpg?fit=880%2C440&ssl=1&resize=700%2C400 2x"},"classes":[]},{"id":55101,"url":"https:\/\/lahoradelcampo.com.uy\/site\/noviembre-el-mes-del-enoturismo\/","url_meta":{"origin":53641,"position":3},"title":"Noviembre, el mes del enoturismo","author":"La Hora del Campo","date":"12 noviembre, 2024","format":false,"excerpt":"En noviembre, Uruguay se viste de fiesta para celebrar el Mes del Enoturismo, una propuesta que recorre el pa\u00eds destacando su rica tradici\u00f3n vin\u00edcola y ofreciendo una amplia variedad de actividades. En este marco, cada segundo domingo del mes se conmemora el D\u00eda Mundial del Enoturismo, una iniciativa impulsada desde\u2026","rel":"","context":"En \u00abActualidad\u00bb","block_context":{"text":"Actualidad","link":"https:\/\/lahoradelcampo.com.uy\/site\/category\/actualidad\/"},"img":{"alt_text":"","src":"https:\/\/i0.wp.com\/lahoradelcampo.com.uy\/site\/wp-content\/uploads\/2024\/11\/VINO_INAVI.jpg?fit=880%2C440&ssl=1&resize=350%2C200","width":350,"height":200,"srcset":"https:\/\/i0.wp.com\/lahoradelcampo.com.uy\/site\/wp-content\/uploads\/2024\/11\/VINO_INAVI.jpg?fit=880%2C440&ssl=1&resize=350%2C200 1x, https:\/\/i0.wp.com\/lahoradelcampo.com.uy\/site\/wp-content\/uploads\/2024\/11\/VINO_INAVI.jpg?fit=880%2C440&ssl=1&resize=525%2C300 1.5x, https:\/\/i0.wp.com\/lahoradelcampo.com.uy\/site\/wp-content\/uploads\/2024\/11\/VINO_INAVI.jpg?fit=880%2C440&ssl=1&resize=700%2C400 2x"},"classes":[]},{"id":27438,"url":"https:\/\/lahoradelcampo.com.uy\/site\/inavi-lleva-adelante-el-primer-censo-nacional-de-enoturismo\/","url_meta":{"origin":53641,"position":4},"title":"Inavi lleva adelante el primer censo nacional de enoturismo","author":"La Hora del Campo","date":"8 febrero, 2021","format":false,"excerpt":"Con el objetivo de contar con informaci\u00f3n de primera mano sobre todas las propuestas de enotur\u00edsticas que existen en el pa\u00eds, INAVI est\u00e1 llevando adelante el Primer Censo Nacional de Bodegas y Vi\u00f1edos Tur\u00edsticos. La iniciativa surge de un relevamiento desarrollado junto al Ministerio de Turismo y llevado a consulta\u2026","rel":"","context":"En \u00abActualidad\u00bb","block_context":{"text":"Actualidad","link":"https:\/\/lahoradelcampo.com.uy\/site\/category\/actualidad\/"},"img":{"alt_text":"","src":"https:\/\/i0.wp.com\/lahoradelcampo.com.uy\/site\/wp-content\/uploads\/2019\/04\/Vinos.jpg?fit=880%2C440&ssl=1&resize=350%2C200","width":350,"height":200,"srcset":"https:\/\/i0.wp.com\/lahoradelcampo.com.uy\/site\/wp-content\/uploads\/2019\/04\/Vinos.jpg?fit=880%2C440&ssl=1&resize=350%2C200 1x, https:\/\/i0.wp.com\/lahoradelcampo.com.uy\/site\/wp-content\/uploads\/2019\/04\/Vinos.jpg?fit=880%2C440&ssl=1&resize=525%2C300 1.5x, https:\/\/i0.wp.com\/lahoradelcampo.com.uy\/site\/wp-content\/uploads\/2019\/04\/Vinos.jpg?fit=880%2C440&ssl=1&resize=700%2C400 2x"},"classes":[]},{"id":30754,"url":"https:\/\/lahoradelcampo.com.uy\/site\/nueva-directiva-de-la-asociacion-de-turismo-enologico-prepara-varias-actividades\/","url_meta":{"origin":53641,"position":5},"title":"Nueva directiva de la Asociaci\u00f3n de Turismo Enol\u00f3gico prepara varias actividades","author":"La Hora del Campo","date":"1 junio, 2021","format":false,"excerpt":"La nueva directiva de la Asociaci\u00f3n de Turismo Enol\u00f3gico del Uruguay (ATEU) est\u00e1 presidida por Virginia Moreira, directora de la Bodega Stagnari. En los \u00faltimos d\u00edas, la gremial se reuni\u00f3 con el presidente del Instituto Nacional de Vitivinicultura (INAVI) y el equipo de enoturismo del instituto. Durante el encuentro se\u2026","rel":"","context":"En \u00abActualidad\u00bb","block_context":{"text":"Actualidad","link":"https:\/\/lahoradelcampo.com.uy\/site\/category\/actualidad\/"},"img":{"alt_text":"","src":"https:\/\/i0.wp.com\/lahoradelcampo.com.uy\/site\/wp-content\/uploads\/2017\/12\/uva.jpg?fit=880%2C440&ssl=1&resize=350%2C200","width":350,"height":200,"srcset":"https:\/\/i0.wp.com\/lahoradelcampo.com.uy\/site\/wp-content\/uploads\/2017\/12\/uva.jpg?fit=880%2C440&ssl=1&resize=350%2C200 1x, https:\/\/i0.wp.com\/lahoradelcampo.com.uy\/site\/wp-content\/uploads\/2017\/12\/uva.jpg?fit=880%2C440&ssl=1&resize=525%2C300 1.5x, https:\/\/i0.wp.com\/lahoradelcampo.com.uy\/site\/wp-content\/uploads\/2017\/12\/uva.jpg?fit=880%2C440&ssl=1&resize=700%2C400 2x"},"classes":[]}],"jetpack_likes_enabled":true,"_links":{"self":[{"href":"https:\/\/lahoradelcampo.com.uy\/site\/wp-json\/wp\/v2\/posts\/53641","targetHints":{"allow":["GET"]}}],"collection":[{"href":"https:\/\/lahoradelcampo.com.uy\/site\/wp-json\/wp\/v2\/posts"}],"about":[{"href":"https:\/\/lahoradelcampo.com.uy\/site\/wp-json\/wp\/v2\/types\/post"}],"author":[{"embeddable":true,"href":"https:\/\/lahoradelcampo.com.uy\/site\/wp-json\/wp\/v2\/users\/5"}],"replies":[{"embeddable":true,"href":"https:\/\/lahoradelcampo.com.uy\/site\/wp-json\/wp\/v2\/comments?post=53641"}],"version-history":[{"count":1,"href":"https:\/\/lahoradelcampo.com.uy\/site\/wp-json\/wp\/v2\/posts\/53641\/revisions"}],"predecessor-version":[{"id":53643,"href":"https:\/\/lahoradelcampo.com.uy\/site\/wp-json\/wp\/v2\/posts\/53641\/revisions\/53643"}],"wp:featuredmedia":[{"embeddable":true,"href":"https:\/\/lahoradelcampo.com.uy\/site\/wp-json\/wp\/v2\/media\/53642"}],"wp:attachment":[{"href":"https:\/\/lahoradelcampo.com.uy\/site\/wp-json\/wp\/v2\/media?parent=53641"}],"wp:term":[{"taxonomy":"category","embeddable":true,"href":"https:\/\/lahoradelcampo.com.uy\/site\/wp-json\/wp\/v2\/categories?post=53641"},{"taxonomy":"post_tag","embeddable":true,"href":"https:\/\/lahoradelcampo.com.uy\/site\/wp-json\/wp\/v2\/tags?post=53641"}],"curies":[{"name":"wp","href":"https:\/\/api.w.org\/{rel}","templated":true}]}}