{"id":53535,"date":"2024-03-03T12:29:50","date_gmt":"2024-03-03T15:29:50","guid":{"rendered":"http:\/\/lahoradelcampo.com.uy\/site\/?p=53535"},"modified":"2024-03-03T12:29:55","modified_gmt":"2024-03-03T15:29:55","slug":"biogenesis-bago-fortalece-la-lucha-contra-enfermedades-clostridiales-en-uruguay","status":"publish","type":"post","link":"https:\/\/lahoradelcampo.com.uy\/site\/biogenesis-bago-fortalece-la-lucha-contra-enfermedades-clostridiales-en-uruguay\/","title":{"rendered":"Biog\u00e9nesis Bag\u00f3 fortalece la lucha contra enfermedades clostridiales en Uruguay"},"content":{"rendered":"\n<p>El Laboratorio Biog\u00e9nesis Bag\u00f3, ha venido realizando una serie de charlas en distintas zonas del pa\u00eds, con la presencia del Dr. Ariel Koval, donde se dialog\u00f3, se comparti\u00f3 experiencias y conocimientos cruciales, para entender la problem\u00e1tica de las enfermedades clostridiales y desarrollar estrategias de control.<\/p>\n\n\n\n<figure class=\"wp-block-image size-full\"><a href=\"https:\/\/i0.wp.com\/lahoradelcampo.com.uy\/site\/wp-content\/uploads\/2024\/03\/koval-biogenesis-bago.jpg\"><img data-recalc-dims=\"1\" loading=\"lazy\" decoding=\"async\" width=\"810\" height=\"405\" data-attachment-id=\"53536\" data-permalink=\"https:\/\/lahoradelcampo.com.uy\/site\/biogenesis-bago-fortalece-la-lucha-contra-enfermedades-clostridiales-en-uruguay\/koval-biogenesis-bago\/\" data-orig-file=\"https:\/\/i0.wp.com\/lahoradelcampo.com.uy\/site\/wp-content\/uploads\/2024\/03\/koval-biogenesis-bago.jpg?fit=880%2C440&amp;ssl=1\" data-orig-size=\"880,440\" data-comments-opened=\"1\" data-image-meta=\"{&quot;aperture&quot;:&quot;0&quot;,&quot;credit&quot;:&quot;&quot;,&quot;camera&quot;:&quot;&quot;,&quot;caption&quot;:&quot;&quot;,&quot;created_timestamp&quot;:&quot;0&quot;,&quot;copyright&quot;:&quot;&quot;,&quot;focal_length&quot;:&quot;0&quot;,&quot;iso&quot;:&quot;0&quot;,&quot;shutter_speed&quot;:&quot;0&quot;,&quot;title&quot;:&quot;&quot;,&quot;orientation&quot;:&quot;1&quot;}\" data-image-title=\"koval biogenesis bago\" data-image-description=\"\" data-image-caption=\"\" data-large-file=\"https:\/\/i0.wp.com\/lahoradelcampo.com.uy\/site\/wp-content\/uploads\/2024\/03\/koval-biogenesis-bago.jpg?fit=810%2C405&amp;ssl=1\" src=\"https:\/\/i0.wp.com\/lahoradelcampo.com.uy\/site\/wp-content\/uploads\/2024\/03\/koval-biogenesis-bago.jpg?resize=810%2C405\" alt=\"\" class=\"wp-image-53536\" srcset=\"https:\/\/i0.wp.com\/lahoradelcampo.com.uy\/site\/wp-content\/uploads\/2024\/03\/koval-biogenesis-bago.jpg?w=880&amp;ssl=1 880w, https:\/\/i0.wp.com\/lahoradelcampo.com.uy\/site\/wp-content\/uploads\/2024\/03\/koval-biogenesis-bago.jpg?resize=300%2C150&amp;ssl=1 300w, https:\/\/i0.wp.com\/lahoradelcampo.com.uy\/site\/wp-content\/uploads\/2024\/03\/koval-biogenesis-bago.jpg?resize=768%2C384&amp;ssl=1 768w, https:\/\/i0.wp.com\/lahoradelcampo.com.uy\/site\/wp-content\/uploads\/2024\/03\/koval-biogenesis-bago.jpg?resize=820%2C410&amp;ssl=1 820w\" sizes=\"auto, (max-width: 810px) 100vw, 810px\" \/><\/a><\/figure>\n\n\n\n<p>Durante los encuentros, el Dr. Koval destac\u00f3 la presencia mundial de enfermedades clostridiales, se\u00f1alando que los microorganismos y sus esporas est\u00e1n omnipresentes en la Tierra. Los animales no vacunados enfrentan inevitablemente el riesgo de estas enfermedades, lo que puede resultar en la muerte de muchos de ellos, a menudo sin una causa clara.<\/p>\n\n\n\n<p>Enfatizando la importancia del diagn\u00f3stico, el Dr. Koval subray\u00f3 que muchos animales mueren sin que se conozca la causa, a menudo por temor a realizar necropsias. \u00abLa recomendaci\u00f3n es clara: vacunar contra el carbunclo, realizar necropsias y obtener diagn\u00f3sticos precisos. Esto permite seleccionar las herramientas adecuadas y evitar discusiones te\u00f3ricas entre colegas\u00bb, expres\u00f3 el Dr. Koval.<\/p>\n\n\n\n<p>El veterinario uruguayo, seg\u00fan el Dr. Koval, debe abordar la problem\u00e1tica con precisi\u00f3n y cuidado, utilizando todos los elementos de protecci\u00f3n personal necesarios al realizar necropsias. \u00abEs necesario aprender a identificar las lesiones para enriquecerse profesionalmente y brindar soluciones efectivas a los clientes a partir de diagn\u00f3sticos confirmados de muerte\u00bb, agreg\u00f3.<\/p>\n\n\n\n<p>\u00abEl diagn\u00f3stico es clave porque sin \u00e9l estamos ciegos\u00bb, subray\u00f3 el Dr. Koval. Destac\u00f3 la necesidad de realizar necropsias lo m\u00e1s pronto posible, resaltando casos de intoxicaci\u00f3n por plantas t\u00f3xicas donde un diagn\u00f3stico r\u00e1pido puede marcar la diferencia entre confundir una enfermedad clostridial y reconocer una intoxicaci\u00f3n.<\/p>\n\n\n\n<p>Biog\u00e9nesis Bag\u00f3, en su compromiso con la salud animal, present\u00f3 un portafolio de vacunas clostridiales adaptadas a las necesidades uruguayas. El Dr. Koval anunci\u00f3 una nueva vacuna espec\u00edfica para hemoglobinuria basilar, denominada \u00abHemoglobinuria\u00bb, que se suma a vacunas conocidas como \u00abBioclostrigen J5\u00bb y \u00abPoliclostrigen\u00bb. Este portafolio brinda a los veterinarios tres herramientas distintas, una de ellas altamente espec\u00edfica para una enfermedad y \u00e1rea particulares, y dos vacunas clostridiales para uso generalizado en todo el pa\u00eds.<\/p>\n\n\n\n<p>Salto, 3 de marzo de 2024<\/p>\n","protected":false},"excerpt":{"rendered":"<p>El Laboratorio Biog\u00e9nesis Bag\u00f3, ha venido realizando una serie de charlas en distintas zonas del pa\u00eds, con la presencia del Dr. Ariel Koval, donde se dialog\u00f3, se comparti\u00f3 experiencias y [&hellip;]<\/p>\n","protected":false},"author":5,"featured_media":53536,"comment_status":"open","ping_status":"open","sticky":false,"template":"","format":"standard","meta":{"_price":"","_stock":"","_tribe_ticket_header":"","_tribe_default_ticket_provider":"","_tribe_ticket_capacity":"0","_ticket_start_date":"","_ticket_end_date":"","_tribe_ticket_show_description":"","_tribe_ticket_show_not_going":false,"_tribe_ticket_use_global_stock":"","_tribe_ticket_global_stock_level":"","_global_stock_mode":"","_global_stock_cap":"","_tribe_rsvp_for_event":"","_tribe_ticket_going_count":"","_tribe_ticket_not_going_count":"","_tribe_tickets_list":"[]","_tribe_ticket_has_attendee_info_fields":false,"h5ap_radio_sources":[],"_jetpack_newsletter_access":"","_jetpack_dont_email_post_to_subs":false,"_jetpack_newsletter_tier_id":0,"_jetpack_memberships_contains_paywalled_content":false,"_jetpack_memberships_contains_paid_content":false,"footnotes":""},"categories":[21,5],"tags":[],"class_list":["post-53535","post","type-post","status-publish","format-standard","has-post-thumbnail","hentry","category-actualidad","category-ganaderia"],"jetpack_featured_media_url":"https:\/\/i0.wp.com\/lahoradelcampo.com.uy\/site\/wp-content\/uploads\/2024\/03\/koval-biogenesis-bago.jpg?fit=880%2C440&ssl=1","jetpack_sharing_enabled":true,"jetpack_shortlink":"https:\/\/wp.me\/p99IaT-dVt","jetpack-related-posts":[{"id":53487,"url":"https:\/\/lahoradelcampo.com.uy\/site\/jornada-sobre-la-evolucion-en-vacunas-clostridiales-en-tacuarembo\/","url_meta":{"origin":53535,"position":0},"title":"Jornada sobre la \u00abEvoluci\u00f3n en vacunas clostridiales\u00bb en Tacuaremb\u00f3","author":"La Hora del Campo","date":"27 febrero, 2024","format":false,"excerpt":"Biog\u00e9nesis Bag\u00f3 Uruguay invita a la charla del m\u00e9dico veterinario argentino Dr. Ariel Koval, que se realizar\u00e1 el mi\u00e9rcoles 28 de febrero, desde la hora 20:00, en Agroveterinaria Ansina, ubicado en ruta 5 km 387.500 - Tacuaremb\u00f3 Si bien las vacunas clostridiales pueden parecer un tema antiguo, que ya est\u00e1\u2026","rel":"","context":"En \u00abActualidad\u00bb","block_context":{"text":"Actualidad","link":"https:\/\/lahoradelcampo.com.uy\/site\/category\/actualidad\/"},"img":{"alt_text":"","src":"https:\/\/i0.wp.com\/lahoradelcampo.com.uy\/site\/wp-content\/uploads\/2024\/02\/Biogenesis-koval2.jpg?fit=880%2C440&ssl=1&resize=350%2C200","width":350,"height":200,"srcset":"https:\/\/i0.wp.com\/lahoradelcampo.com.uy\/site\/wp-content\/uploads\/2024\/02\/Biogenesis-koval2.jpg?fit=880%2C440&ssl=1&resize=350%2C200 1x, https:\/\/i0.wp.com\/lahoradelcampo.com.uy\/site\/wp-content\/uploads\/2024\/02\/Biogenesis-koval2.jpg?fit=880%2C440&ssl=1&resize=525%2C300 1.5x, https:\/\/i0.wp.com\/lahoradelcampo.com.uy\/site\/wp-content\/uploads\/2024\/02\/Biogenesis-koval2.jpg?fit=880%2C440&ssl=1&resize=700%2C400 2x"},"classes":[]},{"id":52950,"url":"https:\/\/lahoradelcampo.com.uy\/site\/veterinario-argentino-disertara-hoy-sobre-la-evolucion-en-vacunas-clostridiales\/","url_meta":{"origin":53535,"position":1},"title":"Veterinario argentino disertar\u00e1 hoy, sobre la \u00abevoluci\u00f3n en vacunas clostridiales\u00bb","author":"La Hora del Campo","date":"30 octubre, 2023","format":false,"excerpt":"Hoy lunes 30 de octubre, est\u00e1 previsto se realice en el Centro Comercial e Industrial de Salto, la charla del m\u00e9dico veterinario argentino Dr. Ariel Koval, sobre la \"Evoluci\u00f3n de las vacunas clostridiales\". La actividad comenzar\u00e1 a las 19:30 horas y es organizada por Biog\u00e9nesis Bag\u00f3 Uruguay, Veterinaria Bortagaray y\u2026","rel":"","context":"En \u00abActualidad\u00bb","block_context":{"text":"Actualidad","link":"https:\/\/lahoradelcampo.com.uy\/site\/category\/actualidad\/"},"img":{"alt_text":"","src":"https:\/\/i0.wp.com\/lahoradelcampo.com.uy\/site\/wp-content\/uploads\/2023\/10\/biogenesis-argentino.jpg?fit=880%2C440&ssl=1&resize=350%2C200","width":350,"height":200,"srcset":"https:\/\/i0.wp.com\/lahoradelcampo.com.uy\/site\/wp-content\/uploads\/2023\/10\/biogenesis-argentino.jpg?fit=880%2C440&ssl=1&resize=350%2C200 1x, https:\/\/i0.wp.com\/lahoradelcampo.com.uy\/site\/wp-content\/uploads\/2023\/10\/biogenesis-argentino.jpg?fit=880%2C440&ssl=1&resize=525%2C300 1.5x, https:\/\/i0.wp.com\/lahoradelcampo.com.uy\/site\/wp-content\/uploads\/2023\/10\/biogenesis-argentino.jpg?fit=880%2C440&ssl=1&resize=700%2C400 2x"},"classes":[]},{"id":52995,"url":"https:\/\/lahoradelcampo.com.uy\/site\/la-hemoglinuria-bacilar-puede-hacer-inviable-la-produccion-ganadera-si-no-se-vacuna\/","url_meta":{"origin":53535,"position":2},"title":"La hemoglobinuria bacilar puede hacer inviable la producci\u00f3n ganadera, si no se vacuna","author":"La Hora del Campo","date":"1 noviembre, 2023","format":false,"excerpt":"Este lunes 30 de noviembre, el laboratorio Biog\u00e9nesis Bag\u00f3 conjuntamente con el Centro M\u00e9dico Veterinario de Salto y Veterinaria Bortagaray, realizaron la presentaci\u00f3n de Policlostrigen y Revervac a productores y profesionales del norte del pa\u00eds. En dicha jornada estuvo presente el veterinario argentino Dr. Ariel Koval, presentando experiencias y trabajos\u2026","rel":"","context":"En \u00abActualidad\u00bb","block_context":{"text":"Actualidad","link":"https:\/\/lahoradelcampo.com.uy\/site\/category\/actualidad\/"},"img":{"alt_text":"","src":"https:\/\/i0.wp.com\/lahoradelcampo.com.uy\/site\/wp-content\/uploads\/2023\/11\/Biogenesis-koval.jpg?fit=880%2C440&ssl=1&resize=350%2C200","width":350,"height":200,"srcset":"https:\/\/i0.wp.com\/lahoradelcampo.com.uy\/site\/wp-content\/uploads\/2023\/11\/Biogenesis-koval.jpg?fit=880%2C440&ssl=1&resize=350%2C200 1x, https:\/\/i0.wp.com\/lahoradelcampo.com.uy\/site\/wp-content\/uploads\/2023\/11\/Biogenesis-koval.jpg?fit=880%2C440&ssl=1&resize=525%2C300 1.5x, https:\/\/i0.wp.com\/lahoradelcampo.com.uy\/site\/wp-content\/uploads\/2023\/11\/Biogenesis-koval.jpg?fit=880%2C440&ssl=1&resize=700%2C400 2x"},"classes":[]},{"id":43557,"url":"https:\/\/lahoradelcampo.com.uy\/site\/es-momento-de-controlar-las-parasitosis-internas-en-el-preparto-ovino\/","url_meta":{"origin":53535,"position":3},"title":"Es momento de controlar las parasitosis internas en el preparto ovino","author":"La Hora del Campo","date":"6 julio, 2022","format":false,"excerpt":"La sanidad en el pre-parto de los ovinos, conjuntamente con la esquila y el manejo nutricional diferencial, es fundamental para lograr una mayor sobrevida de los corderos. Es un momento importante para controlar la carga parasitaria de las ovejas, para ello se deben usar productos que no presenten resistencia. Adem\u00e1s\u2026","rel":"","context":"En \u00abActualidad\u00bb","block_context":{"text":"Actualidad","link":"https:\/\/lahoradelcampo.com.uy\/site\/category\/actualidad\/"},"img":{"alt_text":"","src":"https:\/\/i0.wp.com\/lahoradelcampo.com.uy\/site\/wp-content\/uploads\/2022\/05\/Biogenesis-Mederos.jpg?fit=880%2C440&ssl=1&resize=350%2C200","width":350,"height":200,"srcset":"https:\/\/i0.wp.com\/lahoradelcampo.com.uy\/site\/wp-content\/uploads\/2022\/05\/Biogenesis-Mederos.jpg?fit=880%2C440&ssl=1&resize=350%2C200 1x, https:\/\/i0.wp.com\/lahoradelcampo.com.uy\/site\/wp-content\/uploads\/2022\/05\/Biogenesis-Mederos.jpg?fit=880%2C440&ssl=1&resize=525%2C300 1.5x, https:\/\/i0.wp.com\/lahoradelcampo.com.uy\/site\/wp-content\/uploads\/2022\/05\/Biogenesis-Mederos.jpg?fit=880%2C440&ssl=1&resize=700%2C400 2x"},"classes":[]},{"id":49233,"url":"https:\/\/lahoradelcampo.com.uy\/site\/biogenesis-bago-prevenir-en-sanidad-hace-la-diferencia-en-estos-momentos\/","url_meta":{"origin":53535,"position":4},"title":"Biog\u00e9nesis Bag\u00f3: \u00abprevenir en sanidad hace la diferencia en estos momentos\u00bb","author":"La Hora del Campo","date":"14 marzo, 2023","format":false,"excerpt":"El equipo t\u00e9cnico de Biog\u00e9nesis Bag\u00f3 viene realizando un relevamiento a nivel de campo, de la situaci\u00f3n actual de la ganader\u00eda, en el contacto diario con productores, en el marco de una situaci\u00f3n muy compleja desde el punto de vista clim\u00e1tico y alimenticio para los ganados. \"Si bien se registraron\u2026","rel":"","context":"En \u00abActualidad\u00bb","block_context":{"text":"Actualidad","link":"https:\/\/lahoradelcampo.com.uy\/site\/category\/actualidad\/"},"img":{"alt_text":"","src":"https:\/\/i0.wp.com\/lahoradelcampo.com.uy\/site\/wp-content\/uploads\/2022\/04\/Biogenesis-tachi.jpg?fit=880%2C440&ssl=1&resize=350%2C200","width":350,"height":200,"srcset":"https:\/\/i0.wp.com\/lahoradelcampo.com.uy\/site\/wp-content\/uploads\/2022\/04\/Biogenesis-tachi.jpg?fit=880%2C440&ssl=1&resize=350%2C200 1x, https:\/\/i0.wp.com\/lahoradelcampo.com.uy\/site\/wp-content\/uploads\/2022\/04\/Biogenesis-tachi.jpg?fit=880%2C440&ssl=1&resize=525%2C300 1.5x, https:\/\/i0.wp.com\/lahoradelcampo.com.uy\/site\/wp-content\/uploads\/2022\/04\/Biogenesis-tachi.jpg?fit=880%2C440&ssl=1&resize=700%2C400 2x"},"classes":[]},{"id":47491,"url":"https:\/\/lahoradelcampo.com.uy\/site\/es-momento-de-prevenir-enfermedades-en-novillos-de-sobre-ano\/","url_meta":{"origin":53535,"position":5},"title":"Es momento de prevenir enfermedades en novillos de sobre a\u00f1o","author":"La Hora del Campo","date":"6 diciembre, 2022","format":false,"excerpt":"En un trabajo planificado durante todo el a\u00f1o, el equipo t\u00e9cnico de Biog\u00e9nesis Bag\u00f3 est\u00e1 realizando junto a veterinarios y productores el monitoreo de las categor\u00edas de sobrea\u00f1o. El Dr. Horacio Mederos, director t\u00e9cnico de Biog\u00e9nesis Bag\u00f3, recomend\u00f3 realizar las vacunaciones correspondientes para prevenir enfermedades infecciosas y antiparasitarias. En este\u2026","rel":"","context":"En \u00abActualidad\u00bb","block_context":{"text":"Actualidad","link":"https:\/\/lahoradelcampo.com.uy\/site\/category\/actualidad\/"},"img":{"alt_text":"","src":"https:\/\/i0.wp.com\/lahoradelcampo.com.uy\/site\/wp-content\/uploads\/2022\/05\/Biogenesis-Mederos.jpg?fit=880%2C440&ssl=1&resize=350%2C200","width":350,"height":200,"srcset":"https:\/\/i0.wp.com\/lahoradelcampo.com.uy\/site\/wp-content\/uploads\/2022\/05\/Biogenesis-Mederos.jpg?fit=880%2C440&ssl=1&resize=350%2C200 1x, https:\/\/i0.wp.com\/lahoradelcampo.com.uy\/site\/wp-content\/uploads\/2022\/05\/Biogenesis-Mederos.jpg?fit=880%2C440&ssl=1&resize=525%2C300 1.5x, https:\/\/i0.wp.com\/lahoradelcampo.com.uy\/site\/wp-content\/uploads\/2022\/05\/Biogenesis-Mederos.jpg?fit=880%2C440&ssl=1&resize=700%2C400 2x"},"classes":[]}],"jetpack_likes_enabled":true,"_links":{"self":[{"href":"https:\/\/lahoradelcampo.com.uy\/site\/wp-json\/wp\/v2\/posts\/53535","targetHints":{"allow":["GET"]}}],"collection":[{"href":"https:\/\/lahoradelcampo.com.uy\/site\/wp-json\/wp\/v2\/posts"}],"about":[{"href":"https:\/\/lahoradelcampo.com.uy\/site\/wp-json\/wp\/v2\/types\/post"}],"author":[{"embeddable":true,"href":"https:\/\/lahoradelcampo.com.uy\/site\/wp-json\/wp\/v2\/users\/5"}],"replies":[{"embeddable":true,"href":"https:\/\/lahoradelcampo.com.uy\/site\/wp-json\/wp\/v2\/comments?post=53535"}],"version-history":[{"count":1,"href":"https:\/\/lahoradelcampo.com.uy\/site\/wp-json\/wp\/v2\/posts\/53535\/revisions"}],"predecessor-version":[{"id":53537,"href":"https:\/\/lahoradelcampo.com.uy\/site\/wp-json\/wp\/v2\/posts\/53535\/revisions\/53537"}],"wp:featuredmedia":[{"embeddable":true,"href":"https:\/\/lahoradelcampo.com.uy\/site\/wp-json\/wp\/v2\/media\/53536"}],"wp:attachment":[{"href":"https:\/\/lahoradelcampo.com.uy\/site\/wp-json\/wp\/v2\/media?parent=53535"}],"wp:term":[{"taxonomy":"category","embeddable":true,"href":"https:\/\/lahoradelcampo.com.uy\/site\/wp-json\/wp\/v2\/categories?post=53535"},{"taxonomy":"post_tag","embeddable":true,"href":"https:\/\/lahoradelcampo.com.uy\/site\/wp-json\/wp\/v2\/tags?post=53535"}],"curies":[{"name":"wp","href":"https:\/\/api.w.org\/{rel}","templated":true}]}}