{"id":53404,"date":"2024-01-21T10:06:51","date_gmt":"2024-01-21T13:06:51","guid":{"rendered":"http:\/\/lahoradelcampo.com.uy\/site\/?p=53404"},"modified":"2024-02-22T09:16:53","modified_gmt":"2024-02-22T12:16:53","slug":"semana-de-perdidas-importantes-en-el-mercado-lanero-australiano","status":"publish","type":"post","link":"https:\/\/lahoradelcampo.com.uy\/site\/semana-de-perdidas-importantes-en-el-mercado-lanero-australiano\/","title":{"rendered":"Semana de p\u00e9rdidas importantes en el mercado lanero australiano"},"content":{"rendered":"\n<figure class=\"wp-block-image size-full\"><a href=\"https:\/\/i0.wp.com\/lahoradelcampo.com.uy\/site\/wp-content\/uploads\/2023\/01\/Lana-Australia1.jpg\"><img data-recalc-dims=\"1\" loading=\"lazy\" decoding=\"async\" width=\"810\" height=\"405\" data-attachment-id=\"48259\" data-permalink=\"https:\/\/lahoradelcampo.com.uy\/site\/semana-con-subas-y-bajas-importantes-en-el-mercado-lanero-australiano\/lana-australia1-2\/\" data-orig-file=\"https:\/\/i0.wp.com\/lahoradelcampo.com.uy\/site\/wp-content\/uploads\/2023\/01\/Lana-Australia1.jpg?fit=880%2C440&amp;ssl=1\" data-orig-size=\"880,440\" data-comments-opened=\"1\" data-image-meta=\"{&quot;aperture&quot;:&quot;0&quot;,&quot;credit&quot;:&quot;&quot;,&quot;camera&quot;:&quot;&quot;,&quot;caption&quot;:&quot;&quot;,&quot;created_timestamp&quot;:&quot;0&quot;,&quot;copyright&quot;:&quot;&quot;,&quot;focal_length&quot;:&quot;0&quot;,&quot;iso&quot;:&quot;0&quot;,&quot;shutter_speed&quot;:&quot;0&quot;,&quot;title&quot;:&quot;&quot;,&quot;orientation&quot;:&quot;1&quot;}\" data-image-title=\"Lana-Australia1\" data-image-description=\"\" data-image-caption=\"\" data-large-file=\"https:\/\/i0.wp.com\/lahoradelcampo.com.uy\/site\/wp-content\/uploads\/2023\/01\/Lana-Australia1.jpg?fit=810%2C405&amp;ssl=1\" src=\"https:\/\/i0.wp.com\/lahoradelcampo.com.uy\/site\/wp-content\/uploads\/2023\/01\/Lana-Australia1.jpg?resize=810%2C405\" alt=\"\" class=\"wp-image-48259\" srcset=\"https:\/\/i0.wp.com\/lahoradelcampo.com.uy\/site\/wp-content\/uploads\/2023\/01\/Lana-Australia1.jpg?w=880&amp;ssl=1 880w, https:\/\/i0.wp.com\/lahoradelcampo.com.uy\/site\/wp-content\/uploads\/2023\/01\/Lana-Australia1.jpg?resize=300%2C150&amp;ssl=1 300w, https:\/\/i0.wp.com\/lahoradelcampo.com.uy\/site\/wp-content\/uploads\/2023\/01\/Lana-Australia1.jpg?resize=768%2C384&amp;ssl=1 768w, https:\/\/i0.wp.com\/lahoradelcampo.com.uy\/site\/wp-content\/uploads\/2023\/01\/Lana-Australia1.jpg?resize=820%2C410&amp;ssl=1 820w\" sizes=\"auto, (max-width: 810px) 100vw, 810px\" \/><\/a><\/figure>\n\n\n\n<p>El mercado lanero australiano cerr\u00f3 la segunda semana del 2024 con una fuerte ca\u00edda en el Indicador de Mercados del Este (IME). Tres d\u00edas de ventas donde se conjugaron un ajuste importante de las monedas, nuevamente un volumen importante de oferta y la calidad que juega su partido, con mayor relevancia en las lanas m\u00e1s finas.<\/p>\n\n\n\n<p>En el caso de las lanas finas, con un volumen de oferta superior a la semana pasada y con alta variabilidad en la calidad de lo propuesto, el mercado termin\u00f3 ajustando fuertemente en el promedio para todos los micronajes. Mientras que, en las lanas medias y gruesas, la oferta tambi\u00e9n fue muy importante respecto a la semana previa, pero con mayores niveles de colocaci\u00f3n y a precios que terminan siendo similares a la semana pasada.<\/p>\n\n\n\n<p>El martes se visualiz\u00f3 un ajuste importante en las cotizaciones de las distintas monedas, el d\u00f3lar se afirm\u00f3 y tanto el yuan como la moneda australiana registraron ca\u00eddas en sus cotizaciones. Lo cual fue la principal variable de baja en los valores en el primer d\u00eda de actividad, si bien se observ\u00f3 una b\u00fasqueda de estabilidad a lo largo de la semana, contin\u00fao siendo un factor negativo.<\/p>\n\n\n\n<p>En este contexto el IME cerr\u00f3 en A$ 11,96 por kilogramo base limpia, bajando 17 centavos respecto al cierre del pasado jueves 11 de enero. En tanto que en d\u00f3lares estadounidenses termin\u00f3 cerrando en US$ 7,85, perdiendo 32 centavos.<\/p>\n\n\n\n<p>Si miramos un poco m\u00e1s all\u00e1 de la presente semana, el pasado 5 de diciembre cuando el IME lleg\u00f3 a su piso de US$ 7,66 en esta zafra, se registr\u00f3 una secuencia de subas que lleg\u00f3 a US$ 8,16 la pasada semana, sin embargo, en estos tres d\u00edas de actividad, la ca\u00edda marc\u00f3 una p\u00e9rdida del 64% de lo ganado en las \u00faltimas semanas de 2023 y la primera semana de enero.<\/p>\n\n\n\n<p>Al cierre de la semana, la oferta alcanz\u00f3 los 49.905 fardos, con un 92,1% de venta. El volumen comercializado signific\u00f3 un aumento del 3% respecto a igual semana de la zafra anterior, sin embargo, el volumen es muy similar a lo colocado la pasada semana.<\/p>\n\n\n\n<p>La oferta de lanas merino log\u00f3 un 89,7% de colocaci\u00f3n, en tanto que para las lanas medias y gruesas, se coloc\u00f3 el 94,7%.<\/p>\n\n\n\n<p>Techwool Trading es la principal firma compradora, sumando el 14,7% de lo comercializado.<br>La pr\u00f3xima semana retornan las ventas en el mercado lanero australiano, con una oferta prevista de 41.733 fardos, que se distribuir\u00e1n en los tres centros de ventas, durante los d\u00edas martes y mi\u00e9rcoles. De concretarse dicho volumen, se observar\u00e1 una ca\u00edda del 11,8% respecto a lo propuesto esta semana y un 16,4% frente a igual semana de 2023.<\/p>\n\n\n\n<p>Salto, 21 de enero de 2024<\/p>\n","protected":false},"excerpt":{"rendered":"<p>El mercado lanero australiano cerr\u00f3 la segunda semana del 2024 con una fuerte ca\u00edda en el Indicador de Mercados del Este (IME). Tres d\u00edas de ventas donde se conjugaron un [&hellip;]<\/p>\n","protected":false},"author":5,"featured_media":48259,"comment_status":"open","ping_status":"open","sticky":false,"template":"","format":"standard","meta":{"_price":"","_stock":"","_tribe_ticket_header":"","_tribe_default_ticket_provider":"","_tribe_ticket_capacity":"0","_ticket_start_date":"","_ticket_end_date":"","_tribe_ticket_show_description":"","_tribe_ticket_show_not_going":false,"_tribe_ticket_use_global_stock":"","_tribe_ticket_global_stock_level":"","_global_stock_mode":"","_global_stock_cap":"","_tribe_rsvp_for_event":"","_tribe_ticket_going_count":"","_tribe_ticket_not_going_count":"","_tribe_tickets_list":"[]","_tribe_ticket_has_attendee_info_fields":false,"h5ap_radio_sources":[],"_jetpack_newsletter_access":"","_jetpack_dont_email_post_to_subs":false,"_jetpack_newsletter_tier_id":0,"_jetpack_memberships_contains_paywalled_content":false,"_jetpack_memberships_contains_paid_content":false,"footnotes":""},"categories":[21,13],"tags":[],"class_list":["post-53404","post","type-post","status-publish","format-standard","has-post-thumbnail","hentry","category-actualidad","category-ovinos"],"jetpack_featured_media_url":"https:\/\/i0.wp.com\/lahoradelcampo.com.uy\/site\/wp-content\/uploads\/2023\/01\/Lana-Australia1.jpg?fit=880%2C440&ssl=1","jetpack_sharing_enabled":true,"jetpack_shortlink":"https:\/\/wp.me\/p99IaT-dTm","jetpack-related-posts":[{"id":53371,"url":"https:\/\/lahoradelcampo.com.uy\/site\/retorno-del-mercado-lanero-australiano-con-altibajos\/","url_meta":{"origin":53404,"position":0},"title":"Retorno del mercado lanero australiano con altibajos","author":"La Hora del Campo","date":"15 enero, 2024","format":false,"excerpt":"Luego de un destacado cierre de la primera mitad de la zafra lanera 2023-2024, el retorno a la actividad tras el receso tradicional de final de a\u00f1o fue con altibajos dependiendo del an\u00e1lisis tanto en la moneda local, como en d\u00f3lares estadounidenses o en los distintos micronajes. Con tres jornadas\u2026","rel":"","context":"En \u00abActualidad\u00bb","block_context":{"text":"Actualidad","link":"https:\/\/lahoradelcampo.com.uy\/site\/category\/actualidad\/"},"img":{"alt_text":"","src":"https:\/\/i0.wp.com\/lahoradelcampo.com.uy\/site\/wp-content\/uploads\/2023\/02\/Lana-Australia4.jpg?fit=880%2C440&ssl=1&resize=350%2C200","width":350,"height":200,"srcset":"https:\/\/i0.wp.com\/lahoradelcampo.com.uy\/site\/wp-content\/uploads\/2023\/02\/Lana-Australia4.jpg?fit=880%2C440&ssl=1&resize=350%2C200 1x, https:\/\/i0.wp.com\/lahoradelcampo.com.uy\/site\/wp-content\/uploads\/2023\/02\/Lana-Australia4.jpg?fit=880%2C440&ssl=1&resize=525%2C300 1.5x, https:\/\/i0.wp.com\/lahoradelcampo.com.uy\/site\/wp-content\/uploads\/2023\/02\/Lana-Australia4.jpg?fit=880%2C440&ssl=1&resize=700%2C400 2x"},"classes":[]},{"id":52494,"url":"https:\/\/lahoradelcampo.com.uy\/site\/nueva-semana-positiva-para-el-mercado-lanero-australiano\/","url_meta":{"origin":53404,"position":1},"title":"Nueva semana positiva para el mercado lanero australiano","author":"La Hora del Campo","date":"15 septiembre, 2023","format":false,"excerpt":"Excelente semana para el mercado lanero australiano, con una demanda que empujo al alza los valores de los distintos micronajes, tanto en las lanas finas como medias y gruesas. Si bien la calidad de la oferta es un factor alcista, se observ\u00f3 en ambos d\u00edas de ventas una demanda muy\u2026","rel":"","context":"En \u00abActualidad\u00bb","block_context":{"text":"Actualidad","link":"https:\/\/lahoradelcampo.com.uy\/site\/category\/actualidad\/"},"img":{"alt_text":"","src":"https:\/\/i0.wp.com\/lahoradelcampo.com.uy\/site\/wp-content\/uploads\/2019\/04\/Lanas-Australia.jpg?fit=880%2C440&ssl=1&resize=350%2C200","width":350,"height":200,"srcset":"https:\/\/i0.wp.com\/lahoradelcampo.com.uy\/site\/wp-content\/uploads\/2019\/04\/Lanas-Australia.jpg?fit=880%2C440&ssl=1&resize=350%2C200 1x, https:\/\/i0.wp.com\/lahoradelcampo.com.uy\/site\/wp-content\/uploads\/2019\/04\/Lanas-Australia.jpg?fit=880%2C440&ssl=1&resize=525%2C300 1.5x, https:\/\/i0.wp.com\/lahoradelcampo.com.uy\/site\/wp-content\/uploads\/2019\/04\/Lanas-Australia.jpg?fit=880%2C440&ssl=1&resize=700%2C400 2x"},"classes":[]},{"id":50449,"url":"https:\/\/lahoradelcampo.com.uy\/site\/mercado-lanero-australiano-cerro-la-semana-con-bajas-en-el-ime\/","url_meta":{"origin":53404,"position":2},"title":"Mercado lanero australiano cerr\u00f3 la semana con bajas en el IME","author":"La Hora del Campo","date":"20 mayo, 2023","format":false,"excerpt":"El Indicador de Mercados del Este (IME) en d\u00f3lares estadounidenses cerr\u00f3 la semana con una tendencia negativa, registrando una p\u00e9rdida de 28 centavos despu\u00e9s de tres d\u00edas de actividad. A pesar de las fluctuaciones cambiarias que impactaron negativamente, la demanda contin\u00faa mostrando preferencia por lanas de buena calidad, con menor\u2026","rel":"","context":"En \u00abActualidad\u00bb","block_context":{"text":"Actualidad","link":"https:\/\/lahoradelcampo.com.uy\/site\/category\/actualidad\/"},"img":{"alt_text":"","src":"https:\/\/i0.wp.com\/lahoradelcampo.com.uy\/site\/wp-content\/uploads\/2018\/03\/lana.jpg?fit=880%2C440&ssl=1&resize=350%2C200","width":350,"height":200,"srcset":"https:\/\/i0.wp.com\/lahoradelcampo.com.uy\/site\/wp-content\/uploads\/2018\/03\/lana.jpg?fit=880%2C440&ssl=1&resize=350%2C200 1x, https:\/\/i0.wp.com\/lahoradelcampo.com.uy\/site\/wp-content\/uploads\/2018\/03\/lana.jpg?fit=880%2C440&ssl=1&resize=525%2C300 1.5x, https:\/\/i0.wp.com\/lahoradelcampo.com.uy\/site\/wp-content\/uploads\/2018\/03\/lana.jpg?fit=880%2C440&ssl=1&resize=700%2C400 2x"},"classes":[]},{"id":31932,"url":"https:\/\/lahoradelcampo.com.uy\/site\/mercado-lanero-uruguayo-continuo-con-negocios-por-lanas-finas-2\/","url_meta":{"origin":53404,"position":3},"title":"Mercado lanero uruguayo continuo con negocios por lanas finas","author":"La Hora del Campo","date":"9 julio, 2021","format":false,"excerpt":"La pasada semana el mercado ya se hab\u00eda tranquilizado, debido a las bajas en el mercado lanero australiano, y con las bajas de esta semana las expectativas de mejoras en los valores tambi\u00e9n se observ\u00f3 disminuida. En el caso de las lanas finas, la oferta ha venido disminuyendo con ventas\u2026","rel":"","context":"En \u00abActualidad\u00bb","block_context":{"text":"Actualidad","link":"https:\/\/lahoradelcampo.com.uy\/site\/category\/actualidad\/"},"img":{"alt_text":"","src":"https:\/\/i0.wp.com\/lahoradelcampo.com.uy\/site\/wp-content\/uploads\/2019\/05\/lanas-interno.jpg?fit=880%2C440&ssl=1&resize=350%2C200","width":350,"height":200,"srcset":"https:\/\/i0.wp.com\/lahoradelcampo.com.uy\/site\/wp-content\/uploads\/2019\/05\/lanas-interno.jpg?fit=880%2C440&ssl=1&resize=350%2C200 1x, https:\/\/i0.wp.com\/lahoradelcampo.com.uy\/site\/wp-content\/uploads\/2019\/05\/lanas-interno.jpg?fit=880%2C440&ssl=1&resize=525%2C300 1.5x, https:\/\/i0.wp.com\/lahoradelcampo.com.uy\/site\/wp-content\/uploads\/2019\/05\/lanas-interno.jpg?fit=880%2C440&ssl=1&resize=700%2C400 2x"},"classes":[]},{"id":49632,"url":"https:\/\/lahoradelcampo.com.uy\/site\/la-semana-registro-un-nuevo-descenso-en-el-ime-con-lanas-de-baja-calidad\/","url_meta":{"origin":53404,"position":4},"title":"La semana registr\u00f3 un nuevo descenso en el IME, con lanas de baja calidad","author":"La Hora del Campo","date":"31 marzo, 2023","format":false,"excerpt":"Durante los \u00faltimos tres d\u00edas, el mercado lanero australiano present\u00f3 una tendencia mixta con altibajos en los precios de las distintas categor\u00edas de lanas. Sydney y Melbourne observaron una disminuci\u00f3n en los precios en d\u00f3lares estadounidenses tanto para las lanas medias y gruesas, as\u00ed como tambi\u00e9n en todos los micronajes\u2026","rel":"","context":"En \u00abActualidad\u00bb","block_context":{"text":"Actualidad","link":"https:\/\/lahoradelcampo.com.uy\/site\/category\/actualidad\/"},"img":{"alt_text":"","src":"https:\/\/i0.wp.com\/lahoradelcampo.com.uy\/site\/wp-content\/uploads\/2018\/03\/lana.jpg?fit=880%2C440&ssl=1&resize=350%2C200","width":350,"height":200,"srcset":"https:\/\/i0.wp.com\/lahoradelcampo.com.uy\/site\/wp-content\/uploads\/2018\/03\/lana.jpg?fit=880%2C440&ssl=1&resize=350%2C200 1x, https:\/\/i0.wp.com\/lahoradelcampo.com.uy\/site\/wp-content\/uploads\/2018\/03\/lana.jpg?fit=880%2C440&ssl=1&resize=525%2C300 1.5x, https:\/\/i0.wp.com\/lahoradelcampo.com.uy\/site\/wp-content\/uploads\/2018\/03\/lana.jpg?fit=880%2C440&ssl=1&resize=700%2C400 2x"},"classes":[]},{"id":53213,"url":"https:\/\/lahoradelcampo.com.uy\/site\/otra-semana-muy-positiva-para-el-mercado-lanero-australiano\/","url_meta":{"origin":53404,"position":5},"title":"Otra semana muy positiva para el mercado lanero australiano","author":"La Hora del Campo","date":"24 noviembre, 2023","format":false,"excerpt":"Segunda semana muy positiva para el Indicador de Mercados del Este (IME), con una fuerte suba de valores en ambas monedas. El mercado contin\u00faa mostrando una predisposici\u00f3n por adquirir lanas merinas, por sobre las lanas medias y gruesas, aunque los niveles de comercializaci\u00f3n contin\u00faan siendo porcentualmente altos. La demanda se\u2026","rel":"","context":"En \u00abActualidad\u00bb","block_context":{"text":"Actualidad","link":"https:\/\/lahoradelcampo.com.uy\/site\/category\/actualidad\/"},"img":{"alt_text":"","src":"https:\/\/i0.wp.com\/lahoradelcampo.com.uy\/site\/wp-content\/uploads\/2023\/01\/Lana-Australia1.jpg?fit=880%2C440&ssl=1&resize=350%2C200","width":350,"height":200,"srcset":"https:\/\/i0.wp.com\/lahoradelcampo.com.uy\/site\/wp-content\/uploads\/2023\/01\/Lana-Australia1.jpg?fit=880%2C440&ssl=1&resize=350%2C200 1x, https:\/\/i0.wp.com\/lahoradelcampo.com.uy\/site\/wp-content\/uploads\/2023\/01\/Lana-Australia1.jpg?fit=880%2C440&ssl=1&resize=525%2C300 1.5x, https:\/\/i0.wp.com\/lahoradelcampo.com.uy\/site\/wp-content\/uploads\/2023\/01\/Lana-Australia1.jpg?fit=880%2C440&ssl=1&resize=700%2C400 2x"},"classes":[]}],"jetpack_likes_enabled":true,"_links":{"self":[{"href":"https:\/\/lahoradelcampo.com.uy\/site\/wp-json\/wp\/v2\/posts\/53404","targetHints":{"allow":["GET"]}}],"collection":[{"href":"https:\/\/lahoradelcampo.com.uy\/site\/wp-json\/wp\/v2\/posts"}],"about":[{"href":"https:\/\/lahoradelcampo.com.uy\/site\/wp-json\/wp\/v2\/types\/post"}],"author":[{"embeddable":true,"href":"https:\/\/lahoradelcampo.com.uy\/site\/wp-json\/wp\/v2\/users\/5"}],"replies":[{"embeddable":true,"href":"https:\/\/lahoradelcampo.com.uy\/site\/wp-json\/wp\/v2\/comments?post=53404"}],"version-history":[{"count":1,"href":"https:\/\/lahoradelcampo.com.uy\/site\/wp-json\/wp\/v2\/posts\/53404\/revisions"}],"predecessor-version":[{"id":53405,"href":"https:\/\/lahoradelcampo.com.uy\/site\/wp-json\/wp\/v2\/posts\/53404\/revisions\/53405"}],"wp:featuredmedia":[{"embeddable":true,"href":"https:\/\/lahoradelcampo.com.uy\/site\/wp-json\/wp\/v2\/media\/48259"}],"wp:attachment":[{"href":"https:\/\/lahoradelcampo.com.uy\/site\/wp-json\/wp\/v2\/media?parent=53404"}],"wp:term":[{"taxonomy":"category","embeddable":true,"href":"https:\/\/lahoradelcampo.com.uy\/site\/wp-json\/wp\/v2\/categories?post=53404"},{"taxonomy":"post_tag","embeddable":true,"href":"https:\/\/lahoradelcampo.com.uy\/site\/wp-json\/wp\/v2\/tags?post=53404"}],"curies":[{"name":"wp","href":"https:\/\/api.w.org\/{rel}","templated":true}]}}