{"id":53400,"date":"2024-01-21T10:02:16","date_gmt":"2024-01-21T13:02:16","guid":{"rendered":"http:\/\/lahoradelcampo.com.uy\/site\/?p=53400"},"modified":"2024-02-22T09:17:03","modified_gmt":"2024-02-22T12:17:03","slug":"licitacion-de-lpe-suma-la-sexta-suba-consecutiva-a-nivel-mundial","status":"publish","type":"post","link":"https:\/\/lahoradelcampo.com.uy\/site\/licitacion-de-lpe-suma-la-sexta-suba-consecutiva-a-nivel-mundial\/","title":{"rendered":"Licitaci\u00f3n de LPE suma la sexta suba consecutiva a nivel mundial"},"content":{"rendered":"\n<figure class=\"wp-block-image size-full\"><a href=\"https:\/\/i0.wp.com\/lahoradelcampo.com.uy\/site\/wp-content\/uploads\/2017\/10\/Fonterra-1.jpg\"><img data-recalc-dims=\"1\" loading=\"lazy\" decoding=\"async\" width=\"810\" height=\"405\" data-attachment-id=\"2845\" data-permalink=\"https:\/\/lahoradelcampo.com.uy\/site\/bajo-nuevamente-el-indicador-de-fonterra\/fonterra-4\/\" data-orig-file=\"https:\/\/i0.wp.com\/lahoradelcampo.com.uy\/site\/wp-content\/uploads\/2017\/10\/Fonterra-1.jpg?fit=880%2C440&amp;ssl=1\" data-orig-size=\"880,440\" data-comments-opened=\"1\" data-image-meta=\"{&quot;aperture&quot;:&quot;0&quot;,&quot;credit&quot;:&quot;Vicente-Manuel-Tort&quot;,&quot;camera&quot;:&quot;&quot;,&quot;caption&quot;:&quot;&quot;,&quot;created_timestamp&quot;:&quot;0&quot;,&quot;copyright&quot;:&quot;Presidencia de la Republica - Sec.Com.Inst.&quot;,&quot;focal_length&quot;:&quot;0&quot;,&quot;iso&quot;:&quot;0&quot;,&quot;shutter_speed&quot;:&quot;0&quot;,&quot;title&quot;:&quot;&quot;,&quot;orientation&quot;:&quot;1&quot;}\" data-image-title=\"Fonterra\" data-image-description=\"\" data-image-caption=\"\" data-large-file=\"https:\/\/i0.wp.com\/lahoradelcampo.com.uy\/site\/wp-content\/uploads\/2017\/10\/Fonterra-1.jpg?fit=810%2C405&amp;ssl=1\" src=\"https:\/\/i0.wp.com\/lahoradelcampo.com.uy\/site\/wp-content\/uploads\/2017\/10\/Fonterra-1.jpg?resize=810%2C405\" alt=\"\" class=\"wp-image-2845\" srcset=\"https:\/\/i0.wp.com\/lahoradelcampo.com.uy\/site\/wp-content\/uploads\/2017\/10\/Fonterra-1.jpg?w=880&amp;ssl=1 880w, https:\/\/i0.wp.com\/lahoradelcampo.com.uy\/site\/wp-content\/uploads\/2017\/10\/Fonterra-1.jpg?resize=300%2C150&amp;ssl=1 300w, https:\/\/i0.wp.com\/lahoradelcampo.com.uy\/site\/wp-content\/uploads\/2017\/10\/Fonterra-1.jpg?resize=768%2C384&amp;ssl=1 768w, https:\/\/i0.wp.com\/lahoradelcampo.com.uy\/site\/wp-content\/uploads\/2017\/10\/Fonterra-1.jpg?resize=820%2C410&amp;ssl=1 820w\" sizes=\"auto, (max-width: 810px) 100vw, 810px\" \/><\/a><\/figure>\n\n\n\n<p>La licitaci\u00f3n 348 de la plataforma electr\u00f3nica GlobalDairyTrade de este martes 16 de enero se registr\u00f3 un incremento del 2,3% en el promedio de los l\u00e1cteos, sumando as\u00ed la cuarta suba consecutiva.<br>El promedio de la plataforma de subasta, donde mayormente se comercializa productos de Fonterra, cerr\u00f3 en US$ 3.493 por tonelada (US$ 130).<\/p>\n\n\n\n<p>El valor promedio para la leche en polvo entera (LPE) fue de US$ 3.353 por tonelada en esta licitaci\u00f3n y marc\u00f3 una recuperaci\u00f3n del 1,7% respecto a la venta anterior. Alcanzando la sexta suba consecutiva, sumando US$ 382 al promedio de la primera licitaci\u00f3n de noviembre del a\u00f1o pasado.<\/p>\n\n\n\n<p>Los contratos de LPE cotizaron al alza, con incrementos entre 2,3% en los contratos a febrero y del 1,2% en mayo. Los oferentes han sido Fonterra y Solarec.<\/p>\n\n\n\n<p>La leche en polvo descremada se recuper\u00f3 tras la baja de la primera licitaci\u00f3n del a\u00f1o, cerrando a US$ 2.638 por tonelada, con un aumento del 1,2%. Todos los contratos subieron respecto a la venta anterior. Los aumentos fueron del 0,7% en los contratos m\u00e1s cercanos (febrero 24) hasta 2,9% en los contratos a mayo. Los tres oferentes fueron: Arla, Solarec y Fonterra.<\/p>\n\n\n\n<p>En el caso de los quesos, el Cheddar cerr\u00f3 con un promedio de US$ 4.217 por tonelada, subiendo 1,0%.<br>Los contratos de febrero cerraron con una ca\u00edda del 3,3%, en tanto que los negociados entre marzo y julio sumaron subas de hasta 2,5%. El \u00fanico oferente fue Fonterra.<\/p>\n\n\n\n<p>Por su parte el Mozzarella, que registra su cuarta venta consecutiva en el sistema, cay\u00f3 un 3,3% y cotiz\u00f3 en US$ 3.830. Los contratos comercializados de este producto fueron propuestos por la firma europea Solarec y \u00fanicamente para el mes de marzo.<\/p>\n\n\n\n<p>Finalmente, la manteca fue el producto que registr\u00f3 la mayor suba, posicion\u00e1ndose en US$ 5.906 por tonelada, con un incremento de 5,8% (US$ 392). Todos los contratos negociados por Fonterra y Solarec, registraron subas, con aumentos del 7,3% en marzo y 1,5% en febrero.<\/p>\n\n\n\n<p>Salto, 21 de enero de 2024<\/p>\n","protected":false},"excerpt":{"rendered":"<p>La licitaci\u00f3n 348 de la plataforma electr\u00f3nica GlobalDairyTrade de este martes 16 de enero se registr\u00f3 un incremento del 2,3% en el promedio de los l\u00e1cteos, sumando as\u00ed la cuarta [&hellip;]<\/p>\n","protected":false},"author":5,"featured_media":2845,"comment_status":"open","ping_status":"open","sticky":false,"template":"","format":"standard","meta":{"_price":"","_stock":"","_tribe_ticket_header":"","_tribe_default_ticket_provider":"","_tribe_ticket_capacity":"0","_ticket_start_date":"","_ticket_end_date":"","_tribe_ticket_show_description":"","_tribe_ticket_show_not_going":false,"_tribe_ticket_use_global_stock":"","_tribe_ticket_global_stock_level":"","_global_stock_mode":"","_global_stock_cap":"","_tribe_rsvp_for_event":"","_tribe_ticket_going_count":"","_tribe_ticket_not_going_count":"","_tribe_tickets_list":"[]","_tribe_ticket_has_attendee_info_fields":false,"h5ap_radio_sources":[],"_jetpack_newsletter_access":"","_jetpack_dont_email_post_to_subs":false,"_jetpack_newsletter_tier_id":0,"_jetpack_memberships_contains_paywalled_content":false,"_jetpack_memberships_contains_paid_content":false,"footnotes":""},"categories":[21,11],"tags":[],"class_list":["post-53400","post","type-post","status-publish","format-standard","has-post-thumbnail","hentry","category-actualidad","category-lecheria"],"jetpack_featured_media_url":"https:\/\/i0.wp.com\/lahoradelcampo.com.uy\/site\/wp-content\/uploads\/2017\/10\/Fonterra-1.jpg?fit=880%2C440&ssl=1","jetpack_sharing_enabled":true,"jetpack_shortlink":"https:\/\/wp.me\/p99IaT-dTi","jetpack-related-posts":[{"id":57190,"url":"https:\/\/lahoradelcampo.com.uy\/site\/gdt-supera-los-us-4-000-y-consolida-la-cuarta-suba-consecutiva-de-los-lacteos\/","url_meta":{"origin":53400,"position":0},"title":"GDT supera los US$ 4.000 y consolida la cuarta suba consecutiva de los l\u00e1cteos","author":"La Hora del Campo","date":"17 febrero, 2026","format":false,"excerpt":"La licitaci\u00f3n 398 de Global Dairy Trade (GDT), segunda del mes de febrero, registr\u00f3 su cuarta suba consecutiva y volvi\u00f3 a ubicarse por encima de los US$ 4.000 por tonelada, nivel que no se alcanzaba desde septiembre de 2025. El promedio ponderado para el conjunto de los l\u00e1cteos cerr\u00f3 en\u2026","rel":"","context":"En \u00abActualidad\u00bb","block_context":{"text":"Actualidad","link":"https:\/\/lahoradelcampo.com.uy\/site\/category\/actualidad\/"},"img":{"alt_text":"","src":"https:\/\/i0.wp.com\/lahoradelcampo.com.uy\/site\/wp-content\/uploads\/2026\/02\/fonterra-camion.jpg?fit=840%2C438&ssl=1&resize=350%2C200","width":350,"height":200,"srcset":"https:\/\/i0.wp.com\/lahoradelcampo.com.uy\/site\/wp-content\/uploads\/2026\/02\/fonterra-camion.jpg?fit=840%2C438&ssl=1&resize=350%2C200 1x, https:\/\/i0.wp.com\/lahoradelcampo.com.uy\/site\/wp-content\/uploads\/2026\/02\/fonterra-camion.jpg?fit=840%2C438&ssl=1&resize=525%2C300 1.5x, https:\/\/i0.wp.com\/lahoradelcampo.com.uy\/site\/wp-content\/uploads\/2026\/02\/fonterra-camion.jpg?fit=840%2C438&ssl=1&resize=700%2C400 2x"},"classes":[]},{"id":47517,"url":"https:\/\/lahoradelcampo.com.uy\/site\/segunda-suba-consecutiva-para-los-lacteos-a-nivel-internacional\/","url_meta":{"origin":53400,"position":1},"title":"Segunda suba consecutiva para los l\u00e1cteos a nivel internacional","author":"La Hora del Campo","date":"7 diciembre, 2022","format":false,"excerpt":"La plataforma electr\u00f3nica Global Dairy Trade (GDT) realiz\u00f3 este martes su primera licitaci\u00f3n de productos l\u00e1cteos del mes de diciembre, la n\u00famero 321, donde el promedio de los productos l\u00e1cteos subi\u00f3 un 0,6% sobre el incremento registrado ya en el evento anterior. En esta venta, el volumen de productos ofertados\u2026","rel":"","context":"En \u00abActualidad\u00bb","block_context":{"text":"Actualidad","link":"https:\/\/lahoradelcampo.com.uy\/site\/category\/actualidad\/"},"img":{"alt_text":"","src":"https:\/\/i0.wp.com\/lahoradelcampo.com.uy\/site\/wp-content\/uploads\/2021\/03\/fonterra.jpg?fit=880%2C440&ssl=1&resize=350%2C200","width":350,"height":200,"srcset":"https:\/\/i0.wp.com\/lahoradelcampo.com.uy\/site\/wp-content\/uploads\/2021\/03\/fonterra.jpg?fit=880%2C440&ssl=1&resize=350%2C200 1x, https:\/\/i0.wp.com\/lahoradelcampo.com.uy\/site\/wp-content\/uploads\/2021\/03\/fonterra.jpg?fit=880%2C440&ssl=1&resize=525%2C300 1.5x, https:\/\/i0.wp.com\/lahoradelcampo.com.uy\/site\/wp-content\/uploads\/2021\/03\/fonterra.jpg?fit=880%2C440&ssl=1&resize=700%2C400 2x"},"classes":[]},{"id":55041,"url":"https:\/\/lahoradelcampo.com.uy\/site\/lpe-comienza-noviembre-con-suba-del-44-en-la-licitacion-de-gdt\/","url_meta":{"origin":53400,"position":2},"title":"LPE comienza noviembre con suba del 4,4% en la licitaci\u00f3n de GDT","author":"La Hora del Campo","date":"6 noviembre, 2024","format":false,"excerpt":"La licitaci\u00f3n 367 de la plataforma electr\u00f3nica Global Dairy Trade (GDT), la primera del mes de noviembre cerr\u00f3 con subas en el promedio general de todos los l\u00e1cteos, as\u00ed como tambi\u00e9n para los principales productos de exportaci\u00f3n de nuestro pa\u00eds. El promedio ponderado para todos los l\u00e1cteos, donde mayormente se\u2026","rel":"","context":"En \u00abActualidad\u00bb","block_context":{"text":"Actualidad","link":"https:\/\/lahoradelcampo.com.uy\/site\/category\/actualidad\/"},"img":{"alt_text":"","src":"https:\/\/i0.wp.com\/lahoradelcampo.com.uy\/site\/wp-content\/uploads\/2024\/11\/Fonterra-noviembre.jpg?fit=880%2C440&ssl=1&resize=350%2C200","width":350,"height":200,"srcset":"https:\/\/i0.wp.com\/lahoradelcampo.com.uy\/site\/wp-content\/uploads\/2024\/11\/Fonterra-noviembre.jpg?fit=880%2C440&ssl=1&resize=350%2C200 1x, https:\/\/i0.wp.com\/lahoradelcampo.com.uy\/site\/wp-content\/uploads\/2024\/11\/Fonterra-noviembre.jpg?fit=880%2C440&ssl=1&resize=525%2C300 1.5x, https:\/\/i0.wp.com\/lahoradelcampo.com.uy\/site\/wp-content\/uploads\/2024\/11\/Fonterra-noviembre.jpg?fit=880%2C440&ssl=1&resize=700%2C400 2x"},"classes":[]},{"id":44825,"url":"https:\/\/lahoradelcampo.com.uy\/site\/fonterra-cayo-un-29-en-su-segunda-licitacion-de-agosto\/","url_meta":{"origin":53400,"position":3},"title":"Fonterra cay\u00f3 un 2,9% en su segunda licitaci\u00f3n de agosto","author":"La Hora del Campo","date":"17 agosto, 2022","format":false,"excerpt":"Ayer se realiz\u00f3 la licitaci\u00f3n 314 en la plataforma electr\u00f3nica GlobalDairyTrade (GDT) donde comercializa principalmente la neozelandesa Fonterra, con un nuevo ajuste a la baja en el promedio de las cotizaciones de sus productos, sumando as\u00ed su quinta ca\u00edda consecutiva.\u00a0 El volumen comercializado en esta venta creci\u00f3 un 10,2% respecto\u2026","rel":"","context":"En \u00abActualidad\u00bb","block_context":{"text":"Actualidad","link":"https:\/\/lahoradelcampo.com.uy\/site\/category\/actualidad\/"},"img":{"alt_text":"","src":"https:\/\/i0.wp.com\/lahoradelcampo.com.uy\/site\/wp-content\/uploads\/2021\/11\/Fonterra3.jpg?fit=880%2C440&ssl=1&resize=350%2C200","width":350,"height":200,"srcset":"https:\/\/i0.wp.com\/lahoradelcampo.com.uy\/site\/wp-content\/uploads\/2021\/11\/Fonterra3.jpg?fit=880%2C440&ssl=1&resize=350%2C200 1x, https:\/\/i0.wp.com\/lahoradelcampo.com.uy\/site\/wp-content\/uploads\/2021\/11\/Fonterra3.jpg?fit=880%2C440&ssl=1&resize=525%2C300 1.5x, https:\/\/i0.wp.com\/lahoradelcampo.com.uy\/site\/wp-content\/uploads\/2021\/11\/Fonterra3.jpg?fit=880%2C440&ssl=1&resize=700%2C400 2x"},"classes":[]},{"id":57200,"url":"https:\/\/lahoradelcampo.com.uy\/site\/nueva-suba-para-la-leche-en-polvo-entera-en-gdt-pulse\/","url_meta":{"origin":53400,"position":4},"title":"Nueva suba para la leche en polvo entera en GDT Pulse","author":"La Hora del Campo","date":"25 febrero, 2026","format":false,"excerpt":"Este martes 24 de febrero de 2026, se realiz\u00f3 la segunda venta del mes de febrero del sistema GDT Pulse, donde se vuelve a ofertar, al igual que en la venta anterior, Manteca y Grasa l\u00e1ctea anhidra (AMF por sus siglas en ingl\u00e9s). En esta oportunidad, se registr\u00f3 la segunda\u2026","rel":"","context":"En \u00abActualidad\u00bb","block_context":{"text":"Actualidad","link":"https:\/\/lahoradelcampo.com.uy\/site\/category\/actualidad\/"},"img":{"alt_text":"","src":"https:\/\/i0.wp.com\/lahoradelcampo.com.uy\/site\/wp-content\/uploads\/2026\/02\/Fonterra.jpg?fit=1200%2C675&ssl=1&resize=350%2C200","width":350,"height":200,"srcset":"https:\/\/i0.wp.com\/lahoradelcampo.com.uy\/site\/wp-content\/uploads\/2026\/02\/Fonterra.jpg?fit=1200%2C675&ssl=1&resize=350%2C200 1x, https:\/\/i0.wp.com\/lahoradelcampo.com.uy\/site\/wp-content\/uploads\/2026\/02\/Fonterra.jpg?fit=1200%2C675&ssl=1&resize=525%2C300 1.5x, https:\/\/i0.wp.com\/lahoradelcampo.com.uy\/site\/wp-content\/uploads\/2026\/02\/Fonterra.jpg?fit=1200%2C675&ssl=1&resize=700%2C400 2x, https:\/\/i0.wp.com\/lahoradelcampo.com.uy\/site\/wp-content\/uploads\/2026\/02\/Fonterra.jpg?fit=1200%2C675&ssl=1&resize=1050%2C600 3x"},"classes":[]},{"id":54147,"url":"https:\/\/lahoradelcampo.com.uy\/site\/gdt-cerro-con-suba-del-05-en-la-primera-licitacion-de-agosto\/","url_meta":{"origin":53400,"position":5},"title":"GDT cerr\u00f3 con suba del 0,5% en la primera licitaci\u00f3n de agosto","author":"La Hora del Campo","date":"7 agosto, 2024","format":false,"excerpt":"La licitaci\u00f3n 361 de la plataforma electr\u00f3nica Global Dairy Trade (GDT), dio inicio al mes de agosto, este martes 6, con un fuerte incremento de la oferta y resultados dispares en los distintos productos respecto a la venta anterior. El promedio registrado en el d\u00eda de ayer fue 0,5% superior\u2026","rel":"","context":"En \u00abActualidad\u00bb","block_context":{"text":"Actualidad","link":"https:\/\/lahoradelcampo.com.uy\/site\/category\/actualidad\/"},"img":{"alt_text":"","src":"https:\/\/i0.wp.com\/lahoradelcampo.com.uy\/site\/wp-content\/uploads\/2024\/08\/GDT-361.jpg?fit=880%2C440&ssl=1&resize=350%2C200","width":350,"height":200,"srcset":"https:\/\/i0.wp.com\/lahoradelcampo.com.uy\/site\/wp-content\/uploads\/2024\/08\/GDT-361.jpg?fit=880%2C440&ssl=1&resize=350%2C200 1x, https:\/\/i0.wp.com\/lahoradelcampo.com.uy\/site\/wp-content\/uploads\/2024\/08\/GDT-361.jpg?fit=880%2C440&ssl=1&resize=525%2C300 1.5x, https:\/\/i0.wp.com\/lahoradelcampo.com.uy\/site\/wp-content\/uploads\/2024\/08\/GDT-361.jpg?fit=880%2C440&ssl=1&resize=700%2C400 2x"},"classes":[]}],"jetpack_likes_enabled":true,"_links":{"self":[{"href":"https:\/\/lahoradelcampo.com.uy\/site\/wp-json\/wp\/v2\/posts\/53400","targetHints":{"allow":["GET"]}}],"collection":[{"href":"https:\/\/lahoradelcampo.com.uy\/site\/wp-json\/wp\/v2\/posts"}],"about":[{"href":"https:\/\/lahoradelcampo.com.uy\/site\/wp-json\/wp\/v2\/types\/post"}],"author":[{"embeddable":true,"href":"https:\/\/lahoradelcampo.com.uy\/site\/wp-json\/wp\/v2\/users\/5"}],"replies":[{"embeddable":true,"href":"https:\/\/lahoradelcampo.com.uy\/site\/wp-json\/wp\/v2\/comments?post=53400"}],"version-history":[{"count":1,"href":"https:\/\/lahoradelcampo.com.uy\/site\/wp-json\/wp\/v2\/posts\/53400\/revisions"}],"predecessor-version":[{"id":53401,"href":"https:\/\/lahoradelcampo.com.uy\/site\/wp-json\/wp\/v2\/posts\/53400\/revisions\/53401"}],"wp:featuredmedia":[{"embeddable":true,"href":"https:\/\/lahoradelcampo.com.uy\/site\/wp-json\/wp\/v2\/media\/2845"}],"wp:attachment":[{"href":"https:\/\/lahoradelcampo.com.uy\/site\/wp-json\/wp\/v2\/media?parent=53400"}],"wp:term":[{"taxonomy":"category","embeddable":true,"href":"https:\/\/lahoradelcampo.com.uy\/site\/wp-json\/wp\/v2\/categories?post=53400"},{"taxonomy":"post_tag","embeddable":true,"href":"https:\/\/lahoradelcampo.com.uy\/site\/wp-json\/wp\/v2\/tags?post=53400"}],"curies":[{"name":"wp","href":"https:\/\/api.w.org\/{rel}","templated":true}]}}