{"id":53394,"date":"2024-01-21T15:56:56","date_gmt":"2024-01-21T18:56:56","guid":{"rendered":"http:\/\/lahoradelcampo.com.uy\/site\/?p=53394"},"modified":"2024-01-21T15:56:58","modified_gmt":"2024-01-21T18:56:58","slug":"desde-el-1-de-enero-rige-aumento-salarial-para-los-trabajadores-ganaderos-del-463","status":"publish","type":"post","link":"https:\/\/lahoradelcampo.com.uy\/site\/desde-el-1-de-enero-rige-aumento-salarial-para-los-trabajadores-ganaderos-del-463\/","title":{"rendered":"Desde el 1 de enero rige aumento salarial para los trabajadores ganaderos del 4,63%"},"content":{"rendered":"\n<figure class=\"wp-block-image size-full\"><a href=\"https:\/\/i0.wp.com\/lahoradelcampo.com.uy\/site\/wp-content\/uploads\/2017\/10\/Walter-Texeira.jpg\"><img data-recalc-dims=\"1\" loading=\"lazy\" decoding=\"async\" width=\"810\" height=\"405\" data-attachment-id=\"2353\" data-permalink=\"https:\/\/lahoradelcampo.com.uy\/site\/a-un-ano-del-homicidio-de-osmir-do-nacimento-los-productores-aun-esperan-respuestas-de-la-justicia\/walter-texeira\/\" data-orig-file=\"https:\/\/i0.wp.com\/lahoradelcampo.com.uy\/site\/wp-content\/uploads\/2017\/10\/Walter-Texeira.jpg?fit=880%2C440&amp;ssl=1\" data-orig-size=\"880,440\" data-comments-opened=\"1\" data-image-meta=\"{&quot;aperture&quot;:&quot;0&quot;,&quot;credit&quot;:&quot;Vicente-Manuel-Tort&quot;,&quot;camera&quot;:&quot;&quot;,&quot;caption&quot;:&quot;&quot;,&quot;created_timestamp&quot;:&quot;0&quot;,&quot;copyright&quot;:&quot;Presidencia de la Republica - Sec.Com.Inst.&quot;,&quot;focal_length&quot;:&quot;0&quot;,&quot;iso&quot;:&quot;0&quot;,&quot;shutter_speed&quot;:&quot;0&quot;,&quot;title&quot;:&quot;&quot;,&quot;orientation&quot;:&quot;1&quot;}\" data-image-title=\"Walter Texeira\" data-image-description=\"\" data-image-caption=\"\" data-large-file=\"https:\/\/i0.wp.com\/lahoradelcampo.com.uy\/site\/wp-content\/uploads\/2017\/10\/Walter-Texeira.jpg?fit=810%2C405&amp;ssl=1\" src=\"https:\/\/i0.wp.com\/lahoradelcampo.com.uy\/site\/wp-content\/uploads\/2017\/10\/Walter-Texeira.jpg?resize=810%2C405\" alt=\"\" class=\"wp-image-2353\" srcset=\"https:\/\/i0.wp.com\/lahoradelcampo.com.uy\/site\/wp-content\/uploads\/2017\/10\/Walter-Texeira.jpg?w=880&amp;ssl=1 880w, https:\/\/i0.wp.com\/lahoradelcampo.com.uy\/site\/wp-content\/uploads\/2017\/10\/Walter-Texeira.jpg?resize=300%2C150&amp;ssl=1 300w, https:\/\/i0.wp.com\/lahoradelcampo.com.uy\/site\/wp-content\/uploads\/2017\/10\/Walter-Texeira.jpg?resize=768%2C384&amp;ssl=1 768w, https:\/\/i0.wp.com\/lahoradelcampo.com.uy\/site\/wp-content\/uploads\/2017\/10\/Walter-Texeira.jpg?resize=820%2C410&amp;ssl=1 820w\" sizes=\"auto, (max-width: 810px) 100vw, 810px\" \/><\/a><\/figure>\n\n\n\n<p>En el mes de noviembre de 2023, se laudo en el Ministerio de Trabajo y Seguridad Social el convenio salarial del sector ganadero, donde se determin\u00f3 que a partir del 1 de enero se registre un incremento del 4,63% en el salario del trabajador rural.<\/p>\n\n\n\n<p>El Cr. Walter Texeira Nu\u00f1ez, directivo de la Asociaci\u00f3n Agropecuaria de Salto y Consejero de la Federaci\u00f3n Rural, record\u00f3 que el convenio salarial firmado en el mes de noviembre \u00abcomprende los aumentos de julio, retroactivo, el de enero que vamos a hacer ahora, y los aumentos de julio de 2024, enero 2025 y luego para julio del 2025 hay que negociar nuevamente porque son dos a\u00f1os la vigencia del convenio que se firma\u00bb.<\/p>\n\n\n\n<p>En este sentido explic\u00f3 que \u00ablo que se ajusta son los salarios m\u00ednimos para las distintas categor\u00edas, entendiendo 48 horas semanales de trabajo, con un 4,63% de aumento\u00bb. En este sentido dio como ejemplo los salarios m\u00ednimos nominales para tres categor\u00edas que entienden \u00abson las m\u00e1s comunes\u00bb. En primer lugar \u00abel pe\u00f3n sin especializaci\u00f3n dos, que es lo que conoc\u00edamos como el pe\u00f3n com\u00fan o pe\u00f3n de campo\u00bb, en segundo lugar \u00abel pe\u00f3n especializado, en el cual entrar\u00edan por ejemplo los alambradores\u00bb y por \u00faltimo \u00abel capataz\u00bb.<\/p>\n\n\n\n<p>El contador indic\u00f3 que \u00ablos importes l\u00edquidos, que es lo que en realidad le interesa a la gente y a los productores, porque es lo que tienen que pagar en la mano\u00bb ser\u00edan los siguientes: \u00abpara el pe\u00f3n com\u00fan, si suponemos que tiene hijos menores a cargo y c\u00f3nyuge o concubina, en ese caso el importe m\u00ednimo l\u00edquido ser\u00eda de 1.011 pesos por d\u00eda y en el caso m\u00e1ximo, o sea sin hijos y sin c\u00f3nyuge, ser\u00eda de 1.056 por d\u00eda\u00bb.<\/p>\n\n\n\n<p>Para \u00abel pe\u00f3n especializado. En esos mismos ejemplos estar\u00edamos situando el salario con hijos y c\u00f3nyuges en 1.061 y sin hijos ni c\u00f3nyuges en 1.084 por d\u00eda l\u00edquido\u00bb. Por su parte, en el caso del capataz, \u00abah\u00ed muchas veces se maneja mensual, en ese caso anda alrededor de 99.264 pesos y si fuera por d\u00eda con hijos y c\u00f3nyuges estar\u00eda 1.143 pesos\u00bb.<\/p>\n\n\n\n<p>El profesional record\u00f3 que \u00absiempre hay que tener en cuenta que estos son sueldos m\u00ednimos. El productor puede acordar sueldos mayores con su personal si as\u00ed lo desea\u00bb.<\/p>\n\n\n\n<p>Adem\u00e1s, remarc\u00f3 que \u00abel aumento del 4,63% rige a partir del 1 de enero. En noviembre y diciembre se debi\u00f3 haber hecho el ajuste retroactivo a julio y haber pagado las diferencias generadas en esos meses de julio a noviembre. Porque diciembre ya ten\u00eda el aumento\u00bb.<\/p>\n\n\n\n<p>Salto, 21 de enero de 2024<\/p>\n","protected":false},"excerpt":{"rendered":"<p>En el mes de noviembre de 2023, se laudo en el Ministerio de Trabajo y Seguridad Social el convenio salarial del sector ganadero, donde se determin\u00f3 que a partir del [&hellip;]<\/p>\n","protected":false},"author":5,"featured_media":2353,"comment_status":"open","ping_status":"open","sticky":false,"template":"","format":"standard","meta":{"_price":"","_stock":"","_tribe_ticket_header":"","_tribe_default_ticket_provider":"","_tribe_ticket_capacity":"0","_ticket_start_date":"","_ticket_end_date":"","_tribe_ticket_show_description":"","_tribe_ticket_show_not_going":false,"_tribe_ticket_use_global_stock":"","_tribe_ticket_global_stock_level":"","_global_stock_mode":"","_global_stock_cap":"","_tribe_rsvp_for_event":"","_tribe_ticket_going_count":"","_tribe_ticket_not_going_count":"","_tribe_tickets_list":"[]","_tribe_ticket_has_attendee_info_fields":false,"h5ap_radio_sources":[],"_jetpack_newsletter_access":"","_jetpack_dont_email_post_to_subs":false,"_jetpack_newsletter_tier_id":0,"_jetpack_memberships_contains_paywalled_content":false,"_jetpack_memberships_contains_paid_content":false,"footnotes":""},"categories":[21,5],"tags":[],"class_list":["post-53394","post","type-post","status-publish","format-standard","has-post-thumbnail","hentry","category-actualidad","category-ganaderia"],"jetpack_featured_media_url":"https:\/\/i0.wp.com\/lahoradelcampo.com.uy\/site\/wp-content\/uploads\/2017\/10\/Walter-Texeira.jpg?fit=880%2C440&ssl=1","jetpack_sharing_enabled":true,"jetpack_shortlink":"https:\/\/wp.me\/p99IaT-dTc","jetpack-related-posts":[{"id":54202,"url":"https:\/\/lahoradelcampo.com.uy\/site\/salario-de-los-trabajadores-rurales-ajustara-a-partir-del-1-de-enero-de-2025\/","url_meta":{"origin":53394,"position":0},"title":"Salario de los trabajadores rurales ajustar\u00e1 a partir del 1 de enero de 2025","author":"La Hora del Campo","date":"12 agosto, 2024","format":false,"excerpt":"El pasado viernes 9 de agosto, se defini\u00f3 en el consejo de salarios del sector rural, mantener los salarios rurales en el per\u00edodo julio-diciembre 2024, eliminando la suba prevista y ajustando a la baja el porcentaje de aumento previsto para el 1 de enero de 2025. De acuerdo al acta\u2026","rel":"","context":"En \u00abActualidad\u00bb","block_context":{"text":"Actualidad","link":"https:\/\/lahoradelcampo.com.uy\/site\/category\/actualidad\/"},"img":{"alt_text":"","src":"https:\/\/i0.wp.com\/lahoradelcampo.com.uy\/site\/wp-content\/uploads\/2024\/08\/trabajadorural.jpg?fit=880%2C440&ssl=1&resize=350%2C200","width":350,"height":200,"srcset":"https:\/\/i0.wp.com\/lahoradelcampo.com.uy\/site\/wp-content\/uploads\/2024\/08\/trabajadorural.jpg?fit=880%2C440&ssl=1&resize=350%2C200 1x, https:\/\/i0.wp.com\/lahoradelcampo.com.uy\/site\/wp-content\/uploads\/2024\/08\/trabajadorural.jpg?fit=880%2C440&ssl=1&resize=525%2C300 1.5x, https:\/\/i0.wp.com\/lahoradelcampo.com.uy\/site\/wp-content\/uploads\/2024\/08\/trabajadorural.jpg?fit=880%2C440&ssl=1&resize=700%2C400 2x"},"classes":[]},{"id":55426,"url":"https:\/\/lahoradelcampo.com.uy\/site\/foica-decidio-por-mayoria-continuar-el-conflicto-y-el-gobierno-laudo-por-decreto\/","url_meta":{"origin":53394,"position":1},"title":"FOICA decidi\u00f3, por mayor\u00eda, continuar el conflicto y el gobierno laudo por decreto","author":"La Hora del Campo","date":"8 enero, 2025","format":false,"excerpt":"El conflicto entre los trabajadores, la industria frigor\u00edfica y el gobierno, parece que tendr\u00e1 un largo camino a\u00fan por recorrer. El gobierno laud\u00f3 el aumento salarial por decreto en la jornada de ayer, la industria no est\u00e1 dispuesta a ceder en los reclamos de los trabajadores y en la interna\u2026","rel":"","context":"En \u00abActualidad\u00bb","block_context":{"text":"Actualidad","link":"https:\/\/lahoradelcampo.com.uy\/site\/category\/actualidad\/"},"img":{"alt_text":"","src":"https:\/\/i0.wp.com\/lahoradelcampo.com.uy\/site\/wp-content\/uploads\/2017\/12\/Foica.jpg?fit=880%2C440&ssl=1&resize=350%2C200","width":350,"height":200,"srcset":"https:\/\/i0.wp.com\/lahoradelcampo.com.uy\/site\/wp-content\/uploads\/2017\/12\/Foica.jpg?fit=880%2C440&ssl=1&resize=350%2C200 1x, https:\/\/i0.wp.com\/lahoradelcampo.com.uy\/site\/wp-content\/uploads\/2017\/12\/Foica.jpg?fit=880%2C440&ssl=1&resize=525%2C300 1.5x, https:\/\/i0.wp.com\/lahoradelcampo.com.uy\/site\/wp-content\/uploads\/2017\/12\/Foica.jpg?fit=880%2C440&ssl=1&resize=700%2C400 2x"},"classes":[]},{"id":36769,"url":"https:\/\/lahoradelcampo.com.uy\/site\/los-trabajadores-rechazan-la-propuesta-de-la-industria-frigorifica\/","url_meta":{"origin":53394,"position":2},"title":"Los trabajadores rechazan la propuesta de la industria frigor\u00edfica","author":"La Hora del Campo","date":"22 noviembre, 2021","format":false,"excerpt":"El conflicto entre trabajadores y empresarios de la industria frigor\u00edfica contin\u00faa sin llegarse a un acuerdo entre las partes y con posturas bastante r\u00edgidas de ambas partes, aunque se realicen algunas concesiones peque\u00f1as entre ambas partes. Luego de lo que significaron las medidas gremiales de la pasada semana, en la\u2026","rel":"","context":"En \u00abActualidad\u00bb","block_context":{"text":"Actualidad","link":"https:\/\/lahoradelcampo.com.uy\/site\/category\/actualidad\/"},"img":{"alt_text":"","src":"https:\/\/i0.wp.com\/lahoradelcampo.com.uy\/site\/wp-content\/uploads\/2017\/12\/Foica.jpg?fit=880%2C440&ssl=1&resize=350%2C200","width":350,"height":200,"srcset":"https:\/\/i0.wp.com\/lahoradelcampo.com.uy\/site\/wp-content\/uploads\/2017\/12\/Foica.jpg?fit=880%2C440&ssl=1&resize=350%2C200 1x, https:\/\/i0.wp.com\/lahoradelcampo.com.uy\/site\/wp-content\/uploads\/2017\/12\/Foica.jpg?fit=880%2C440&ssl=1&resize=525%2C300 1.5x, https:\/\/i0.wp.com\/lahoradelcampo.com.uy\/site\/wp-content\/uploads\/2017\/12\/Foica.jpg?fit=880%2C440&ssl=1&resize=700%2C400 2x"},"classes":[]},{"id":41397,"url":"https:\/\/lahoradelcampo.com.uy\/site\/fr-propone-esperar-a-definir-el-aumento-salarial-y-no-realizar-adelantos\/","url_meta":{"origin":53394,"position":3},"title":"FR propone esperar a definir el aumento salarial y no realizar adelantos","author":"La Hora del Campo","date":"3 mayo, 2022","format":false,"excerpt":"La Federaci\u00f3n Rural se ha pronunciado a favor de realizar un ajuste en el acuerdo de salarios tras cerrar los dos primeros semestres del mismo; sin embargo, entiende que realizar adelantos es un sistema muy engorroso y que despu\u00e9s determinar\u00e1 realizar descuentos una vez que este determinado el aumento definitivo.\u2026","rel":"","context":"En \u00abActualidad\u00bb","block_context":{"text":"Actualidad","link":"https:\/\/lahoradelcampo.com.uy\/site\/category\/actualidad\/"},"img":{"alt_text":"","src":"https:\/\/i0.wp.com\/lahoradelcampo.com.uy\/site\/wp-content\/uploads\/2022\/05\/FR-WalterTexeiraNu%C3%B1ez.jpg?fit=880%2C440&ssl=1&resize=350%2C200","width":350,"height":200,"srcset":"https:\/\/i0.wp.com\/lahoradelcampo.com.uy\/site\/wp-content\/uploads\/2022\/05\/FR-WalterTexeiraNu%C3%B1ez.jpg?fit=880%2C440&ssl=1&resize=350%2C200 1x, https:\/\/i0.wp.com\/lahoradelcampo.com.uy\/site\/wp-content\/uploads\/2022\/05\/FR-WalterTexeiraNu%C3%B1ez.jpg?fit=880%2C440&ssl=1&resize=525%2C300 1.5x, https:\/\/i0.wp.com\/lahoradelcampo.com.uy\/site\/wp-content\/uploads\/2022\/05\/FR-WalterTexeiraNu%C3%B1ez.jpg?fit=880%2C440&ssl=1&resize=700%2C400 2x"},"classes":[]},{"id":26670,"url":"https:\/\/lahoradelcampo.com.uy\/site\/salarios-rurales-subieron-3-desde-el-1-de-enero-de-2021\/","url_meta":{"origin":53394,"position":4},"title":"Salarios rurales subieron 3% desde el 1 de enero de 2021","author":"La Hora del Campo","date":"11 enero, 2021","format":false,"excerpt":"Desde el pasado 1\u00b0 de enero de 2021 comenz\u00f3 a regir un nuevo incremento salarial para el grupo 22, que representa la ganader\u00eda, agricultura y actividades conexas (excepto el subgrupo de ca\u00f1a de az\u00facar). Dicho aumento est\u00e1 situado en un 3% sobre los valores vigentes al 31 de diciembre, que\u2026","rel":"","context":"En \u00abActualidad\u00bb","block_context":{"text":"Actualidad","link":"https:\/\/lahoradelcampo.com.uy\/site\/category\/actualidad\/"},"img":{"alt_text":"","src":"https:\/\/i0.wp.com\/lahoradelcampo.com.uy\/site\/wp-content\/uploads\/2020\/04\/Trabajador-rural.jpg?fit=880%2C440&ssl=1&resize=350%2C200","width":350,"height":200,"srcset":"https:\/\/i0.wp.com\/lahoradelcampo.com.uy\/site\/wp-content\/uploads\/2020\/04\/Trabajador-rural.jpg?fit=880%2C440&ssl=1&resize=350%2C200 1x, https:\/\/i0.wp.com\/lahoradelcampo.com.uy\/site\/wp-content\/uploads\/2020\/04\/Trabajador-rural.jpg?fit=880%2C440&ssl=1&resize=525%2C300 1.5x, https:\/\/i0.wp.com\/lahoradelcampo.com.uy\/site\/wp-content\/uploads\/2020\/04\/Trabajador-rural.jpg?fit=880%2C440&ssl=1&resize=700%2C400 2x"},"classes":[]},{"id":15874,"url":"https:\/\/lahoradelcampo.com.uy\/site\/inia-firmo-acuerdo-salarial-con-funcionarios-no-tecnicos\/","url_meta":{"origin":53394,"position":5},"title":"INIA firm\u00f3 acuerdo salarial con funcionarios no t\u00e9cnicos","author":"La Hora del Campo","date":"19 noviembre, 2019","format":false,"excerpt":"El directorio del Instituto Nacional de Investigaci\u00f3n Agropecuaria (INIA) se encuentra realizando un cambio en la estructura laboral de la instituci\u00f3n que ha generado desde diversas reuniones entre los diferentes sindicatos de funcionarios, hasta enfrentamientos y comunicados p\u00fablicos donde se plantearon puntos de vista desencontrados entre los funcionarios profesionales agremiados\u2026","rel":"","context":"En \u00abActualidad\u00bb","block_context":{"text":"Actualidad","link":"https:\/\/lahoradelcampo.com.uy\/site\/category\/actualidad\/"},"img":{"alt_text":"","src":"https:\/\/i0.wp.com\/lahoradelcampo.com.uy\/site\/wp-content\/uploads\/2019\/05\/INIA.jpg?fit=880%2C440&ssl=1&resize=350%2C200","width":350,"height":200,"srcset":"https:\/\/i0.wp.com\/lahoradelcampo.com.uy\/site\/wp-content\/uploads\/2019\/05\/INIA.jpg?fit=880%2C440&ssl=1&resize=350%2C200 1x, https:\/\/i0.wp.com\/lahoradelcampo.com.uy\/site\/wp-content\/uploads\/2019\/05\/INIA.jpg?fit=880%2C440&ssl=1&resize=525%2C300 1.5x, https:\/\/i0.wp.com\/lahoradelcampo.com.uy\/site\/wp-content\/uploads\/2019\/05\/INIA.jpg?fit=880%2C440&ssl=1&resize=700%2C400 2x"},"classes":[]}],"jetpack_likes_enabled":true,"_links":{"self":[{"href":"https:\/\/lahoradelcampo.com.uy\/site\/wp-json\/wp\/v2\/posts\/53394","targetHints":{"allow":["GET"]}}],"collection":[{"href":"https:\/\/lahoradelcampo.com.uy\/site\/wp-json\/wp\/v2\/posts"}],"about":[{"href":"https:\/\/lahoradelcampo.com.uy\/site\/wp-json\/wp\/v2\/types\/post"}],"author":[{"embeddable":true,"href":"https:\/\/lahoradelcampo.com.uy\/site\/wp-json\/wp\/v2\/users\/5"}],"replies":[{"embeddable":true,"href":"https:\/\/lahoradelcampo.com.uy\/site\/wp-json\/wp\/v2\/comments?post=53394"}],"version-history":[{"count":1,"href":"https:\/\/lahoradelcampo.com.uy\/site\/wp-json\/wp\/v2\/posts\/53394\/revisions"}],"predecessor-version":[{"id":53395,"href":"https:\/\/lahoradelcampo.com.uy\/site\/wp-json\/wp\/v2\/posts\/53394\/revisions\/53395"}],"wp:featuredmedia":[{"embeddable":true,"href":"https:\/\/lahoradelcampo.com.uy\/site\/wp-json\/wp\/v2\/media\/2353"}],"wp:attachment":[{"href":"https:\/\/lahoradelcampo.com.uy\/site\/wp-json\/wp\/v2\/media?parent=53394"}],"wp:term":[{"taxonomy":"category","embeddable":true,"href":"https:\/\/lahoradelcampo.com.uy\/site\/wp-json\/wp\/v2\/categories?post=53394"},{"taxonomy":"post_tag","embeddable":true,"href":"https:\/\/lahoradelcampo.com.uy\/site\/wp-json\/wp\/v2\/tags?post=53394"}],"curies":[{"name":"wp","href":"https:\/\/api.w.org\/{rel}","templated":true}]}}