{"id":53392,"date":"2024-01-21T15:55:15","date_gmt":"2024-01-21T18:55:15","guid":{"rendered":"http:\/\/lahoradelcampo.com.uy\/site\/?p=53392"},"modified":"2024-01-21T15:55:17","modified_gmt":"2024-01-21T18:55:17","slug":"microinjertacion-de-citricos-para-prevenir-el-hlb","status":"publish","type":"post","link":"https:\/\/lahoradelcampo.com.uy\/site\/microinjertacion-de-citricos-para-prevenir-el-hlb\/","title":{"rendered":"Microinjertaci\u00f3n de C\u00edtricos: para prevenir el HLB"},"content":{"rendered":"\n<figure class=\"wp-block-image size-full\"><a href=\"https:\/\/i0.wp.com\/lahoradelcampo.com.uy\/site\/wp-content\/uploads\/2018\/03\/citricos.jpg\"><img data-recalc-dims=\"1\" loading=\"lazy\" decoding=\"async\" width=\"810\" height=\"405\" data-attachment-id=\"6125\" data-permalink=\"https:\/\/lahoradelcampo.com.uy\/site\/uruguay-sera-sede-del-iv-international-symposium-on-citrus-biotechnology\/citricos\/\" data-orig-file=\"https:\/\/i0.wp.com\/lahoradelcampo.com.uy\/site\/wp-content\/uploads\/2018\/03\/citricos.jpg?fit=880%2C440&amp;ssl=1\" data-orig-size=\"880,440\" data-comments-opened=\"1\" data-image-meta=\"{&quot;aperture&quot;:&quot;0&quot;,&quot;credit&quot;:&quot;Vicente-Manuel-Tort&quot;,&quot;camera&quot;:&quot;&quot;,&quot;caption&quot;:&quot;&quot;,&quot;created_timestamp&quot;:&quot;0&quot;,&quot;copyright&quot;:&quot;Presidencia de la Republica - Sec.Com.Inst.&quot;,&quot;focal_length&quot;:&quot;0&quot;,&quot;iso&quot;:&quot;0&quot;,&quot;shutter_speed&quot;:&quot;0&quot;,&quot;title&quot;:&quot;&quot;,&quot;orientation&quot;:&quot;1&quot;}\" data-image-title=\"citricos\" data-image-description=\"\" data-image-caption=\"\" data-large-file=\"https:\/\/i0.wp.com\/lahoradelcampo.com.uy\/site\/wp-content\/uploads\/2018\/03\/citricos.jpg?fit=810%2C405&amp;ssl=1\" src=\"https:\/\/i0.wp.com\/lahoradelcampo.com.uy\/site\/wp-content\/uploads\/2018\/03\/citricos.jpg?resize=810%2C405\" alt=\"\" class=\"wp-image-6125\" srcset=\"https:\/\/i0.wp.com\/lahoradelcampo.com.uy\/site\/wp-content\/uploads\/2018\/03\/citricos.jpg?w=880&amp;ssl=1 880w, https:\/\/i0.wp.com\/lahoradelcampo.com.uy\/site\/wp-content\/uploads\/2018\/03\/citricos.jpg?resize=300%2C150&amp;ssl=1 300w, https:\/\/i0.wp.com\/lahoradelcampo.com.uy\/site\/wp-content\/uploads\/2018\/03\/citricos.jpg?resize=768%2C384&amp;ssl=1 768w, https:\/\/i0.wp.com\/lahoradelcampo.com.uy\/site\/wp-content\/uploads\/2018\/03\/citricos.jpg?resize=820%2C410&amp;ssl=1 820w\" sizes=\"auto, (max-width: 810px) 100vw, 810px\" \/><\/a><\/figure>\n\n\n\n<p>La microinjertaci\u00f3n de c\u00edtricos emerge como un baluarte en la lucha contra el Huanglongbing (HLB), una enfermedad que actualmente pone en jaque a la citricultura mundial. Este m\u00e9todo no solo evita la propagaci\u00f3n del HLB, sino que tambi\u00e9n asegura la sanidad del material vegetal utilizado, de acuerdo a un trabajo presentado por el Instituto Nacional de Investigaci\u00f3n Agropecuaria (INIA).<\/p>\n\n\n\n<p>\u00bfC\u00f3mo se Realiza la Microinjertaci\u00f3n de C\u00edtricos?<\/p>\n\n\n\n<p>La microinjertaci\u00f3n sigue pasos meticulosos, partiendo de un portainjerto y utilizando el meristema apical caulinar. A diferencia de los injertos convencionales, este proceso se lleva a cabo en laboratorio, con estrictas medidas de desinfecci\u00f3n y esterilizaci\u00f3n. La clave reside en la utilizaci\u00f3n de una c\u00e1mara de flujo laminar, que garantiza condiciones as\u00e9pticas.<\/p>\n\n\n\n<p>Obtenci\u00f3n de Portainjertos:<\/p>\n\n\n\n<p>Siembra in vitro de semillas certificadas.<br>Cultivo de varetas de las variedades a sanear en fitotr\u00f3n.<br>Obtenci\u00f3n de portainjertos mediante corte y preparaci\u00f3n.<\/p>\n\n\n\n<p>Extracci\u00f3n del Meristema:<br>Retiro de hojas para exponer el \u00e1pice meristem\u00e1tico.<br>Corte horizontal por debajo del segundo o tercer primordio.<br>Colocaci\u00f3n en el portainjerto, evitando contacto con los vasos conductores.<\/p>\n\n\n\n<p>Desarrollo del Microinjerto:<br>El plant\u00edn resultante se coloca en un tubo de ensayo con medio de cultivo.<br>Crecimiento en condiciones controladas.<br>Emergencia de las primeras hojas en 25-35 d\u00edas.<\/p>\n\n\n\n<p>Sobreinjerto:<br>Cuando el microinjerto tiene 2-4 hojas desarrolladas, se sobreinjerta en un portainjerto vigoroso, como lim\u00f3n rugoso.<\/p>\n\n\n\n<p>Garantizando la Sanidad<br>A pesar de su eficacia, la seguridad del material microinjertado se garantiza mediante diversos m\u00e9todos de diagn\u00f3stico, incluyendo:<br>Diagn\u00f3sticos Serol\u00f3gicos: DAS ELISA para el virus de la tristeza de los c\u00edtricos (CTV).<br>Testajes Biol\u00f3gicos: Utilizaci\u00f3n de plantas indicadoras para virus y viroides.<br>Diagn\u00f3sticos Moleculares: Esenciales para viroides y bacterias.<br>Cumplimiento de Normativas<br><br>Los controles de sanidad se ajustan a los est\u00e1ndares de la DGSA\/MGAP, alineados con pautas internacionales. Aunque no incluyen el diagn\u00f3stico para HLB, la eficacia del protocolo ha sido demostrada mediante diagn\u00f3sticos biol\u00f3gicos y seguimiento a lo largo del tiempo.<br><br>La microinjertaci\u00f3n se consolida como una estrategia fundamental en la prevenci\u00f3n del HLB, la amenaza m\u00e1s apremiante para la citricultura a nivel global. Este m\u00e9todo no solo resguarda las plantaciones sino que tambi\u00e9n promete un futuro m\u00e1s saludable para la industria citr\u00edcola.<\/p>\n\n\n\n<p>Salto, 21 de enero de 2024<\/p>\n","protected":false},"excerpt":{"rendered":"<p>La microinjertaci\u00f3n de c\u00edtricos emerge como un baluarte en la lucha contra el Huanglongbing (HLB), una enfermedad que actualmente pone en jaque a la citricultura mundial. Este m\u00e9todo no solo [&hellip;]<\/p>\n","protected":false},"author":5,"featured_media":6125,"comment_status":"open","ping_status":"open","sticky":false,"template":"","format":"standard","meta":{"_price":"","_stock":"","_tribe_ticket_header":"","_tribe_default_ticket_provider":"","_tribe_ticket_capacity":"0","_ticket_start_date":"","_ticket_end_date":"","_tribe_ticket_show_description":"","_tribe_ticket_show_not_going":false,"_tribe_ticket_use_global_stock":"","_tribe_ticket_global_stock_level":"","_global_stock_mode":"","_global_stock_cap":"","_tribe_rsvp_for_event":"","_tribe_ticket_going_count":"","_tribe_ticket_not_going_count":"","_tribe_tickets_list":"[]","_tribe_ticket_has_attendee_info_fields":false,"h5ap_radio_sources":[],"_jetpack_newsletter_access":"","_jetpack_dont_email_post_to_subs":false,"_jetpack_newsletter_tier_id":0,"_jetpack_memberships_contains_paywalled_content":false,"_jetpack_memberships_contains_paid_content":false,"footnotes":""},"categories":[21,9],"tags":[],"class_list":["post-53392","post","type-post","status-publish","format-standard","has-post-thumbnail","hentry","category-actualidad","category-granja"],"jetpack_featured_media_url":"https:\/\/i0.wp.com\/lahoradelcampo.com.uy\/site\/wp-content\/uploads\/2018\/03\/citricos.jpg?fit=880%2C440&ssl=1","jetpack_sharing_enabled":true,"jetpack_shortlink":"https:\/\/wp.me\/p99IaT-dTa","jetpack-related-posts":[{"id":36831,"url":"https:\/\/lahoradelcampo.com.uy\/site\/usda-invierte-us-11-millones-para-combatir-el-hlb-en-citrus\/","url_meta":{"origin":53392,"position":0},"title":"USDA invierte US$ 11 millones para combatir el HLB en citrus","author":"La Hora del Campo","date":"23 noviembre, 2021","format":false,"excerpt":"El Instituto Nacional de Alimentaci\u00f3n y Agricultura (NIFA) del USDA anunci\u00f3 la inversi\u00f3n de casi US$ 11 millones en cinco proyectos de investigaci\u00f3n para combatir el Huanglongbing (HLB), com\u00fanmente conocido como enfermedad del enverdecimiento de los c\u00edtricos. \u201cEl HLB es la amenaza m\u00e1s grave para la producci\u00f3n mundial de c\u00edtricos\u201d\u2026","rel":"","context":"En \u00abActualidad\u00bb","block_context":{"text":"Actualidad","link":"https:\/\/lahoradelcampo.com.uy\/site\/category\/actualidad\/"},"img":{"alt_text":"","src":"https:\/\/i0.wp.com\/lahoradelcampo.com.uy\/site\/wp-content\/uploads\/2021\/11\/CitrusHLB.jpg?fit=880%2C440&ssl=1&resize=350%2C200","width":350,"height":200,"srcset":"https:\/\/i0.wp.com\/lahoradelcampo.com.uy\/site\/wp-content\/uploads\/2021\/11\/CitrusHLB.jpg?fit=880%2C440&ssl=1&resize=350%2C200 1x, https:\/\/i0.wp.com\/lahoradelcampo.com.uy\/site\/wp-content\/uploads\/2021\/11\/CitrusHLB.jpg?fit=880%2C440&ssl=1&resize=525%2C300 1.5x, https:\/\/i0.wp.com\/lahoradelcampo.com.uy\/site\/wp-content\/uploads\/2021\/11\/CitrusHLB.jpg?fit=880%2C440&ssl=1&resize=700%2C400 2x"},"classes":[]},{"id":53473,"url":"https:\/\/lahoradelcampo.com.uy\/site\/hlb-mgap-y-pasantes-de-utu-visitan-hogares-en-artigas-salto-y-paysandu\/","url_meta":{"origin":53392,"position":1},"title":"HLB: MGAP y pasantes de UTU visitan hogares en Artigas, Salto y Paysand\u00fa","author":"La Hora del Campo","date":"27 febrero, 2024","format":false,"excerpt":"En un esfuerzo para prevenir la propagaci\u00f3n del Huanglongbing (HLB), tambi\u00e9n conocido como \"greening\" o \"drag\u00f3n amarillo\", el Ministerio de Ganader\u00eda, Agricultura y Pesca (MGAP) se encuentra realizando monitoreos casa por casa en los departamentos de Artigas, Salto y Paysand\u00fa. La campa\u00f1a, llevada a cabo por funcionarios del MGAP y\u2026","rel":"","context":"En \u00abActualidad\u00bb","block_context":{"text":"Actualidad","link":"https:\/\/lahoradelcampo.com.uy\/site\/category\/actualidad\/"},"img":{"alt_text":"","src":"https:\/\/i0.wp.com\/lahoradelcampo.com.uy\/site\/wp-content\/uploads\/2024\/02\/HLB-mgap.jpg?fit=880%2C440&ssl=1&resize=350%2C200","width":350,"height":200,"srcset":"https:\/\/i0.wp.com\/lahoradelcampo.com.uy\/site\/wp-content\/uploads\/2024\/02\/HLB-mgap.jpg?fit=880%2C440&ssl=1&resize=350%2C200 1x, https:\/\/i0.wp.com\/lahoradelcampo.com.uy\/site\/wp-content\/uploads\/2024\/02\/HLB-mgap.jpg?fit=880%2C440&ssl=1&resize=525%2C300 1.5x, https:\/\/i0.wp.com\/lahoradelcampo.com.uy\/site\/wp-content\/uploads\/2024\/02\/HLB-mgap.jpg?fit=880%2C440&ssl=1&resize=700%2C400 2x"},"classes":[]},{"id":17620,"url":"https:\/\/lahoradelcampo.com.uy\/site\/detectan-naranjo-con-sintomas-del-hlb\/","url_meta":{"origin":53392,"position":2},"title":"Detectan naranjo con s\u00edntomas del HLB","author":"La Hora del Campo","date":"25 febrero, 2020","format":false,"excerpt":"El pasado 18 de febrero, se encontr\u00f2 en la localidad de Monte Caseros, frente a la ciudad de Bella Uni\u00f3n, un naranjo en una chacra comercial, con s\u00edntomas de la enfermedad m\u00e1s destructiva para los c\u00edtricos como los es el HLB. La detecci\u00f3n se logr\u00f3 debido al trabajo de monitoreo\u2026","rel":"","context":"En \u00abActualidad\u00bb","block_context":{"text":"Actualidad","link":"https:\/\/lahoradelcampo.com.uy\/site\/category\/actualidad\/"},"img":{"alt_text":"","src":"https:\/\/i0.wp.com\/lahoradelcampo.com.uy\/site\/wp-content\/uploads\/2018\/04\/Naranja.jpg?fit=880%2C440&ssl=1&resize=350%2C200","width":350,"height":200,"srcset":"https:\/\/i0.wp.com\/lahoradelcampo.com.uy\/site\/wp-content\/uploads\/2018\/04\/Naranja.jpg?fit=880%2C440&ssl=1&resize=350%2C200 1x, https:\/\/i0.wp.com\/lahoradelcampo.com.uy\/site\/wp-content\/uploads\/2018\/04\/Naranja.jpg?fit=880%2C440&ssl=1&resize=525%2C300 1.5x, https:\/\/i0.wp.com\/lahoradelcampo.com.uy\/site\/wp-content\/uploads\/2018\/04\/Naranja.jpg?fit=880%2C440&ssl=1&resize=700%2C400 2x"},"classes":[]},{"id":55981,"url":"https:\/\/lahoradelcampo.com.uy\/site\/rio-grande-do-sul-refuerza-controles-ante-caso-de-hlb-santa-catarina\/","url_meta":{"origin":53392,"position":3},"title":"Rio Grande do Sul refuerza controles ante caso de HLB Santa Catarina","author":"La Hora del Campo","date":"23 abril, 2025","format":false,"excerpt":"Tras la confirmaci\u00f3n de un nuevo brote de greening en Santa Catarina, el estado brasile\u00f1o de Rio Grande do Sul intensific\u00f3 sus medidas de prevenci\u00f3n para proteger la sanidad de sus plantaciones de c\u00edtricos. El greening, tambi\u00e9n conocido como HLB, es una enfermedad altamente destructiva que afecta a los c\u00edtricos\u2026","rel":"","context":"En \u00abActualidad\u00bb","block_context":{"text":"Actualidad","link":"https:\/\/lahoradelcampo.com.uy\/site\/category\/actualidad\/"},"img":{"alt_text":"","src":"https:\/\/i0.wp.com\/lahoradelcampo.com.uy\/site\/wp-content\/uploads\/2023\/01\/hlb-bELLA-2.jpg?fit=880%2C440&ssl=1&resize=350%2C200","width":350,"height":200,"srcset":"https:\/\/i0.wp.com\/lahoradelcampo.com.uy\/site\/wp-content\/uploads\/2023\/01\/hlb-bELLA-2.jpg?fit=880%2C440&ssl=1&resize=350%2C200 1x, https:\/\/i0.wp.com\/lahoradelcampo.com.uy\/site\/wp-content\/uploads\/2023\/01\/hlb-bELLA-2.jpg?fit=880%2C440&ssl=1&resize=525%2C300 1.5x, https:\/\/i0.wp.com\/lahoradelcampo.com.uy\/site\/wp-content\/uploads\/2023\/01\/hlb-bELLA-2.jpg?fit=880%2C440&ssl=1&resize=700%2C400 2x"},"classes":[]},{"id":40477,"url":"https:\/\/lahoradelcampo.com.uy\/site\/universidad-de-florida-revela-como-el-hlb-dana-los-arboles\/","url_meta":{"origin":53392,"position":4},"title":"Universidad  de Florida revela c\u00f3mo  el HLB da\u00f1a  los \u00e1rboles","author":"La Hora del Campo","date":"1 abril, 2022","format":false,"excerpt":"Nian Wang, profesor del Instituto de Ciencias Alimentarias y Agr\u00edcolas de la Universidad de Florida (UF\/IFAS), particip\u00f3 en una investigaci\u00f3n que revel\u00f3 en detalle c\u00f3mo el HLB provoca da\u00f1os en los \u00e1rboles c\u00edtricos. Seg\u00fan el informe es una enfermedad inmune desencadenada por un pat\u00f3geno, la misma resulta de la activaci\u00f3n\u2026","rel":"","context":"En \u00abActualidad\u00bb","block_context":{"text":"Actualidad","link":"https:\/\/lahoradelcampo.com.uy\/site\/category\/actualidad\/"},"img":{"alt_text":"","src":"https:\/\/i0.wp.com\/lahoradelcampo.com.uy\/site\/wp-content\/uploads\/2021\/11\/CitrusHLB.jpg?fit=880%2C440&ssl=1&resize=350%2C200","width":350,"height":200,"srcset":"https:\/\/i0.wp.com\/lahoradelcampo.com.uy\/site\/wp-content\/uploads\/2021\/11\/CitrusHLB.jpg?fit=880%2C440&ssl=1&resize=350%2C200 1x, https:\/\/i0.wp.com\/lahoradelcampo.com.uy\/site\/wp-content\/uploads\/2021\/11\/CitrusHLB.jpg?fit=880%2C440&ssl=1&resize=525%2C300 1.5x, https:\/\/i0.wp.com\/lahoradelcampo.com.uy\/site\/wp-content\/uploads\/2021\/11\/CitrusHLB.jpg?fit=880%2C440&ssl=1&resize=700%2C400 2x"},"classes":[]},{"id":33028,"url":"https:\/\/lahoradelcampo.com.uy\/site\/mgap-planteo-plan-de-contingencia-ante-posible-llegada-del-hlb\/","url_meta":{"origin":53392,"position":5},"title":"MGAP plante\u00f3 plan de contingencia ante posible llegada del HLB","author":"La Hora del Campo","date":"13 agosto, 2021","format":false,"excerpt":"En la jornada de ayer se realiz\u00f3 una conferencia de prensa por parte del Ministerio de Ganader\u00eda, Agricultura y Pesca (MGAP) para informar las medidas de control adoptadas para prevenir el ingreso del HLB y la Peste Porcina Africana. En dicho encuentro el ministro de Ganader\u00eda, Agricultura y Pesca, Fernando\u2026","rel":"","context":"En \u00abActualidad\u00bb","block_context":{"text":"Actualidad","link":"https:\/\/lahoradelcampo.com.uy\/site\/category\/actualidad\/"},"img":{"alt_text":"","src":"https:\/\/i0.wp.com\/lahoradelcampo.com.uy\/site\/wp-content\/uploads\/2021\/08\/OLiveraymattos.jpg?fit=880%2C440&ssl=1&resize=350%2C200","width":350,"height":200,"srcset":"https:\/\/i0.wp.com\/lahoradelcampo.com.uy\/site\/wp-content\/uploads\/2021\/08\/OLiveraymattos.jpg?fit=880%2C440&ssl=1&resize=350%2C200 1x, https:\/\/i0.wp.com\/lahoradelcampo.com.uy\/site\/wp-content\/uploads\/2021\/08\/OLiveraymattos.jpg?fit=880%2C440&ssl=1&resize=525%2C300 1.5x, https:\/\/i0.wp.com\/lahoradelcampo.com.uy\/site\/wp-content\/uploads\/2021\/08\/OLiveraymattos.jpg?fit=880%2C440&ssl=1&resize=700%2C400 2x"},"classes":[]}],"jetpack_likes_enabled":true,"_links":{"self":[{"href":"https:\/\/lahoradelcampo.com.uy\/site\/wp-json\/wp\/v2\/posts\/53392","targetHints":{"allow":["GET"]}}],"collection":[{"href":"https:\/\/lahoradelcampo.com.uy\/site\/wp-json\/wp\/v2\/posts"}],"about":[{"href":"https:\/\/lahoradelcampo.com.uy\/site\/wp-json\/wp\/v2\/types\/post"}],"author":[{"embeddable":true,"href":"https:\/\/lahoradelcampo.com.uy\/site\/wp-json\/wp\/v2\/users\/5"}],"replies":[{"embeddable":true,"href":"https:\/\/lahoradelcampo.com.uy\/site\/wp-json\/wp\/v2\/comments?post=53392"}],"version-history":[{"count":1,"href":"https:\/\/lahoradelcampo.com.uy\/site\/wp-json\/wp\/v2\/posts\/53392\/revisions"}],"predecessor-version":[{"id":53393,"href":"https:\/\/lahoradelcampo.com.uy\/site\/wp-json\/wp\/v2\/posts\/53392\/revisions\/53393"}],"wp:featuredmedia":[{"embeddable":true,"href":"https:\/\/lahoradelcampo.com.uy\/site\/wp-json\/wp\/v2\/media\/6125"}],"wp:attachment":[{"href":"https:\/\/lahoradelcampo.com.uy\/site\/wp-json\/wp\/v2\/media?parent=53392"}],"wp:term":[{"taxonomy":"category","embeddable":true,"href":"https:\/\/lahoradelcampo.com.uy\/site\/wp-json\/wp\/v2\/categories?post=53392"},{"taxonomy":"post_tag","embeddable":true,"href":"https:\/\/lahoradelcampo.com.uy\/site\/wp-json\/wp\/v2\/tags?post=53392"}],"curies":[{"name":"wp","href":"https:\/\/api.w.org\/{rel}","templated":true}]}}