{"id":53377,"date":"2024-01-15T07:27:01","date_gmt":"2024-01-15T10:27:01","guid":{"rendered":"http:\/\/lahoradelcampo.com.uy\/site\/?p=53377"},"modified":"2024-01-15T07:27:02","modified_gmt":"2024-01-15T10:27:02","slug":"baja-del-maiz-favorecio-a-los-criadores-de-cerdos-en-diciembre","status":"publish","type":"post","link":"https:\/\/lahoradelcampo.com.uy\/site\/baja-del-maiz-favorecio-a-los-criadores-de-cerdos-en-diciembre\/","title":{"rendered":"Baja del ma\u00edz favoreci\u00f3 a los criadores de cerdos en diciembre"},"content":{"rendered":"\n<figure class=\"wp-block-image size-full\"><a href=\"https:\/\/i0.wp.com\/lahoradelcampo.com.uy\/site\/wp-content\/uploads\/2023\/11\/cerdos-suinos.jpg\"><img data-recalc-dims=\"1\" loading=\"lazy\" decoding=\"async\" width=\"810\" height=\"405\" data-attachment-id=\"53240\" data-permalink=\"https:\/\/lahoradelcampo.com.uy\/site\/la-relacion-de-compra-entre-el-cerdo-y-el-maiz-mejoro-un-15\/cerdos-suinos\/\" data-orig-file=\"https:\/\/i0.wp.com\/lahoradelcampo.com.uy\/site\/wp-content\/uploads\/2023\/11\/cerdos-suinos.jpg?fit=880%2C440&amp;ssl=1\" data-orig-size=\"880,440\" data-comments-opened=\"1\" data-image-meta=\"{&quot;aperture&quot;:&quot;0&quot;,&quot;credit&quot;:&quot;&quot;,&quot;camera&quot;:&quot;&quot;,&quot;caption&quot;:&quot;&quot;,&quot;created_timestamp&quot;:&quot;0&quot;,&quot;copyright&quot;:&quot;&quot;,&quot;focal_length&quot;:&quot;0&quot;,&quot;iso&quot;:&quot;0&quot;,&quot;shutter_speed&quot;:&quot;0&quot;,&quot;title&quot;:&quot;&quot;,&quot;orientation&quot;:&quot;1&quot;}\" data-image-title=\"cerdos-suinos\" data-image-description=\"\" data-image-caption=\"\" data-large-file=\"https:\/\/i0.wp.com\/lahoradelcampo.com.uy\/site\/wp-content\/uploads\/2023\/11\/cerdos-suinos.jpg?fit=810%2C405&amp;ssl=1\" src=\"https:\/\/i0.wp.com\/lahoradelcampo.com.uy\/site\/wp-content\/uploads\/2023\/11\/cerdos-suinos.jpg?resize=810%2C405\" alt=\"\" class=\"wp-image-53240\" srcset=\"https:\/\/i0.wp.com\/lahoradelcampo.com.uy\/site\/wp-content\/uploads\/2023\/11\/cerdos-suinos.jpg?w=880&amp;ssl=1 880w, https:\/\/i0.wp.com\/lahoradelcampo.com.uy\/site\/wp-content\/uploads\/2023\/11\/cerdos-suinos.jpg?resize=300%2C150&amp;ssl=1 300w, https:\/\/i0.wp.com\/lahoradelcampo.com.uy\/site\/wp-content\/uploads\/2023\/11\/cerdos-suinos.jpg?resize=768%2C384&amp;ssl=1 768w, https:\/\/i0.wp.com\/lahoradelcampo.com.uy\/site\/wp-content\/uploads\/2023\/11\/cerdos-suinos.jpg?resize=820%2C410&amp;ssl=1 820w\" sizes=\"auto, (max-width: 810px) 100vw, 810px\" \/><\/a><\/figure>\n\n\n\n<p>Durante el mes de diciembre se registr\u00f3 un descenso en el valor promedio de la tonelada de ma\u00edz, lo que permiti\u00f3 un mayor poder de compra del cereal por parte de los productores, a pesar de que los precios se mantuvieron estables para el cerdo en los dos \u00faltimos meses del 2023. <\/p>\n\n\n\n<p>El valor promedio de la tonelada de ma\u00edz cotiz\u00f3 a US$ 250 durante el mes de diciembre, seg\u00fan los datos semanales de la C\u00e1mara Mercantil de Productos del Pa\u00eds (CMPP), lo signific\u00f3 un descenso del 4% respecto a noviembre. Esto permiti\u00f3 que el productor lograra pasar de 7,6 kilos de ma\u00edz en noviembre a adquirir 7,9 kilos en diciembre, aumentando el poder de compra del productor un 4% mensual.<\/p>\n\n\n\n<p>Frente a diciembre de 2022, la baja en el precio del cereal fue del 14%, pero adem\u00e1s la incidencia del valor del d\u00f3lar llev\u00f3 a que los productores superaran en un 19% su poder de compra frente a los 6,7 kilos que adquir\u00edan hacia 12 meses atr\u00e1s.<\/p>\n\n\n\n<p>En relaci\u00f3n con el valor del cerdo, los datos del Observatorio Granjero de la Direcci\u00f3n General de la Granja (Digegra\/Mgap) y la Unidad Agroalimentaria Metropolitana (UAM), indican que el kilogramo en pie puesto en planta frigor\u00edfica cotiz\u00f3 en diciembre a $U 78 (setenta y ocho pesos uruguayos) en promedio, manteni\u00e9ndose estable en pesos uruguayos. Al trasladarlo a d\u00f3lares, el valor asciende a US$ 1,98 tras subir un 1% frente a noviembre.<\/p>\n\n\n\n<p>En comparaci\u00f3n con diciembre de 2022, en el \u00faltimo mes del a\u00f1o pasado hay un aumento del 3% en la moneda local y de 2% en d\u00f3lares estadounidenses.<\/p>\n\n\n\n<p>Por su parte la raci\u00f3n para engorde de cerdos cay\u00f3 un 3% en su cotizaci\u00f3n entre noviembre y diciembre, situ\u00e1ndose en US$ 452 por tonelada, permitiendo que el poder de compra del productor pasara de 4,2 a 4,4 kilos de raci\u00f3n por kilo vivo del cerdo en planta de faena. Respecto a diciembre del a\u00f1o pasado la mejora en el poder de compra fue del 10%.<\/p>\n\n\n\n<p>Salto, 15 de enero de 2024<\/p>\n","protected":false},"excerpt":{"rendered":"<p>Durante el mes de diciembre se registr\u00f3 un descenso en el valor promedio de la tonelada de ma\u00edz, lo que permiti\u00f3 un mayor poder de compra del cereal por parte [&hellip;]<\/p>\n","protected":false},"author":5,"featured_media":53240,"comment_status":"open","ping_status":"open","sticky":false,"template":"","format":"standard","meta":{"_price":"","_stock":"","_tribe_ticket_header":"","_tribe_default_ticket_provider":"","_tribe_ticket_capacity":"0","_ticket_start_date":"","_ticket_end_date":"","_tribe_ticket_show_description":"","_tribe_ticket_show_not_going":false,"_tribe_ticket_use_global_stock":"","_tribe_ticket_global_stock_level":"","_global_stock_mode":"","_global_stock_cap":"","_tribe_rsvp_for_event":"","_tribe_ticket_going_count":"","_tribe_ticket_not_going_count":"","_tribe_tickets_list":"[]","_tribe_ticket_has_attendee_info_fields":false,"h5ap_radio_sources":[],"_jetpack_newsletter_access":"","_jetpack_dont_email_post_to_subs":false,"_jetpack_newsletter_tier_id":0,"_jetpack_memberships_contains_paywalled_content":false,"_jetpack_memberships_contains_paid_content":false,"footnotes":""},"categories":[21,9],"tags":[],"class_list":["post-53377","post","type-post","status-publish","format-standard","has-post-thumbnail","hentry","category-actualidad","category-granja"],"jetpack_featured_media_url":"https:\/\/i0.wp.com\/lahoradelcampo.com.uy\/site\/wp-content\/uploads\/2023\/11\/cerdos-suinos.jpg?fit=880%2C440&ssl=1","jetpack_sharing_enabled":true,"jetpack_shortlink":"https:\/\/wp.me\/p99IaT-dSV","jetpack-related-posts":[{"id":54771,"url":"https:\/\/lahoradelcampo.com.uy\/site\/en-setiembre-cayo-el-poder-de-compra-de-los-productores-de-cerdos\/","url_meta":{"origin":53377,"position":0},"title":"En setiembre cay\u00f3 el poder de compra de los productores de cerdos","author":"La Hora del Campo","date":"1 octubre, 2024","format":false,"excerpt":"Durante el mes de setiembre el valor promedio de la tonelada de ma\u00edz se mantuvo estable respecto al mes anterior, lo cual sumado a una baja en el precio del cerdo gordo en el mercado interno y la valorizaci\u00f3n del d\u00f3lar, se observ\u00f3 un descenso en el poder de compra\u2026","rel":"","context":"En \u00abActualidad\u00bb","block_context":{"text":"Actualidad","link":"https:\/\/lahoradelcampo.com.uy\/site\/category\/actualidad\/"},"img":{"alt_text":"","src":"https:\/\/i0.wp.com\/lahoradelcampo.com.uy\/site\/wp-content\/uploads\/2024\/10\/cerdomaiz.jpg?fit=880%2C440&ssl=1&resize=350%2C200","width":350,"height":200,"srcset":"https:\/\/i0.wp.com\/lahoradelcampo.com.uy\/site\/wp-content\/uploads\/2024\/10\/cerdomaiz.jpg?fit=880%2C440&ssl=1&resize=350%2C200 1x, https:\/\/i0.wp.com\/lahoradelcampo.com.uy\/site\/wp-content\/uploads\/2024\/10\/cerdomaiz.jpg?fit=880%2C440&ssl=1&resize=525%2C300 1.5x, https:\/\/i0.wp.com\/lahoradelcampo.com.uy\/site\/wp-content\/uploads\/2024\/10\/cerdomaiz.jpg?fit=880%2C440&ssl=1&resize=700%2C400 2x"},"classes":[]},{"id":54994,"url":"https:\/\/lahoradelcampo.com.uy\/site\/la-relacion-de-compra-cerdo-maiz-continua-siendo-favorable-al-criador\/","url_meta":{"origin":53377,"position":1},"title":"La relaci\u00f3n de compra cerdo\/ma\u00edz contin\u00faa siendo favorable al criador","author":"La Hora del Campo","date":"29 octubre, 2024","format":false,"excerpt":"De acuerdo con los datos publicados por el Observatorio Granjero (DIGEGRA\/UAM), en el acumulado desde enero hasta el 24 de octubre de 2024, la relaci\u00f3n entre el valor del cerdo y el ma\u00edz, mejor\u00f3 un 38,8% respecto a igual per\u00edodo de 2023, sin embargo, la relaci\u00f3n registra un leve descenso\u2026","rel":"","context":"En \u00abActualidad\u00bb","block_context":{"text":"Actualidad","link":"https:\/\/lahoradelcampo.com.uy\/site\/category\/actualidad\/"},"img":{"alt_text":"","src":"https:\/\/i0.wp.com\/lahoradelcampo.com.uy\/site\/wp-content\/uploads\/2024\/10\/relacion-cerdo-maiz.jpg?fit=880%2C440&ssl=1&resize=350%2C200","width":350,"height":200,"srcset":"https:\/\/i0.wp.com\/lahoradelcampo.com.uy\/site\/wp-content\/uploads\/2024\/10\/relacion-cerdo-maiz.jpg?fit=880%2C440&ssl=1&resize=350%2C200 1x, https:\/\/i0.wp.com\/lahoradelcampo.com.uy\/site\/wp-content\/uploads\/2024\/10\/relacion-cerdo-maiz.jpg?fit=880%2C440&ssl=1&resize=525%2C300 1.5x, https:\/\/i0.wp.com\/lahoradelcampo.com.uy\/site\/wp-content\/uploads\/2024\/10\/relacion-cerdo-maiz.jpg?fit=880%2C440&ssl=1&resize=700%2C400 2x"},"classes":[]},{"id":37085,"url":"https:\/\/lahoradelcampo.com.uy\/site\/caen-los-valores-del-hilton-en-el-mes-de-noviembre\/","url_meta":{"origin":53377,"position":2},"title":"Caen  los valores del Hilton en el mes  de noviembre","author":"La Hora del Campo","date":"1 diciembre, 2021","format":false,"excerpt":"En las \u00faltimas semanas se registr\u00f3 una fuerte baja en los valores de cortes Hilton, seg\u00fan los exportadores argentinos. Este descenso est\u00e1 fuertemente vinculado a la nueva ola de Covid-19 que avanza sobre Europa. De acuerdo a las referencias publicadas por APEA (Asociaci\u00f3n de Productores Exportadores Argentinos), cortes como el\u2026","rel":"","context":"En \u00abActualidad\u00bb","block_context":{"text":"Actualidad","link":"https:\/\/lahoradelcampo.com.uy\/site\/category\/actualidad\/"},"img":{"alt_text":"","src":"https:\/\/i0.wp.com\/lahoradelcampo.com.uy\/site\/wp-content\/uploads\/2021\/05\/carneargentina.jpg?fit=880%2C440&ssl=1&resize=350%2C200","width":350,"height":200,"srcset":"https:\/\/i0.wp.com\/lahoradelcampo.com.uy\/site\/wp-content\/uploads\/2021\/05\/carneargentina.jpg?fit=880%2C440&ssl=1&resize=350%2C200 1x, https:\/\/i0.wp.com\/lahoradelcampo.com.uy\/site\/wp-content\/uploads\/2021\/05\/carneargentina.jpg?fit=880%2C440&ssl=1&resize=525%2C300 1.5x, https:\/\/i0.wp.com\/lahoradelcampo.com.uy\/site\/wp-content\/uploads\/2021\/05\/carneargentina.jpg?fit=880%2C440&ssl=1&resize=700%2C400 2x"},"classes":[]},{"id":55965,"url":"https:\/\/lahoradelcampo.com.uy\/site\/en-2025-viene-mejorando-la-relacion-cerdo-maiz\/","url_meta":{"origin":53377,"position":3},"title":"En 2025 viene mejorando la relaci\u00f3n cerdo\/ma\u00edz","author":"La Hora del Campo","date":"22 abril, 2025","format":false,"excerpt":"El precio del cerdo gordo en pie hasta la primera quincena de abril, puesto en planta frigor\u00edfica, se ubica entre $ 80 y $ 90 el kilogramo, de acuerdo con el informe del Observatorio Granjero, de la Direcci\u00f3n General de la Granja (DIGEGRA) y la Unidad Agroalimentaria Metropolitana (UAM). El\u2026","rel":"","context":"En \u00abActualidad\u00bb","block_context":{"text":"Actualidad","link":"https:\/\/lahoradelcampo.com.uy\/site\/category\/actualidad\/"},"img":{"alt_text":"","src":"https:\/\/i0.wp.com\/lahoradelcampo.com.uy\/site\/wp-content\/uploads\/2025\/04\/Cerdomaiz-relacion.jpg?fit=880%2C440&ssl=1&resize=350%2C200","width":350,"height":200,"srcset":"https:\/\/i0.wp.com\/lahoradelcampo.com.uy\/site\/wp-content\/uploads\/2025\/04\/Cerdomaiz-relacion.jpg?fit=880%2C440&ssl=1&resize=350%2C200 1x, https:\/\/i0.wp.com\/lahoradelcampo.com.uy\/site\/wp-content\/uploads\/2025\/04\/Cerdomaiz-relacion.jpg?fit=880%2C440&ssl=1&resize=525%2C300 1.5x, https:\/\/i0.wp.com\/lahoradelcampo.com.uy\/site\/wp-content\/uploads\/2025\/04\/Cerdomaiz-relacion.jpg?fit=880%2C440&ssl=1&resize=700%2C400 2x"},"classes":[]},{"id":53239,"url":"https:\/\/lahoradelcampo.com.uy\/site\/la-relacion-de-compra-entre-el-cerdo-y-el-maiz-mejoro-un-15\/","url_meta":{"origin":53377,"position":4},"title":"La relaci\u00f3n de compra entre el cerdo y el ma\u00edz mejor\u00f3 un 15%","author":"La Hora del Campo","date":"30 noviembre, 2023","format":false,"excerpt":"De acuerdo con los datos publicados por el Observatorio Granjero (DIGEGRA\/UAM) en este mes de noviembre a relaci\u00f3n entre el valor del cerdo y el ma\u00edz, mejor\u00f3 un 15% respecto a igual per\u00edodo de 2022, sin embargo, la relaci\u00f3n se mantiene estable respecto a octubre. En la \u00faltima semana de\u2026","rel":"","context":"En \u00abActualidad\u00bb","block_context":{"text":"Actualidad","link":"https:\/\/lahoradelcampo.com.uy\/site\/category\/actualidad\/"},"img":{"alt_text":"","src":"https:\/\/i0.wp.com\/lahoradelcampo.com.uy\/site\/wp-content\/uploads\/2023\/11\/cerdos-suinos.jpg?fit=880%2C440&ssl=1&resize=350%2C200","width":350,"height":200,"srcset":"https:\/\/i0.wp.com\/lahoradelcampo.com.uy\/site\/wp-content\/uploads\/2023\/11\/cerdos-suinos.jpg?fit=880%2C440&ssl=1&resize=350%2C200 1x, https:\/\/i0.wp.com\/lahoradelcampo.com.uy\/site\/wp-content\/uploads\/2023\/11\/cerdos-suinos.jpg?fit=880%2C440&ssl=1&resize=525%2C300 1.5x, https:\/\/i0.wp.com\/lahoradelcampo.com.uy\/site\/wp-content\/uploads\/2023\/11\/cerdos-suinos.jpg?fit=880%2C440&ssl=1&resize=700%2C400 2x"},"classes":[]},{"id":54216,"url":"https:\/\/lahoradelcampo.com.uy\/site\/con-rendimientos-positivos-margenes-netos-negativos-para-la-soja-y-el-maiz\/","url_meta":{"origin":53377,"position":5},"title":"Con rendimientos positivos, m\u00e1rgenes netos negativos para la soja y el ma\u00edz","author":"La Hora del Campo","date":"13 agosto, 2024","format":false,"excerpt":"Este lunes 12 de agosto se represent\u00f3 por parte de Fucrea los resultados productivos y econ\u00f3micos de la zafra de verano 2023-24, donde se observan rendimientos buenos para el ma\u00edz y la soja, a pesar de las dificultades clim\u00e1ticas, sin embargo, esa misma problem\u00e1tica determin\u00f3 mayores costos y m\u00e1rgenes netos\u2026","rel":"","context":"En \u00abActualidad\u00bb","block_context":{"text":"Actualidad","link":"https:\/\/lahoradelcampo.com.uy\/site\/category\/actualidad\/"},"img":{"alt_text":"","src":"https:\/\/i0.wp.com\/lahoradelcampo.com.uy\/site\/wp-content\/uploads\/2017\/10\/Soja-a.jpg?fit=880%2C440&ssl=1&resize=350%2C200","width":350,"height":200,"srcset":"https:\/\/i0.wp.com\/lahoradelcampo.com.uy\/site\/wp-content\/uploads\/2017\/10\/Soja-a.jpg?fit=880%2C440&ssl=1&resize=350%2C200 1x, https:\/\/i0.wp.com\/lahoradelcampo.com.uy\/site\/wp-content\/uploads\/2017\/10\/Soja-a.jpg?fit=880%2C440&ssl=1&resize=525%2C300 1.5x, https:\/\/i0.wp.com\/lahoradelcampo.com.uy\/site\/wp-content\/uploads\/2017\/10\/Soja-a.jpg?fit=880%2C440&ssl=1&resize=700%2C400 2x"},"classes":[]}],"jetpack_likes_enabled":true,"_links":{"self":[{"href":"https:\/\/lahoradelcampo.com.uy\/site\/wp-json\/wp\/v2\/posts\/53377","targetHints":{"allow":["GET"]}}],"collection":[{"href":"https:\/\/lahoradelcampo.com.uy\/site\/wp-json\/wp\/v2\/posts"}],"about":[{"href":"https:\/\/lahoradelcampo.com.uy\/site\/wp-json\/wp\/v2\/types\/post"}],"author":[{"embeddable":true,"href":"https:\/\/lahoradelcampo.com.uy\/site\/wp-json\/wp\/v2\/users\/5"}],"replies":[{"embeddable":true,"href":"https:\/\/lahoradelcampo.com.uy\/site\/wp-json\/wp\/v2\/comments?post=53377"}],"version-history":[{"count":1,"href":"https:\/\/lahoradelcampo.com.uy\/site\/wp-json\/wp\/v2\/posts\/53377\/revisions"}],"predecessor-version":[{"id":53378,"href":"https:\/\/lahoradelcampo.com.uy\/site\/wp-json\/wp\/v2\/posts\/53377\/revisions\/53378"}],"wp:featuredmedia":[{"embeddable":true,"href":"https:\/\/lahoradelcampo.com.uy\/site\/wp-json\/wp\/v2\/media\/53240"}],"wp:attachment":[{"href":"https:\/\/lahoradelcampo.com.uy\/site\/wp-json\/wp\/v2\/media?parent=53377"}],"wp:term":[{"taxonomy":"category","embeddable":true,"href":"https:\/\/lahoradelcampo.com.uy\/site\/wp-json\/wp\/v2\/categories?post=53377"},{"taxonomy":"post_tag","embeddable":true,"href":"https:\/\/lahoradelcampo.com.uy\/site\/wp-json\/wp\/v2\/tags?post=53377"}],"curies":[{"name":"wp","href":"https:\/\/api.w.org\/{rel}","templated":true}]}}