{"id":53371,"date":"2024-01-15T07:15:05","date_gmt":"2024-01-15T10:15:05","guid":{"rendered":"http:\/\/lahoradelcampo.com.uy\/site\/?p=53371"},"modified":"2024-01-15T07:15:06","modified_gmt":"2024-01-15T10:15:06","slug":"retorno-del-mercado-lanero-australiano-con-altibajos","status":"publish","type":"post","link":"https:\/\/lahoradelcampo.com.uy\/site\/retorno-del-mercado-lanero-australiano-con-altibajos\/","title":{"rendered":"Retorno del mercado lanero australiano con altibajos"},"content":{"rendered":"\n<figure class=\"wp-block-image size-full\"><a href=\"https:\/\/i0.wp.com\/lahoradelcampo.com.uy\/site\/wp-content\/uploads\/2023\/02\/Lana-Australia4.jpg\"><img data-recalc-dims=\"1\" loading=\"lazy\" decoding=\"async\" width=\"810\" height=\"405\" data-attachment-id=\"48787\" data-permalink=\"https:\/\/lahoradelcampo.com.uy\/site\/se-freno-la-suba-en-australia-con-una-baja-de-31-centavos\/lana-australia4\/\" data-orig-file=\"https:\/\/i0.wp.com\/lahoradelcampo.com.uy\/site\/wp-content\/uploads\/2023\/02\/Lana-Australia4.jpg?fit=880%2C440&amp;ssl=1\" data-orig-size=\"880,440\" data-comments-opened=\"1\" data-image-meta=\"{&quot;aperture&quot;:&quot;0&quot;,&quot;credit&quot;:&quot;&quot;,&quot;camera&quot;:&quot;&quot;,&quot;caption&quot;:&quot;&quot;,&quot;created_timestamp&quot;:&quot;0&quot;,&quot;copyright&quot;:&quot;&quot;,&quot;focal_length&quot;:&quot;0&quot;,&quot;iso&quot;:&quot;0&quot;,&quot;shutter_speed&quot;:&quot;0&quot;,&quot;title&quot;:&quot;&quot;,&quot;orientation&quot;:&quot;1&quot;}\" data-image-title=\"Lana-Australia4\" data-image-description=\"\" data-image-caption=\"\" data-large-file=\"https:\/\/i0.wp.com\/lahoradelcampo.com.uy\/site\/wp-content\/uploads\/2023\/02\/Lana-Australia4.jpg?fit=810%2C405&amp;ssl=1\" src=\"https:\/\/i0.wp.com\/lahoradelcampo.com.uy\/site\/wp-content\/uploads\/2023\/02\/Lana-Australia4.jpg?resize=810%2C405\" alt=\"\" class=\"wp-image-48787\" srcset=\"https:\/\/i0.wp.com\/lahoradelcampo.com.uy\/site\/wp-content\/uploads\/2023\/02\/Lana-Australia4.jpg?w=880&amp;ssl=1 880w, https:\/\/i0.wp.com\/lahoradelcampo.com.uy\/site\/wp-content\/uploads\/2023\/02\/Lana-Australia4.jpg?resize=300%2C150&amp;ssl=1 300w, https:\/\/i0.wp.com\/lahoradelcampo.com.uy\/site\/wp-content\/uploads\/2023\/02\/Lana-Australia4.jpg?resize=768%2C384&amp;ssl=1 768w, https:\/\/i0.wp.com\/lahoradelcampo.com.uy\/site\/wp-content\/uploads\/2023\/02\/Lana-Australia4.jpg?resize=820%2C410&amp;ssl=1 820w\" sizes=\"auto, (max-width: 810px) 100vw, 810px\" \/><\/a><\/figure>\n\n\n\n<p>Luego de un destacado cierre de la primera mitad de la zafra lanera 2023-2024, el retorno a la actividad tras el receso tradicional de final de a\u00f1o fue con altibajos dependiendo del an\u00e1lisis tanto en la moneda local, como en d\u00f3lares estadounidenses o en los distintos micronajes. <\/p>\n\n\n\n<p>Con tres jornadas de venta, el volumen ofertado fue de 50.884 fardos, un 4% m\u00e1s de lo propuesto en la semana cerrada el 14 de diciembre, pero se termin\u00f3 colocando un 92% de esa oferta, que termina con un volumen levemente inferior a la \u00faltima semana.<\/p>\n\n\n\n<p>El volumen, la calidad de la oferta y la variabilidad cambiaria fueron factores que incidieron en ambos sentidos. En el caso de las lanas finas, el volumen ha sido muy importante y la calidad ha sido inferior en la segunda y tercera jornada, con lanas de menor rendimiento a la tracci\u00f3n y alta variabilidad del largo de mecha. La oferta de menos de 16,5 micras alcanz\u00f3 primas destacadas y cerr\u00f3 las tres jornadas en alza. Para las lanas medias y gruesas, la oferta ha sido realmente muy abultada en estas tres jornadas, determinando un ajuste de valores, ante la presi\u00f3n de la demanda.<\/p>\n\n\n\n<p>En este contexto el IME cerr\u00f3 en A$ 12,13 por kilogramo base limpia, terminando la semana con un centavo de suba respecto al cierre de 2023. Por su parte, en d\u00f3lares estadounidenses el indicador cerr\u00f3 a US$ 8,16, subiendo dos centavos en el arranque de 2024.<\/p>\n\n\n\n<p>La pr\u00f3xima semana tambi\u00e9n tendremos tres d\u00edas de actividad en el mercado lanero australiano con una oferta de 55.660 fardos. De concretarse dicho volumen, ser\u00e1 un 9,4% superior a lo propuesto esta semana y 10,3% respecto a igual semana de 2023. Las ventas se distribuir\u00e1n los d\u00edas martes y mi\u00e9rcoles en los tres centros, mientras que Melbourne vender\u00e1 tambi\u00e9n el jueves.<\/p>\n\n\n\n<p>Salto, 15 de enero de 2024<\/p>\n","protected":false},"excerpt":{"rendered":"<p>Luego de un destacado cierre de la primera mitad de la zafra lanera 2023-2024, el retorno a la actividad tras el receso tradicional de final de a\u00f1o fue con altibajos [&hellip;]<\/p>\n","protected":false},"author":5,"featured_media":48787,"comment_status":"open","ping_status":"open","sticky":false,"template":"","format":"standard","meta":{"_price":"","_stock":"","_tribe_ticket_header":"","_tribe_default_ticket_provider":"","_tribe_ticket_capacity":"0","_ticket_start_date":"","_ticket_end_date":"","_tribe_ticket_show_description":"","_tribe_ticket_show_not_going":false,"_tribe_ticket_use_global_stock":"","_tribe_ticket_global_stock_level":"","_global_stock_mode":"","_global_stock_cap":"","_tribe_rsvp_for_event":"","_tribe_ticket_going_count":"","_tribe_ticket_not_going_count":"","_tribe_tickets_list":"[]","_tribe_ticket_has_attendee_info_fields":false,"h5ap_radio_sources":[],"_jetpack_newsletter_access":"","_jetpack_dont_email_post_to_subs":false,"_jetpack_newsletter_tier_id":0,"_jetpack_memberships_contains_paywalled_content":false,"_jetpack_memberships_contains_paid_content":false,"footnotes":""},"categories":[21,13],"tags":[],"class_list":["post-53371","post","type-post","status-publish","format-standard","has-post-thumbnail","hentry","category-actualidad","category-ovinos"],"jetpack_featured_media_url":"https:\/\/i0.wp.com\/lahoradelcampo.com.uy\/site\/wp-content\/uploads\/2023\/02\/Lana-Australia4.jpg?fit=880%2C440&ssl=1","jetpack_sharing_enabled":true,"jetpack_shortlink":"https:\/\/wp.me\/p99IaT-dSP","jetpack-related-posts":[{"id":44505,"url":"https:\/\/lahoradelcampo.com.uy\/site\/importante-volumen-en-la-oferta-para-el-retorno-del-mercado-lanero\/","url_meta":{"origin":53371,"position":0},"title":"Importante volumen en la oferta para el retorno del mercado lanero","author":"La Hora del Campo","date":"5 agosto, 2022","format":false,"excerpt":"Como es tradicional, la nueva zafra lanera realiz\u00f3 las dos primeras semanas de ventas en el mes de julio y posteriormente se fue al receso de tres semanas, retomando las actividades la pr\u00f3xima semana. En el arranque de la zafra, el mercado continu\u00f3 con la tendencia bajista que tra\u00eda en\u2026","rel":"","context":"En \u00abActualidad\u00bb","block_context":{"text":"Actualidad","link":"https:\/\/lahoradelcampo.com.uy\/site\/category\/actualidad\/"},"img":{"alt_text":"","src":"https:\/\/i0.wp.com\/lahoradelcampo.com.uy\/site\/wp-content\/uploads\/2022\/06\/lanas-australia.jpg?fit=880%2C440&ssl=1&resize=350%2C200","width":350,"height":200,"srcset":"https:\/\/i0.wp.com\/lahoradelcampo.com.uy\/site\/wp-content\/uploads\/2022\/06\/lanas-australia.jpg?fit=880%2C440&ssl=1&resize=350%2C200 1x, https:\/\/i0.wp.com\/lahoradelcampo.com.uy\/site\/wp-content\/uploads\/2022\/06\/lanas-australia.jpg?fit=880%2C440&ssl=1&resize=525%2C300 1.5x, https:\/\/i0.wp.com\/lahoradelcampo.com.uy\/site\/wp-content\/uploads\/2022\/06\/lanas-australia.jpg?fit=880%2C440&ssl=1&resize=700%2C400 2x"},"classes":[]},{"id":33034,"url":"https:\/\/lahoradelcampo.com.uy\/site\/el-ime-cayo-525-tras-el-retorno-a-las-ventas\/","url_meta":{"origin":53371,"position":1},"title":"El IME cay\u00f3 5,25% tras el retorno a las ventas","author":"La Hora del Campo","date":"13 agosto, 2021","format":false,"excerpt":"Cerr\u00f3 la primera semana tras el receso de invierno con un mercado fuertemente dominado por el retiro de la oferta previo a las ventas y el alto volumen de lanas merino que pasaron sin comercializarse debido a las reservas de precios planteadas por los productores australianos. A esto se le\u2026","rel":"","context":"En \u00abActualidad\u00bb","block_context":{"text":"Actualidad","link":"https:\/\/lahoradelcampo.com.uy\/site\/category\/actualidad\/"},"img":{"alt_text":"","src":"https:\/\/i0.wp.com\/lahoradelcampo.com.uy\/site\/wp-content\/uploads\/2019\/05\/lanas-australia-a.jpg?fit=880%2C440&ssl=1&resize=350%2C200","width":350,"height":200,"srcset":"https:\/\/i0.wp.com\/lahoradelcampo.com.uy\/site\/wp-content\/uploads\/2019\/05\/lanas-australia-a.jpg?fit=880%2C440&ssl=1&resize=350%2C200 1x, https:\/\/i0.wp.com\/lahoradelcampo.com.uy\/site\/wp-content\/uploads\/2019\/05\/lanas-australia-a.jpg?fit=880%2C440&ssl=1&resize=525%2C300 1.5x, https:\/\/i0.wp.com\/lahoradelcampo.com.uy\/site\/wp-content\/uploads\/2019\/05\/lanas-australia-a.jpg?fit=880%2C440&ssl=1&resize=700%2C400 2x"},"classes":[]},{"id":49632,"url":"https:\/\/lahoradelcampo.com.uy\/site\/la-semana-registro-un-nuevo-descenso-en-el-ime-con-lanas-de-baja-calidad\/","url_meta":{"origin":53371,"position":2},"title":"La semana registr\u00f3 un nuevo descenso en el IME, con lanas de baja calidad","author":"La Hora del Campo","date":"31 marzo, 2023","format":false,"excerpt":"Durante los \u00faltimos tres d\u00edas, el mercado lanero australiano present\u00f3 una tendencia mixta con altibajos en los precios de las distintas categor\u00edas de lanas. Sydney y Melbourne observaron una disminuci\u00f3n en los precios en d\u00f3lares estadounidenses tanto para las lanas medias y gruesas, as\u00ed como tambi\u00e9n en todos los micronajes\u2026","rel":"","context":"En \u00abActualidad\u00bb","block_context":{"text":"Actualidad","link":"https:\/\/lahoradelcampo.com.uy\/site\/category\/actualidad\/"},"img":{"alt_text":"","src":"https:\/\/i0.wp.com\/lahoradelcampo.com.uy\/site\/wp-content\/uploads\/2018\/03\/lana.jpg?fit=880%2C440&ssl=1&resize=350%2C200","width":350,"height":200,"srcset":"https:\/\/i0.wp.com\/lahoradelcampo.com.uy\/site\/wp-content\/uploads\/2018\/03\/lana.jpg?fit=880%2C440&ssl=1&resize=350%2C200 1x, https:\/\/i0.wp.com\/lahoradelcampo.com.uy\/site\/wp-content\/uploads\/2018\/03\/lana.jpg?fit=880%2C440&ssl=1&resize=525%2C300 1.5x, https:\/\/i0.wp.com\/lahoradelcampo.com.uy\/site\/wp-content\/uploads\/2018\/03\/lana.jpg?fit=880%2C440&ssl=1&resize=700%2C400 2x"},"classes":[]},{"id":36071,"url":"https:\/\/lahoradelcampo.com.uy\/site\/el-ime-perdio-22-centavos-en-la-semana-y-cerro-a-us-1003\/","url_meta":{"origin":53371,"position":3},"title":"El IME perdi\u00f3 22 centavos en la semana y cerr\u00f3 a US$ 10,03","author":"La Hora del Campo","date":"29 octubre, 2021","format":false,"excerpt":"La operativa de esta semana acus\u00f3 la ausencia de los compradores chinos durante la primera jornada de ventas, lo que determin\u00f3 la mayor parte de la ca\u00edda semanal del Indicador de Mercados del Este (IME) que disminuy\u00f3 22 centavos de d\u00f3lares norteamericanos, pero logr\u00f3 mantenerse por encima de la referencia\u2026","rel":"","context":"En \u00abActualidad\u00bb","block_context":{"text":"Actualidad","link":"https:\/\/lahoradelcampo.com.uy\/site\/category\/actualidad\/"},"img":{"alt_text":"","src":"https:\/\/i0.wp.com\/lahoradelcampo.com.uy\/site\/wp-content\/uploads\/2021\/01\/Lanaaustralia.jpg?fit=880%2C440&ssl=1&resize=350%2C200","width":350,"height":200,"srcset":"https:\/\/i0.wp.com\/lahoradelcampo.com.uy\/site\/wp-content\/uploads\/2021\/01\/Lanaaustralia.jpg?fit=880%2C440&ssl=1&resize=350%2C200 1x, https:\/\/i0.wp.com\/lahoradelcampo.com.uy\/site\/wp-content\/uploads\/2021\/01\/Lanaaustralia.jpg?fit=880%2C440&ssl=1&resize=525%2C300 1.5x, https:\/\/i0.wp.com\/lahoradelcampo.com.uy\/site\/wp-content\/uploads\/2021\/01\/Lanaaustralia.jpg?fit=880%2C440&ssl=1&resize=700%2C400 2x"},"classes":[]},{"id":44719,"url":"https:\/\/lahoradelcampo.com.uy\/site\/la-fluctuacion-cambiaria-incidio-fuertemente-en-el-retorno-del-ime\/","url_meta":{"origin":53371,"position":4},"title":"La fluctuaci\u00f3n cambiaria incidi\u00f3 fuertemente en el retorno del IME","author":"La Hora del Campo","date":"12 agosto, 2022","format":false,"excerpt":"La fluctuaci\u00f3n cambiaria esta semana, impulsada por los datos de la inflaci\u00f3n en Estados Unidos y el freno a un nuevo aumento de las tasas de inter\u00e9s, gener\u00f3 una importante variabilidad en las referencias de los distintos micronajes en el retorno del mercado lanero australiano, tras el receso de tres\u2026","rel":"","context":"En \u00abActualidad\u00bb","block_context":{"text":"Actualidad","link":"https:\/\/lahoradelcampo.com.uy\/site\/category\/actualidad\/"},"img":{"alt_text":"","src":"https:\/\/i0.wp.com\/lahoradelcampo.com.uy\/site\/wp-content\/uploads\/2022\/06\/Lana-australia3.jpg?fit=880%2C440&ssl=1&resize=350%2C200","width":350,"height":200,"srcset":"https:\/\/i0.wp.com\/lahoradelcampo.com.uy\/site\/wp-content\/uploads\/2022\/06\/Lana-australia3.jpg?fit=880%2C440&ssl=1&resize=350%2C200 1x, https:\/\/i0.wp.com\/lahoradelcampo.com.uy\/site\/wp-content\/uploads\/2022\/06\/Lana-australia3.jpg?fit=880%2C440&ssl=1&resize=525%2C300 1.5x, https:\/\/i0.wp.com\/lahoradelcampo.com.uy\/site\/wp-content\/uploads\/2022\/06\/Lana-australia3.jpg?fit=880%2C440&ssl=1&resize=700%2C400 2x"},"classes":[]},{"id":29784,"url":"https:\/\/lahoradelcampo.com.uy\/site\/semana-con-importante-volumen-de-oferta-y-receso-en-china-presiono-el-ime-a-la-baja\/","url_meta":{"origin":53371,"position":5},"title":"Semana con importante volumen de oferta y receso en China, presion\u00f3 el IME a la baja","author":"La Hora del Campo","date":"7 mayo, 2021","format":false,"excerpt":"La semana lanera a nivel internacional fue bajista a nivel de los remates registrados en Australia, tras un volumen de oferta que no acompa\u00f1\u00f3 un menor nivel de demanda desde el gigante asi\u00e1tico que ten\u00eda varios d\u00edas de receso en sus actividades. La oferta de esta semana fue de 47.558\u2026","rel":"","context":"En \u00abActualidad\u00bb","block_context":{"text":"Actualidad","link":"https:\/\/lahoradelcampo.com.uy\/site\/category\/actualidad\/"},"img":{"alt_text":"","src":"https:\/\/i0.wp.com\/lahoradelcampo.com.uy\/site\/wp-content\/uploads\/2019\/06\/Lana-australia-1.jpg?fit=880%2C440&ssl=1&resize=350%2C200","width":350,"height":200,"srcset":"https:\/\/i0.wp.com\/lahoradelcampo.com.uy\/site\/wp-content\/uploads\/2019\/06\/Lana-australia-1.jpg?fit=880%2C440&ssl=1&resize=350%2C200 1x, https:\/\/i0.wp.com\/lahoradelcampo.com.uy\/site\/wp-content\/uploads\/2019\/06\/Lana-australia-1.jpg?fit=880%2C440&ssl=1&resize=525%2C300 1.5x, https:\/\/i0.wp.com\/lahoradelcampo.com.uy\/site\/wp-content\/uploads\/2019\/06\/Lana-australia-1.jpg?fit=880%2C440&ssl=1&resize=700%2C400 2x"},"classes":[]}],"jetpack_likes_enabled":true,"_links":{"self":[{"href":"https:\/\/lahoradelcampo.com.uy\/site\/wp-json\/wp\/v2\/posts\/53371","targetHints":{"allow":["GET"]}}],"collection":[{"href":"https:\/\/lahoradelcampo.com.uy\/site\/wp-json\/wp\/v2\/posts"}],"about":[{"href":"https:\/\/lahoradelcampo.com.uy\/site\/wp-json\/wp\/v2\/types\/post"}],"author":[{"embeddable":true,"href":"https:\/\/lahoradelcampo.com.uy\/site\/wp-json\/wp\/v2\/users\/5"}],"replies":[{"embeddable":true,"href":"https:\/\/lahoradelcampo.com.uy\/site\/wp-json\/wp\/v2\/comments?post=53371"}],"version-history":[{"count":1,"href":"https:\/\/lahoradelcampo.com.uy\/site\/wp-json\/wp\/v2\/posts\/53371\/revisions"}],"predecessor-version":[{"id":53372,"href":"https:\/\/lahoradelcampo.com.uy\/site\/wp-json\/wp\/v2\/posts\/53371\/revisions\/53372"}],"wp:featuredmedia":[{"embeddable":true,"href":"https:\/\/lahoradelcampo.com.uy\/site\/wp-json\/wp\/v2\/media\/48787"}],"wp:attachment":[{"href":"https:\/\/lahoradelcampo.com.uy\/site\/wp-json\/wp\/v2\/media?parent=53371"}],"wp:term":[{"taxonomy":"category","embeddable":true,"href":"https:\/\/lahoradelcampo.com.uy\/site\/wp-json\/wp\/v2\/categories?post=53371"},{"taxonomy":"post_tag","embeddable":true,"href":"https:\/\/lahoradelcampo.com.uy\/site\/wp-json\/wp\/v2\/tags?post=53371"}],"curies":[{"name":"wp","href":"https:\/\/api.w.org\/{rel}","templated":true}]}}