{"id":53369,"date":"2024-01-15T07:12:50","date_gmt":"2024-01-15T10:12:50","guid":{"rendered":"http:\/\/lahoradelcampo.com.uy\/site\/?p=53369"},"modified":"2024-01-15T07:12:52","modified_gmt":"2024-01-15T10:12:52","slug":"israel-un-gran-antecedente-para-acceder-a-otros-mercados","status":"publish","type":"post","link":"https:\/\/lahoradelcampo.com.uy\/site\/israel-un-gran-antecedente-para-acceder-a-otros-mercados\/","title":{"rendered":"Israel: \u00abun gran antecedente para acceder a otros mercados\u00bb"},"content":{"rendered":"\n<figure class=\"wp-block-image size-full\"><a href=\"https:\/\/i0.wp.com\/lahoradelcampo.com.uy\/site\/wp-content\/uploads\/2023\/03\/FernandoMattos2.jpg\"><img data-recalc-dims=\"1\" loading=\"lazy\" decoding=\"async\" width=\"810\" height=\"405\" data-attachment-id=\"49031\" data-permalink=\"https:\/\/lahoradelcampo.com.uy\/site\/se-reunio-el-gabinete-productivo-y-se-analizo-las-medidas-adoptadas\/fernandomattos2\/\" data-orig-file=\"https:\/\/i0.wp.com\/lahoradelcampo.com.uy\/site\/wp-content\/uploads\/2023\/03\/FernandoMattos2.jpg?fit=880%2C440&amp;ssl=1\" data-orig-size=\"880,440\" data-comments-opened=\"1\" data-image-meta=\"{&quot;aperture&quot;:&quot;0&quot;,&quot;credit&quot;:&quot;&quot;,&quot;camera&quot;:&quot;&quot;,&quot;caption&quot;:&quot;&quot;,&quot;created_timestamp&quot;:&quot;0&quot;,&quot;copyright&quot;:&quot;&quot;,&quot;focal_length&quot;:&quot;0&quot;,&quot;iso&quot;:&quot;0&quot;,&quot;shutter_speed&quot;:&quot;0&quot;,&quot;title&quot;:&quot;&quot;,&quot;orientation&quot;:&quot;1&quot;}\" data-image-title=\"FernandoMattos2\" data-image-description=\"\" data-image-caption=\"\" data-large-file=\"https:\/\/i0.wp.com\/lahoradelcampo.com.uy\/site\/wp-content\/uploads\/2023\/03\/FernandoMattos2.jpg?fit=810%2C405&amp;ssl=1\" src=\"https:\/\/i0.wp.com\/lahoradelcampo.com.uy\/site\/wp-content\/uploads\/2023\/03\/FernandoMattos2.jpg?resize=810%2C405\" alt=\"\" class=\"wp-image-49031\" srcset=\"https:\/\/i0.wp.com\/lahoradelcampo.com.uy\/site\/wp-content\/uploads\/2023\/03\/FernandoMattos2.jpg?w=880&amp;ssl=1 880w, https:\/\/i0.wp.com\/lahoradelcampo.com.uy\/site\/wp-content\/uploads\/2023\/03\/FernandoMattos2.jpg?resize=300%2C150&amp;ssl=1 300w, https:\/\/i0.wp.com\/lahoradelcampo.com.uy\/site\/wp-content\/uploads\/2023\/03\/FernandoMattos2.jpg?resize=768%2C384&amp;ssl=1 768w, https:\/\/i0.wp.com\/lahoradelcampo.com.uy\/site\/wp-content\/uploads\/2023\/03\/FernandoMattos2.jpg?resize=820%2C410&amp;ssl=1 820w\" sizes=\"auto, (max-width: 810px) 100vw, 810px\" \/><\/a><\/figure>\n\n\n\n<p>Dada la habilitaci\u00f3n de exportaci\u00f3n de carne ovina y bovina con hueso de Uruguay hacia Israel, el ministro del MGAP, Fernando Mattos se refiri\u00f3 al respecto. El mandatario indic\u00f3 que esta gesti\u00f3n, en la que se estaba trabajando desde hac\u00eda varios meses, demuestra la confianza y el buen desempe\u00f1o del sistema sanitario uruguayo.<\/p>\n\n\n\n<p>\u201cEsto es una muy buena noticia para el Uruguay. En el pasado ambas especies estaban habilitadas. Recordemos que el Uruguay perdi\u00f3 el estatus sanitario de libre de aftosa sin vacunaci\u00f3n en el a\u00f1o 2001, y ahora en la condici\u00f3n de libre de aftosa con vacunaci\u00f3n somos el primer pa\u00eds que se habilita para poder exportar carne con hueso hacia el estado de Israel\u201d.<\/p>\n\n\n\n<p>Esta iniciativa ampl\u00eda la gama de productos que se exportan pero adem\u00e1s, agrega valor a la producci\u00f3n nacional en funci\u00f3n de la demostraci\u00f3n de confianza al sistema sanitario uruguayo.<\/p>\n\n\n\n<p>Mattos subray\u00f3 que es un gran antecedente para negociar con otros mercados al cual se aspira acceder. \u201cPor las propias reglas de la Organizaci\u00f3n Mundial de Salud Animal, entendemos que no hay diferenciaci\u00f3n en cuanto a acceso de mercado respecto de los pa\u00edses que vacunan, como para los que no vacunan. No s\u00f3lo afianza nuestra relaci\u00f3n bilateral y permite ampliar la gama de productos que intercambiamos con Israel sino que tambi\u00e9n es un antecedente para otros mercados\u201d.<\/p>\n\n\n\n<p>Finalmente, explic\u00f3 que los detalles del certificado sanitario oficial que habilita esta exportaci\u00f3n es un tr\u00e1mite burocr\u00e1tico que r\u00e1pidamente las autoridades van a finiquitar, por lo que en las pr\u00f3ximas semanas se implementar\u00e1n las primeras producciones hacia el mencionado destino.<\/p>\n\n\n\n<p>Salto, 15 de enero de 2024<\/p>\n","protected":false},"excerpt":{"rendered":"<p>Dada la habilitaci\u00f3n de exportaci\u00f3n de carne ovina y bovina con hueso de Uruguay hacia Israel, el ministro del MGAP, Fernando Mattos se refiri\u00f3 al respecto. El mandatario indic\u00f3 que [&hellip;]<\/p>\n","protected":false},"author":5,"featured_media":49031,"comment_status":"open","ping_status":"open","sticky":false,"template":"","format":"standard","meta":{"_price":"","_stock":"","_tribe_ticket_header":"","_tribe_default_ticket_provider":"","_tribe_ticket_capacity":"0","_ticket_start_date":"","_ticket_end_date":"","_tribe_ticket_show_description":"","_tribe_ticket_show_not_going":false,"_tribe_ticket_use_global_stock":"","_tribe_ticket_global_stock_level":"","_global_stock_mode":"","_global_stock_cap":"","_tribe_rsvp_for_event":"","_tribe_ticket_going_count":"","_tribe_ticket_not_going_count":"","_tribe_tickets_list":"[]","_tribe_ticket_has_attendee_info_fields":false,"h5ap_radio_sources":[],"_jetpack_newsletter_access":"","_jetpack_dont_email_post_to_subs":false,"_jetpack_newsletter_tier_id":0,"_jetpack_memberships_contains_paywalled_content":false,"_jetpack_memberships_contains_paid_content":false,"footnotes":""},"categories":[21,5],"tags":[],"class_list":["post-53369","post","type-post","status-publish","format-standard","has-post-thumbnail","hentry","category-actualidad","category-ganaderia"],"jetpack_featured_media_url":"https:\/\/i0.wp.com\/lahoradelcampo.com.uy\/site\/wp-content\/uploads\/2023\/03\/FernandoMattos2.jpg?fit=880%2C440&ssl=1","jetpack_sharing_enabled":true,"jetpack_shortlink":"https:\/\/wp.me\/p99IaT-dSN","jetpack-related-posts":[{"id":30170,"url":"https:\/\/lahoradelcampo.com.uy\/site\/paraguay-busca-el-status-de-libre-de-aftosa-sin-vacunacion-para-2025\/","url_meta":{"origin":53369,"position":0},"title":"Paraguay busca el status de libre de aftosa sin vacunaci\u00f3n para 2025","author":"La Hora del Campo","date":"17 mayo, 2021","format":false,"excerpt":"El presidente del Servicio Nacional de Calidad y Salud Animal (Senacsa) de Paraguay, Jos\u00e9 Carlos Martin, se\u00f1al\u00f3 que el pa\u00eds est\u00e1 en un proceso de transici\u00f3n hacia un estatus de libre aftosa sin vacunaci\u00f3n para 2025. \"Paraguay est\u00e1 en una transici\u00f3n desde el momento que bajamos la dosificaci\u00f3n de la\u2026","rel":"","context":"En \u00abActualidad\u00bb","block_context":{"text":"Actualidad","link":"https:\/\/lahoradelcampo.com.uy\/site\/category\/actualidad\/"},"img":{"alt_text":"","src":"https:\/\/i0.wp.com\/lahoradelcampo.com.uy\/site\/wp-content\/uploads\/2021\/05\/Josecarlosmartinsenacsa.jpg?fit=880%2C440&ssl=1&resize=350%2C200","width":350,"height":200,"srcset":"https:\/\/i0.wp.com\/lahoradelcampo.com.uy\/site\/wp-content\/uploads\/2021\/05\/Josecarlosmartinsenacsa.jpg?fit=880%2C440&ssl=1&resize=350%2C200 1x, https:\/\/i0.wp.com\/lahoradelcampo.com.uy\/site\/wp-content\/uploads\/2021\/05\/Josecarlosmartinsenacsa.jpg?fit=880%2C440&ssl=1&resize=525%2C300 1.5x, https:\/\/i0.wp.com\/lahoradelcampo.com.uy\/site\/wp-content\/uploads\/2021\/05\/Josecarlosmartinsenacsa.jpg?fit=880%2C440&ssl=1&resize=700%2C400 2x"},"classes":[]},{"id":56231,"url":"https:\/\/lahoradelcampo.com.uy\/site\/aftosa-la-vacunacion-es-un-seguro-y-no-podemos-darnos-el-lujo-de-perderlo\/","url_meta":{"origin":53369,"position":1},"title":"Aftosa: la vacunaci\u00f3n \u00abes un seguro. Y no podemos darnos el lujo de perderlo\u00bb","author":"La Hora del Campo","date":"1 julio, 2025","format":false,"excerpt":"Con m\u00e1s de tres d\u00e9cadas de participaci\u00f3n continua en la Organizaci\u00f3n Mundial de Salud Animal (OMSA), el Dr. Jorge Bonino Morlan en di\u00e1logo con el programa Actualidad Agropecuaria de Paysand\u00fa, fue categ\u00f3rico respecto a la vacunaci\u00f3n contra la fiebre aftosa en el pa\u00eds, \"estoy totalmente convencido de que tenemos que\u2026","rel":"","context":"En \u00abActualidad\u00bb","block_context":{"text":"Actualidad","link":"https:\/\/lahoradelcampo.com.uy\/site\/category\/actualidad\/"},"img":{"alt_text":"","src":"https:\/\/i0.wp.com\/lahoradelcampo.com.uy\/site\/wp-content\/uploads\/2020\/05\/bonino-morlan.jpg?fit=880%2C440&ssl=1&resize=350%2C200","width":350,"height":200,"srcset":"https:\/\/i0.wp.com\/lahoradelcampo.com.uy\/site\/wp-content\/uploads\/2020\/05\/bonino-morlan.jpg?fit=880%2C440&ssl=1&resize=350%2C200 1x, https:\/\/i0.wp.com\/lahoradelcampo.com.uy\/site\/wp-content\/uploads\/2020\/05\/bonino-morlan.jpg?fit=880%2C440&ssl=1&resize=525%2C300 1.5x, https:\/\/i0.wp.com\/lahoradelcampo.com.uy\/site\/wp-content\/uploads\/2020\/05\/bonino-morlan.jpg?fit=880%2C440&ssl=1&resize=700%2C400 2x"},"classes":[]},{"id":22640,"url":"https:\/\/lahoradelcampo.com.uy\/site\/rs-fue-declarado-por-brasil-como-libre-de-aftosa-sin-vacunacion\/","url_meta":{"origin":53369,"position":2},"title":"RS fue declarado por Brasil como libre de aftosa sin vacunaci\u00f3n","author":"La Hora del Campo","date":"13 agosto, 2020","format":false,"excerpt":"Los estados de Acre, Paran\u00e1, Rio Grande do Sul, Rondonia y regiones de Amazonas y Mato Grosso fueron declarados el martes como libres de aftosa sin vacunaci\u00f3n por parte de la ministra de Agricultura, Tereza Cristina. Ahora, estas regiones quedan a la espera de que la Organizaci\u00f3n Mundial de Salud\u2026","rel":"","context":"En \u00abActualidad\u00bb","block_context":{"text":"Actualidad","link":"https:\/\/lahoradelcampo.com.uy\/site\/category\/actualidad\/"},"img":{"alt_text":"","src":"https:\/\/i0.wp.com\/lahoradelcampo.com.uy\/site\/wp-content\/uploads\/2020\/08\/aftosabrasilweb.jpg?fit=880%2C440&ssl=1&resize=350%2C200","width":350,"height":200,"srcset":"https:\/\/i0.wp.com\/lahoradelcampo.com.uy\/site\/wp-content\/uploads\/2020\/08\/aftosabrasilweb.jpg?fit=880%2C440&ssl=1&resize=350%2C200 1x, https:\/\/i0.wp.com\/lahoradelcampo.com.uy\/site\/wp-content\/uploads\/2020\/08\/aftosabrasilweb.jpg?fit=880%2C440&ssl=1&resize=525%2C300 1.5x, https:\/\/i0.wp.com\/lahoradelcampo.com.uy\/site\/wp-content\/uploads\/2020\/08\/aftosabrasilweb.jpg?fit=880%2C440&ssl=1&resize=700%2C400 2x"},"classes":[]},{"id":28418,"url":"https:\/\/lahoradelcampo.com.uy\/site\/rio-grande-del-sur-fue-aprobado-por-la-oie-como-libre-de-aftosa-sin-vacunacion\/","url_meta":{"origin":53369,"position":3},"title":"R\u00edo Grande del Sur fue aprobado por la OIE como Libre de Aftosa sin Vacunaci\u00f3n","author":"La Hora del Campo","date":"11 marzo, 2021","format":false,"excerpt":"A pasos agigantados, en un a\u00f1o, el estado brasile\u00f1o de R\u00edo Grande del Sur, ha sido notificado que t\u00e9cnicamente ha logrado la aprobaci\u00f3n del equipo t\u00e9cnico de la Organizaci\u00f3n Mundial de Salud Animal (OIE) para ser declarado como \"Libre de Fiebre Aftosa sin Vacunaci\u00f3n\". La noticia fue confirmada por la\u2026","rel":"","context":"En \u00abActualidad\u00bb","block_context":{"text":"Actualidad","link":"https:\/\/lahoradelcampo.com.uy\/site\/category\/actualidad\/"},"img":{"alt_text":"","src":"https:\/\/i0.wp.com\/lahoradelcampo.com.uy\/site\/wp-content\/uploads\/2021\/03\/rsaftosa.jpg?fit=880%2C440&ssl=1&resize=350%2C200","width":350,"height":200,"srcset":"https:\/\/i0.wp.com\/lahoradelcampo.com.uy\/site\/wp-content\/uploads\/2021\/03\/rsaftosa.jpg?fit=880%2C440&ssl=1&resize=350%2C200 1x, https:\/\/i0.wp.com\/lahoradelcampo.com.uy\/site\/wp-content\/uploads\/2021\/03\/rsaftosa.jpg?fit=880%2C440&ssl=1&resize=525%2C300 1.5x, https:\/\/i0.wp.com\/lahoradelcampo.com.uy\/site\/wp-content\/uploads\/2021\/03\/rsaftosa.jpg?fit=880%2C440&ssl=1&resize=700%2C400 2x"},"classes":[]},{"id":30580,"url":"https:\/\/lahoradelcampo.com.uy\/site\/rio-grande-del-sur-fue-reconocido-como-libre-de-aftosa-sin-vacunacion\/","url_meta":{"origin":53369,"position":4},"title":"R\u00edo Grande del Sur fue reconocido como libre de aftosa sin vacunaci\u00f3n","author":"La Hora del Campo","date":"28 mayo, 2021","format":false,"excerpt":"En la jornada de ayer, la Organizaci\u00f3n Mundial de Salud Animal (OIE) en su 88\u00aa Sesi\u00f3n General de la Asamblea Mundial de Delegados de la OIE, reconoci\u00f3 al estado de R\u00edo Grande del Sur como libre de fiebre aftosa sin vacunaci\u00f3n. Adem\u00e1s fueron reconocidos tambi\u00e9n los estados de Paran\u00e1, Acre,\u2026","rel":"","context":"En \u00abActualidad\u00bb","block_context":{"text":"Actualidad","link":"https:\/\/lahoradelcampo.com.uy\/site\/category\/actualidad\/"},"img":{"alt_text":"","src":"https:\/\/i0.wp.com\/lahoradelcampo.com.uy\/site\/wp-content\/uploads\/2021\/05\/Aftosabrasil.jpg?fit=880%2C440&ssl=1&resize=350%2C200","width":350,"height":200,"srcset":"https:\/\/i0.wp.com\/lahoradelcampo.com.uy\/site\/wp-content\/uploads\/2021\/05\/Aftosabrasil.jpg?fit=880%2C440&ssl=1&resize=350%2C200 1x, https:\/\/i0.wp.com\/lahoradelcampo.com.uy\/site\/wp-content\/uploads\/2021\/05\/Aftosabrasil.jpg?fit=880%2C440&ssl=1&resize=525%2C300 1.5x, https:\/\/i0.wp.com\/lahoradelcampo.com.uy\/site\/wp-content\/uploads\/2021\/05\/Aftosabrasil.jpg?fit=880%2C440&ssl=1&resize=700%2C400 2x"},"classes":[]},{"id":22520,"url":"https:\/\/lahoradelcampo.com.uy\/site\/rio-grande-del-sur-continua-avanzando-para-ser-libre-de-aftosa-sin-vacunacion\/","url_meta":{"origin":53369,"position":5},"title":"R\u00edo Grande del Sur contin\u00faa avanzando para ser libre de aftosa sin vacunaci\u00f3n","author":"La Hora del Campo","date":"10 agosto, 2020","format":false,"excerpt":"El Ministerio de Agricultura, Pecuaria e Abastecimiento de Brasil (MAPA) audit\u00f3 el servicio sanitario oficial de R\u00edo Grande del Sur esta semana, siendo este un nuevo paso en el camino a declarar el estado libre de fiebre aftosa sin vacunaci\u00f3n. El estudio que finaliz\u00f3 el pasado 5 de agosto, tuvo\u2026","rel":"","context":"En \u00abActualidad\u00bb","block_context":{"text":"Actualidad","link":"https:\/\/lahoradelcampo.com.uy\/site\/category\/actualidad\/"},"img":{"alt_text":"","src":"https:\/\/i0.wp.com\/lahoradelcampo.com.uy\/site\/wp-content\/uploads\/2017\/12\/Aftosa.jpg?fit=880%2C440&ssl=1&resize=350%2C200","width":350,"height":200,"srcset":"https:\/\/i0.wp.com\/lahoradelcampo.com.uy\/site\/wp-content\/uploads\/2017\/12\/Aftosa.jpg?fit=880%2C440&ssl=1&resize=350%2C200 1x, https:\/\/i0.wp.com\/lahoradelcampo.com.uy\/site\/wp-content\/uploads\/2017\/12\/Aftosa.jpg?fit=880%2C440&ssl=1&resize=525%2C300 1.5x, https:\/\/i0.wp.com\/lahoradelcampo.com.uy\/site\/wp-content\/uploads\/2017\/12\/Aftosa.jpg?fit=880%2C440&ssl=1&resize=700%2C400 2x"},"classes":[]}],"jetpack_likes_enabled":true,"_links":{"self":[{"href":"https:\/\/lahoradelcampo.com.uy\/site\/wp-json\/wp\/v2\/posts\/53369","targetHints":{"allow":["GET"]}}],"collection":[{"href":"https:\/\/lahoradelcampo.com.uy\/site\/wp-json\/wp\/v2\/posts"}],"about":[{"href":"https:\/\/lahoradelcampo.com.uy\/site\/wp-json\/wp\/v2\/types\/post"}],"author":[{"embeddable":true,"href":"https:\/\/lahoradelcampo.com.uy\/site\/wp-json\/wp\/v2\/users\/5"}],"replies":[{"embeddable":true,"href":"https:\/\/lahoradelcampo.com.uy\/site\/wp-json\/wp\/v2\/comments?post=53369"}],"version-history":[{"count":1,"href":"https:\/\/lahoradelcampo.com.uy\/site\/wp-json\/wp\/v2\/posts\/53369\/revisions"}],"predecessor-version":[{"id":53370,"href":"https:\/\/lahoradelcampo.com.uy\/site\/wp-json\/wp\/v2\/posts\/53369\/revisions\/53370"}],"wp:featuredmedia":[{"embeddable":true,"href":"https:\/\/lahoradelcampo.com.uy\/site\/wp-json\/wp\/v2\/media\/49031"}],"wp:attachment":[{"href":"https:\/\/lahoradelcampo.com.uy\/site\/wp-json\/wp\/v2\/media?parent=53369"}],"wp:term":[{"taxonomy":"category","embeddable":true,"href":"https:\/\/lahoradelcampo.com.uy\/site\/wp-json\/wp\/v2\/categories?post=53369"},{"taxonomy":"post_tag","embeddable":true,"href":"https:\/\/lahoradelcampo.com.uy\/site\/wp-json\/wp\/v2\/tags?post=53369"}],"curies":[{"name":"wp","href":"https:\/\/api.w.org\/{rel}","templated":true}]}}