{"id":53366,"date":"2024-01-11T16:05:31","date_gmt":"2024-01-11T19:05:31","guid":{"rendered":"http:\/\/lahoradelcampo.com.uy\/site\/?p=53366"},"modified":"2024-01-11T16:05:33","modified_gmt":"2024-01-11T19:05:33","slug":"1-municipal-el-impuesto-que-se-paga-varias-veces-en-la-vida-del-animal","status":"publish","type":"post","link":"https:\/\/lahoradelcampo.com.uy\/site\/1-municipal-el-impuesto-que-se-paga-varias-veces-en-la-vida-del-animal\/","title":{"rendered":"1% Municipal: el impuesto que se paga varias veces en la vida del animal"},"content":{"rendered":"\n<figure class=\"wp-block-image size-full\"><a href=\"https:\/\/i0.wp.com\/lahoradelcampo.com.uy\/site\/wp-content\/uploads\/2023\/05\/jorge-andres-rodriguez-1.jpg\"><img data-recalc-dims=\"1\" loading=\"lazy\" decoding=\"async\" width=\"810\" height=\"405\" data-attachment-id=\"50745\" data-permalink=\"https:\/\/lahoradelcampo.com.uy\/site\/jorge-andres-rodriguez-presidira-la-federacion-rural\/jorge-andres-rodriguez-1\/\" data-orig-file=\"https:\/\/i0.wp.com\/lahoradelcampo.com.uy\/site\/wp-content\/uploads\/2023\/05\/jorge-andres-rodriguez-1.jpg?fit=880%2C440&amp;ssl=1\" data-orig-size=\"880,440\" data-comments-opened=\"1\" data-image-meta=\"{&quot;aperture&quot;:&quot;0&quot;,&quot;credit&quot;:&quot;&quot;,&quot;camera&quot;:&quot;&quot;,&quot;caption&quot;:&quot;&quot;,&quot;created_timestamp&quot;:&quot;0&quot;,&quot;copyright&quot;:&quot;&quot;,&quot;focal_length&quot;:&quot;0&quot;,&quot;iso&quot;:&quot;0&quot;,&quot;shutter_speed&quot;:&quot;0&quot;,&quot;title&quot;:&quot;&quot;,&quot;orientation&quot;:&quot;1&quot;}\" data-image-title=\"jorge andres rodriguez 1\" data-image-description=\"\" data-image-caption=\"\" data-large-file=\"https:\/\/i0.wp.com\/lahoradelcampo.com.uy\/site\/wp-content\/uploads\/2023\/05\/jorge-andres-rodriguez-1.jpg?fit=810%2C405&amp;ssl=1\" src=\"https:\/\/i0.wp.com\/lahoradelcampo.com.uy\/site\/wp-content\/uploads\/2023\/05\/jorge-andres-rodriguez-1.jpg?resize=810%2C405\" alt=\"\" class=\"wp-image-50745\" srcset=\"https:\/\/i0.wp.com\/lahoradelcampo.com.uy\/site\/wp-content\/uploads\/2023\/05\/jorge-andres-rodriguez-1.jpg?w=880&amp;ssl=1 880w, https:\/\/i0.wp.com\/lahoradelcampo.com.uy\/site\/wp-content\/uploads\/2023\/05\/jorge-andres-rodriguez-1.jpg?resize=300%2C150&amp;ssl=1 300w, https:\/\/i0.wp.com\/lahoradelcampo.com.uy\/site\/wp-content\/uploads\/2023\/05\/jorge-andres-rodriguez-1.jpg?resize=768%2C384&amp;ssl=1 768w, https:\/\/i0.wp.com\/lahoradelcampo.com.uy\/site\/wp-content\/uploads\/2023\/05\/jorge-andres-rodriguez-1.jpg?resize=820%2C410&amp;ssl=1 820w\" sizes=\"auto, (max-width: 810px) 100vw, 810px\" \/><\/a><\/figure>\n\n\n\n<p>Un reclamo hist\u00f3rico del sector productivo, que fue promesa de la campa\u00f1a electoral pasada, seguramente ser\u00e1 tema de discusi\u00f3n nuevamente este a\u00f1o. El 1% municipal a la venta de semovientes, un impuesto \u00abque no tiene raz\u00f3n de ser\u00bb y que \u00abse paga varias veces en la vida del animal\u00bb, as\u00ed lo se\u00f1al\u00f3 el presidente de la Federaci\u00f3n Rural, Jorge Andr\u00e9s Rodr\u00edguez.<\/p>\n\n\n\n<p>El gremialista agropecuario record\u00f3 que dentro \u00abdel programa de gobierno de un sector\u00bb se ten\u00eda la promesa de la eliminaci\u00f3n de este impuesto, sin embargo, reconoci\u00f3 que no era algo transversal a toda \u00abla coalici\u00f3n\u00bb, por lo que \u00abhay que tratar de que todos los actores lo tengan ya sea una coalici\u00f3n de gobierno, o un partido que gobierne\u00bb.<\/p>\n\n\n\n<p>Rodr\u00edguez se\u00f1al\u00f3 que \u00abes algo que est\u00e1 muy c\u00f3modo porque las Intendencias recaudan\u00bb, si bien el productor tiene la posibilidad de recuperar ese valor \u00abes muy bajo el porcentaje de productores que lo recuperan\u00bb debido a los tr\u00e1mites que se deben realizar.<\/p>\n\n\n\n<p>El presidente de la Federaci\u00f3n Rural advirti\u00f3 que \u00abes un impuesto que no es el 1%, es mucho m\u00e1s\u00bb, en este sentido explic\u00f3 que \u00aben el frigor\u00edfico el 1% es el m\u00e1s grande, porque es el valor total del animal, pero si pas\u00f3 por una feria tambi\u00e9n pag\u00f3 el 1%, o sea, es un impuesto que realmente no tiene raz\u00f3n de ser\u00bb.<\/p>\n\n\n\n<p>\u00abEste es un tema que hay que trabajarlo mucho\u00bb dijo Rodr\u00edguez, quien se\u00f1al\u00f3 que se est\u00e1 trabajando en el desarrollo de la gu\u00eda electr\u00f3nica para el movimiento de ganados, sin embargo, indic\u00f3 que \u00abuna de las dificultades\u00bb que se encontr\u00f3 el grupo de trabajo \u00abera ver donde las intendencias manoteaban para cobrar, estamos todos locos\u00bb indic\u00f3.<\/p>\n\n\n\n<p>El productor dijo que \u00ablos propios intendentes manifiestan que es un impuesto muy c\u00f3modo\u00bb por lo que \u00abhay que encontrarle la vuelta para que se devuelva todo, pero lo mejor es que no se pague y evitarse todo el tramiter\u00edo, todas esas peque\u00f1as cositas que le vamos agregando a los procesos, lo que contribuye a que seamos un pa\u00eds caro\u00bb.<\/p>\n\n\n\n<p>Otro de los temas principales que estar\u00e1 en la agenda de di\u00e1logo con el sector pol\u00edtico de cara a este a\u00f1o electoral, ser\u00e1 el tipo de cambio y el Instituto de Bienestar Animal entre otros. \u00abTenemos que trabajar en incluir temas en los programas de gobierno que realmente interesen al productor y la familia rural, porque en Uruguay los pol\u00edticos se comprometen a hacer las cosas y despu\u00e9s se jactan de haberlas hecho\u00bb dijo Jorge Andr\u00e9s Rodr\u00edguez.<\/p>\n\n\n\n<p>Salto, 11 de enero de 2024<\/p>\n","protected":false},"excerpt":{"rendered":"<p>Un reclamo hist\u00f3rico del sector productivo, que fue promesa de la campa\u00f1a electoral pasada, seguramente ser\u00e1 tema de discusi\u00f3n nuevamente este a\u00f1o. El 1% municipal a la venta de semovientes, [&hellip;]<\/p>\n","protected":false},"author":5,"featured_media":50745,"comment_status":"open","ping_status":"open","sticky":false,"template":"","format":"standard","meta":{"_price":"","_stock":"","_tribe_ticket_header":"","_tribe_default_ticket_provider":"","_tribe_ticket_capacity":"0","_ticket_start_date":"","_ticket_end_date":"","_tribe_ticket_show_description":"","_tribe_ticket_show_not_going":false,"_tribe_ticket_use_global_stock":"","_tribe_ticket_global_stock_level":"","_global_stock_mode":"","_global_stock_cap":"","_tribe_rsvp_for_event":"","_tribe_ticket_going_count":"","_tribe_ticket_not_going_count":"","_tribe_tickets_list":"[]","_tribe_ticket_has_attendee_info_fields":false,"h5ap_radio_sources":[],"_jetpack_newsletter_access":"","_jetpack_dont_email_post_to_subs":false,"_jetpack_newsletter_tier_id":0,"_jetpack_memberships_contains_paywalled_content":false,"_jetpack_memberships_contains_paid_content":false,"footnotes":""},"categories":[21,5],"tags":[],"class_list":["post-53366","post","type-post","status-publish","format-standard","has-post-thumbnail","hentry","category-actualidad","category-ganaderia"],"jetpack_featured_media_url":"https:\/\/i0.wp.com\/lahoradelcampo.com.uy\/site\/wp-content\/uploads\/2023\/05\/jorge-andres-rodriguez-1.jpg?fit=880%2C440&ssl=1","jetpack_sharing_enabled":true,"jetpack_shortlink":"https:\/\/wp.me\/p99IaT-dSK","jetpack-related-posts":[{"id":53923,"url":"https:\/\/lahoradelcampo.com.uy\/site\/camineria-rural-no-sera-la-hora-de-pedir-disculpas-por-no-acompanar-en-vez-de-poner-multas\/","url_meta":{"origin":53366,"position":0},"title":"Caminer\u00eda rural: \u00abno ser\u00e1 la hora de pedir disculpas por no acompa\u00f1ar, en vez de poner multas\u00bb","author":"La Hora del Campo","date":"27 mayo, 2024","format":false,"excerpt":"Este fin de semana se realiz\u00f3 en Villa Sara, en Treinta y Tres, el Congreso Anual de la Federaci\u00f3n Rural, sin la presencia del Presidente de la Rep\u00fablica, Dr. Luis Lacalle Pou y el ministro de Ganader\u00eda, Agricultura y Pesca, Ing. Agr. Fernando Mattos. En la reuni\u00f3n previa y durante\u2026","rel":"","context":"En \u00abActualidad\u00bb","block_context":{"text":"Actualidad","link":"https:\/\/lahoradelcampo.com.uy\/site\/category\/actualidad\/"},"img":{"alt_text":"","src":"https:\/\/i0.wp.com\/lahoradelcampo.com.uy\/site\/wp-content\/uploads\/2024\/05\/FR-congreso107.jpg?fit=880%2C440&ssl=1&resize=350%2C200","width":350,"height":200,"srcset":"https:\/\/i0.wp.com\/lahoradelcampo.com.uy\/site\/wp-content\/uploads\/2024\/05\/FR-congreso107.jpg?fit=880%2C440&ssl=1&resize=350%2C200 1x, https:\/\/i0.wp.com\/lahoradelcampo.com.uy\/site\/wp-content\/uploads\/2024\/05\/FR-congreso107.jpg?fit=880%2C440&ssl=1&resize=525%2C300 1.5x, https:\/\/i0.wp.com\/lahoradelcampo.com.uy\/site\/wp-content\/uploads\/2024\/05\/FR-congreso107.jpg?fit=880%2C440&ssl=1&resize=700%2C400 2x"},"classes":[]},{"id":47997,"url":"https:\/\/lahoradelcampo.com.uy\/site\/salto-retiro-los-beneficios-a-productores-por-el-pago-de-la-contribucion-rural\/","url_meta":{"origin":53366,"position":1},"title":"Salto retir\u00f3 los beneficios a productores por el pago de la Contribuci\u00f3n Rural","author":"La Hora del Campo","date":"10 enero, 2023","format":false,"excerpt":"Sorpresa y preocupaci\u00f3n ha generado la decisi\u00f3n de la Intendencia de Salto, de retirar los beneficios por buen pagador y descuento contado a los productores, por el pago de la Contribuci\u00f3n inmobiliaria rural. Esto ha llevado a que este impuesto subiera casi un 30% respecto al a\u00f1o pasado. El contador\u2026","rel":"","context":"En \u00abActualidad\u00bb","block_context":{"text":"Actualidad","link":"https:\/\/lahoradelcampo.com.uy\/site\/category\/actualidad\/"},"img":{"alt_text":"","src":"https:\/\/i0.wp.com\/lahoradelcampo.com.uy\/site\/wp-content\/uploads\/2017\/10\/Walter-Texeira.jpg?fit=880%2C440&ssl=1&resize=350%2C200","width":350,"height":200,"srcset":"https:\/\/i0.wp.com\/lahoradelcampo.com.uy\/site\/wp-content\/uploads\/2017\/10\/Walter-Texeira.jpg?fit=880%2C440&ssl=1&resize=350%2C200 1x, https:\/\/i0.wp.com\/lahoradelcampo.com.uy\/site\/wp-content\/uploads\/2017\/10\/Walter-Texeira.jpg?fit=880%2C440&ssl=1&resize=525%2C300 1.5x, https:\/\/i0.wp.com\/lahoradelcampo.com.uy\/site\/wp-content\/uploads\/2017\/10\/Walter-Texeira.jpg?fit=880%2C440&ssl=1&resize=700%2C400 2x"},"classes":[]},{"id":47725,"url":"https:\/\/lahoradelcampo.com.uy\/site\/impuestos-ciegos-a-la-tierra-crecieron-un-99-desde-el-2019\/","url_meta":{"origin":53366,"position":2},"title":"Impuestos ciegos a la tierra crecieron un 9,9% desde el 2019","author":"La Hora del Campo","date":"28 diciembre, 2022","format":false,"excerpt":"El sector agropecuario siempre ha reclamado el pago de impuestos ciegos, que no contemplan el desempe\u00f1o del sector y que en momentos de crisis son los que generan p\u00e9rdidas en las empresas. De acuerdo con el Anuario de Oficina de Programaci\u00f3n y Pol\u00edtica Agropecuaria (Opypa), la recaudaci\u00f3n de estos impuestos\u2026","rel":"","context":"En \u00abActualidad\u00bb","block_context":{"text":"Actualidad","link":"https:\/\/lahoradelcampo.com.uy\/site\/category\/actualidad\/"},"img":{"alt_text":"","src":"https:\/\/i0.wp.com\/lahoradelcampo.com.uy\/site\/wp-content\/uploads\/2022\/12\/Campo-tierras-ganaderas.jpg?fit=880%2C440&ssl=1&resize=350%2C200","width":350,"height":200,"srcset":"https:\/\/i0.wp.com\/lahoradelcampo.com.uy\/site\/wp-content\/uploads\/2022\/12\/Campo-tierras-ganaderas.jpg?fit=880%2C440&ssl=1&resize=350%2C200 1x, https:\/\/i0.wp.com\/lahoradelcampo.com.uy\/site\/wp-content\/uploads\/2022\/12\/Campo-tierras-ganaderas.jpg?fit=880%2C440&ssl=1&resize=525%2C300 1.5x, https:\/\/i0.wp.com\/lahoradelcampo.com.uy\/site\/wp-content\/uploads\/2022\/12\/Campo-tierras-ganaderas.jpg?fit=880%2C440&ssl=1&resize=700%2C400 2x"},"classes":[]},{"id":54920,"url":"https:\/\/lahoradelcampo.com.uy\/site\/intendencia-actualizo-los-fictos-municipales-y-prendio-alarmas-en-el-sector\/","url_meta":{"origin":53366,"position":3},"title":"Intendencia actualiz\u00f3 los fictos municipales y prendi\u00f3 alarmas en el sector","author":"La Hora del Campo","date":"20 octubre, 2024","format":false,"excerpt":"La Intendencia de Salto, con resoluci\u00f3n firmada por el Intendente, Dr. Andr\u00e9s Lima Proserpio, y el Secretario General, T\u00e9c. Univ. Gustavo Chiriff, el pasado 11 de octubre actualiz\u00f3 los valores de los fictos para la liquidaci\u00f3n del impuesto Ley 12.700, el llamado coloquialmente 1% municipal. Vacunos En el caso de\u2026","rel":"","context":"En \u00abActualidad\u00bb","block_context":{"text":"Actualidad","link":"https:\/\/lahoradelcampo.com.uy\/site\/category\/actualidad\/"},"img":{"alt_text":"","src":"https:\/\/i0.wp.com\/lahoradelcampo.com.uy\/site\/wp-content\/uploads\/2020\/06\/Ganadosweb.jpg?fit=880%2C440&ssl=1&resize=350%2C200","width":350,"height":200,"srcset":"https:\/\/i0.wp.com\/lahoradelcampo.com.uy\/site\/wp-content\/uploads\/2020\/06\/Ganadosweb.jpg?fit=880%2C440&ssl=1&resize=350%2C200 1x, https:\/\/i0.wp.com\/lahoradelcampo.com.uy\/site\/wp-content\/uploads\/2020\/06\/Ganadosweb.jpg?fit=880%2C440&ssl=1&resize=525%2C300 1.5x, https:\/\/i0.wp.com\/lahoradelcampo.com.uy\/site\/wp-content\/uploads\/2020\/06\/Ganadosweb.jpg?fit=880%2C440&ssl=1&resize=700%2C400 2x"},"classes":[]},{"id":44615,"url":"https:\/\/lahoradelcampo.com.uy\/site\/productores-desconformes-con-el-cobro-de-la-camineria-en-paysandu\/","url_meta":{"origin":53366,"position":4},"title":"Productores desconformes con el cobro de la caminer\u00eda en Paysand\u00fa","author":"La Hora del Campo","date":"10 agosto, 2022","format":false,"excerpt":"Ante el deterioro de la caminer\u00eda rural en el departamento de Paysand\u00fa y el reclamo tambi\u00e9n permanente de parte de los productores, el intendente sanducero propuso la implementaci\u00f3n de un \"precio al uso de la caminer\u00eda rural\". El Dr. Nicol\u00e1s Olivera ha manifestado su preocupaci\u00f3n con la actitud de una\u2026","rel":"","context":"En \u00abActualidad\u00bb","block_context":{"text":"Actualidad","link":"https:\/\/lahoradelcampo.com.uy\/site\/category\/actualidad\/"},"img":{"alt_text":"","src":"https:\/\/i0.wp.com\/lahoradelcampo.com.uy\/site\/wp-content\/uploads\/2022\/08\/CamineriaPaysandu.jpg?fit=880%2C440&ssl=1&resize=350%2C200","width":350,"height":200,"srcset":"https:\/\/i0.wp.com\/lahoradelcampo.com.uy\/site\/wp-content\/uploads\/2022\/08\/CamineriaPaysandu.jpg?fit=880%2C440&ssl=1&resize=350%2C200 1x, https:\/\/i0.wp.com\/lahoradelcampo.com.uy\/site\/wp-content\/uploads\/2022\/08\/CamineriaPaysandu.jpg?fit=880%2C440&ssl=1&resize=525%2C300 1.5x, https:\/\/i0.wp.com\/lahoradelcampo.com.uy\/site\/wp-content\/uploads\/2022\/08\/CamineriaPaysandu.jpg?fit=880%2C440&ssl=1&resize=700%2C400 2x"},"classes":[]},{"id":48165,"url":"https:\/\/lahoradelcampo.com.uy\/site\/la-aas-solicito-al-intendente-que-revea-su-decision-sobre-la-contribucion-rural\/","url_meta":{"origin":53366,"position":5},"title":"La AAS solicit\u00f3 al Intendente  que revea su decisi\u00f3n sobre la Contribuci\u00f3n Rural","author":"La Hora del Campo","date":"17 enero, 2023","format":false,"excerpt":"La decisi\u00f3n del Intendente de Salto, Dr. Andr\u00e9s Lima, de retirar los descuentos por pago contado y buen pagador, de la contribuci\u00f3n inmobiliaria rural ha generado un aumento de este impuesto entorno al 35% seg\u00fan explicaron varios productores del departamento. Seg\u00fan se explic\u00f3 por parte del Cr. Walter Texeira Nu\u00f1ez,\u2026","rel":"","context":"En \u00abActualidad\u00bb","block_context":{"text":"Actualidad","link":"https:\/\/lahoradelcampo.com.uy\/site\/category\/actualidad\/"},"img":{"alt_text":"","src":"https:\/\/i0.wp.com\/lahoradelcampo.com.uy\/site\/wp-content\/uploads\/2023\/01\/AAS-logotanque.jpg?fit=880%2C440&ssl=1&resize=350%2C200","width":350,"height":200,"srcset":"https:\/\/i0.wp.com\/lahoradelcampo.com.uy\/site\/wp-content\/uploads\/2023\/01\/AAS-logotanque.jpg?fit=880%2C440&ssl=1&resize=350%2C200 1x, https:\/\/i0.wp.com\/lahoradelcampo.com.uy\/site\/wp-content\/uploads\/2023\/01\/AAS-logotanque.jpg?fit=880%2C440&ssl=1&resize=525%2C300 1.5x, https:\/\/i0.wp.com\/lahoradelcampo.com.uy\/site\/wp-content\/uploads\/2023\/01\/AAS-logotanque.jpg?fit=880%2C440&ssl=1&resize=700%2C400 2x"},"classes":[]}],"jetpack_likes_enabled":true,"_links":{"self":[{"href":"https:\/\/lahoradelcampo.com.uy\/site\/wp-json\/wp\/v2\/posts\/53366","targetHints":{"allow":["GET"]}}],"collection":[{"href":"https:\/\/lahoradelcampo.com.uy\/site\/wp-json\/wp\/v2\/posts"}],"about":[{"href":"https:\/\/lahoradelcampo.com.uy\/site\/wp-json\/wp\/v2\/types\/post"}],"author":[{"embeddable":true,"href":"https:\/\/lahoradelcampo.com.uy\/site\/wp-json\/wp\/v2\/users\/5"}],"replies":[{"embeddable":true,"href":"https:\/\/lahoradelcampo.com.uy\/site\/wp-json\/wp\/v2\/comments?post=53366"}],"version-history":[{"count":1,"href":"https:\/\/lahoradelcampo.com.uy\/site\/wp-json\/wp\/v2\/posts\/53366\/revisions"}],"predecessor-version":[{"id":53367,"href":"https:\/\/lahoradelcampo.com.uy\/site\/wp-json\/wp\/v2\/posts\/53366\/revisions\/53367"}],"wp:featuredmedia":[{"embeddable":true,"href":"https:\/\/lahoradelcampo.com.uy\/site\/wp-json\/wp\/v2\/media\/50745"}],"wp:attachment":[{"href":"https:\/\/lahoradelcampo.com.uy\/site\/wp-json\/wp\/v2\/media?parent=53366"}],"wp:term":[{"taxonomy":"category","embeddable":true,"href":"https:\/\/lahoradelcampo.com.uy\/site\/wp-json\/wp\/v2\/categories?post=53366"},{"taxonomy":"post_tag","embeddable":true,"href":"https:\/\/lahoradelcampo.com.uy\/site\/wp-json\/wp\/v2\/tags?post=53366"}],"curies":[{"name":"wp","href":"https:\/\/api.w.org\/{rel}","templated":true}]}}