{"id":53363,"date":"2024-01-11T16:04:13","date_gmt":"2024-01-11T19:04:13","guid":{"rendered":"http:\/\/lahoradelcampo.com.uy\/site\/?p=53363"},"modified":"2024-01-11T16:04:14","modified_gmt":"2024-01-11T19:04:14","slug":"lote-21-comenzara-el-ano-de-remates-por-pantalla-el-24-de-enero","status":"publish","type":"post","link":"https:\/\/lahoradelcampo.com.uy\/site\/lote-21-comenzara-el-ano-de-remates-por-pantalla-el-24-de-enero\/","title":{"rendered":"Lote 21 comenzar\u00e1 el a\u00f1o de remates por pantalla el 24 de enero"},"content":{"rendered":"\n<figure class=\"wp-block-image size-full\"><a href=\"https:\/\/i0.wp.com\/lahoradelcampo.com.uy\/site\/wp-content\/uploads\/2024\/01\/Lote21-tbo.jpg\"><img data-recalc-dims=\"1\" loading=\"lazy\" decoding=\"async\" width=\"810\" height=\"405\" data-attachment-id=\"53364\" data-permalink=\"https:\/\/lahoradelcampo.com.uy\/site\/lote-21-comenzara-el-ano-de-remates-por-pantalla-el-24-de-enero\/lote21-tbo\/\" data-orig-file=\"https:\/\/i0.wp.com\/lahoradelcampo.com.uy\/site\/wp-content\/uploads\/2024\/01\/Lote21-tbo.jpg?fit=880%2C440&amp;ssl=1\" data-orig-size=\"880,440\" data-comments-opened=\"1\" data-image-meta=\"{&quot;aperture&quot;:&quot;0&quot;,&quot;credit&quot;:&quot;&quot;,&quot;camera&quot;:&quot;&quot;,&quot;caption&quot;:&quot;&quot;,&quot;created_timestamp&quot;:&quot;0&quot;,&quot;copyright&quot;:&quot;&quot;,&quot;focal_length&quot;:&quot;0&quot;,&quot;iso&quot;:&quot;0&quot;,&quot;shutter_speed&quot;:&quot;0&quot;,&quot;title&quot;:&quot;&quot;,&quot;orientation&quot;:&quot;1&quot;}\" data-image-title=\"Lote21-tbo\" data-image-description=\"\" data-image-caption=\"\" data-large-file=\"https:\/\/i0.wp.com\/lahoradelcampo.com.uy\/site\/wp-content\/uploads\/2024\/01\/Lote21-tbo.jpg?fit=810%2C405&amp;ssl=1\" src=\"https:\/\/i0.wp.com\/lahoradelcampo.com.uy\/site\/wp-content\/uploads\/2024\/01\/Lote21-tbo.jpg?resize=810%2C405\" alt=\"\" class=\"wp-image-53364\" srcset=\"https:\/\/i0.wp.com\/lahoradelcampo.com.uy\/site\/wp-content\/uploads\/2024\/01\/Lote21-tbo.jpg?w=880&amp;ssl=1 880w, https:\/\/i0.wp.com\/lahoradelcampo.com.uy\/site\/wp-content\/uploads\/2024\/01\/Lote21-tbo.jpg?resize=300%2C150&amp;ssl=1 300w, https:\/\/i0.wp.com\/lahoradelcampo.com.uy\/site\/wp-content\/uploads\/2024\/01\/Lote21-tbo.jpg?resize=768%2C384&amp;ssl=1 768w, https:\/\/i0.wp.com\/lahoradelcampo.com.uy\/site\/wp-content\/uploads\/2024\/01\/Lote21-tbo.jpg?resize=820%2C410&amp;ssl=1 820w\" sizes=\"auto, (max-width: 810px) 100vw, 810px\" \/><\/a><\/figure>\n\n\n\n<p>El consorcio de rematadores de Lote 21, dio a conocer su agenda de remates para este a\u00f1o y al igual que en 2023 realizar\u00e1 18 ventas por pantalla, comenzando por su remate N\u00b0 200, el pr\u00f3ximo 24 de enero desde el Club de Golf en la capital del pa\u00eds.<\/p>\n\n\n\n<p>La venta n\u00famero 200 del consorcio es \u00abuna cifra redonda que simboliza una continuidad en el tiempo\u00bb, afirm\u00f3 Federico Rodr\u00edguez, el presidente del grupo de rematadores. Adem\u00e1s, record\u00f3 que en 2023 se registr\u00f3 un crecimiento de \u00abm\u00e1s de un 50% en la cantidad de ganado y de remates, lo que nos deja sumamente orgullosos\u00bb.<\/p>\n\n\n\n<p>Rodr\u00edguez record\u00f3 que durante el a\u00f1o pasado este sistema de ventas por pantalla se traslad\u00f3 a varias zonas del interior del pa\u00eds, para \u00abllevar Lote 21 a los compradores\u00bb. En este sentido se realizaron ventas desde la Expoactiva Nacional en Soriano, la Agropecuaria de Rocha, Central Ganadera de su escritorio en Cerro Largo, en el Hotel Gardel en Tacuaremb\u00f3, en Termas del Almir\u00f3n en Guich\u00f3n y la Expo Prado.<\/p>\n\n\n\n<p>Para la agenda de 2024 est\u00e1 previsto comenzar el 24 de enero en el Club de Golf con el remate N\u00b0 200, que adem\u00e1s tambi\u00e9n se inscribe como el primer remate por pantalla del a\u00f1o. Luego se realizar\u00e1 un remate por mes, sum\u00e1ndose ventas especiales en los meses de febrero, abril, mayo, junio, noviembre y diciembre.<\/p>\n\n\n\n<p>Salto, 11 de enero de 2024<\/p>\n","protected":false},"excerpt":{"rendered":"<p>El consorcio de rematadores de Lote 21, dio a conocer su agenda de remates para este a\u00f1o y al igual que en 2023 realizar\u00e1 18 ventas por pantalla, comenzando por [&hellip;]<\/p>\n","protected":false},"author":5,"featured_media":53364,"comment_status":"open","ping_status":"open","sticky":false,"template":"","format":"standard","meta":{"_price":"","_stock":"","_tribe_ticket_header":"","_tribe_default_ticket_provider":"","_tribe_ticket_capacity":"0","_ticket_start_date":"","_ticket_end_date":"","_tribe_ticket_show_description":"","_tribe_ticket_show_not_going":false,"_tribe_ticket_use_global_stock":"","_tribe_ticket_global_stock_level":"","_global_stock_mode":"","_global_stock_cap":"","_tribe_rsvp_for_event":"","_tribe_ticket_going_count":"","_tribe_ticket_not_going_count":"","_tribe_tickets_list":"[]","_tribe_ticket_has_attendee_info_fields":false,"h5ap_radio_sources":[],"_jetpack_newsletter_access":"","_jetpack_dont_email_post_to_subs":false,"_jetpack_newsletter_tier_id":0,"_jetpack_memberships_contains_paywalled_content":false,"_jetpack_memberships_contains_paid_content":false,"footnotes":""},"categories":[21,5],"tags":[],"class_list":["post-53363","post","type-post","status-publish","format-standard","has-post-thumbnail","hentry","category-actualidad","category-ganaderia"],"jetpack_featured_media_url":"https:\/\/i0.wp.com\/lahoradelcampo.com.uy\/site\/wp-content\/uploads\/2024\/01\/Lote21-tbo.jpg?fit=880%2C440&ssl=1","jetpack_sharing_enabled":true,"jetpack_shortlink":"https:\/\/wp.me\/p99IaT-dSH","jetpack-related-posts":[{"id":2851,"url":"https:\/\/lahoradelcampo.com.uy\/site\/lote-21-coloco-el-92-de-la-oferta-en-su-remate-124\/","url_meta":{"origin":53363,"position":0},"title":"Lote 21 coloc\u00f3 el 92% de  la oferta en su remate 124","author":"La Hora del Campo","date":"18 octubre, 2017","format":false,"excerpt":"El consorcio de rematadores de Lote 21 concret\u00f3 en la jornada de ayer su 124 remate por pantalla desde el Hip\u00f3dromo de Maro\u00f1as y a trav\u00e9s de los diferentes telecentros de venta en el interior del pa\u00eds. La oferta de ganados de reposici\u00f3n en esta venta se logr\u00f3 colocar en\u2026","rel":"","context":"En \u00abActualidad\u00bb","block_context":{"text":"Actualidad","link":"https:\/\/lahoradelcampo.com.uy\/site\/category\/actualidad\/"},"img":{"alt_text":"","src":"https:\/\/i0.wp.com\/lahoradelcampo.com.uy\/site\/wp-content\/uploads\/2017\/10\/Lote21.jpg?fit=880%2C440&ssl=1&resize=350%2C200","width":350,"height":200,"srcset":"https:\/\/i0.wp.com\/lahoradelcampo.com.uy\/site\/wp-content\/uploads\/2017\/10\/Lote21.jpg?fit=880%2C440&ssl=1&resize=350%2C200 1x, https:\/\/i0.wp.com\/lahoradelcampo.com.uy\/site\/wp-content\/uploads\/2017\/10\/Lote21.jpg?fit=880%2C440&ssl=1&resize=525%2C300 1.5x, https:\/\/i0.wp.com\/lahoradelcampo.com.uy\/site\/wp-content\/uploads\/2017\/10\/Lote21.jpg?fit=880%2C440&ssl=1&resize=700%2C400 2x"},"classes":[]},{"id":55503,"url":"https:\/\/lahoradelcampo.com.uy\/site\/se-vendieron-menos-terneros-en-remates-por-pantalla-pero-se-pagaron-88-mas-en-2024\/","url_meta":{"origin":53363,"position":1},"title":"Se vendieron menos terneros en remates por pantalla, pero se pagaron 8,8% m\u00e1s en 2024","author":"La Hora del Campo","date":"14 enero, 2025","format":false,"excerpt":"En los remates por pantalla del a\u00f1o 2024, contabilizando las ventas de Lote 21, Plaza Rural y Pantalla Uruguay, se comercializaron 106.466 terneros, que generaron una facturaci\u00f3n de 52.911.591d\u00f3lares, sin tener en cuenta los descuentos por beneficios que brinda cada consorcio de rematadores. Estos valores representan un aumento del 17,4%\u2026","rel":"","context":"En \u00abActualidad\u00bb","block_context":{"text":"Actualidad","link":"https:\/\/lahoradelcampo.com.uy\/site\/category\/actualidad\/"},"img":{"alt_text":"","src":"https:\/\/i0.wp.com\/lahoradelcampo.com.uy\/site\/wp-content\/uploads\/2025\/01\/Ternerospantallas.jpg?fit=880%2C440&ssl=1&resize=350%2C200","width":350,"height":200,"srcset":"https:\/\/i0.wp.com\/lahoradelcampo.com.uy\/site\/wp-content\/uploads\/2025\/01\/Ternerospantallas.jpg?fit=880%2C440&ssl=1&resize=350%2C200 1x, https:\/\/i0.wp.com\/lahoradelcampo.com.uy\/site\/wp-content\/uploads\/2025\/01\/Ternerospantallas.jpg?fit=880%2C440&ssl=1&resize=525%2C300 1.5x, https:\/\/i0.wp.com\/lahoradelcampo.com.uy\/site\/wp-content\/uploads\/2025\/01\/Ternerospantallas.jpg?fit=880%2C440&ssl=1&resize=700%2C400 2x"},"classes":[]},{"id":35937,"url":"https:\/\/lahoradelcampo.com.uy\/site\/valdez-cia-se-integro-a-lote-21\/","url_meta":{"origin":53363,"position":2},"title":"Valdez &#038; C\u00eda. se integr\u00f3 a Lote 21","author":"La Hora del Campo","date":"26 octubre, 2021","format":false,"excerpt":"En la jornada de ayer Valdez & C\u00eda. firm\u00f3 un acuerdo con el consorcio de rematadores de Lote 21, a trav\u00e9s del cual la firma tacuaremboense se integra al grupo de rematadores por pantalla. Pablo Valdez, director de Valdez y C\u00eda. dijo en la conferencia de prensa \"estamos seguros de\u2026","rel":"","context":"En \u00abActualidad\u00bb","block_context":{"text":"Actualidad","link":"https:\/\/lahoradelcampo.com.uy\/site\/category\/actualidad\/"},"img":{"alt_text":"","src":"https:\/\/i0.wp.com\/lahoradelcampo.com.uy\/site\/wp-content\/uploads\/2021\/10\/Lote21yValdez.jpg?fit=880%2C440&ssl=1&resize=350%2C200","width":350,"height":200,"srcset":"https:\/\/i0.wp.com\/lahoradelcampo.com.uy\/site\/wp-content\/uploads\/2021\/10\/Lote21yValdez.jpg?fit=880%2C440&ssl=1&resize=350%2C200 1x, https:\/\/i0.wp.com\/lahoradelcampo.com.uy\/site\/wp-content\/uploads\/2021\/10\/Lote21yValdez.jpg?fit=880%2C440&ssl=1&resize=525%2C300 1.5x, https:\/\/i0.wp.com\/lahoradelcampo.com.uy\/site\/wp-content\/uploads\/2021\/10\/Lote21yValdez.jpg?fit=880%2C440&ssl=1&resize=700%2C400 2x"},"classes":[]},{"id":29726,"url":"https:\/\/lahoradelcampo.com.uy\/site\/plaza-rural-coloco-27-000-vacunos-el-95-de-la-oferta\/","url_meta":{"origin":53363,"position":3},"title":"Plaza Rural coloc\u00f3 27.000 vacunos, el 95% de la oferta","author":"La Hora del Campo","date":"6 mayo, 2021","format":false,"excerpt":"Plaza Rural cerr\u00f3 su remate 233, con un colocaci\u00f3n de 27.000 cabezas de vacunos, representando el 95% de la oferta total presentada en los cuatro d\u00edas de ventas. \u00c1lvaro Garc\u00eda, presidente del consorcio de rematadores, se\u00f1al\u00f3 su satisfacci\u00f3n con el final del remate, su nivel de colocaci\u00f3n y record\u00f3 que\u2026","rel":"","context":"En \u00abActualidad\u00bb","block_context":{"text":"Actualidad","link":"https:\/\/lahoradelcampo.com.uy\/site\/category\/actualidad\/"},"img":{"alt_text":"","src":"https:\/\/i0.wp.com\/lahoradelcampo.com.uy\/site\/wp-content\/uploads\/2021\/02\/PLazarural.jpg?fit=880%2C440&ssl=1&resize=350%2C200","width":350,"height":200,"srcset":"https:\/\/i0.wp.com\/lahoradelcampo.com.uy\/site\/wp-content\/uploads\/2021\/02\/PLazarural.jpg?fit=880%2C440&ssl=1&resize=350%2C200 1x, https:\/\/i0.wp.com\/lahoradelcampo.com.uy\/site\/wp-content\/uploads\/2021\/02\/PLazarural.jpg?fit=880%2C440&ssl=1&resize=525%2C300 1.5x, https:\/\/i0.wp.com\/lahoradelcampo.com.uy\/site\/wp-content\/uploads\/2021\/02\/PLazarural.jpg?fit=880%2C440&ssl=1&resize=700%2C400 2x"},"classes":[]},{"id":49678,"url":"https:\/\/lahoradelcampo.com.uy\/site\/lote-21-con-un-918-de-venta-en-su-remate-186\/","url_meta":{"origin":53363,"position":4},"title":"Lote 21: con un 91,8% de venta en su remate 186","author":"La Hora del Campo","date":"3 abril, 2023","format":false,"excerpt":"El consorcio de firmas rematadoras Lote 21 realiz\u00f3 su remate n\u00famero 186, con una tasa de colocaci\u00f3n del 91,8% y una suba del 6% en los promedios. Satisfacci\u00f3n del cliente El presidente del consorcio, Federico Rodr\u00edguez, se\u00f1al\u00f3 que la satisfacci\u00f3n del cliente es el foco principal de Lote 21: \u201cLote\u2026","rel":"","context":"En \u00abActualidad\u00bb","block_context":{"text":"Actualidad","link":"https:\/\/lahoradelcampo.com.uy\/site\/category\/actualidad\/"},"img":{"alt_text":"","src":"https:\/\/i0.wp.com\/lahoradelcampo.com.uy\/site\/wp-content\/uploads\/2017\/09\/Lote21-foto.jpg?fit=880%2C440&ssl=1&resize=350%2C200","width":350,"height":200,"srcset":"https:\/\/i0.wp.com\/lahoradelcampo.com.uy\/site\/wp-content\/uploads\/2017\/09\/Lote21-foto.jpg?fit=880%2C440&ssl=1&resize=350%2C200 1x, https:\/\/i0.wp.com\/lahoradelcampo.com.uy\/site\/wp-content\/uploads\/2017\/09\/Lote21-foto.jpg?fit=880%2C440&ssl=1&resize=525%2C300 1.5x, https:\/\/i0.wp.com\/lahoradelcampo.com.uy\/site\/wp-content\/uploads\/2017\/09\/Lote21-foto.jpg?fit=880%2C440&ssl=1&resize=700%2C400 2x"},"classes":[]},{"id":27174,"url":"https:\/\/lahoradelcampo.com.uy\/site\/pantalla-uruguay-comienza-el-ano-con-6-000-vacunos-inscriptos\/","url_meta":{"origin":53363,"position":5},"title":"Pantalla Uruguay comienza el a\u00f1o con 6.000 vacunos inscriptos","author":"La Hora del Campo","date":"28 enero, 2021","format":false,"excerpt":"El consorcio de rematadores de Pantalla Uruguay, es el \u00fanico que realiza remates en el primer mes del a\u00f1o y en esta oportunidad las ventas de esta jornada tendr\u00e1n un volumen de 6.000 vacunos inscriptos y 600 ovinos. Como es tradicional la operativa comenzar\u00e1 a la hora 9:00, pero en\u2026","rel":"","context":"En \u00abActualidad\u00bb","block_context":{"text":"Actualidad","link":"https:\/\/lahoradelcampo.com.uy\/site\/category\/actualidad\/"},"img":{"alt_text":"","src":"https:\/\/i0.wp.com\/lahoradelcampo.com.uy\/site\/wp-content\/uploads\/2021\/01\/Pantalla-Uruguay.jpg?fit=880%2C440&ssl=1&resize=350%2C200","width":350,"height":200,"srcset":"https:\/\/i0.wp.com\/lahoradelcampo.com.uy\/site\/wp-content\/uploads\/2021\/01\/Pantalla-Uruguay.jpg?fit=880%2C440&ssl=1&resize=350%2C200 1x, https:\/\/i0.wp.com\/lahoradelcampo.com.uy\/site\/wp-content\/uploads\/2021\/01\/Pantalla-Uruguay.jpg?fit=880%2C440&ssl=1&resize=525%2C300 1.5x, https:\/\/i0.wp.com\/lahoradelcampo.com.uy\/site\/wp-content\/uploads\/2021\/01\/Pantalla-Uruguay.jpg?fit=880%2C440&ssl=1&resize=700%2C400 2x"},"classes":[]}],"jetpack_likes_enabled":true,"_links":{"self":[{"href":"https:\/\/lahoradelcampo.com.uy\/site\/wp-json\/wp\/v2\/posts\/53363","targetHints":{"allow":["GET"]}}],"collection":[{"href":"https:\/\/lahoradelcampo.com.uy\/site\/wp-json\/wp\/v2\/posts"}],"about":[{"href":"https:\/\/lahoradelcampo.com.uy\/site\/wp-json\/wp\/v2\/types\/post"}],"author":[{"embeddable":true,"href":"https:\/\/lahoradelcampo.com.uy\/site\/wp-json\/wp\/v2\/users\/5"}],"replies":[{"embeddable":true,"href":"https:\/\/lahoradelcampo.com.uy\/site\/wp-json\/wp\/v2\/comments?post=53363"}],"version-history":[{"count":1,"href":"https:\/\/lahoradelcampo.com.uy\/site\/wp-json\/wp\/v2\/posts\/53363\/revisions"}],"predecessor-version":[{"id":53365,"href":"https:\/\/lahoradelcampo.com.uy\/site\/wp-json\/wp\/v2\/posts\/53363\/revisions\/53365"}],"wp:featuredmedia":[{"embeddable":true,"href":"https:\/\/lahoradelcampo.com.uy\/site\/wp-json\/wp\/v2\/media\/53364"}],"wp:attachment":[{"href":"https:\/\/lahoradelcampo.com.uy\/site\/wp-json\/wp\/v2\/media?parent=53363"}],"wp:term":[{"taxonomy":"category","embeddable":true,"href":"https:\/\/lahoradelcampo.com.uy\/site\/wp-json\/wp\/v2\/categories?post=53363"},{"taxonomy":"post_tag","embeddable":true,"href":"https:\/\/lahoradelcampo.com.uy\/site\/wp-json\/wp\/v2\/tags?post=53363"}],"curies":[{"name":"wp","href":"https:\/\/api.w.org\/{rel}","templated":true}]}}