{"id":53360,"date":"2024-01-11T16:01:35","date_gmt":"2024-01-11T19:01:35","guid":{"rendered":"http:\/\/lahoradelcampo.com.uy\/site\/?p=53360"},"modified":"2024-01-11T16:01:37","modified_gmt":"2024-01-11T19:01:37","slug":"el-mgap-trabaja-en-una-linea-de-credito-para-predios-con-garrapatas-multirresistentes","status":"publish","type":"post","link":"https:\/\/lahoradelcampo.com.uy\/site\/el-mgap-trabaja-en-una-linea-de-credito-para-predios-con-garrapatas-multirresistentes\/","title":{"rendered":"El MGAP trabaja en una l\u00ednea de cr\u00e9dito para predios con garrapatas multirresistentes"},"content":{"rendered":"\n<figure class=\"wp-block-image size-full\"><a href=\"https:\/\/i0.wp.com\/lahoradelcampo.com.uy\/site\/wp-content\/uploads\/2024\/01\/Garrapatas1.jpg\"><img data-recalc-dims=\"1\" loading=\"lazy\" decoding=\"async\" width=\"810\" height=\"405\" data-attachment-id=\"53361\" data-permalink=\"https:\/\/lahoradelcampo.com.uy\/site\/el-mgap-trabaja-en-una-linea-de-credito-para-predios-con-garrapatas-multirresistentes\/garrapatas1\/\" data-orig-file=\"https:\/\/i0.wp.com\/lahoradelcampo.com.uy\/site\/wp-content\/uploads\/2024\/01\/Garrapatas1.jpg?fit=880%2C440&amp;ssl=1\" data-orig-size=\"880,440\" data-comments-opened=\"1\" data-image-meta=\"{&quot;aperture&quot;:&quot;0&quot;,&quot;credit&quot;:&quot;&quot;,&quot;camera&quot;:&quot;&quot;,&quot;caption&quot;:&quot;&quot;,&quot;created_timestamp&quot;:&quot;0&quot;,&quot;copyright&quot;:&quot;&quot;,&quot;focal_length&quot;:&quot;0&quot;,&quot;iso&quot;:&quot;0&quot;,&quot;shutter_speed&quot;:&quot;0&quot;,&quot;title&quot;:&quot;&quot;,&quot;orientation&quot;:&quot;1&quot;}\" data-image-title=\"Garrapatas1\" data-image-description=\"\" data-image-caption=\"\" data-large-file=\"https:\/\/i0.wp.com\/lahoradelcampo.com.uy\/site\/wp-content\/uploads\/2024\/01\/Garrapatas1.jpg?fit=810%2C405&amp;ssl=1\" src=\"https:\/\/i0.wp.com\/lahoradelcampo.com.uy\/site\/wp-content\/uploads\/2024\/01\/Garrapatas1.jpg?resize=810%2C405\" alt=\"\" class=\"wp-image-53361\" srcset=\"https:\/\/i0.wp.com\/lahoradelcampo.com.uy\/site\/wp-content\/uploads\/2024\/01\/Garrapatas1.jpg?w=880&amp;ssl=1 880w, https:\/\/i0.wp.com\/lahoradelcampo.com.uy\/site\/wp-content\/uploads\/2024\/01\/Garrapatas1.jpg?resize=300%2C150&amp;ssl=1 300w, https:\/\/i0.wp.com\/lahoradelcampo.com.uy\/site\/wp-content\/uploads\/2024\/01\/Garrapatas1.jpg?resize=768%2C384&amp;ssl=1 768w, https:\/\/i0.wp.com\/lahoradelcampo.com.uy\/site\/wp-content\/uploads\/2024\/01\/Garrapatas1.jpg?resize=820%2C410&amp;ssl=1 820w\" sizes=\"auto, (max-width: 810px) 100vw, 810px\" \/><\/a><\/figure>\n\n\n\n<p>Este mi\u00e9rcoles se dio a conocer que el Ministerio de Ganader\u00eda, Agricultura y Pesca (MGAP) se encuentra trabajando con el Banco Rep\u00fablica en una l\u00ednea de cr\u00e9dito para el desarrollo de un plan de saneamiento en predios con garrapatas multirresistentes. Seg\u00fan informaci\u00f3n brindada a La Hora del Campo, por un jerarca del ministerio, la pr\u00f3xima semana se tendr\u00edan novedades al respecto.<\/p>\n\n\n\n<p>De acuerdo con la informaci\u00f3n proporcionada, los t\u00e9cnicos zonales del MGAP deber\u00e1n realizar un relevamiento de la situaci\u00f3n del predio y posteriormente el productor deber\u00e1 presentar un plan de saneamiento con un m\u00e9dico veterinario del libre ejercicio, con el aval de los veterinarios oficiales de la zona.<\/p>\n\n\n\n<p>Con respecto a este tema, en una l\u00ednea paralela de trabajo, se evaluaron nuevas mol\u00e9culas en el norte del pa\u00eds, las cuales han presentado resultados promisorios y en las pr\u00f3ximas jornadas se estar\u00edan dando a conocer, conjuntamente con la aprobaci\u00f3n del cr\u00e9dito \u00abque pr\u00e1cticamente es un hecho\u00bb dijo la fuente consultada por La Hora del Campo.<\/p>\n\n\n\n<p>Salto 11 de enero de 2024<\/p>\n","protected":false},"excerpt":{"rendered":"<p>Este mi\u00e9rcoles se dio a conocer que el Ministerio de Ganader\u00eda, Agricultura y Pesca (MGAP) se encuentra trabajando con el Banco Rep\u00fablica en una l\u00ednea de cr\u00e9dito para el desarrollo [&hellip;]<\/p>\n","protected":false},"author":5,"featured_media":53361,"comment_status":"open","ping_status":"open","sticky":false,"template":"","format":"standard","meta":{"_price":"","_stock":"","_tribe_ticket_header":"","_tribe_default_ticket_provider":"","_tribe_ticket_capacity":"0","_ticket_start_date":"","_ticket_end_date":"","_tribe_ticket_show_description":"","_tribe_ticket_show_not_going":false,"_tribe_ticket_use_global_stock":"","_tribe_ticket_global_stock_level":"","_global_stock_mode":"","_global_stock_cap":"","_tribe_rsvp_for_event":"","_tribe_ticket_going_count":"","_tribe_ticket_not_going_count":"","_tribe_tickets_list":"[]","_tribe_ticket_has_attendee_info_fields":false,"h5ap_radio_sources":[],"_jetpack_newsletter_access":"","_jetpack_dont_email_post_to_subs":false,"_jetpack_newsletter_tier_id":0,"_jetpack_memberships_contains_paywalled_content":false,"_jetpack_memberships_contains_paid_content":false,"footnotes":""},"categories":[21,5],"tags":[],"class_list":["post-53360","post","type-post","status-publish","format-standard","has-post-thumbnail","hentry","category-actualidad","category-ganaderia"],"jetpack_featured_media_url":"https:\/\/i0.wp.com\/lahoradelcampo.com.uy\/site\/wp-content\/uploads\/2024\/01\/Garrapatas1.jpg?fit=880%2C440&ssl=1","jetpack_sharing_enabled":true,"jetpack_shortlink":"https:\/\/wp.me\/p99IaT-dSE","jetpack-related-posts":[{"id":55422,"url":"https:\/\/lahoradelcampo.com.uy\/site\/intendencia-de-artigas-apoya-proyecto-contra-la-garrapata\/","url_meta":{"origin":53360,"position":0},"title":"Intendencia de Artigas apoya proyecto contra la garrapata","author":"La Hora del Campo","date":"8 enero, 2025","format":false,"excerpt":"La primavera lluviosa favoreci\u00f3 la aparici\u00f3n de la garrapata que hoy emerge como un problema persistente para los productores en todo el pa\u00eds, particularmente en las zonas m\u00e1s afectadas. En los \u00faltimos meses, no se observa un aumento significativo de la infestaci\u00f3n, con la excepci\u00f3n de algunos casos puntuales. El\u2026","rel":"","context":"En \u00abActualidad\u00bb","block_context":{"text":"Actualidad","link":"https:\/\/lahoradelcampo.com.uy\/site\/category\/actualidad\/"},"img":{"alt_text":"","src":"https:\/\/i0.wp.com\/lahoradelcampo.com.uy\/site\/wp-content\/uploads\/2024\/01\/Garrapatas1.jpg?fit=880%2C440&ssl=1&resize=350%2C200","width":350,"height":200,"srcset":"https:\/\/i0.wp.com\/lahoradelcampo.com.uy\/site\/wp-content\/uploads\/2024\/01\/Garrapatas1.jpg?fit=880%2C440&ssl=1&resize=350%2C200 1x, https:\/\/i0.wp.com\/lahoradelcampo.com.uy\/site\/wp-content\/uploads\/2024\/01\/Garrapatas1.jpg?fit=880%2C440&ssl=1&resize=525%2C300 1.5x, https:\/\/i0.wp.com\/lahoradelcampo.com.uy\/site\/wp-content\/uploads\/2024\/01\/Garrapatas1.jpg?fit=880%2C440&ssl=1&resize=700%2C400 2x"},"classes":[]},{"id":3405,"url":"https:\/\/lahoradelcampo.com.uy\/site\/se-habilito-la-venta-de-productos-con-ethion\/","url_meta":{"origin":53360,"position":1},"title":"Dilave comunic\u00f3 la autorizaci\u00f3n para comercializar Ethi\u00f3n","author":"La Hora del Campo","date":"31 octubre, 2017","format":false,"excerpt":"El lunes 30 de octubre la Divisi\u00f3n de Laboratorios Veterinarios \"Miguel C. Rubino\" (Dilave) del Ministerio de Ganader\u00eda, Agricultura y Pesca, emiti\u00f3 un comunicado donde se autoriza la comercializaci\u00f3n de productos cuyo principio activo Ethi\u00f3n.\u00a0El comunicado firmado por la Dra. Berta Chelle est\u00e1 dirigido a Directores t\u00e9cnicos de firmas registrantes\u2026","rel":"","context":"En \u00abActualidad\u00bb","block_context":{"text":"Actualidad","link":"https:\/\/lahoradelcampo.com.uy\/site\/category\/actualidad\/"},"img":{"alt_text":"","src":"https:\/\/i0.wp.com\/lahoradelcampo.com.uy\/site\/wp-content\/uploads\/2017\/10\/Mgap.jpg?fit=880%2C440&ssl=1&resize=350%2C200","width":350,"height":200,"srcset":"https:\/\/i0.wp.com\/lahoradelcampo.com.uy\/site\/wp-content\/uploads\/2017\/10\/Mgap.jpg?fit=880%2C440&ssl=1&resize=350%2C200 1x, https:\/\/i0.wp.com\/lahoradelcampo.com.uy\/site\/wp-content\/uploads\/2017\/10\/Mgap.jpg?fit=880%2C440&ssl=1&resize=525%2C300 1.5x, https:\/\/i0.wp.com\/lahoradelcampo.com.uy\/site\/wp-content\/uploads\/2017\/10\/Mgap.jpg?fit=880%2C440&ssl=1&resize=700%2C400 2x"},"classes":[]},{"id":44113,"url":"https:\/\/lahoradelcampo.com.uy\/site\/con-un-70-de-eficacia-uruguay-dispondra-de-una-vacuna-contra-la-garrapata\/","url_meta":{"origin":53360,"position":2},"title":"Con un 70% de eficacia, Uruguay dispondr\u00e1 de una vacuna contra la garrapata","author":"La Hora del Campo","date":"25 julio, 2022","format":false,"excerpt":"El Dr. Marcelo Cortes, dinamizador de la campa\u00f1a contra la garrapata, dijo 3a pasada semana que los datos de la encuesta que se realiz\u00f3 con la distribuci\u00f3n de la vacuna antiaftosa, existe un 30% de los predios a nivel pa\u00eds con problemas de garrapata y un 4,5% de los mismos\u2026","rel":"","context":"En \u00abActualidad\u00bb","block_context":{"text":"Actualidad","link":"https:\/\/lahoradelcampo.com.uy\/site\/category\/actualidad\/"},"img":{"alt_text":"","src":"https:\/\/i0.wp.com\/lahoradelcampo.com.uy\/site\/wp-content\/uploads\/2021\/08\/Garrapata.jpg?fit=880%2C440&ssl=1&resize=350%2C200","width":350,"height":200,"srcset":"https:\/\/i0.wp.com\/lahoradelcampo.com.uy\/site\/wp-content\/uploads\/2021\/08\/Garrapata.jpg?fit=880%2C440&ssl=1&resize=350%2C200 1x, https:\/\/i0.wp.com\/lahoradelcampo.com.uy\/site\/wp-content\/uploads\/2021\/08\/Garrapata.jpg?fit=880%2C440&ssl=1&resize=525%2C300 1.5x, https:\/\/i0.wp.com\/lahoradelcampo.com.uy\/site\/wp-content\/uploads\/2021\/08\/Garrapata.jpg?fit=880%2C440&ssl=1&resize=700%2C400 2x"},"classes":[]},{"id":56125,"url":"https:\/\/lahoradelcampo.com.uy\/site\/uruguay-lanza-ofensiva-contra-la-garrapata-con-respaldo-cientifico-y-unidad-institucional\/","url_meta":{"origin":53360,"position":3},"title":"Uruguay lanza ofensiva contra la garrapata con respaldo cient\u00edfico y unidad institucional","author":"La Hora del Campo","date":"25 mayo, 2025","format":false,"excerpt":"\u201cLa garrapata est\u00e1 en el tapete\u201d. As\u00ed lo afirm\u00f3 el Dr. Marcelo Rodr\u00edguez, director de los Servicios Ganaderos del MGAP, durante la Jornada de Actualizaci\u00f3n realizada en la Facultad de Veterinaria, donde durante dos d\u00edas se debatieron estrategias para enfrentar un problema que ha cobrado nueva vigencia en el pa\u00eds.\u2026","rel":"","context":"En \u00abActualidad\u00bb","block_context":{"text":"Actualidad","link":"https:\/\/lahoradelcampo.com.uy\/site\/category\/actualidad\/"},"img":{"alt_text":"","src":"https:\/\/i0.wp.com\/lahoradelcampo.com.uy\/site\/wp-content\/uploads\/2025\/05\/Marcelo-Rodriguez-MGAP.jpg?fit=880%2C440&ssl=1&resize=350%2C200","width":350,"height":200,"srcset":"https:\/\/i0.wp.com\/lahoradelcampo.com.uy\/site\/wp-content\/uploads\/2025\/05\/Marcelo-Rodriguez-MGAP.jpg?fit=880%2C440&ssl=1&resize=350%2C200 1x, https:\/\/i0.wp.com\/lahoradelcampo.com.uy\/site\/wp-content\/uploads\/2025\/05\/Marcelo-Rodriguez-MGAP.jpg?fit=880%2C440&ssl=1&resize=525%2C300 1.5x, https:\/\/i0.wp.com\/lahoradelcampo.com.uy\/site\/wp-content\/uploads\/2025\/05\/Marcelo-Rodriguez-MGAP.jpg?fit=880%2C440&ssl=1&resize=700%2C400 2x"},"classes":[]},{"id":25404,"url":"https:\/\/lahoradelcampo.com.uy\/site\/mgap-habilito-beneficio-fiscal-para-inversiones-en-agua-para-productores-que-tributan-imeba\/","url_meta":{"origin":53360,"position":4},"title":"MGAP habilit\u00f3 beneficio fiscal para inversiones  en agua para productores que tributan IMEBA","author":"La Hora del Campo","date":"9 noviembre, 2020","format":false,"excerpt":"El Ministerio de Ganader\u00eda, Agricultura y Pesca (MGAP) busca facilitar la realizaci\u00f3n de inversiones en agua para los predios ganaderos d\u00f3nde se tributa por IMEBA, como impuesto definitivo, a trav\u00e9s de la Ley N\u00ba 18.747 reglamentada por el Decreto N\u00ba 294\/011. En base a este instrumento econ\u00f3mico el Estado promueve\u2026","rel":"","context":"En \u00abActualidad\u00bb","block_context":{"text":"Actualidad","link":"https:\/\/lahoradelcampo.com.uy\/site\/category\/actualidad\/"},"img":{"alt_text":"","src":"https:\/\/i0.wp.com\/lahoradelcampo.com.uy\/site\/wp-content\/uploads\/2020\/06\/riegouteweb.jpg?fit=880%2C440&ssl=1&resize=350%2C200","width":350,"height":200,"srcset":"https:\/\/i0.wp.com\/lahoradelcampo.com.uy\/site\/wp-content\/uploads\/2020\/06\/riegouteweb.jpg?fit=880%2C440&ssl=1&resize=350%2C200 1x, https:\/\/i0.wp.com\/lahoradelcampo.com.uy\/site\/wp-content\/uploads\/2020\/06\/riegouteweb.jpg?fit=880%2C440&ssl=1&resize=525%2C300 1.5x, https:\/\/i0.wp.com\/lahoradelcampo.com.uy\/site\/wp-content\/uploads\/2020\/06\/riegouteweb.jpg?fit=880%2C440&ssl=1&resize=700%2C400 2x"},"classes":[]},{"id":51229,"url":"https:\/\/lahoradelcampo.com.uy\/site\/se-analiza-autorizar-movimientos-con-garrapatas-muertas-y-declarar-zonas-libres\/","url_meta":{"origin":53360,"position":5},"title":"Se analiza autorizar movimientos con garrapatas muertas y declarar zonas libres","author":"La Hora del Campo","date":"15 junio, 2023","format":false,"excerpt":"El tema de la garrapata contin\u00faa siendo una preocupaci\u00f3n constante en el \u00e1mbito ganadero, principalmente cuando luego de las precipitaciones existi\u00f3 un fuerte repunte de la parasitosis, que ven\u00eda muy tranquila debido a la situaci\u00f3n de sequ\u00eda. El Dr. Diego de Freitas, Director de los Servicios Ganaderos del Ministerio de\u2026","rel":"","context":"En \u00abActualidad\u00bb","block_context":{"text":"Actualidad","link":"https:\/\/lahoradelcampo.com.uy\/site\/category\/actualidad\/"},"img":{"alt_text":"","src":"https:\/\/i0.wp.com\/lahoradelcampo.com.uy\/site\/wp-content\/uploads\/2023\/06\/Diegodefreitas.jpg?fit=880%2C440&ssl=1&resize=350%2C200","width":350,"height":200,"srcset":"https:\/\/i0.wp.com\/lahoradelcampo.com.uy\/site\/wp-content\/uploads\/2023\/06\/Diegodefreitas.jpg?fit=880%2C440&ssl=1&resize=350%2C200 1x, https:\/\/i0.wp.com\/lahoradelcampo.com.uy\/site\/wp-content\/uploads\/2023\/06\/Diegodefreitas.jpg?fit=880%2C440&ssl=1&resize=525%2C300 1.5x, https:\/\/i0.wp.com\/lahoradelcampo.com.uy\/site\/wp-content\/uploads\/2023\/06\/Diegodefreitas.jpg?fit=880%2C440&ssl=1&resize=700%2C400 2x"},"classes":[]}],"jetpack_likes_enabled":true,"_links":{"self":[{"href":"https:\/\/lahoradelcampo.com.uy\/site\/wp-json\/wp\/v2\/posts\/53360","targetHints":{"allow":["GET"]}}],"collection":[{"href":"https:\/\/lahoradelcampo.com.uy\/site\/wp-json\/wp\/v2\/posts"}],"about":[{"href":"https:\/\/lahoradelcampo.com.uy\/site\/wp-json\/wp\/v2\/types\/post"}],"author":[{"embeddable":true,"href":"https:\/\/lahoradelcampo.com.uy\/site\/wp-json\/wp\/v2\/users\/5"}],"replies":[{"embeddable":true,"href":"https:\/\/lahoradelcampo.com.uy\/site\/wp-json\/wp\/v2\/comments?post=53360"}],"version-history":[{"count":1,"href":"https:\/\/lahoradelcampo.com.uy\/site\/wp-json\/wp\/v2\/posts\/53360\/revisions"}],"predecessor-version":[{"id":53362,"href":"https:\/\/lahoradelcampo.com.uy\/site\/wp-json\/wp\/v2\/posts\/53360\/revisions\/53362"}],"wp:featuredmedia":[{"embeddable":true,"href":"https:\/\/lahoradelcampo.com.uy\/site\/wp-json\/wp\/v2\/media\/53361"}],"wp:attachment":[{"href":"https:\/\/lahoradelcampo.com.uy\/site\/wp-json\/wp\/v2\/media?parent=53360"}],"wp:term":[{"taxonomy":"category","embeddable":true,"href":"https:\/\/lahoradelcampo.com.uy\/site\/wp-json\/wp\/v2\/categories?post=53360"},{"taxonomy":"post_tag","embeddable":true,"href":"https:\/\/lahoradelcampo.com.uy\/site\/wp-json\/wp\/v2\/tags?post=53360"}],"curies":[{"name":"wp","href":"https:\/\/api.w.org\/{rel}","templated":true}]}}