{"id":53357,"date":"2024-01-11T15:58:40","date_gmt":"2024-01-11T18:58:40","guid":{"rendered":"http:\/\/lahoradelcampo.com.uy\/site\/?p=53357"},"modified":"2024-01-11T15:58:42","modified_gmt":"2024-01-11T18:58:42","slug":"los-problemas-del-ovino-estande-la-portera-hacia-afuera","status":"publish","type":"post","link":"https:\/\/lahoradelcampo.com.uy\/site\/los-problemas-del-ovino-estande-la-portera-hacia-afuera\/","title":{"rendered":"Los problemas del ovino est\u00e1nde la portera hacia afuera"},"content":{"rendered":"\n<figure class=\"wp-block-image size-full\"><a href=\"https:\/\/i0.wp.com\/lahoradelcampo.com.uy\/site\/wp-content\/uploads\/2024\/01\/GianniBianchi.jpg\"><img data-recalc-dims=\"1\" loading=\"lazy\" decoding=\"async\" width=\"810\" height=\"405\" data-attachment-id=\"53358\" data-permalink=\"https:\/\/lahoradelcampo.com.uy\/site\/los-problemas-del-ovino-estande-la-portera-hacia-afuera\/giannibianchi\/\" data-orig-file=\"https:\/\/i0.wp.com\/lahoradelcampo.com.uy\/site\/wp-content\/uploads\/2024\/01\/GianniBianchi.jpg?fit=880%2C440&amp;ssl=1\" data-orig-size=\"880,440\" data-comments-opened=\"1\" data-image-meta=\"{&quot;aperture&quot;:&quot;0&quot;,&quot;credit&quot;:&quot;&quot;,&quot;camera&quot;:&quot;&quot;,&quot;caption&quot;:&quot;&quot;,&quot;created_timestamp&quot;:&quot;0&quot;,&quot;copyright&quot;:&quot;&quot;,&quot;focal_length&quot;:&quot;0&quot;,&quot;iso&quot;:&quot;0&quot;,&quot;shutter_speed&quot;:&quot;0&quot;,&quot;title&quot;:&quot;&quot;,&quot;orientation&quot;:&quot;1&quot;}\" data-image-title=\"GianniBianchi\" data-image-description=\"\" data-image-caption=\"\" data-large-file=\"https:\/\/i0.wp.com\/lahoradelcampo.com.uy\/site\/wp-content\/uploads\/2024\/01\/GianniBianchi.jpg?fit=810%2C405&amp;ssl=1\" src=\"https:\/\/i0.wp.com\/lahoradelcampo.com.uy\/site\/wp-content\/uploads\/2024\/01\/GianniBianchi.jpg?resize=810%2C405\" alt=\"\" class=\"wp-image-53358\" srcset=\"https:\/\/i0.wp.com\/lahoradelcampo.com.uy\/site\/wp-content\/uploads\/2024\/01\/GianniBianchi.jpg?w=880&amp;ssl=1 880w, https:\/\/i0.wp.com\/lahoradelcampo.com.uy\/site\/wp-content\/uploads\/2024\/01\/GianniBianchi.jpg?resize=300%2C150&amp;ssl=1 300w, https:\/\/i0.wp.com\/lahoradelcampo.com.uy\/site\/wp-content\/uploads\/2024\/01\/GianniBianchi.jpg?resize=768%2C384&amp;ssl=1 768w, https:\/\/i0.wp.com\/lahoradelcampo.com.uy\/site\/wp-content\/uploads\/2024\/01\/GianniBianchi.jpg?resize=820%2C410&amp;ssl=1 820w\" sizes=\"auto, (max-width: 810px) 100vw, 810px\" \/><\/a><\/figure>\n\n\n\n<p>La producci\u00f3n ovina est\u00e1 algunas se\u00f1ales que son claras y otras que no tanto. Por el lado de las lanas, pr\u00e1cticamente ha dejado de ser un tema de discusi\u00f3n el afinar la fibra o migrar hacia un sistema de producci\u00f3n de lanas finas, porque m\u00e1s all\u00e1 de las variabilidades de precios que se pueden verificar en el mercado, este tipo de finuras tienen una demanda m\u00e1s fluida.<\/p>\n\n\n\n<p>La situaci\u00f3n es m\u00e1s compleja cuando se analiza el rubro desde el punto de vista c\u00e1rnico. \u00abCreo que porteras hacia adentro los productores deber\u00edan solucionar varios problemas\u00bb dijo el Ing. Agr. Gianni Bianchi, ex catedr\u00e1tico de la Universidad de la Rep\u00fablica y actualmente asesor de varios productores, sin embargo, advirti\u00f3 que la principal problem\u00e1tica est\u00e1 portera afuera donde \u00abno hay una se\u00f1al clara de la industria, que claramente es vaquera y la oveja entra cuando no hay ganado, salvo honrosas excepciones\u00bb.<\/p>\n\n\n\n<p>Bianchi reconoci\u00f3 que \u00abcomo pa\u00eds tenemos restricciones de tipo arancelario. No le podemos exportar a pa\u00edses que quisi\u00e9ramos exportar y tenemos restricciones tambi\u00e9n de tipo sanitario\u00bb pero entiende que la falta de se\u00f1ales claras, el ingreso del ovino cuando falta el vacuno y el l\u00edmite en el peso de las carcasas, \u00abes como poner un freno de mano\u00bb a la producci\u00f3n. \u00abs\u00ed ten\u00e9s corderos que perfectamente se van a 18, 20, 22 kilos, 24 kilos de carne y eso la mayor\u00eda de las veces no lo quieren y si ten\u00e9s oveja de descarte y no ten\u00e9s consumo de carne y quieres venderla, es un drama\u00bb.<\/p>\n\n\n\n<p>El t\u00e9cnico record\u00f3 que el precio del cordero este a\u00f1o cerr\u00f3 en un piso hist\u00f3rico. \u00abCerramos el a\u00f1o con un precio del cordero a 2,85 d\u00f3lares. Yo no recuerdo un precio tan bajo del cordero pesado. Del 96 para ac\u00e1, un promedio de muchos a\u00f1os andaban US$ 3,60 si mal no recuerdo. O sea que estamos 25% abajo de ese precio. Entonces es complicado\u00bb.<\/p>\n\n\n\n<p>Bianchi remarc\u00f3 que la se\u00f1al m\u00e1s importante para el ovejero es el precio que recibe por su producci\u00f3n. En este sentido dio como ejemplo la producci\u00f3n de lanas finas. \u00ab\u00bfPor qu\u00e9 alguien decide adoptar el paquete tecnol\u00f3gico de afinar? Compra carneros mejoradores con negativos en el di\u00e1metro de la fibra, hace esquila preparto, certifica la lana, hace acondicionamiento, etc\u00e9tera. \u00bfPor qu\u00e9 hace todo eso? Lo hace porque m\u00e1s all\u00e1 de la volatilidad del mercado en general por la lana fina, al final obtiene un diferencial de precio importante\u00bb.<\/p>\n\n\n\n<p>En este sentido record\u00f3 que estos sistemas productivos, ubicados en su gran mayor\u00eda en el norte del pa\u00eds, se encuentran sobre suelos superficiales donde tienen muy poca competencia, sin embargo en el resto del pa\u00eds tiene que competir con otros rubros y \u00abm\u00e1s all\u00e1 de que sea un animal muy noble, que tenga una sinergia importante con la agricultura, que tenga un techo productivo muy alto, si a la hora de comercializar el producto resulta que te va mejor en la agricultura, te va mejor con la forestaci\u00f3n, mejor con la lecher\u00eda, mejor en la carne vacuna y bueno, la gente opta por algo m\u00e1s rentable\u00bb.<\/p>\n\n\n\n<p>Si bien existen varias razas en el pa\u00eds que permitir\u00edan un avance r\u00e1pido de la producci\u00f3n ante se\u00f1ales claras del mercado, el Ing. Gianni Bianchi dijo que \u00absi uno ve los indicadores nacionales y la respuesta es que no estamos preparados. Pero yo creo que esos indicadores se pueden mover. Hay un paquete tecnol\u00f3gico disponible para adoptarse y si se dan se\u00f1ales claras r\u00e1pidamente\u00bb.<\/p>\n\n\n\n<p>En el caso de la producci\u00f3n de carne ovina, tambi\u00e9n la lana es una limitante desde el punto de vista de los productores, que en las razas carniceras tienen micronajes altos y eso determina un bajo valor por las mismas, pero adem\u00e1s dificultad en la colocaci\u00f3n. Al respecto, Bianchi record\u00f3 que, con el incremento de la se\u00f1alada de corderos, r\u00e1pidamente se cubre esta problem\u00e1tica.<\/p>\n\n\n\n<p>\u00abLa esquila anda en dos d\u00f3lares, dos d\u00f3lares y medio por oveja y en el mejor de los casos la vendes a 0,50 centavos, por lo que si ten\u00e9s cuatro kilos de lana por oveja, a 0,50, pr\u00e1cticamente est\u00e1s pagando los costos de esquila\u00bb se\u00f1al\u00f3 el profesional, qui\u00e9n dijo que al no cubrirse ese costo \u00abla cuenta tiene que ser, cuantos corderos extra, es decir \u00bfcu\u00e1nto m\u00e1s eficiente tengo que ser en la producci\u00f3n de carne para matar el costo?\u00bb.<\/p>\n\n\n\n<p>La respuesta a dicha interrogante, seg\u00fan explic\u00f3 Bianchi, es que cuando \u00abten\u00e9s razas que pueden se\u00f1alar 1.3, 1.4, 1.5 corderos por oveja. Hay una cuenta que es bien sencilla, si estamos con una esquila de d\u00f3lares y medio por oveja, si vos ten\u00e9s cien ovejas son 250 d\u00f3lares para cubrir. A\u00fan con el precio de s\u00f3tano que tenemos hoy para el kilo de cordero pesado a 2,85 d\u00f3lares, con 6 corderos m\u00e1s que produzcamos por cada 100 ovejas, estamos matando los costos de esquila\u00bb.<\/p>\n\n\n\n<p>El profesional reconoci\u00f3 que \u00abesto no es lo ideal\u00bb, pero remarc\u00f3 que muchas veces \u00abla soluci\u00f3n est\u00e1 en la estancia. Si vos mejoras los indicadores reproductivos r\u00e1pidamente estar\u00edas matando ese costo\u00bb.<\/p>\n\n\n\n<p>Salto, 11 de enero de 2024<\/p>\n","protected":false},"excerpt":{"rendered":"<p>La producci\u00f3n ovina est\u00e1 algunas se\u00f1ales que son claras y otras que no tanto. Por el lado de las lanas, pr\u00e1cticamente ha dejado de ser un tema de discusi\u00f3n el [&hellip;]<\/p>\n","protected":false},"author":5,"featured_media":53358,"comment_status":"open","ping_status":"open","sticky":false,"template":"","format":"standard","meta":{"_price":"","_stock":"","_tribe_ticket_header":"","_tribe_default_ticket_provider":"","_tribe_ticket_capacity":"0","_ticket_start_date":"","_ticket_end_date":"","_tribe_ticket_show_description":"","_tribe_ticket_show_not_going":false,"_tribe_ticket_use_global_stock":"","_tribe_ticket_global_stock_level":"","_global_stock_mode":"","_global_stock_cap":"","_tribe_rsvp_for_event":"","_tribe_ticket_going_count":"","_tribe_ticket_not_going_count":"","_tribe_tickets_list":"[]","_tribe_ticket_has_attendee_info_fields":false,"h5ap_radio_sources":[],"_jetpack_newsletter_access":"","_jetpack_dont_email_post_to_subs":false,"_jetpack_newsletter_tier_id":0,"_jetpack_memberships_contains_paywalled_content":false,"_jetpack_memberships_contains_paid_content":false,"footnotes":""},"categories":[21,13],"tags":[],"class_list":["post-53357","post","type-post","status-publish","format-standard","has-post-thumbnail","hentry","category-actualidad","category-ovinos"],"jetpack_featured_media_url":"https:\/\/i0.wp.com\/lahoradelcampo.com.uy\/site\/wp-content\/uploads\/2024\/01\/GianniBianchi.jpg?fit=880%2C440&ssl=1","jetpack_sharing_enabled":true,"jetpack_shortlink":"https:\/\/wp.me\/p99IaT-dSB","jetpack-related-posts":[{"id":28846,"url":"https:\/\/lahoradelcampo.com.uy\/site\/trifoglio-hace-15-o-20-anos-presentamos-en-el-sul-con-cardellino-el-proyecto-h27\/","url_meta":{"origin":53357,"position":0},"title":"Trifoglio: Hace 15 o 20 a\u00f1os presentamos en el SUL, con Cardellino, el proyecto \u00abH27\u00bb","author":"La Hora del Campo","date":"26 marzo, 2021","format":false,"excerpt":"El pasado lunes publicamos en web de La Hora del Campo, la noticia \"En 22 a\u00f1os el merino pas\u00f3 a producir 7,5 millones de kilos por debajo de las 22,5 micras\", donde se present\u00f3 un resumen del informe elaborado por el Ing. Agr. Roberto Cardellino, de Delta Consultores, que claramente\u2026","rel":"","context":"En \u00abActualidad\u00bb","block_context":{"text":"Actualidad","link":"https:\/\/lahoradelcampo.com.uy\/site\/category\/actualidad\/"},"img":{"alt_text":"","src":"https:\/\/i0.wp.com\/lahoradelcampo.com.uy\/site\/wp-content\/uploads\/2019\/05\/Trifoglio.jpg?fit=880%2C440&ssl=1&resize=350%2C200","width":350,"height":200,"srcset":"https:\/\/i0.wp.com\/lahoradelcampo.com.uy\/site\/wp-content\/uploads\/2019\/05\/Trifoglio.jpg?fit=880%2C440&ssl=1&resize=350%2C200 1x, https:\/\/i0.wp.com\/lahoradelcampo.com.uy\/site\/wp-content\/uploads\/2019\/05\/Trifoglio.jpg?fit=880%2C440&ssl=1&resize=525%2C300 1.5x, https:\/\/i0.wp.com\/lahoradelcampo.com.uy\/site\/wp-content\/uploads\/2019\/05\/Trifoglio.jpg?fit=880%2C440&ssl=1&resize=700%2C400 2x"},"classes":[]},{"id":29020,"url":"https:\/\/lahoradelcampo.com.uy\/site\/en-el-futuro-las-lanas-finas-tienen-espacio-para-seguir-disminuyendo-el-diametro-y-las-lanas-medias\/","url_meta":{"origin":53357,"position":1},"title":"En el futuro \u00ablas lanas finas tienen espacio para seguir disminuyendo el di\u00e1metro\u00bb \u00bfy las lanas medias?","author":"La Hora del Campo","date":"5 abril, 2021","format":false,"excerpt":"En un momento donde se ha analizado el avance que tuvieron las lanas finas en su colocaci\u00f3n a nivel internacional, dada la disminuci\u00f3n de su micronaje, y las dificultades que se observan para la venta de las lanas de 28 micras y m\u00e1s gruesas, en un di\u00e1logo mantenido con el\u2026","rel":"","context":"En \u00abActualidad\u00bb","block_context":{"text":"Actualidad","link":"https:\/\/lahoradelcampo.com.uy\/site\/category\/actualidad\/"},"img":{"alt_text":"","src":"https:\/\/i0.wp.com\/lahoradelcampo.com.uy\/site\/wp-content\/uploads\/2019\/08\/Roberto-Cardellino.jpg?fit=880%2C440&ssl=1&resize=350%2C200","width":350,"height":200,"srcset":"https:\/\/i0.wp.com\/lahoradelcampo.com.uy\/site\/wp-content\/uploads\/2019\/08\/Roberto-Cardellino.jpg?fit=880%2C440&ssl=1&resize=350%2C200 1x, https:\/\/i0.wp.com\/lahoradelcampo.com.uy\/site\/wp-content\/uploads\/2019\/08\/Roberto-Cardellino.jpg?fit=880%2C440&ssl=1&resize=525%2C300 1.5x, https:\/\/i0.wp.com\/lahoradelcampo.com.uy\/site\/wp-content\/uploads\/2019\/08\/Roberto-Cardellino.jpg?fit=880%2C440&ssl=1&resize=700%2C400 2x"},"classes":[]},{"id":14615,"url":"https:\/\/lahoradelcampo.com.uy\/site\/la-produccion-australiana-continuara-cayendo\/","url_meta":{"origin":53357,"position":2},"title":"La producci\u00f3n australiana continuar\u00e1 cayendo","author":"La Hora del Campo","date":"30 septiembre, 2019","format":false,"excerpt":"La producci\u00f3n y las exportaciones de lana en Australia disminuyeron en la pasada zafra 2018-19 y seg\u00fan las estimaciones de ABARES continuar\u00e1n descendiendo en la presente. Las condiciones de sequ\u00eda continuas en la mayor\u00eda de las regiones productoras de lana han reducido el n\u00famero de ovejas esquiladas a nivel nacional\u2026","rel":"","context":"En \u00abActualidad\u00bb","block_context":{"text":"Actualidad","link":"https:\/\/lahoradelcampo.com.uy\/site\/category\/actualidad\/"},"img":{"alt_text":"","src":"https:\/\/i0.wp.com\/lahoradelcampo.com.uy\/site\/wp-content\/uploads\/2018\/03\/lana.jpg?fit=880%2C440&ssl=1&resize=350%2C200","width":350,"height":200,"srcset":"https:\/\/i0.wp.com\/lahoradelcampo.com.uy\/site\/wp-content\/uploads\/2018\/03\/lana.jpg?fit=880%2C440&ssl=1&resize=350%2C200 1x, https:\/\/i0.wp.com\/lahoradelcampo.com.uy\/site\/wp-content\/uploads\/2018\/03\/lana.jpg?fit=880%2C440&ssl=1&resize=525%2C300 1.5x, https:\/\/i0.wp.com\/lahoradelcampo.com.uy\/site\/wp-content\/uploads\/2018\/03\/lana.jpg?fit=880%2C440&ssl=1&resize=700%2C400 2x"},"classes":[]},{"id":36763,"url":"https:\/\/lahoradelcampo.com.uy\/site\/hay-dificultad-para-colocar-las-lanas-de-zafras-anteriores-sin-certificacion\/","url_meta":{"origin":53357,"position":3},"title":"Hay dificultad para colocar las lanas de zafras anteriores sin certificaci\u00f3n","author":"La Hora del Campo","date":"19 noviembre, 2021","format":false,"excerpt":"En las \u00faltimas semanas se ha marcado una importante corrida por lanas finas con certificaciones, pero al mismo tiempo, productores que tienen zafras de a\u00f1os anteriores, sin certificaci\u00f3n se est\u00e1n encontrando con problemas para colocar sus lanas, ya que la diferencia entre lotes es de un d\u00f3lar o superior en\u2026","rel":"","context":"En \u00abActualidad\u00bb","block_context":{"text":"Actualidad","link":"https:\/\/lahoradelcampo.com.uy\/site\/category\/actualidad\/"},"img":{"alt_text":"","src":"https:\/\/i0.wp.com\/lahoradelcampo.com.uy\/site\/wp-content\/uploads\/2021\/05\/Juliogaudin.jpg?fit=880%2C440&ssl=1&resize=350%2C200","width":350,"height":200,"srcset":"https:\/\/i0.wp.com\/lahoradelcampo.com.uy\/site\/wp-content\/uploads\/2021\/05\/Juliogaudin.jpg?fit=880%2C440&ssl=1&resize=350%2C200 1x, https:\/\/i0.wp.com\/lahoradelcampo.com.uy\/site\/wp-content\/uploads\/2021\/05\/Juliogaudin.jpg?fit=880%2C440&ssl=1&resize=525%2C300 1.5x, https:\/\/i0.wp.com\/lahoradelcampo.com.uy\/site\/wp-content\/uploads\/2021\/05\/Juliogaudin.jpg?fit=880%2C440&ssl=1&resize=700%2C400 2x"},"classes":[]},{"id":28904,"url":"https:\/\/lahoradelcampo.com.uy\/site\/en-el-camino-del-medio-nos-repartimos-la-cancha-entre-las-instituciones-en-comun-acuerdo-con-los-productores\/","url_meta":{"origin":53357,"position":4},"title":"\u00abEn el camino del medio nos repartimos la cancha entre las instituciones. En com\u00fan acuerdo con los productores\u00bb","author":"La Hora del Campo","date":"29 marzo, 2021","format":false,"excerpt":"El Ing. Agr. Fabio Montossi, qui\u00e9n acompa\u00f1o desde INIA gran parte de este proceso de afinamiento de las lanas, dijo que para lograr cumplir con los objetivos que se plantearon desde el principio, \"lo m\u00e1s importante en ese proceso es que fue de com\u00fan acuerdo con los productores\". En este\u2026","rel":"","context":"En \u00abActualidad\u00bb","block_context":{"text":"Actualidad","link":"https:\/\/lahoradelcampo.com.uy\/site\/category\/actualidad\/"},"img":{"alt_text":"","src":"https:\/\/i0.wp.com\/lahoradelcampo.com.uy\/site\/wp-content\/uploads\/2017\/09\/Fabio-Montossi.jpg?fit=880%2C440&ssl=1&resize=350%2C200","width":350,"height":200,"srcset":"https:\/\/i0.wp.com\/lahoradelcampo.com.uy\/site\/wp-content\/uploads\/2017\/09\/Fabio-Montossi.jpg?fit=880%2C440&ssl=1&resize=350%2C200 1x, https:\/\/i0.wp.com\/lahoradelcampo.com.uy\/site\/wp-content\/uploads\/2017\/09\/Fabio-Montossi.jpg?fit=880%2C440&ssl=1&resize=525%2C300 1.5x, https:\/\/i0.wp.com\/lahoradelcampo.com.uy\/site\/wp-content\/uploads\/2017\/09\/Fabio-Montossi.jpg?fit=880%2C440&ssl=1&resize=700%2C400 2x"},"classes":[]},{"id":56011,"url":"https:\/\/lahoradelcampo.com.uy\/site\/la-raza-realmente-de-doble-proposito-es-el-merino-eso-esta-claro\/","url_meta":{"origin":53357,"position":5},"title":"\u00abLa raza realmente de doble prop\u00f3sito es el Merino, eso est\u00e1 claro\u00bb","author":"La Hora del Campo","date":"28 abril, 2025","format":false,"excerpt":"Douglas Cortela, productor ovejero y principal de la caba\u00f1a de Merino Australiano \"Santa Catalina\", destac\u00f3 su visi\u00f3n del merino como una raza de doble prop\u00f3sito, donde la producci\u00f3n de carne complementa una lana que, si bien no alcanza los precios de anta\u00f1o, sigue siendo de calidad y tiene mejores valores\u2026","rel":"","context":"En \u00abActualidad\u00bb","block_context":{"text":"Actualidad","link":"https:\/\/lahoradelcampo.com.uy\/site\/category\/actualidad\/"},"img":{"alt_text":"","src":"https:\/\/i0.wp.com\/lahoradelcampo.com.uy\/site\/wp-content\/uploads\/2025\/04\/DouglasCortela.jpg?fit=880%2C440&ssl=1&resize=350%2C200","width":350,"height":200,"srcset":"https:\/\/i0.wp.com\/lahoradelcampo.com.uy\/site\/wp-content\/uploads\/2025\/04\/DouglasCortela.jpg?fit=880%2C440&ssl=1&resize=350%2C200 1x, https:\/\/i0.wp.com\/lahoradelcampo.com.uy\/site\/wp-content\/uploads\/2025\/04\/DouglasCortela.jpg?fit=880%2C440&ssl=1&resize=525%2C300 1.5x, https:\/\/i0.wp.com\/lahoradelcampo.com.uy\/site\/wp-content\/uploads\/2025\/04\/DouglasCortela.jpg?fit=880%2C440&ssl=1&resize=700%2C400 2x"},"classes":[]}],"jetpack_likes_enabled":true,"_links":{"self":[{"href":"https:\/\/lahoradelcampo.com.uy\/site\/wp-json\/wp\/v2\/posts\/53357","targetHints":{"allow":["GET"]}}],"collection":[{"href":"https:\/\/lahoradelcampo.com.uy\/site\/wp-json\/wp\/v2\/posts"}],"about":[{"href":"https:\/\/lahoradelcampo.com.uy\/site\/wp-json\/wp\/v2\/types\/post"}],"author":[{"embeddable":true,"href":"https:\/\/lahoradelcampo.com.uy\/site\/wp-json\/wp\/v2\/users\/5"}],"replies":[{"embeddable":true,"href":"https:\/\/lahoradelcampo.com.uy\/site\/wp-json\/wp\/v2\/comments?post=53357"}],"version-history":[{"count":1,"href":"https:\/\/lahoradelcampo.com.uy\/site\/wp-json\/wp\/v2\/posts\/53357\/revisions"}],"predecessor-version":[{"id":53359,"href":"https:\/\/lahoradelcampo.com.uy\/site\/wp-json\/wp\/v2\/posts\/53357\/revisions\/53359"}],"wp:featuredmedia":[{"embeddable":true,"href":"https:\/\/lahoradelcampo.com.uy\/site\/wp-json\/wp\/v2\/media\/53358"}],"wp:attachment":[{"href":"https:\/\/lahoradelcampo.com.uy\/site\/wp-json\/wp\/v2\/media?parent=53357"}],"wp:term":[{"taxonomy":"category","embeddable":true,"href":"https:\/\/lahoradelcampo.com.uy\/site\/wp-json\/wp\/v2\/categories?post=53357"},{"taxonomy":"post_tag","embeddable":true,"href":"https:\/\/lahoradelcampo.com.uy\/site\/wp-json\/wp\/v2\/tags?post=53357"}],"curies":[{"name":"wp","href":"https:\/\/api.w.org\/{rel}","templated":true}]}}