{"id":53351,"date":"2024-01-11T15:53:07","date_gmt":"2024-01-11T18:53:07","guid":{"rendered":"http:\/\/lahoradelcampo.com.uy\/site\/?p=53351"},"modified":"2024-01-11T16:10:17","modified_gmt":"2024-01-11T19:10:17","slug":"a-fines-de-febrero-se-definen-los-costos-industriales-de-la-zafra-arrocera-22-23","status":"publish","type":"post","link":"https:\/\/lahoradelcampo.com.uy\/site\/a-fines-de-febrero-se-definen-los-costos-industriales-de-la-zafra-arrocera-22-23\/","title":{"rendered":"En marzo se define el precio final de la zafra arrocera 22-23"},"content":{"rendered":"\n<figure class=\"wp-block-image size-full\"><a href=\"https:\/\/i0.wp.com\/lahoradelcampo.com.uy\/site\/wp-content\/uploads\/2024\/01\/Alfredo-Lago-ACA.jpg\"><img data-recalc-dims=\"1\" loading=\"lazy\" decoding=\"async\" width=\"810\" height=\"405\" data-attachment-id=\"53352\" data-permalink=\"https:\/\/lahoradelcampo.com.uy\/site\/a-fines-de-febrero-se-definen-los-costos-industriales-de-la-zafra-arrocera-22-23\/alfredo-lago-aca-2\/\" data-orig-file=\"https:\/\/i0.wp.com\/lahoradelcampo.com.uy\/site\/wp-content\/uploads\/2024\/01\/Alfredo-Lago-ACA.jpg?fit=880%2C440&amp;ssl=1\" data-orig-size=\"880,440\" data-comments-opened=\"1\" data-image-meta=\"{&quot;aperture&quot;:&quot;0&quot;,&quot;credit&quot;:&quot;&quot;,&quot;camera&quot;:&quot;&quot;,&quot;caption&quot;:&quot;&quot;,&quot;created_timestamp&quot;:&quot;0&quot;,&quot;copyright&quot;:&quot;&quot;,&quot;focal_length&quot;:&quot;0&quot;,&quot;iso&quot;:&quot;0&quot;,&quot;shutter_speed&quot;:&quot;0&quot;,&quot;title&quot;:&quot;&quot;,&quot;orientation&quot;:&quot;1&quot;}\" data-image-title=\"Alfredo-Lago-ACA\" data-image-description=\"\" data-image-caption=\"\" data-large-file=\"https:\/\/i0.wp.com\/lahoradelcampo.com.uy\/site\/wp-content\/uploads\/2024\/01\/Alfredo-Lago-ACA.jpg?fit=810%2C405&amp;ssl=1\" src=\"https:\/\/i0.wp.com\/lahoradelcampo.com.uy\/site\/wp-content\/uploads\/2024\/01\/Alfredo-Lago-ACA.jpg?resize=810%2C405\" alt=\"\" class=\"wp-image-53352\" srcset=\"https:\/\/i0.wp.com\/lahoradelcampo.com.uy\/site\/wp-content\/uploads\/2024\/01\/Alfredo-Lago-ACA.jpg?w=880&amp;ssl=1 880w, https:\/\/i0.wp.com\/lahoradelcampo.com.uy\/site\/wp-content\/uploads\/2024\/01\/Alfredo-Lago-ACA.jpg?resize=300%2C150&amp;ssl=1 300w, https:\/\/i0.wp.com\/lahoradelcampo.com.uy\/site\/wp-content\/uploads\/2024\/01\/Alfredo-Lago-ACA.jpg?resize=768%2C384&amp;ssl=1 768w, https:\/\/i0.wp.com\/lahoradelcampo.com.uy\/site\/wp-content\/uploads\/2024\/01\/Alfredo-Lago-ACA.jpg?resize=820%2C410&amp;ssl=1 820w\" sizes=\"auto, (max-width: 810px) 100vw, 810px\" \/><\/a><\/figure>\n\n\n\n<p>La zafra arrocera 2023-2024 comenz\u00f3 con la siembra de 150.000 hect\u00e1reas (aproximadamente), las cuales se ubican levemente por debajo de las expectativas de los productores, debido a la llegada tard\u00eda de las lluvias que permitieron recomponer las represas. Sin embargo, lo que se sembr\u00f3 se lo hizo en la venta optima de siembra y si bien el a\u00f1o ni\u00f1o tiene menos d\u00edas de radiaci\u00f3n solar, los cultivos en general vienen con un buen desarrollo.<\/p>\n\n\n\n<p>A pesar del desarrollo del cultivo esta zafra, las grandes expectativas est\u00e1n centradas en el precio final de la zafra 2022-2023, que arranc\u00f3 con un precio provisorio hist\u00f3rico. Recordemos que el precio acordado por los molinos y los productores alcanz\u00f3 los US$ 13,50 en el provisorio, por lo que en marzo se definir\u00e1 el precio final, que est\u00e1 previsto supere ampliamente ese valor.<\/p>\n\n\n\n<p>A finales de octubre y mediados de noviembre, era un rumor fuerte entre los productores arroceros de US$ 15 o US$ 16 por bolsa para el precio final de la pasada zafra, expectativas que se vieron reforzadas por el anuncio de que se hab\u00eda comercializado todo el arroz de 2022-2023 por parte de los molinos. Posteriormente las referencias del CEPEA (Centro de Estudios Avanzados en Econom\u00eda Aplicada de la Universidad de San Pablo), continuaron su tendencia alcista y en estos primeros d\u00edas del 2024 marcan una referencia de US$ 26 por bolsa de 50 kilos de arroz c\u00e1scara con 58% de granos enteros.<\/p>\n\n\n\n<p>A pesar de que las expectativas son de una mejora importante en el precio final, desde la Asociaci\u00f3n de Cultivadores de Arroz (ACA) se observa con cautela el ajuste de valores que se tendr\u00e1 en el mes de marzo. \u00abSeguramente all\u00ed se va a ver reflejado parte de lo que ha sido esta mejor\u00eda de precios\u00bb dijo Alfredo Lago, el presidente de la gremial, qui\u00e9n adem\u00e1s advirti\u00f3 que \u00ablos datos brasile\u00f1os hay que tomarlos este con cierta calma, porque son valores que hoy est\u00e1n siendo muy nominales, porque pr\u00e1cticamente que no hay arroz para poder ofertar\u00bb.<\/p>\n\n\n\n<p>Con respecto a las expectativas de superar los US$ 15 por bolsa, Lago record\u00f3 que \u00abhay que tener en cuenta que en el primer semestre del 2023 no estaban operando estos niveles de precios, y que Uruguay hace promedio en general y que aplica a todos los productores\u00bb. Lago adem\u00e1s se\u00f1al\u00f3 que el sector tiene un \u00abmayor costo en la etapa industrial aqu\u00ed, hay parte de ese precio que obviamente se queda en esa instancia de la cadena, lo que podr\u00eda hacer un mejor ingreso al productor, pero son parte de las cosas que tenemos que todav\u00eda ajustar en nuestro pa\u00eds y que no se han visto reflejado por el atraso cambiario que pega en todas estas cosas\u00bb.<\/p>\n\n\n\n<p>El presidente de los arroceros dijo \u00absomos optimistas\u00bb, tanto para la mejora del precio del arroz de la zafra pasada como para \u00abla campa\u00f1a que est\u00e1 en marcha ahora, o sea el arroz que cosechemos el oto\u00f1o que viene\u00bb. En este sentido, dijo que el precio de la zafra que est\u00e1 sembrada \u00abseguramente va a estar impactado en su magnitud por estos valores que est\u00e1 teniendo la regi\u00f3n en primer lugar\u00bb, pero dijo que \u00ablos precios de Brasil obviamente que est\u00e1n inclusive mucho m\u00e1s inflados que el resto del mundo\u00bb.<\/p>\n\n\n\n<p>Salto, 11 de enero de 2024<\/p>\n","protected":false},"excerpt":{"rendered":"<p>La zafra arrocera 2023-2024 comenz\u00f3 con la siembra de 150.000 hect\u00e1reas (aproximadamente), las cuales se ubican levemente por debajo de las expectativas de los productores, debido a la llegada tard\u00eda [&hellip;]<\/p>\n","protected":false},"author":5,"featured_media":53352,"comment_status":"open","ping_status":"open","sticky":false,"template":"","format":"standard","meta":{"_price":"","_stock":"","_tribe_ticket_header":"","_tribe_default_ticket_provider":"","_tribe_ticket_capacity":"0","_ticket_start_date":"","_ticket_end_date":"","_tribe_ticket_show_description":"","_tribe_ticket_show_not_going":false,"_tribe_ticket_use_global_stock":"","_tribe_ticket_global_stock_level":"","_global_stock_mode":"","_global_stock_cap":"","_tribe_rsvp_for_event":"","_tribe_ticket_going_count":"","_tribe_ticket_not_going_count":"","_tribe_tickets_list":"[]","_tribe_ticket_has_attendee_info_fields":false,"h5ap_radio_sources":[],"_jetpack_newsletter_access":"","_jetpack_dont_email_post_to_subs":false,"_jetpack_newsletter_tier_id":0,"_jetpack_memberships_contains_paywalled_content":false,"_jetpack_memberships_contains_paid_content":false,"footnotes":""},"categories":[21,7],"tags":[],"class_list":["post-53351","post","type-post","status-publish","format-standard","has-post-thumbnail","hentry","category-actualidad","category-agricultura"],"jetpack_featured_media_url":"https:\/\/i0.wp.com\/lahoradelcampo.com.uy\/site\/wp-content\/uploads\/2024\/01\/Alfredo-Lago-ACA.jpg?fit=880%2C440&ssl=1","jetpack_sharing_enabled":true,"jetpack_shortlink":"https:\/\/wp.me\/p99IaT-dSv","jetpack-related-posts":[{"id":16012,"url":"https:\/\/lahoradelcampo.com.uy\/site\/area-arrocera-cayo-un-9-segun-aca\/","url_meta":{"origin":53351,"position":0},"title":"\u00c1rea arrocera cay\u00f3 un 9% seg\u00fan ACA","author":"La Hora del Campo","date":"24 noviembre, 2019","format":false,"excerpt":"La intenci\u00f3n de \u00e1rea de siembra arrocera es de 135.000 hect\u00e1reas, 9 % menos que la zafra anterior, inform\u00f3 ACA luego del \u00faltimo relevamiento realizado esta semana. As\u00ed mismo el presidente de los arroceros Alfredo Lago se\u00f1al\u00f3 que en los \u00faltimos meses \u201cse alinearon todas las condiciones desfavorables para el\u2026","rel":"","context":"En \u00abActualidad\u00bb","block_context":{"text":"Actualidad","link":"https:\/\/lahoradelcampo.com.uy\/site\/category\/actualidad\/"},"img":{"alt_text":"","src":"https:\/\/i0.wp.com\/lahoradelcampo.com.uy\/site\/wp-content\/uploads\/2017\/11\/Arroceros.jpg?fit=880%2C440&ssl=1&resize=350%2C200","width":350,"height":200,"srcset":"https:\/\/i0.wp.com\/lahoradelcampo.com.uy\/site\/wp-content\/uploads\/2017\/11\/Arroceros.jpg?fit=880%2C440&ssl=1&resize=350%2C200 1x, https:\/\/i0.wp.com\/lahoradelcampo.com.uy\/site\/wp-content\/uploads\/2017\/11\/Arroceros.jpg?fit=880%2C440&ssl=1&resize=525%2C300 1.5x, https:\/\/i0.wp.com\/lahoradelcampo.com.uy\/site\/wp-content\/uploads\/2017\/11\/Arroceros.jpg?fit=880%2C440&ssl=1&resize=700%2C400 2x"},"classes":[]},{"id":51017,"url":"https:\/\/lahoradelcampo.com.uy\/site\/la-zafra-arrocera-2022-2023-alcanza-un-record-en-productividad\/","url_meta":{"origin":53351,"position":1},"title":"La zafra arrocera 2022-2023 alcanza un r\u00e9cord en productividad","author":"La Hora del Campo","date":"2 junio, 2023","format":false,"excerpt":"La sede del Instituto Nacional de Investigaci\u00f3n Agropecuaria (INIA) en Treinta y Tres fue el escenario para el desarrollo del 19\u00b0 Taller de Evaluaci\u00f3n de zafra y an\u00e1lisis tecnol\u00f3gico de arroz 22\/23, en el cual se presentaron los datos relacionados con la cosecha de arroz en el per\u00edodo mencionado. Uno\u2026","rel":"","context":"En \u00abActualidad\u00bb","block_context":{"text":"Actualidad","link":"https:\/\/lahoradelcampo.com.uy\/site\/category\/actualidad\/"},"img":{"alt_text":"","src":"https:\/\/i0.wp.com\/lahoradelcampo.com.uy\/site\/wp-content\/uploads\/2023\/06\/aca-zafra-arrocera.jpg?fit=880%2C440&ssl=1&resize=350%2C200","width":350,"height":200,"srcset":"https:\/\/i0.wp.com\/lahoradelcampo.com.uy\/site\/wp-content\/uploads\/2023\/06\/aca-zafra-arrocera.jpg?fit=880%2C440&ssl=1&resize=350%2C200 1x, https:\/\/i0.wp.com\/lahoradelcampo.com.uy\/site\/wp-content\/uploads\/2023\/06\/aca-zafra-arrocera.jpg?fit=880%2C440&ssl=1&resize=525%2C300 1.5x, https:\/\/i0.wp.com\/lahoradelcampo.com.uy\/site\/wp-content\/uploads\/2023\/06\/aca-zafra-arrocera.jpg?fit=880%2C440&ssl=1&resize=700%2C400 2x"},"classes":[]},{"id":44381,"url":"https:\/\/lahoradelcampo.com.uy\/site\/arroceros-preocupados-con-los-altos-costos-para-la-proxima-zafra\/","url_meta":{"origin":53351,"position":2},"title":"Arroceros preocupados con los altos costos para la pr\u00f3xima zafra","author":"La Hora del Campo","date":"1 agosto, 2022","format":false,"excerpt":"Luego de una cosecha arrocera con una excelente producci\u00f3n a nivel nacional, m\u00e1s all\u00e1 de los casos puntuales donde los productores se vieron fuertemente afectados por la ausencia de precipitaciones, el sector arrocero analiza cuidadosamente el aumento de los costos y la baja del precio del cereal, lo que implicar\u00e1\u2026","rel":"","context":"En \u00abActualidad\u00bb","block_context":{"text":"Actualidad","link":"https:\/\/lahoradelcampo.com.uy\/site\/category\/actualidad\/"},"img":{"alt_text":"","src":"https:\/\/i0.wp.com\/lahoradelcampo.com.uy\/site\/wp-content\/uploads\/2022\/08\/Guillermo-Obrien.jpg?fit=880%2C440&ssl=1&resize=350%2C200","width":350,"height":200,"srcset":"https:\/\/i0.wp.com\/lahoradelcampo.com.uy\/site\/wp-content\/uploads\/2022\/08\/Guillermo-Obrien.jpg?fit=880%2C440&ssl=1&resize=350%2C200 1x, https:\/\/i0.wp.com\/lahoradelcampo.com.uy\/site\/wp-content\/uploads\/2022\/08\/Guillermo-Obrien.jpg?fit=880%2C440&ssl=1&resize=525%2C300 1.5x, https:\/\/i0.wp.com\/lahoradelcampo.com.uy\/site\/wp-content\/uploads\/2022\/08\/Guillermo-Obrien.jpg?fit=880%2C440&ssl=1&resize=700%2C400 2x"},"classes":[]},{"id":6275,"url":"https:\/\/lahoradelcampo.com.uy\/site\/definicion-del-precio-para-la-zafra-arrocera-201718-se-traslado-a-la-semana-proxima\/","url_meta":{"origin":53351,"position":3},"title":"Definici\u00f3n del precio para la zafra arrocera 2017\/18 se traslado a la semana pr\u00f3xima","author":"La Hora del Campo","date":"29 marzo, 2018","format":false,"excerpt":"El martes se reuni\u00f3 la Asociaci\u00f3n de Cultivadores de Arroz y los molinos arroceros que se encuentran dentro del acuerdo comercial para intentar definir el precio final de la zafra arrocera 2017\/18, sin embargo luego de una larga reuni\u00f3n en directiva, los productores decidieron continuar negociando la semana pr\u00f3xima y\u2026","rel":"","context":"En \u00abActualidad\u00bb","block_context":{"text":"Actualidad","link":"https:\/\/lahoradelcampo.com.uy\/site\/category\/actualidad\/"},"img":{"alt_text":"","src":"https:\/\/i0.wp.com\/lahoradelcampo.com.uy\/site\/wp-content\/uploads\/2018\/03\/Arroceros.jpg?fit=880%2C440&ssl=1&resize=350%2C200","width":350,"height":200,"srcset":"https:\/\/i0.wp.com\/lahoradelcampo.com.uy\/site\/wp-content\/uploads\/2018\/03\/Arroceros.jpg?fit=880%2C440&ssl=1&resize=350%2C200 1x, https:\/\/i0.wp.com\/lahoradelcampo.com.uy\/site\/wp-content\/uploads\/2018\/03\/Arroceros.jpg?fit=880%2C440&ssl=1&resize=525%2C300 1.5x, https:\/\/i0.wp.com\/lahoradelcampo.com.uy\/site\/wp-content\/uploads\/2018\/03\/Arroceros.jpg?fit=880%2C440&ssl=1&resize=700%2C400 2x"},"classes":[]},{"id":27418,"url":"https:\/\/lahoradelcampo.com.uy\/site\/aca-confirmo-aumento-del-area-arrocera\/","url_meta":{"origin":53351,"position":4},"title":"ACA confirm\u00f3 aumento del \u00e1rea arrocera","author":"La Hora del Campo","date":"5 febrero, 2021","format":false,"excerpt":"La Asociaci\u00f3n de Cultivadores de Arroz (ACA) present\u00f3 el primer informe de 2021 el que refiere al relevamiento de siembra, zafra 2020\/2021. En el pa\u00eds el \u00e1rea total de arroz es de 143.247 hect\u00e1reas, lo que representa un aumento respecto a la zafra anterior, se\u00f1ala la gremial de arroceros. La\u2026","rel":"","context":"En \u00abActualidad\u00bb","block_context":{"text":"Actualidad","link":"https:\/\/lahoradelcampo.com.uy\/site\/category\/actualidad\/"},"img":{"alt_text":"","src":"https:\/\/i0.wp.com\/lahoradelcampo.com.uy\/site\/wp-content\/uploads\/2019\/06\/arroceros-3-1.jpg?fit=880%2C440&ssl=1&resize=350%2C200","width":350,"height":200,"srcset":"https:\/\/i0.wp.com\/lahoradelcampo.com.uy\/site\/wp-content\/uploads\/2019\/06\/arroceros-3-1.jpg?fit=880%2C440&ssl=1&resize=350%2C200 1x, https:\/\/i0.wp.com\/lahoradelcampo.com.uy\/site\/wp-content\/uploads\/2019\/06\/arroceros-3-1.jpg?fit=880%2C440&ssl=1&resize=525%2C300 1.5x, https:\/\/i0.wp.com\/lahoradelcampo.com.uy\/site\/wp-content\/uploads\/2019\/06\/arroceros-3-1.jpg?fit=880%2C440&ssl=1&resize=700%2C400 2x"},"classes":[]},{"id":47019,"url":"https:\/\/lahoradelcampo.com.uy\/site\/costos-del-arroz-superan-los-ingresos-actuales-del-cereal\/","url_meta":{"origin":53351,"position":5},"title":"Costos del arroz superan los ingresos actuales del cereal","author":"La Hora del Campo","date":"16 noviembre, 2022","format":false,"excerpt":"El inicio de la zafra arrocera 2022-2023 augura nuevamente altos niveles de producci\u00f3n, con una siembra r\u00e9cord dentro de la ventana \u00f3ptima para el cultivo, con mayor disponibilidad de agua respecto a la zafra anterior, pero con preocupaci\u00f3n con los altos costos con los cuales se ha sembrado el cereal.\u2026","rel":"","context":"En \u00abActualidad\u00bb","block_context":{"text":"Actualidad","link":"https:\/\/lahoradelcampo.com.uy\/site\/category\/actualidad\/"},"img":{"alt_text":"","src":"https:\/\/i0.wp.com\/lahoradelcampo.com.uy\/site\/wp-content\/uploads\/2022\/08\/Guillermo-Obrien.jpg?fit=880%2C440&ssl=1&resize=350%2C200","width":350,"height":200,"srcset":"https:\/\/i0.wp.com\/lahoradelcampo.com.uy\/site\/wp-content\/uploads\/2022\/08\/Guillermo-Obrien.jpg?fit=880%2C440&ssl=1&resize=350%2C200 1x, https:\/\/i0.wp.com\/lahoradelcampo.com.uy\/site\/wp-content\/uploads\/2022\/08\/Guillermo-Obrien.jpg?fit=880%2C440&ssl=1&resize=525%2C300 1.5x, https:\/\/i0.wp.com\/lahoradelcampo.com.uy\/site\/wp-content\/uploads\/2022\/08\/Guillermo-Obrien.jpg?fit=880%2C440&ssl=1&resize=700%2C400 2x"},"classes":[]}],"jetpack_likes_enabled":true,"_links":{"self":[{"href":"https:\/\/lahoradelcampo.com.uy\/site\/wp-json\/wp\/v2\/posts\/53351","targetHints":{"allow":["GET"]}}],"collection":[{"href":"https:\/\/lahoradelcampo.com.uy\/site\/wp-json\/wp\/v2\/posts"}],"about":[{"href":"https:\/\/lahoradelcampo.com.uy\/site\/wp-json\/wp\/v2\/types\/post"}],"author":[{"embeddable":true,"href":"https:\/\/lahoradelcampo.com.uy\/site\/wp-json\/wp\/v2\/users\/5"}],"replies":[{"embeddable":true,"href":"https:\/\/lahoradelcampo.com.uy\/site\/wp-json\/wp\/v2\/comments?post=53351"}],"version-history":[{"count":2,"href":"https:\/\/lahoradelcampo.com.uy\/site\/wp-json\/wp\/v2\/posts\/53351\/revisions"}],"predecessor-version":[{"id":53368,"href":"https:\/\/lahoradelcampo.com.uy\/site\/wp-json\/wp\/v2\/posts\/53351\/revisions\/53368"}],"wp:featuredmedia":[{"embeddable":true,"href":"https:\/\/lahoradelcampo.com.uy\/site\/wp-json\/wp\/v2\/media\/53352"}],"wp:attachment":[{"href":"https:\/\/lahoradelcampo.com.uy\/site\/wp-json\/wp\/v2\/media?parent=53351"}],"wp:term":[{"taxonomy":"category","embeddable":true,"href":"https:\/\/lahoradelcampo.com.uy\/site\/wp-json\/wp\/v2\/categories?post=53351"},{"taxonomy":"post_tag","embeddable":true,"href":"https:\/\/lahoradelcampo.com.uy\/site\/wp-json\/wp\/v2\/tags?post=53351"}],"curies":[{"name":"wp","href":"https:\/\/api.w.org\/{rel}","templated":true}]}}