{"id":53345,"date":"2024-01-11T15:41:10","date_gmt":"2024-01-11T18:41:10","guid":{"rendered":"http:\/\/lahoradelcampo.com.uy\/site\/?p=53345"},"modified":"2024-01-11T15:41:11","modified_gmt":"2024-01-11T18:41:11","slug":"la-genetica-ovina-es-rehende-un-tema-politico","status":"publish","type":"post","link":"https:\/\/lahoradelcampo.com.uy\/site\/la-genetica-ovina-es-rehende-un-tema-politico\/","title":{"rendered":"La gen\u00e9tica ovina es reh\u00e9nde un tema pol\u00edtico"},"content":{"rendered":"\n<figure class=\"wp-block-image size-full\"><a href=\"https:\/\/i0.wp.com\/lahoradelcampo.com.uy\/site\/wp-content\/uploads\/2024\/01\/NorbertoPaiva.jpg\"><img data-recalc-dims=\"1\" loading=\"lazy\" decoding=\"async\" width=\"810\" height=\"405\" data-attachment-id=\"53346\" data-permalink=\"https:\/\/lahoradelcampo.com.uy\/site\/la-genetica-ovina-es-rehende-un-tema-politico\/norbertopaiva\/\" data-orig-file=\"https:\/\/i0.wp.com\/lahoradelcampo.com.uy\/site\/wp-content\/uploads\/2024\/01\/NorbertoPaiva.jpg?fit=880%2C440&amp;ssl=1\" data-orig-size=\"880,440\" data-comments-opened=\"1\" data-image-meta=\"{&quot;aperture&quot;:&quot;0&quot;,&quot;credit&quot;:&quot;&quot;,&quot;camera&quot;:&quot;&quot;,&quot;caption&quot;:&quot;&quot;,&quot;created_timestamp&quot;:&quot;0&quot;,&quot;copyright&quot;:&quot;&quot;,&quot;focal_length&quot;:&quot;0&quot;,&quot;iso&quot;:&quot;0&quot;,&quot;shutter_speed&quot;:&quot;0&quot;,&quot;title&quot;:&quot;&quot;,&quot;orientation&quot;:&quot;1&quot;}\" data-image-title=\"NorbertoPaiva\" data-image-description=\"\" data-image-caption=\"\" data-large-file=\"https:\/\/i0.wp.com\/lahoradelcampo.com.uy\/site\/wp-content\/uploads\/2024\/01\/NorbertoPaiva.jpg?fit=810%2C405&amp;ssl=1\" src=\"https:\/\/i0.wp.com\/lahoradelcampo.com.uy\/site\/wp-content\/uploads\/2024\/01\/NorbertoPaiva.jpg?resize=810%2C405\" alt=\"\" class=\"wp-image-53346\" srcset=\"https:\/\/i0.wp.com\/lahoradelcampo.com.uy\/site\/wp-content\/uploads\/2024\/01\/NorbertoPaiva.jpg?w=880&amp;ssl=1 880w, https:\/\/i0.wp.com\/lahoradelcampo.com.uy\/site\/wp-content\/uploads\/2024\/01\/NorbertoPaiva.jpg?resize=300%2C150&amp;ssl=1 300w, https:\/\/i0.wp.com\/lahoradelcampo.com.uy\/site\/wp-content\/uploads\/2024\/01\/NorbertoPaiva.jpg?resize=768%2C384&amp;ssl=1 768w, https:\/\/i0.wp.com\/lahoradelcampo.com.uy\/site\/wp-content\/uploads\/2024\/01\/NorbertoPaiva.jpg?resize=820%2C410&amp;ssl=1 820w\" sizes=\"auto, (max-width: 810px) 100vw, 810px\" \/><\/a><\/figure>\n\n\n\n<p>Al cierre del 2023 se dio a conocer el ingreso por primera vez al pa\u00eds de gen\u00e9tica ovina de las razas Dorper y Santa In\u00e9s desde Paraguay, lo cual desde algunos sectores es visto con buenos ojos y desde otros con preocupaci\u00f3n. Por un lado, la preocupaci\u00f3n de que la gen\u00e9tica importada desde suelos guaran\u00edes, que puede generar una triangulaci\u00f3n para el ingreso de materiales de pa\u00edses que no pueden ingresar a Uruguay y desde el otro extremo se celebra que esto se pueda lograr, superando as\u00ed barreras pol\u00edticas que dejan de reh\u00e9n a la gen\u00e9tica ovina.<\/p>\n\n\n\n<p>En principio la raza Dorper ya estaba presente en el pa\u00eds, una raza ovina deslanada, con animales tra\u00eddos al Uruguay desde Australia, a los que se suma la presencia de estos ejemplares tra\u00eddos desde Paraguay, que tendr\u00edan la base de una gen\u00e9tica tra\u00edda desde Sud\u00e1frica. Por otro lado, el ingreso al pa\u00eds de la raza Santa In\u00e9s, que tendr\u00edan una base gen\u00e9tica del norte brasile\u00f1o.<\/p>\n\n\n\n<p>El Dr. Norberto Paiva, principal de la caba\u00f1a Rancho Grande, ha realizado varias exportaciones de animales de la raza Texel hacia Paraguay y ha visto con buenos ojos que se concretara este ingreso de animales y la posibilidad de traer gen\u00e9tica que hasta ahora \u00abes reh\u00e9n de un tema pol\u00edtico\u00bb. Si bien Paiva es representante de la Asociaci\u00f3n Rural del Uruguay (ARU) en la junta directiva del Secretariado Uruguayo de la Lana (SUL), aclar\u00f3 que sus expresiones son \u00aba t\u00edtulo personal\u00bb. En este sentido felicit\u00f3 el posicionamiento del gobierno paraguayo en aplicar una \u00abpol\u00edtica respecto al rubro ovino muy abierta y del desarrollo de un polo gen\u00e9tico para Latinoam\u00e9rica\u00bb.<\/p>\n\n\n\n<p>El caba\u00f1ero record\u00f3 que Paraguay ha venido desarrollando la misma pol\u00edtica en vacunos, con las razas Braford y Brangus, y en el caso de las razas ovinas \u00abinteligentemente abrieron la importaci\u00f3n de Europa, desde Inglaterra, y ahora para Brasil, tanto de semen como embriones dentro de las normas del Mercosur\u00bb. Por lo que entiende que \u00abel Ministerio ha tomado decisi\u00f3n muy importante de permitir la importaci\u00f3n de animales en pie desde Paraguay\u00bb.<\/p>\n\n\n\n<p>Respecto al ingreso de gen\u00e9tica tra\u00edda desde Inglaterra, a trav\u00e9s de Paraguay, la cual a\u00fan est\u00e1 sin las autorizaciones correspondientes de Uruguay para su ingreso directo, Paiva dijo que \u00abUruguay es el \u00fanico pa\u00eds del Mercosur que no autoriz\u00f3 la importaci\u00f3n gen\u00e9tica desde Inglaterra\u00bb y remarc\u00f3 que \u00abno son razones t\u00e9cnicas, son razones pol\u00edticas, eso es lo que no ha contestado el ministro (Mattos)\u00bb.<\/p>\n\n\n\n<p>Paiva se\u00f1al\u00f3 que \u00abel argumento es que si Inglaterra acepta carne con hueso, Uruguay aceptar\u00eda la importaci\u00f3n de gen\u00e9tica, lo que quiere decir es que la gen\u00e9tica es reh\u00e9n de un tema pol\u00edtico\u00bb. En este sentido explic\u00f3 que nuestro pa\u00eds ha perdido un paso muy importante, principalmente en las razas carniceras como Hampshire Down, Suffolk y Texel, debido a que \u00abArgentina, Brasil y Paraguay, ya tienen la gen\u00e9tica, y ya tiene animales nacidos\u00bb.<\/p>\n\n\n\n<p>Al final, el caba\u00f1ero dijo que \u00abes absurdo lo que est\u00e1 sucediendo, la decisi\u00f3n que ha tomado este ministerio es absurda y es da\u00f1ina para las razas\u00bb y dijo que ahora \u00abvamos a poder traer desde all\u00e1 origen ingl\u00e9s triangulando por Paraguay y Argentina\u00bb.<\/p>\n\n\n\n<p>Salto, 11 de enero de 2023<\/p>\n","protected":false},"excerpt":{"rendered":"<p>Al cierre del 2023 se dio a conocer el ingreso por primera vez al pa\u00eds de gen\u00e9tica ovina de las razas Dorper y Santa In\u00e9s desde Paraguay, lo cual desde [&hellip;]<\/p>\n","protected":false},"author":5,"featured_media":53346,"comment_status":"open","ping_status":"open","sticky":false,"template":"","format":"standard","meta":{"_price":"","_stock":"","_tribe_ticket_header":"","_tribe_default_ticket_provider":"","_tribe_ticket_capacity":"0","_ticket_start_date":"","_ticket_end_date":"","_tribe_ticket_show_description":"","_tribe_ticket_show_not_going":false,"_tribe_ticket_use_global_stock":"","_tribe_ticket_global_stock_level":"","_global_stock_mode":"","_global_stock_cap":"","_tribe_rsvp_for_event":"","_tribe_ticket_going_count":"","_tribe_ticket_not_going_count":"","_tribe_tickets_list":"[]","_tribe_ticket_has_attendee_info_fields":false,"h5ap_radio_sources":[],"_jetpack_newsletter_access":"","_jetpack_dont_email_post_to_subs":false,"_jetpack_newsletter_tier_id":0,"_jetpack_memberships_contains_paywalled_content":false,"_jetpack_memberships_contains_paid_content":false,"footnotes":""},"categories":[21,13],"tags":[],"class_list":["post-53345","post","type-post","status-publish","format-standard","has-post-thumbnail","hentry","category-actualidad","category-ovinos"],"jetpack_featured_media_url":"https:\/\/i0.wp.com\/lahoradelcampo.com.uy\/site\/wp-content\/uploads\/2024\/01\/NorbertoPaiva.jpg?fit=880%2C440&ssl=1","jetpack_sharing_enabled":true,"jetpack_shortlink":"https:\/\/wp.me\/p99IaT-dSp","jetpack-related-posts":[{"id":56320,"url":"https:\/\/lahoradelcampo.com.uy\/site\/genetica-texel-inglesa-llega-a-uruguay-desde-paraguay\/","url_meta":{"origin":53345,"position":0},"title":"Gen\u00e9tica Texel inglesa llega a Uruguay, desde Paraguay","author":"La Hora del Campo","date":"16 julio, 2025","format":false,"excerpt":"Luego de participar en un congreso en Inglaterra, a\u00f1os atr\u00e1s, caba\u00f1eros uruguayos plantearon en varias oportunidades la necesidad de importar gen\u00e9tica ovina inglesa, para mejorar la producci\u00f3n en Uruguay. Debido a la presencia end\u00e9mica de \u201cScrapie\u201d en la producci\u00f3n ovina brit\u00e1nica, el gobierno anterior neg\u00f3 la posibilidad de ingresar con\u2026","rel":"","context":"En \u00abActualidad\u00bb","block_context":{"text":"Actualidad","link":"https:\/\/lahoradelcampo.com.uy\/site\/category\/actualidad\/"},"img":{"alt_text":"","src":"https:\/\/i0.wp.com\/lahoradelcampo.com.uy\/site\/wp-content\/uploads\/2025\/07\/Texel-Rancho-grande-PY.jpg?fit=880%2C440&ssl=1&resize=350%2C200","width":350,"height":200,"srcset":"https:\/\/i0.wp.com\/lahoradelcampo.com.uy\/site\/wp-content\/uploads\/2025\/07\/Texel-Rancho-grande-PY.jpg?fit=880%2C440&ssl=1&resize=350%2C200 1x, https:\/\/i0.wp.com\/lahoradelcampo.com.uy\/site\/wp-content\/uploads\/2025\/07\/Texel-Rancho-grande-PY.jpg?fit=880%2C440&ssl=1&resize=525%2C300 1.5x, https:\/\/i0.wp.com\/lahoradelcampo.com.uy\/site\/wp-content\/uploads\/2025\/07\/Texel-Rancho-grande-PY.jpg?fit=880%2C440&ssl=1&resize=700%2C400 2x"},"classes":[]},{"id":11243,"url":"https:\/\/lahoradelcampo.com.uy\/site\/un-predio-con-una-larga-y-rica-historia-en-el-merino-australiano\/","url_meta":{"origin":53345,"position":1},"title":"Un predio con una larga y rica historia en el Merino Australiano","author":"La Hora del Campo","date":"29 mayo, 2019","format":false,"excerpt":"El establecimiento y caba\u00f1a \"Los Manantiales\" tiene una historia dentro de la raza Merino Australiano que comienza en 1936 con la importaci\u00f3n de majadas puras tra\u00eddas desde Argentina. Previamente el establecimiento comienza sus actividades con \"Jonathan E. Jones\" y una producci\u00f3n ovina basada en la raza Rommey Marsh y Merino\u2026","rel":"","context":"En \u00abActualidad\u00bb","block_context":{"text":"Actualidad","link":"https:\/\/lahoradelcampo.com.uy\/site\/category\/actualidad\/"},"img":{"alt_text":"","src":"https:\/\/i0.wp.com\/lahoradelcampo.com.uy\/site\/wp-content\/uploads\/2019\/05\/Gira-Manantiales.jpg?fit=880%2C440&ssl=1&resize=350%2C200","width":350,"height":200,"srcset":"https:\/\/i0.wp.com\/lahoradelcampo.com.uy\/site\/wp-content\/uploads\/2019\/05\/Gira-Manantiales.jpg?fit=880%2C440&ssl=1&resize=350%2C200 1x, https:\/\/i0.wp.com\/lahoradelcampo.com.uy\/site\/wp-content\/uploads\/2019\/05\/Gira-Manantiales.jpg?fit=880%2C440&ssl=1&resize=525%2C300 1.5x, https:\/\/i0.wp.com\/lahoradelcampo.com.uy\/site\/wp-content\/uploads\/2019\/05\/Gira-Manantiales.jpg?fit=880%2C440&ssl=1&resize=700%2C400 2x"},"classes":[]},{"id":24738,"url":"https:\/\/lahoradelcampo.com.uy\/site\/sol-calor-y-una-pista-destacada-en-la-genetica-ovina-de-la-expo-chiflero-2020\/","url_meta":{"origin":53345,"position":2},"title":"Sol, calor y una pista destacada en la  gen\u00e9tica ovina de la Expo Chiflero 2020","author":"La Hora del Campo","date":"18 octubre, 2020","format":false,"excerpt":"Como es tradicional, una jornada de sol y calor en el norte de pa\u00eds, con dos destacadas pistas de ovinos. Al comienzo se calificaron las razas ovinas y al cierre de la ma\u00f1ana, se jur\u00f3 la pista del merino, que cada vez se destaca m\u00e1s, con la presencia de caba\u00f1as\u2026","rel":"","context":"En \u00abActualidad\u00bb","block_context":{"text":"Actualidad","link":"https:\/\/lahoradelcampo.com.uy\/site\/category\/actualidad\/"},"img":{"alt_text":"","src":"https:\/\/i0.wp.com\/lahoradelcampo.com.uy\/site\/wp-content\/uploads\/2020\/10\/ChifleroIdeales.jpg?fit=880%2C440&ssl=1&resize=350%2C200","width":350,"height":200,"srcset":"https:\/\/i0.wp.com\/lahoradelcampo.com.uy\/site\/wp-content\/uploads\/2020\/10\/ChifleroIdeales.jpg?fit=880%2C440&ssl=1&resize=350%2C200 1x, https:\/\/i0.wp.com\/lahoradelcampo.com.uy\/site\/wp-content\/uploads\/2020\/10\/ChifleroIdeales.jpg?fit=880%2C440&ssl=1&resize=525%2C300 1.5x, https:\/\/i0.wp.com\/lahoradelcampo.com.uy\/site\/wp-content\/uploads\/2020\/10\/ChifleroIdeales.jpg?fit=880%2C440&ssl=1&resize=700%2C400 2x"},"classes":[]},{"id":14315,"url":"https:\/\/lahoradelcampo.com.uy\/site\/japon-analiza-ingreso-de-carne-ovina-con-hueso-desde-los-compartimentos\/","url_meta":{"origin":53345,"position":3},"title":"Jap\u00f3n analiza ingreso de carne ovina con hueso desde los compartimentos","author":"La Hora del Campo","date":"14 septiembre, 2019","format":false,"excerpt":"Uruguay avanza en la posibilidad de incrementar sus negocios con Jap\u00f3n luego de la apertura de este mercado en el mes de febrero para la carne vacuna, luego de a\u00f1os de negociaci\u00f3n. El Presidente del Instituto Nacional de Carnes, Ing. Agr. Federico Stanham, dijo que posteriormente a esta habilitaci\u00f3n para\u2026","rel":"","context":"En \u00abActualidad\u00bb","block_context":{"text":"Actualidad","link":"https:\/\/lahoradelcampo.com.uy\/site\/category\/actualidad\/"},"img":{"alt_text":"","src":"https:\/\/i0.wp.com\/lahoradelcampo.com.uy\/site\/wp-content\/uploads\/2018\/05\/Stanham.jpg?fit=880%2C440&ssl=1&resize=350%2C200","width":350,"height":200,"srcset":"https:\/\/i0.wp.com\/lahoradelcampo.com.uy\/site\/wp-content\/uploads\/2018\/05\/Stanham.jpg?fit=880%2C440&ssl=1&resize=350%2C200 1x, https:\/\/i0.wp.com\/lahoradelcampo.com.uy\/site\/wp-content\/uploads\/2018\/05\/Stanham.jpg?fit=880%2C440&ssl=1&resize=525%2C300 1.5x, https:\/\/i0.wp.com\/lahoradelcampo.com.uy\/site\/wp-content\/uploads\/2018\/05\/Stanham.jpg?fit=880%2C440&ssl=1&resize=700%2C400 2x"},"classes":[]},{"id":44021,"url":"https:\/\/lahoradelcampo.com.uy\/site\/productores-realizaran-gira-comercial-ovina-en-el-reino-unido\/","url_meta":{"origin":53345,"position":4},"title":"Productores realizaran gira comercial ovina  en el Reino Unido","author":"La Hora del Campo","date":"22 julio, 2022","format":false,"excerpt":"Del 25 al 19 de julio se realizar\u00e1 en el Reino Unido, una gira comercial ovina, que estar\u00e1 centrada alrededor de la National Sheep Event, el evento gen\u00e9tico m\u00e1s importante con la participaci\u00f3n de m\u00e1s de 60 asociaciones de criadores y que tendr\u00e1 lugar en Malvern el 27 de julio.\u2026","rel":"","context":"En \u00abActualidad\u00bb","block_context":{"text":"Actualidad","link":"https:\/\/lahoradelcampo.com.uy\/site\/category\/actualidad\/"},"img":{"alt_text":"","src":"https:\/\/i0.wp.com\/lahoradelcampo.com.uy\/site\/wp-content\/uploads\/2022\/07\/gira-ovinos.jpg?fit=880%2C440&ssl=1&resize=350%2C200","width":350,"height":200,"srcset":"https:\/\/i0.wp.com\/lahoradelcampo.com.uy\/site\/wp-content\/uploads\/2022\/07\/gira-ovinos.jpg?fit=880%2C440&ssl=1&resize=350%2C200 1x, https:\/\/i0.wp.com\/lahoradelcampo.com.uy\/site\/wp-content\/uploads\/2022\/07\/gira-ovinos.jpg?fit=880%2C440&ssl=1&resize=525%2C300 1.5x, https:\/\/i0.wp.com\/lahoradelcampo.com.uy\/site\/wp-content\/uploads\/2022\/07\/gira-ovinos.jpg?fit=880%2C440&ssl=1&resize=700%2C400 2x"},"classes":[]},{"id":40545,"url":"https:\/\/lahoradelcampo.com.uy\/site\/valorizacion-de-la-produccion-ovina-genetica-ambiente\/","url_meta":{"origin":53345,"position":5},"title":"Valorizaci\u00f3n de la producci\u00f3n ovina: gen\u00e9tica + ambiente","author":"La Hora del Campo","date":"5 abril, 2022","format":false,"excerpt":"Durante los d\u00edas 21 y 22 de abril en la sede de INIA Tacuaremb\u00f3, Ruta 5 km 386, se realizar\u00e1n dos actividades relacionadas con el proyecto SMARTER, el cual est\u00e1 asociado tambi\u00e9n con otros programas de la investigaci\u00f3n en Uruguay como como RUMIAR y GrassToGas, entre otros. Ambas jornadas son\u2026","rel":"","context":"En \u00abActualidad\u00bb","block_context":{"text":"Actualidad","link":"https:\/\/lahoradelcampo.com.uy\/site\/category\/actualidad\/"},"img":{"alt_text":"","src":"https:\/\/i0.wp.com\/lahoradelcampo.com.uy\/site\/wp-content\/uploads\/2021\/09\/ovinos-irlanda.jpg?fit=880%2C440&ssl=1&resize=350%2C200","width":350,"height":200,"srcset":"https:\/\/i0.wp.com\/lahoradelcampo.com.uy\/site\/wp-content\/uploads\/2021\/09\/ovinos-irlanda.jpg?fit=880%2C440&ssl=1&resize=350%2C200 1x, https:\/\/i0.wp.com\/lahoradelcampo.com.uy\/site\/wp-content\/uploads\/2021\/09\/ovinos-irlanda.jpg?fit=880%2C440&ssl=1&resize=525%2C300 1.5x, https:\/\/i0.wp.com\/lahoradelcampo.com.uy\/site\/wp-content\/uploads\/2021\/09\/ovinos-irlanda.jpg?fit=880%2C440&ssl=1&resize=700%2C400 2x"},"classes":[]}],"jetpack_likes_enabled":true,"_links":{"self":[{"href":"https:\/\/lahoradelcampo.com.uy\/site\/wp-json\/wp\/v2\/posts\/53345","targetHints":{"allow":["GET"]}}],"collection":[{"href":"https:\/\/lahoradelcampo.com.uy\/site\/wp-json\/wp\/v2\/posts"}],"about":[{"href":"https:\/\/lahoradelcampo.com.uy\/site\/wp-json\/wp\/v2\/types\/post"}],"author":[{"embeddable":true,"href":"https:\/\/lahoradelcampo.com.uy\/site\/wp-json\/wp\/v2\/users\/5"}],"replies":[{"embeddable":true,"href":"https:\/\/lahoradelcampo.com.uy\/site\/wp-json\/wp\/v2\/comments?post=53345"}],"version-history":[{"count":1,"href":"https:\/\/lahoradelcampo.com.uy\/site\/wp-json\/wp\/v2\/posts\/53345\/revisions"}],"predecessor-version":[{"id":53347,"href":"https:\/\/lahoradelcampo.com.uy\/site\/wp-json\/wp\/v2\/posts\/53345\/revisions\/53347"}],"wp:featuredmedia":[{"embeddable":true,"href":"https:\/\/lahoradelcampo.com.uy\/site\/wp-json\/wp\/v2\/media\/53346"}],"wp:attachment":[{"href":"https:\/\/lahoradelcampo.com.uy\/site\/wp-json\/wp\/v2\/media?parent=53345"}],"wp:term":[{"taxonomy":"category","embeddable":true,"href":"https:\/\/lahoradelcampo.com.uy\/site\/wp-json\/wp\/v2\/categories?post=53345"},{"taxonomy":"post_tag","embeddable":true,"href":"https:\/\/lahoradelcampo.com.uy\/site\/wp-json\/wp\/v2\/tags?post=53345"}],"curies":[{"name":"wp","href":"https:\/\/api.w.org\/{rel}","templated":true}]}}