{"id":53116,"date":"2023-11-16T08:41:25","date_gmt":"2023-11-16T11:41:25","guid":{"rendered":"http:\/\/lahoradelcampo.com.uy\/site\/?p=53116"},"modified":"2023-11-16T08:41:27","modified_gmt":"2023-11-16T11:41:27","slug":"exportaciones-uruguayas-de-lana-caen-15-en-volumen-y-26-en-dolares","status":"publish","type":"post","link":"https:\/\/lahoradelcampo.com.uy\/site\/exportaciones-uruguayas-de-lana-caen-15-en-volumen-y-26-en-dolares\/","title":{"rendered":"Exportaciones uruguayas de lana caen 15% en volumen y 26% en d\u00f3lares"},"content":{"rendered":"\n<p>Durante los primeros diez meses del a\u00f1o en curso, Uruguay ha experimentado cambios significativos en sus exportaciones de lana, enfrentando desaf\u00edos tanto en t\u00e9rminos de volumen como de valor. <\/p>\n\n\n\n<figure class=\"wp-block-image size-large\"><a href=\"https:\/\/i0.wp.com\/lahoradelcampo.com.uy\/site\/wp-content\/uploads\/2023\/11\/exportaciones-de-lana-2-scaled.jpg\"><img data-recalc-dims=\"1\" loading=\"lazy\" decoding=\"async\" width=\"810\" height=\"962\" data-attachment-id=\"53117\" data-permalink=\"https:\/\/lahoradelcampo.com.uy\/site\/exportaciones-uruguayas-de-lana-caen-15-en-volumen-y-26-en-dolares\/microsoft-word-boletin-de-exportaciones-octubre-2023-docx\/\" data-orig-file=\"https:\/\/i0.wp.com\/lahoradelcampo.com.uy\/site\/wp-content\/uploads\/2023\/11\/exportaciones-de-lana-2-scaled.jpg?fit=2154%2C2560&amp;ssl=1\" data-orig-size=\"2154,2560\" data-comments-opened=\"1\" data-image-meta=\"{&quot;aperture&quot;:&quot;0&quot;,&quot;credit&quot;:&quot;noteb&quot;,&quot;camera&quot;:&quot;&quot;,&quot;caption&quot;:&quot;&quot;,&quot;created_timestamp&quot;:&quot;0&quot;,&quot;copyright&quot;:&quot;&quot;,&quot;focal_length&quot;:&quot;0&quot;,&quot;iso&quot;:&quot;0&quot;,&quot;shutter_speed&quot;:&quot;0&quot;,&quot;title&quot;:&quot;Microsoft Word - Boletin de exportaciones octubre 2023.docx&quot;,&quot;orientation&quot;:&quot;1&quot;}\" data-image-title=\"Microsoft Word &amp;#8211; Boletin de exportaciones octubre 2023.docx\" data-image-description=\"\" data-image-caption=\"\" data-large-file=\"https:\/\/i0.wp.com\/lahoradelcampo.com.uy\/site\/wp-content\/uploads\/2023\/11\/exportaciones-de-lana-2-scaled.jpg?fit=810%2C962&amp;ssl=1\" src=\"https:\/\/i0.wp.com\/lahoradelcampo.com.uy\/site\/wp-content\/uploads\/2023\/11\/exportaciones-de-lana-2.jpg?resize=810%2C962\" alt=\"\" class=\"wp-image-53117\" srcset=\"https:\/\/i0.wp.com\/lahoradelcampo.com.uy\/site\/wp-content\/uploads\/2023\/11\/exportaciones-de-lana-2-scaled.jpg?resize=862%2C1024&amp;ssl=1 862w, https:\/\/i0.wp.com\/lahoradelcampo.com.uy\/site\/wp-content\/uploads\/2023\/11\/exportaciones-de-lana-2-scaled.jpg?resize=252%2C300&amp;ssl=1 252w, https:\/\/i0.wp.com\/lahoradelcampo.com.uy\/site\/wp-content\/uploads\/2023\/11\/exportaciones-de-lana-2-scaled.jpg?resize=768%2C913&amp;ssl=1 768w, https:\/\/i0.wp.com\/lahoradelcampo.com.uy\/site\/wp-content\/uploads\/2023\/11\/exportaciones-de-lana-2-scaled.jpg?resize=1292%2C1536&amp;ssl=1 1292w, https:\/\/i0.wp.com\/lahoradelcampo.com.uy\/site\/wp-content\/uploads\/2023\/11\/exportaciones-de-lana-2-scaled.jpg?resize=1723%2C2048&amp;ssl=1 1723w, https:\/\/i0.wp.com\/lahoradelcampo.com.uy\/site\/wp-content\/uploads\/2023\/11\/exportaciones-de-lana-2-scaled.jpg?w=1620 1620w\" sizes=\"auto, (max-width: 810px) 100vw, 810px\" \/><\/a><\/figure>\n\n\n\n<p>En lo que respecta al volumen f\u00edsico, Uruguay export\u00f3 aproximadamente 23 millones de kilogramos de lana equivalente base sucia entre enero y octubre de 2023, marcando una disminuci\u00f3n del 15% en comparaci\u00f3n con el mismo per\u00edodo del a\u00f1o anterior. Esta ca\u00edda se tradujo en una disminuci\u00f3n del 9% en las exportaciones de lana lavada y del 26% en las de lana peinada, contrarrestadas por un aumento del 11% en las exportaciones de lana sucia.<\/p>\n\n\n\n<p>Con respecto a los destinos, se registraron exportaciones de lana y subproductos hacia 43 pa\u00edses, generando ingresos por un total de aproximadamente 109 millones de d\u00f3lares. Sin embargo, esta cifra refleja una reducci\u00f3n significativa del 26% en comparaci\u00f3n con el mismo per\u00edodo del a\u00f1o pasado.<\/p>\n\n\n\n<p>Los tres principales destinos en t\u00e9rminos de valor fueron Italia, China y Alemania, representando el 23%, 20% y 13% respectivamente del valor total exportado. Aunque estos pa\u00edses mantuvieron su posici\u00f3n dominante, se observaron ca\u00eddas en el valor exportado a Italia (-2%), China (-13%) y Alemania (-43%).<\/p>\n\n\n\n<p><strong>Lavada, peinada y sucia<\/strong><\/p>\n\n\n\n<p>En cuanto a las diferentes categor\u00edas de lana, el panorama presenta desaf\u00edos continuos. En lana sucia, China sigue siendo el principal destino, a pesar de una disminuci\u00f3n del 14% en el valor exportado. En cambio, Italia experiment\u00f3 un crecimiento del 33%.<\/p>\n\n\n\n<p>Para la lana lavada, China tambi\u00e9n lidera las exportaciones, representando el 32% del valor total. Sin embargo, las exportaciones a este pa\u00eds crecieron un 4% en comparaci\u00f3n con el a\u00f1o pasado. Egipto e India, otros destinos importantes, sufrieron disminuciones significativas del 65% y 40% respectivamente en el valor de las exportaciones de lana lavada.<\/p>\n\n\n\n<p>Italia y Alemania continuaron siendo los principales destinos de las exportaciones de tops, a pesar de enfrentar reducciones del 1,3% y 42% en el valor exportado, respectivamente. Esto contribuy\u00f3 a una disminuci\u00f3n general del 28% en los ingresos por exportaci\u00f3n de tops.<\/p>\n\n\n\n<p><strong>Por micronaje<\/strong><\/p>\n\n\n\n<p>En t\u00e9rminos de di\u00e1metro de la lana, la categor\u00eda &lt;21 um sigue siendo la m\u00e1s exportada, representando el 21% del volumen total. Sin embargo, todas las categor\u00edas experimentaron disminuciones en el volumen exportado, siendo la m\u00e1s severa en las lanas de 23-25 um.<\/p>\n\n\n\n<p>En cuanto a los ingresos por exportaci\u00f3n, las lanas finas (&lt;21 um) generaron los mayores ingresos a pesar de una disminuci\u00f3n del 14%. La mayor ca\u00edda, del 39%, se registr\u00f3 en el sector de 23-25 um.<\/p>\n\n\n\n<p>Salto, 16 de noviembre de 2023<\/p>\n","protected":false},"excerpt":{"rendered":"<p>Durante los primeros diez meses del a\u00f1o en curso, Uruguay ha experimentado cambios significativos en sus exportaciones de lana, enfrentando desaf\u00edos tanto en t\u00e9rminos de volumen como de valor. En [&hellip;]<\/p>\n","protected":false},"author":5,"featured_media":3517,"comment_status":"open","ping_status":"open","sticky":false,"template":"","format":"standard","meta":{"_price":"","_stock":"","_tribe_ticket_header":"","_tribe_default_ticket_provider":"","_tribe_ticket_capacity":"0","_ticket_start_date":"","_ticket_end_date":"","_tribe_ticket_show_description":"","_tribe_ticket_show_not_going":false,"_tribe_ticket_use_global_stock":"","_tribe_ticket_global_stock_level":"","_global_stock_mode":"","_global_stock_cap":"","_tribe_rsvp_for_event":"","_tribe_ticket_going_count":"","_tribe_ticket_not_going_count":"","_tribe_tickets_list":"[]","_tribe_ticket_has_attendee_info_fields":false,"h5ap_radio_sources":[],"_jetpack_newsletter_access":"","_jetpack_dont_email_post_to_subs":false,"_jetpack_newsletter_tier_id":0,"_jetpack_memberships_contains_paywalled_content":false,"_jetpack_memberships_contains_paid_content":false,"footnotes":""},"categories":[21,13],"tags":[],"class_list":["post-53116","post","type-post","status-publish","format-standard","has-post-thumbnail","hentry","category-actualidad","category-ovinos"],"jetpack_featured_media_url":"https:\/\/i0.wp.com\/lahoradelcampo.com.uy\/site\/wp-content\/uploads\/2017\/11\/Lanas.jpg?fit=880%2C440&ssl=1","jetpack_sharing_enabled":true,"jetpack_shortlink":"https:\/\/wp.me\/p99IaT-dOI","jetpack-related-posts":[{"id":53755,"url":"https:\/\/lahoradelcampo.com.uy\/site\/exportaciones-de-carne-ovina-y-lana-continuan-por-debajo-de-2023\/","url_meta":{"origin":53116,"position":0},"title":"Exportaciones de carne ovina y lana contin\u00faan por debajo de 2023","author":"La Hora del Campo","date":"11 abril, 2024","format":false,"excerpt":"Durante el mes de marzo, la lana y sus derivados mantuvieron una s\u00f3lida presencia en las exportaciones, superando en participaci\u00f3n a la carne ovina, seg\u00fan los datos proporcionados por el Secretariado Uruguayo de la Lana (SUL). Con un 57% del total exportado, la lana y sus subproductos demostraron su relevancia\u2026","rel":"","context":"En \u00abActualidad\u00bb","block_context":{"text":"Actualidad","link":"https:\/\/lahoradelcampo.com.uy\/site\/category\/actualidad\/"},"img":{"alt_text":"","src":"https:\/\/i0.wp.com\/lahoradelcampo.com.uy\/site\/wp-content\/uploads\/2017\/10\/Lanas-australia.jpg?fit=880%2C440&ssl=1&resize=350%2C200","width":350,"height":200,"srcset":"https:\/\/i0.wp.com\/lahoradelcampo.com.uy\/site\/wp-content\/uploads\/2017\/10\/Lanas-australia.jpg?fit=880%2C440&ssl=1&resize=350%2C200 1x, https:\/\/i0.wp.com\/lahoradelcampo.com.uy\/site\/wp-content\/uploads\/2017\/10\/Lanas-australia.jpg?fit=880%2C440&ssl=1&resize=525%2C300 1.5x, https:\/\/i0.wp.com\/lahoradelcampo.com.uy\/site\/wp-content\/uploads\/2017\/10\/Lanas-australia.jpg?fit=880%2C440&ssl=1&resize=700%2C400 2x"},"classes":[]},{"id":53857,"url":"https:\/\/lahoradelcampo.com.uy\/site\/exportaciones-de-lana-representan-el-56-del-total-exportado-del-rubro-ovino\/","url_meta":{"origin":53116,"position":1},"title":"Exportaciones de lana representan el 56% del total exportado del rubro ovino","author":"La Hora del Campo","date":"10 mayo, 2024","format":false,"excerpt":"Las exportaciones de lana y sus subproductos mantienen predominancia dentro del rubro ovino, superando una vez m\u00e1s a las ventas de carne. Seg\u00fan datos publicados por el Secretariado Uruguayo de la Lana (SUL), en base a datos de Aduanas, durante los primeros cuatro meses del a\u00f1o, la lana y sus\u2026","rel":"","context":"En \u00abActualidad\u00bb","block_context":{"text":"Actualidad","link":"https:\/\/lahoradelcampo.com.uy\/site\/category\/actualidad\/"},"img":{"alt_text":"","src":"https:\/\/i0.wp.com\/lahoradelcampo.com.uy\/site\/wp-content\/uploads\/2017\/10\/Lanas-australia.jpg?fit=880%2C440&ssl=1&resize=350%2C200","width":350,"height":200,"srcset":"https:\/\/i0.wp.com\/lahoradelcampo.com.uy\/site\/wp-content\/uploads\/2017\/10\/Lanas-australia.jpg?fit=880%2C440&ssl=1&resize=350%2C200 1x, https:\/\/i0.wp.com\/lahoradelcampo.com.uy\/site\/wp-content\/uploads\/2017\/10\/Lanas-australia.jpg?fit=880%2C440&ssl=1&resize=525%2C300 1.5x, https:\/\/i0.wp.com\/lahoradelcampo.com.uy\/site\/wp-content\/uploads\/2017\/10\/Lanas-australia.jpg?fit=880%2C440&ssl=1&resize=700%2C400 2x"},"classes":[]},{"id":53944,"url":"https:\/\/lahoradelcampo.com.uy\/site\/exportaciones-de-lana-disminuyen-3-en-los-primeros-cinco-meses\/","url_meta":{"origin":53116,"position":2},"title":"Exportaciones de lana disminuyen 3% en los primeros cinco meses","author":"La Hora del Campo","date":"11 junio, 2024","format":false,"excerpt":"El Secretariado Uruguayo de la Lana (SUL) ha presentado su informe sobre las exportaciones del rubro ovino correspondiente al per\u00edodo de enero-mayo de 2024. Donde la lana continua siendo el principal producto de exportaci\u00f3n del rubro, frente a una carne ovina que sigue cayendo. Durante los primeros cinco meses de\u2026","rel":"","context":"En \u00abActualidad\u00bb","block_context":{"text":"Actualidad","link":"https:\/\/lahoradelcampo.com.uy\/site\/category\/actualidad\/"},"img":{"alt_text":"","src":"https:\/\/i0.wp.com\/lahoradelcampo.com.uy\/site\/wp-content\/uploads\/2017\/11\/Lanas.jpg?fit=880%2C440&ssl=1&resize=350%2C200","width":350,"height":200,"srcset":"https:\/\/i0.wp.com\/lahoradelcampo.com.uy\/site\/wp-content\/uploads\/2017\/11\/Lanas.jpg?fit=880%2C440&ssl=1&resize=350%2C200 1x, https:\/\/i0.wp.com\/lahoradelcampo.com.uy\/site\/wp-content\/uploads\/2017\/11\/Lanas.jpg?fit=880%2C440&ssl=1&resize=525%2C300 1.5x, https:\/\/i0.wp.com\/lahoradelcampo.com.uy\/site\/wp-content\/uploads\/2017\/11\/Lanas.jpg?fit=880%2C440&ssl=1&resize=700%2C400 2x"},"classes":[]},{"id":20918,"url":"https:\/\/lahoradelcampo.com.uy\/site\/principales-importadores-de-lana-australiana-disminuyeron-la-demanda\/","url_meta":{"origin":53116,"position":3},"title":"Principales importadores de lana australiana disminuyeron la demanda","author":"La Hora del Campo","date":"15 junio, 2020","format":false,"excerpt":"Todos los principales pa\u00edses procesadores de lana registraron grandes descensos interanuales en el volumen de sus compras en Australia durante el mes de abril, de acuerdo al informe semanal de Consejo Nacional de Corredores de Venta de Lana (NCWSBA por sus siglas en ingl\u00e9s). Las exportaciones a China, el destino\u2026","rel":"","context":"En \u00abActualidad\u00bb","block_context":{"text":"Actualidad","link":"https:\/\/lahoradelcampo.com.uy\/site\/category\/actualidad\/"},"img":{"alt_text":"","src":"https:\/\/i0.wp.com\/lahoradelcampo.com.uy\/site\/wp-content\/uploads\/2018\/02\/Lanas.jpg?fit=880%2C440&ssl=1&resize=350%2C200","width":350,"height":200,"srcset":"https:\/\/i0.wp.com\/lahoradelcampo.com.uy\/site\/wp-content\/uploads\/2018\/02\/Lanas.jpg?fit=880%2C440&ssl=1&resize=350%2C200 1x, https:\/\/i0.wp.com\/lahoradelcampo.com.uy\/site\/wp-content\/uploads\/2018\/02\/Lanas.jpg?fit=880%2C440&ssl=1&resize=525%2C300 1.5x, https:\/\/i0.wp.com\/lahoradelcampo.com.uy\/site\/wp-content\/uploads\/2018\/02\/Lanas.jpg?fit=880%2C440&ssl=1&resize=700%2C400 2x"},"classes":[]},{"id":49368,"url":"https:\/\/lahoradelcampo.com.uy\/site\/exportaciones-del-rubro-ovino-caen-18-en-el-primer-bimestre-de-2023\/","url_meta":{"origin":53116,"position":4},"title":"Exportaciones del rubro ovino caen 18% en el primer bimestre de 2023","author":"La Hora del Campo","date":"23 marzo, 2023","format":false,"excerpt":"Aunque Uruguay present\u00f3 un aumento en el volumen de carne ovina exportada, se observ\u00f3 una baja en los ingresos generales del rubro ovino durante los primeros dos meses del a\u00f1o 2023. Esto se debe, en parte, a la disminuci\u00f3n en las exportaciones de lana y subproductos, especialmente de lana lavada,\u2026","rel":"","context":"En \u00abActualidad\u00bb","block_context":{"text":"Actualidad","link":"https:\/\/lahoradelcampo.com.uy\/site\/category\/actualidad\/"},"img":{"alt_text":"","src":"https:\/\/i0.wp.com\/lahoradelcampo.com.uy\/site\/wp-content\/uploads\/2018\/04\/Ovinos.jpg?fit=880%2C440&ssl=1&resize=350%2C200","width":350,"height":200,"srcset":"https:\/\/i0.wp.com\/lahoradelcampo.com.uy\/site\/wp-content\/uploads\/2018\/04\/Ovinos.jpg?fit=880%2C440&ssl=1&resize=350%2C200 1x, https:\/\/i0.wp.com\/lahoradelcampo.com.uy\/site\/wp-content\/uploads\/2018\/04\/Ovinos.jpg?fit=880%2C440&ssl=1&resize=525%2C300 1.5x, https:\/\/i0.wp.com\/lahoradelcampo.com.uy\/site\/wp-content\/uploads\/2018\/04\/Ovinos.jpg?fit=880%2C440&ssl=1&resize=700%2C400 2x"},"classes":[]},{"id":20672,"url":"https:\/\/lahoradelcampo.com.uy\/site\/ingresos-por-exportaciones-de-lana-cayeron-un-43\/","url_meta":{"origin":53116,"position":5},"title":"Ingresos por exportaciones de lana cayeron un 43%","author":"La Hora del Campo","date":"8 junio, 2020","format":false,"excerpt":"Los datos de exportaciones de nuestro pa\u00eds muestran la complicada situaci\u00f3n global por la que se ha atravesado en estos primeros meses del a\u00f1o como consecuencia de la aparici\u00f3n del Covid \u2013 19. De acuerdo al informe elaborado por el Secretariado Uruguayo de la Lana, entre enero y mayo las\u2026","rel":"","context":"En \u00abActualidad\u00bb","block_context":{"text":"Actualidad","link":"https:\/\/lahoradelcampo.com.uy\/site\/category\/actualidad\/"},"img":{"alt_text":"","src":"https:\/\/i0.wp.com\/lahoradelcampo.com.uy\/site\/wp-content\/uploads\/2019\/04\/Lanas.jpg?fit=880%2C440&ssl=1&resize=350%2C200","width":350,"height":200,"srcset":"https:\/\/i0.wp.com\/lahoradelcampo.com.uy\/site\/wp-content\/uploads\/2019\/04\/Lanas.jpg?fit=880%2C440&ssl=1&resize=350%2C200 1x, https:\/\/i0.wp.com\/lahoradelcampo.com.uy\/site\/wp-content\/uploads\/2019\/04\/Lanas.jpg?fit=880%2C440&ssl=1&resize=525%2C300 1.5x, https:\/\/i0.wp.com\/lahoradelcampo.com.uy\/site\/wp-content\/uploads\/2019\/04\/Lanas.jpg?fit=880%2C440&ssl=1&resize=700%2C400 2x"},"classes":[]}],"jetpack_likes_enabled":true,"_links":{"self":[{"href":"https:\/\/lahoradelcampo.com.uy\/site\/wp-json\/wp\/v2\/posts\/53116","targetHints":{"allow":["GET"]}}],"collection":[{"href":"https:\/\/lahoradelcampo.com.uy\/site\/wp-json\/wp\/v2\/posts"}],"about":[{"href":"https:\/\/lahoradelcampo.com.uy\/site\/wp-json\/wp\/v2\/types\/post"}],"author":[{"embeddable":true,"href":"https:\/\/lahoradelcampo.com.uy\/site\/wp-json\/wp\/v2\/users\/5"}],"replies":[{"embeddable":true,"href":"https:\/\/lahoradelcampo.com.uy\/site\/wp-json\/wp\/v2\/comments?post=53116"}],"version-history":[{"count":1,"href":"https:\/\/lahoradelcampo.com.uy\/site\/wp-json\/wp\/v2\/posts\/53116\/revisions"}],"predecessor-version":[{"id":53118,"href":"https:\/\/lahoradelcampo.com.uy\/site\/wp-json\/wp\/v2\/posts\/53116\/revisions\/53118"}],"wp:featuredmedia":[{"embeddable":true,"href":"https:\/\/lahoradelcampo.com.uy\/site\/wp-json\/wp\/v2\/media\/3517"}],"wp:attachment":[{"href":"https:\/\/lahoradelcampo.com.uy\/site\/wp-json\/wp\/v2\/media?parent=53116"}],"wp:term":[{"taxonomy":"category","embeddable":true,"href":"https:\/\/lahoradelcampo.com.uy\/site\/wp-json\/wp\/v2\/categories?post=53116"},{"taxonomy":"post_tag","embeddable":true,"href":"https:\/\/lahoradelcampo.com.uy\/site\/wp-json\/wp\/v2\/tags?post=53116"}],"curies":[{"name":"wp","href":"https:\/\/api.w.org\/{rel}","templated":true}]}}