{"id":53113,"date":"2023-11-16T08:38:30","date_gmt":"2023-11-16T11:38:30","guid":{"rendered":"http:\/\/lahoradelcampo.com.uy\/site\/?p=53113"},"modified":"2023-11-16T08:38:32","modified_gmt":"2023-11-16T11:38:32","slug":"campo-natural-el-viernes-10-se-entregaron-los-paspalum-de-oro","status":"publish","type":"post","link":"https:\/\/lahoradelcampo.com.uy\/site\/campo-natural-el-viernes-10-se-entregaron-los-paspalum-de-oro\/","title":{"rendered":"Campo Natural: El viernes 10 se entregaron los Paspalum de Oro"},"content":{"rendered":"\n<figure class=\"wp-block-image size-full\"><a href=\"https:\/\/i0.wp.com\/lahoradelcampo.com.uy\/site\/wp-content\/uploads\/2023\/11\/CampoNatural-Paspalum.jpg\"><img data-recalc-dims=\"1\" loading=\"lazy\" decoding=\"async\" width=\"810\" height=\"405\" data-attachment-id=\"53114\" data-permalink=\"https:\/\/lahoradelcampo.com.uy\/site\/campo-natural-el-viernes-10-se-entregaron-los-paspalum-de-oro\/camponatural-paspalum\/\" data-orig-file=\"https:\/\/i0.wp.com\/lahoradelcampo.com.uy\/site\/wp-content\/uploads\/2023\/11\/CampoNatural-Paspalum.jpg?fit=880%2C440&amp;ssl=1\" data-orig-size=\"880,440\" data-comments-opened=\"1\" data-image-meta=\"{&quot;aperture&quot;:&quot;0&quot;,&quot;credit&quot;:&quot;&quot;,&quot;camera&quot;:&quot;&quot;,&quot;caption&quot;:&quot;&quot;,&quot;created_timestamp&quot;:&quot;0&quot;,&quot;copyright&quot;:&quot;&quot;,&quot;focal_length&quot;:&quot;0&quot;,&quot;iso&quot;:&quot;0&quot;,&quot;shutter_speed&quot;:&quot;0&quot;,&quot;title&quot;:&quot;&quot;,&quot;orientation&quot;:&quot;1&quot;}\" data-image-title=\"CampoNatural-Paspalum\" data-image-description=\"\" data-image-caption=\"\" data-large-file=\"https:\/\/i0.wp.com\/lahoradelcampo.com.uy\/site\/wp-content\/uploads\/2023\/11\/CampoNatural-Paspalum.jpg?fit=810%2C405&amp;ssl=1\" src=\"https:\/\/i0.wp.com\/lahoradelcampo.com.uy\/site\/wp-content\/uploads\/2023\/11\/CampoNatural-Paspalum.jpg?resize=810%2C405\" alt=\"\" class=\"wp-image-53114\" srcset=\"https:\/\/i0.wp.com\/lahoradelcampo.com.uy\/site\/wp-content\/uploads\/2023\/11\/CampoNatural-Paspalum.jpg?w=880&amp;ssl=1 880w, https:\/\/i0.wp.com\/lahoradelcampo.com.uy\/site\/wp-content\/uploads\/2023\/11\/CampoNatural-Paspalum.jpg?resize=300%2C150&amp;ssl=1 300w, https:\/\/i0.wp.com\/lahoradelcampo.com.uy\/site\/wp-content\/uploads\/2023\/11\/CampoNatural-Paspalum.jpg?resize=768%2C384&amp;ssl=1 768w, https:\/\/i0.wp.com\/lahoradelcampo.com.uy\/site\/wp-content\/uploads\/2023\/11\/CampoNatural-Paspalum.jpg?resize=820%2C410&amp;ssl=1 820w\" sizes=\"auto, (max-width: 810px) 100vw, 810px\" \/><\/a><\/figure>\n\n\n\n<p>El pasado viernes 10 de noviembre, el Instituto Nacional de Investigaci\u00f3n Agropecuaria (INIA) Tacuaremb\u00f3 fue el escenario de la entrega de los reconocimientos \u00abPaspalum de Oro\u00bb, en el marco del D\u00eda Nacional del Campo Natural, conmemorado cada 11 de noviembre en Uruguay.  <\/p>\n\n\n\n<p>La jornada conmemorativa, que se instituy\u00f3 en el a\u00f1o 2018 durante la Mesa de Ganader\u00eda sobre Campo Natural, una instancia integrada por organizaciones de productores, acad\u00e9micos e instituciones abocadas a esta tem\u00e1tica, ha adquirido relevancia nacional gracias a la Ley N\u00b020088, promulgada en el a\u00f1o 2022 por el parlamento nacional, que oficializa el 11 de noviembre como el \u00abD\u00eda Nacional del Campo Natural Uruguayo\u00bb.<\/p>\n\n\n\n<p>El campo natural, abarcando alrededor del 60% del territorio uruguayo, se erige como el ecosistema preponderante del pa\u00eds. No solo constituye la base forrajera fundamental para la ganader\u00eda, sino que desempe\u00f1a un papel crucial al proporcionar servicios ecosist\u00e9micos de gran valor, como el secuestro de carbono, la regulaci\u00f3n clim\u00e1tica, el control de la erosi\u00f3n y la provisi\u00f3n de agua de calidad, entre otros. Este vasto territorio alberga, adem\u00e1s, una rica diversidad de especies animales y vegetales.<\/p>\n\n\n\n<p>En la cuarta edici\u00f3n de los \u00abPaspalum de Oro\u00bb, llevada a cabo el pasado viernes, se honr\u00f3 a siete destacadas personalidades en seis categor\u00edas distintas, todas ellas dedicadas a la contribuci\u00f3n significativa a la ganader\u00eda sobre campo natural en Uruguay.<\/p>\n\n\n\n<p>Los galardonados de este a\u00f1o son los siguientes:<\/p>\n\n\n\n<p>En Extensi\u00f3n: Mar\u00eda Fernanda Bove<\/p>\n\n\n\n<p>En Investigaci\u00f3n: Ruy Orcasberro<\/p>\n\n\n\n<p>En Docencia y Educaci\u00f3n: Pablo Boggiano<\/p>\n\n\n\n<p>En Revelaci\u00f3n: Pedro Pa\u00f1ella<\/p>\n\n\n\n<p>En Arte, Comunicaci\u00f3n y Cultura: Guaymir\u00e1n Bon\u00e9<\/p>\n\n\n\n<p>En Producci\u00f3n: Ang\u00e9lica Pintos y Jos\u00e9 Luis Dutra da Silveira<\/p>\n\n\n\n<p>La ceremonia cont\u00f3 con la presencia de autoridades del Ministerio de Ganader\u00eda, Agricultura y Pesca, miembros de la Comisi\u00f3n de Ganader\u00eda, Agricultura y Pesca de la C\u00e1mara de Representantes, as\u00ed como representantes del Instituto Plan Agropecuario, INIA y las instituciones asociadas a la Mesa de Ganader\u00eda sobre Campo Natural.<\/p>\n\n\n\n<p>Salto, 16 de noviembre de 2023<\/p>\n","protected":false},"excerpt":{"rendered":"<p>El pasado viernes 10 de noviembre, el Instituto Nacional de Investigaci\u00f3n Agropecuaria (INIA) Tacuaremb\u00f3 fue el escenario de la entrega de los reconocimientos \u00abPaspalum de Oro\u00bb, en el marco del [&hellip;]<\/p>\n","protected":false},"author":5,"featured_media":53114,"comment_status":"open","ping_status":"open","sticky":false,"template":"","format":"standard","meta":{"_price":"","_stock":"","_tribe_ticket_header":"","_tribe_default_ticket_provider":"","_tribe_ticket_capacity":"0","_ticket_start_date":"","_ticket_end_date":"","_tribe_ticket_show_description":"","_tribe_ticket_show_not_going":false,"_tribe_ticket_use_global_stock":"","_tribe_ticket_global_stock_level":"","_global_stock_mode":"","_global_stock_cap":"","_tribe_rsvp_for_event":"","_tribe_ticket_going_count":"","_tribe_ticket_not_going_count":"","_tribe_tickets_list":"[]","_tribe_ticket_has_attendee_info_fields":false,"h5ap_radio_sources":[],"_jetpack_newsletter_access":"","_jetpack_dont_email_post_to_subs":false,"_jetpack_newsletter_tier_id":0,"_jetpack_memberships_contains_paywalled_content":false,"_jetpack_memberships_contains_paid_content":false,"footnotes":""},"categories":[21,5],"tags":[],"class_list":["post-53113","post","type-post","status-publish","format-standard","has-post-thumbnail","hentry","category-actualidad","category-ganaderia"],"jetpack_featured_media_url":"https:\/\/i0.wp.com\/lahoradelcampo.com.uy\/site\/wp-content\/uploads\/2023\/11\/CampoNatural-Paspalum.jpg?fit=880%2C440&ssl=1","jetpack_sharing_enabled":true,"jetpack_shortlink":"https:\/\/wp.me\/p99IaT-dOF","jetpack-related-posts":[{"id":34571,"url":"https:\/\/lahoradelcampo.com.uy\/site\/se-realiza-este-ano-la-segunda-edicion-del-paspalum-de-oro\/","url_meta":{"origin":53113,"position":0},"title":"Se realiza este a\u00f1o la segunda edici\u00f3n del \u00abPaspalum  de Oro\u00bb","author":"La Hora del Campo","date":"23 septiembre, 2021","format":false,"excerpt":"La Mesa de Ganader\u00eda sobre Campo Natural (MGCN) invita a participar de las postulaciones de la segunda edici\u00f3n del reconocimiento \u201cPaspalum de oro\u201d. Este reconocimiento busca destacar a quienes hayan hecho una contribuci\u00f3n significativa a la ganader\u00eda sobre campo natural del Uruguay. Las postulaciones se recibir\u00e1n hasta el d\u00eda 15\u2026","rel":"","context":"En \u00abActualidad\u00bb","block_context":{"text":"Actualidad","link":"https:\/\/lahoradelcampo.com.uy\/site\/category\/actualidad\/"},"img":{"alt_text":"","src":"https:\/\/i0.wp.com\/lahoradelcampo.com.uy\/site\/wp-content\/uploads\/2021\/09\/Paspalumdeoro.jpg?fit=880%2C440&ssl=1&resize=350%2C200","width":350,"height":200,"srcset":"https:\/\/i0.wp.com\/lahoradelcampo.com.uy\/site\/wp-content\/uploads\/2021\/09\/Paspalumdeoro.jpg?fit=880%2C440&ssl=1&resize=350%2C200 1x, https:\/\/i0.wp.com\/lahoradelcampo.com.uy\/site\/wp-content\/uploads\/2021\/09\/Paspalumdeoro.jpg?fit=880%2C440&ssl=1&resize=525%2C300 1.5x, https:\/\/i0.wp.com\/lahoradelcampo.com.uy\/site\/wp-content\/uploads\/2021\/09\/Paspalumdeoro.jpg?fit=880%2C440&ssl=1&resize=700%2C400 2x"},"classes":[]},{"id":54400,"url":"https:\/\/lahoradelcampo.com.uy\/site\/abiertas-las-inscripciones-para-el-paspalum-de-oro-2024\/","url_meta":{"origin":53113,"position":1},"title":"Abiertas las inscripciones para el Paspalum de Oro 2024","author":"La Hora del Campo","date":"4 septiembre, 2024","format":false,"excerpt":"La Mesa de Ganader\u00eda sobre Campo Natural (MGCN) ha lanzado la convocatoria para la quinta edici\u00f3n del \"Paspalum de Oro\", un reconocimiento que destaca a quienes contribuyen significativamente a la ganader\u00eda sobre campo natural en Uruguay. Las postulaciones estar\u00e1n abiertas hasta el 1 de octubre de 2024 y podr\u00e1n participar\u2026","rel":"","context":"En \u00abActualidad\u00bb","block_context":{"text":"Actualidad","link":"https:\/\/lahoradelcampo.com.uy\/site\/category\/actualidad\/"},"img":{"alt_text":"","src":"https:\/\/i0.wp.com\/lahoradelcampo.com.uy\/site\/wp-content\/uploads\/2024\/04\/ganados-pastura.jpg?fit=880%2C440&ssl=1&resize=350%2C200","width":350,"height":200,"srcset":"https:\/\/i0.wp.com\/lahoradelcampo.com.uy\/site\/wp-content\/uploads\/2024\/04\/ganados-pastura.jpg?fit=880%2C440&ssl=1&resize=350%2C200 1x, https:\/\/i0.wp.com\/lahoradelcampo.com.uy\/site\/wp-content\/uploads\/2024\/04\/ganados-pastura.jpg?fit=880%2C440&ssl=1&resize=525%2C300 1.5x, https:\/\/i0.wp.com\/lahoradelcampo.com.uy\/site\/wp-content\/uploads\/2024\/04\/ganados-pastura.jpg?fit=880%2C440&ssl=1&resize=700%2C400 2x"},"classes":[]},{"id":36459,"url":"https:\/\/lahoradelcampo.com.uy\/site\/el-ing-elbio-berreta-recibira-hoy-el-paspalum-de-oro\/","url_meta":{"origin":53113,"position":2},"title":"El Ing. Elbio Berreta recibir\u00e1 hoy el \u00abPaspalum de Oro\u00bb","author":"La Hora del Campo","date":"11 noviembre, 2021","format":false,"excerpt":"En la jornada de hoy se entrega el \"Paspalum\" de Oro a quienes contribuyen a la ganader\u00eda sobre campo natural en nuestro pa\u00eds. La actividad ser\u00e1 transmitida por el canal de YouTube del Ministerio de Ganader\u00eda, Agricultura y Pesca. El acto de entrega de reconocimientos ser\u00e1 a las 14 horas,\u2026","rel":"","context":"En \u00abActualidad\u00bb","block_context":{"text":"Actualidad","link":"https:\/\/lahoradelcampo.com.uy\/site\/category\/actualidad\/"},"img":{"alt_text":"","src":"https:\/\/i0.wp.com\/lahoradelcampo.com.uy\/site\/wp-content\/uploads\/2021\/11\/ElbioBerreta.jpg?fit=880%2C440&ssl=1&resize=350%2C200","width":350,"height":200,"srcset":"https:\/\/i0.wp.com\/lahoradelcampo.com.uy\/site\/wp-content\/uploads\/2021\/11\/ElbioBerreta.jpg?fit=880%2C440&ssl=1&resize=350%2C200 1x, https:\/\/i0.wp.com\/lahoradelcampo.com.uy\/site\/wp-content\/uploads\/2021\/11\/ElbioBerreta.jpg?fit=880%2C440&ssl=1&resize=525%2C300 1.5x, https:\/\/i0.wp.com\/lahoradelcampo.com.uy\/site\/wp-content\/uploads\/2021\/11\/ElbioBerreta.jpg?fit=880%2C440&ssl=1&resize=700%2C400 2x"},"classes":[]},{"id":55086,"url":"https:\/\/lahoradelcampo.com.uy\/site\/dia-nacional-del-campo-natural-se-realiza-hoy-en-cerro-del-bombero\/","url_meta":{"origin":53113,"position":3},"title":"D\u00eda Nacional del Campo Natural se realiza hoy en \u201cCerro del Bombero\u201d","author":"La Hora del Campo","date":"11 noviembre, 2024","format":false,"excerpt":"En el marco del D\u00eda Nacional del Campo Natural, se realiza la \u00faltima jornada de campo del proyecto Gesti\u00f3n del Pasto y Entrega Paspalum de Oro 2024, actividad a realizarse hoy lunes 11 de noviembre en el establecimiento \u201cCerro del Bombero\u201d de la familia Bazzano Falcone, en la zona de\u2026","rel":"","context":"En \u00abActualidad\u00bb","block_context":{"text":"Actualidad","link":"https:\/\/lahoradelcampo.com.uy\/site\/category\/actualidad\/"},"img":{"alt_text":"","src":"https:\/\/i0.wp.com\/lahoradelcampo.com.uy\/site\/wp-content\/uploads\/2024\/03\/campocolonos.jpg?fit=880%2C440&ssl=1&resize=350%2C200","width":350,"height":200,"srcset":"https:\/\/i0.wp.com\/lahoradelcampo.com.uy\/site\/wp-content\/uploads\/2024\/03\/campocolonos.jpg?fit=880%2C440&ssl=1&resize=350%2C200 1x, https:\/\/i0.wp.com\/lahoradelcampo.com.uy\/site\/wp-content\/uploads\/2024\/03\/campocolonos.jpg?fit=880%2C440&ssl=1&resize=525%2C300 1.5x, https:\/\/i0.wp.com\/lahoradelcampo.com.uy\/site\/wp-content\/uploads\/2024\/03\/campocolonos.jpg?fit=880%2C440&ssl=1&resize=700%2C400 2x"},"classes":[]},{"id":55098,"url":"https:\/\/lahoradelcampo.com.uy\/site\/se-celebro-ayer-en-merinosel-dia-del-campo-natural\/","url_meta":{"origin":53113,"position":4},"title":"Se celebr\u00f3 ayer en Merinos,el d\u00eda del Campo Natural","author":"La Hora del Campo","date":"12 noviembre, 2024","format":false,"excerpt":"Cada 11 de noviembre, Uruguay celebra el D\u00eda Nacional del Campo Natural, una fecha que invita a la reflexi\u00f3n y valorizaci\u00f3n de nuestro ecosistema de campo natural. Esta conmemoraci\u00f3n se origin\u00f3 en 2018 en el marco de la Mesa de Ganader\u00eda sobre Campo Natural, un espacio de trabajo colaborativo entre\u2026","rel":"","context":"En \u00abActualidad\u00bb","block_context":{"text":"Actualidad","link":"https:\/\/lahoradelcampo.com.uy\/site\/category\/actualidad\/"},"img":{"alt_text":"","src":"https:\/\/i0.wp.com\/lahoradelcampo.com.uy\/site\/wp-content\/uploads\/2024\/11\/Paspalumdeoro-premios.jpg?fit=880%2C440&ssl=1&resize=350%2C200","width":350,"height":200,"srcset":"https:\/\/i0.wp.com\/lahoradelcampo.com.uy\/site\/wp-content\/uploads\/2024\/11\/Paspalumdeoro-premios.jpg?fit=880%2C440&ssl=1&resize=350%2C200 1x, https:\/\/i0.wp.com\/lahoradelcampo.com.uy\/site\/wp-content\/uploads\/2024\/11\/Paspalumdeoro-premios.jpg?fit=880%2C440&ssl=1&resize=525%2C300 1.5x, https:\/\/i0.wp.com\/lahoradelcampo.com.uy\/site\/wp-content\/uploads\/2024\/11\/Paspalumdeoro-premios.jpg?fit=880%2C440&ssl=1&resize=700%2C400 2x"},"classes":[]},{"id":36447,"url":"https:\/\/lahoradelcampo.com.uy\/site\/hoy-se-celebra-el-dia-nacional-del-campo-natural-en-uruguay\/","url_meta":{"origin":53113,"position":5},"title":"Hoy se celebra el D\u00eda Nacional del Campo Natural en Uruguay","author":"La Hora del Campo","date":"11 noviembre, 2021","format":false,"excerpt":"Hoy jueves 11 se celebra, por cuarta vez, el D\u00eda Nacional del Campo Natural, dijo el Ing. Agr. Mart\u00edn Jaurena, investigaci\u00f3n del Instituto Nacional de Investigaci\u00f3n Agropecuaria (INIA) en contacto con La Hora del Campo el pasado martes, al tiempo que marc\u00f3 que hoy se entrega nuevamente el Paspalum de\u2026","rel":"","context":"En \u00abActualidad\u00bb","block_context":{"text":"Actualidad","link":"https:\/\/lahoradelcampo.com.uy\/site\/category\/actualidad\/"},"img":{"alt_text":"","src":"https:\/\/i0.wp.com\/lahoradelcampo.com.uy\/site\/wp-content\/uploads\/2021\/01\/Canutillo.jpg?fit=880%2C440&ssl=1&resize=350%2C200","width":350,"height":200,"srcset":"https:\/\/i0.wp.com\/lahoradelcampo.com.uy\/site\/wp-content\/uploads\/2021\/01\/Canutillo.jpg?fit=880%2C440&ssl=1&resize=350%2C200 1x, https:\/\/i0.wp.com\/lahoradelcampo.com.uy\/site\/wp-content\/uploads\/2021\/01\/Canutillo.jpg?fit=880%2C440&ssl=1&resize=525%2C300 1.5x, https:\/\/i0.wp.com\/lahoradelcampo.com.uy\/site\/wp-content\/uploads\/2021\/01\/Canutillo.jpg?fit=880%2C440&ssl=1&resize=700%2C400 2x"},"classes":[]}],"jetpack_likes_enabled":true,"_links":{"self":[{"href":"https:\/\/lahoradelcampo.com.uy\/site\/wp-json\/wp\/v2\/posts\/53113","targetHints":{"allow":["GET"]}}],"collection":[{"href":"https:\/\/lahoradelcampo.com.uy\/site\/wp-json\/wp\/v2\/posts"}],"about":[{"href":"https:\/\/lahoradelcampo.com.uy\/site\/wp-json\/wp\/v2\/types\/post"}],"author":[{"embeddable":true,"href":"https:\/\/lahoradelcampo.com.uy\/site\/wp-json\/wp\/v2\/users\/5"}],"replies":[{"embeddable":true,"href":"https:\/\/lahoradelcampo.com.uy\/site\/wp-json\/wp\/v2\/comments?post=53113"}],"version-history":[{"count":1,"href":"https:\/\/lahoradelcampo.com.uy\/site\/wp-json\/wp\/v2\/posts\/53113\/revisions"}],"predecessor-version":[{"id":53115,"href":"https:\/\/lahoradelcampo.com.uy\/site\/wp-json\/wp\/v2\/posts\/53113\/revisions\/53115"}],"wp:featuredmedia":[{"embeddable":true,"href":"https:\/\/lahoradelcampo.com.uy\/site\/wp-json\/wp\/v2\/media\/53114"}],"wp:attachment":[{"href":"https:\/\/lahoradelcampo.com.uy\/site\/wp-json\/wp\/v2\/media?parent=53113"}],"wp:term":[{"taxonomy":"category","embeddable":true,"href":"https:\/\/lahoradelcampo.com.uy\/site\/wp-json\/wp\/v2\/categories?post=53113"},{"taxonomy":"post_tag","embeddable":true,"href":"https:\/\/lahoradelcampo.com.uy\/site\/wp-json\/wp\/v2\/tags?post=53113"}],"curies":[{"name":"wp","href":"https:\/\/api.w.org\/{rel}","templated":true}]}}