{"id":53106,"date":"2023-11-16T08:34:39","date_gmt":"2023-11-16T11:34:39","guid":{"rendered":"http:\/\/lahoradelcampo.com.uy\/site\/?p=53106"},"modified":"2023-11-16T08:34:41","modified_gmt":"2023-11-16T11:34:41","slug":"la-recria-de-borregos-de-lana-fina-un-negocio-atractivo-y-sencillo","status":"publish","type":"post","link":"https:\/\/lahoradelcampo.com.uy\/site\/la-recria-de-borregos-de-lana-fina-un-negocio-atractivo-y-sencillo\/","title":{"rendered":"La recr\u00eda de borregos de lana fina, un negocio atractivo y sencillo"},"content":{"rendered":"\n<figure class=\"wp-block-image size-full\"><a href=\"https:\/\/i0.wp.com\/lahoradelcampo.com.uy\/site\/wp-content\/uploads\/2023\/11\/SUL-Jose-Ignacio-Aguerre-1.jpg\"><img data-recalc-dims=\"1\" loading=\"lazy\" decoding=\"async\" width=\"810\" height=\"405\" data-attachment-id=\"53111\" data-permalink=\"https:\/\/lahoradelcampo.com.uy\/site\/la-recria-de-borregos-de-lana-fina-un-negocio-atractivo-y-sencillo\/sul-jose-ignacio-aguerre-1\/\" data-orig-file=\"https:\/\/i0.wp.com\/lahoradelcampo.com.uy\/site\/wp-content\/uploads\/2023\/11\/SUL-Jose-Ignacio-Aguerre-1.jpg?fit=880%2C440&amp;ssl=1\" data-orig-size=\"880,440\" data-comments-opened=\"1\" data-image-meta=\"{&quot;aperture&quot;:&quot;0&quot;,&quot;credit&quot;:&quot;&quot;,&quot;camera&quot;:&quot;&quot;,&quot;caption&quot;:&quot;&quot;,&quot;created_timestamp&quot;:&quot;0&quot;,&quot;copyright&quot;:&quot;&quot;,&quot;focal_length&quot;:&quot;0&quot;,&quot;iso&quot;:&quot;0&quot;,&quot;shutter_speed&quot;:&quot;0&quot;,&quot;title&quot;:&quot;&quot;,&quot;orientation&quot;:&quot;1&quot;}\" data-image-title=\"SUL-Jose-Ignacio-Aguerre-1\" data-image-description=\"\" data-image-caption=\"\" data-large-file=\"https:\/\/i0.wp.com\/lahoradelcampo.com.uy\/site\/wp-content\/uploads\/2023\/11\/SUL-Jose-Ignacio-Aguerre-1.jpg?fit=810%2C405&amp;ssl=1\" src=\"https:\/\/i0.wp.com\/lahoradelcampo.com.uy\/site\/wp-content\/uploads\/2023\/11\/SUL-Jose-Ignacio-Aguerre-1.jpg?resize=810%2C405\" alt=\"\" class=\"wp-image-53111\" srcset=\"https:\/\/i0.wp.com\/lahoradelcampo.com.uy\/site\/wp-content\/uploads\/2023\/11\/SUL-Jose-Ignacio-Aguerre-1.jpg?w=880&amp;ssl=1 880w, https:\/\/i0.wp.com\/lahoradelcampo.com.uy\/site\/wp-content\/uploads\/2023\/11\/SUL-Jose-Ignacio-Aguerre-1.jpg?resize=300%2C150&amp;ssl=1 300w, https:\/\/i0.wp.com\/lahoradelcampo.com.uy\/site\/wp-content\/uploads\/2023\/11\/SUL-Jose-Ignacio-Aguerre-1.jpg?resize=768%2C384&amp;ssl=1 768w, https:\/\/i0.wp.com\/lahoradelcampo.com.uy\/site\/wp-content\/uploads\/2023\/11\/SUL-Jose-Ignacio-Aguerre-1.jpg?resize=820%2C410&amp;ssl=1 820w\" sizes=\"auto, (max-width: 810px) 100vw, 810px\" \/><\/a><\/figure>\n\n\n\n<p>Estamos ante un cambio circunstancial de la ganader\u00eda ovina a nivel nacional. Algunos sistemas est\u00e1n cambiando desde las lanas medias hacia sistemas de lanas finas en nuestro pa\u00eds. Son numerosos los productores que han tomado esta decisi\u00f3n dado que la lana representa un ingreso importante en sus sistemas y por lo tanto han encontrado una revalorizaci\u00f3n del negocio de la mano de los mejores precios.<\/p>\n\n\n\n<p>En este escenario, observamos el grave avance del Senecio (llamada Mar\u00eda Mole por algunos productores) por todos los rincones de nuestra Rep\u00fablica, clara evidencia de la ausencia de ovejas en los campos. Esta maleza adem\u00e1s de ser una clara evidencia de campo en degradaci\u00f3n, es altamente t\u00f3xica especialmente para los vacunos, registr\u00e1ndose casos cl\u00ednicos ya en algunas zonas del pa\u00eds, con muertes confirmadas por Veterinarios.<\/p>\n\n\n\n<p>Si pensamos en la producci\u00f3n ovina con razas de lanas finas, hay un muy evidente primer paso para superar todo obst\u00e1culo que es tener un manejo sanitario ajustado, es un paso fundamental pero claramente alcanzable como lo demuestran numerosos testimonios de productores de zonas de areniscas, zonas h\u00famedas, que tienen sistemas de lanas finas con muy buenos resultados productivos y econ\u00f3micos.<\/p>\n\n\n\n<p>Sin embargo, no todos los productores conf\u00edan en la posibilidad de producci\u00f3n ovina en su establecimiento con razas de lanas finas. Quiz\u00e1s entonces debemos de pensar que muchos productores que tienen dudas pueden explorar la posibilidad de tener un sistema de recr\u00eda de borregos hasta capones de lanas finas convirti\u00e9ndose en productores de lanas.<\/p>\n\n\n\n<p>Estamos proponiendo concretamente la compra de animales de lanas finas inmediatamente despu\u00e9s de su primera esquila y su recr\u00eda en el establecimiento hasta sacarles dos o tres vellones m\u00e1s.<\/p>\n\n\n\n<p>\u00bfCu\u00e1l es el impacto de este negocio? Claramente tener una producci\u00f3n de lanas finas de 5 a 10 kg por hect\u00e1rea puede significar un aumento significativo en los ingresos del establecimiento sumado a una producci\u00f3n de carne que valoriza el negocio.<\/p>\n\n\n\n<p>Para el an\u00e1lisis partimos de un punto de partida de 1.5 borregos por ha, que ganan 7 kg de peso vivo por a\u00f1o, produciendo 4 kg de lana para su segundo vell\u00f3n, con un precio de lanas finas de 7 d\u00f3lares al barrer.<br>Si la producci\u00f3n de lana por ha aumenta, sea por una mayor carga o por una mayor producci\u00f3n por cabeza el resultado mejora, del mismo modo que puede mejorar si se produce un aumento de precio de lanas finas.<\/p>\n\n\n\n<p>Este puede ser un sistema sumamente sencillo de llevar a cabo y con muy buenos resultados econ\u00f3micos. A su vez, la dotaci\u00f3n necesaria para poder desarrollar este emprendimiento no es alta por lo tanto podr\u00edamos especular con que en muchos establecimientos no es necesario reducir el stock actual porque seguramente reci\u00e9n con esta carga ovina se podr\u00eda alcanzar la dotaci\u00f3n segura del establecimiento. Con 1.5 cabezas por ha de esta categor\u00eda se alcanzar\u00eda una dotaci\u00f3n de 0.21 UG\/ha.<\/p>\n\n\n\n<p>En un momento en donde los campos manifiestan su tono amarillo en todo el pa\u00eds por la falta de ovejas y en donde productores est\u00e1n demandando un negocio ovino sencillo y rentable, claramente debe evaluarse con seriedad la incorporaci\u00f3n de sistema recriador-lanero para potenciar los ingresos con facilidad productiva.<\/p>\n\n\n\n<p>Para finalizar, con 1.5 borregos por ha, puede obtenerse un buen ingreso, competitivo con otras alternativas, que puede permitir cubrir costos importantes del establecimiento.<\/p>\n\n\n<div class=\"wp-block-image\">\n<figure class=\"aligncenter size-full\"><a href=\"https:\/\/i0.wp.com\/lahoradelcampo.com.uy\/site\/wp-content\/uploads\/2023\/11\/margen-bruto-borregos.jpg\"><img data-recalc-dims=\"1\" loading=\"lazy\" decoding=\"async\" width=\"602\" height=\"168\" data-attachment-id=\"53110\" data-permalink=\"https:\/\/lahoradelcampo.com.uy\/site\/la-recria-de-borregos-de-lana-fina-un-negocio-atractivo-y-sencillo\/margen-bruto-borregos\/\" data-orig-file=\"https:\/\/i0.wp.com\/lahoradelcampo.com.uy\/site\/wp-content\/uploads\/2023\/11\/margen-bruto-borregos.jpg?fit=602%2C168&amp;ssl=1\" data-orig-size=\"602,168\" data-comments-opened=\"1\" data-image-meta=\"{&quot;aperture&quot;:&quot;0&quot;,&quot;credit&quot;:&quot;&quot;,&quot;camera&quot;:&quot;&quot;,&quot;caption&quot;:&quot;&quot;,&quot;created_timestamp&quot;:&quot;0&quot;,&quot;copyright&quot;:&quot;&quot;,&quot;focal_length&quot;:&quot;0&quot;,&quot;iso&quot;:&quot;0&quot;,&quot;shutter_speed&quot;:&quot;0&quot;,&quot;title&quot;:&quot;&quot;,&quot;orientation&quot;:&quot;0&quot;}\" data-image-title=\"margen-bruto-borregos\" data-image-description=\"\" data-image-caption=\"\" data-large-file=\"https:\/\/i0.wp.com\/lahoradelcampo.com.uy\/site\/wp-content\/uploads\/2023\/11\/margen-bruto-borregos.jpg?fit=602%2C168&amp;ssl=1\" src=\"https:\/\/i0.wp.com\/lahoradelcampo.com.uy\/site\/wp-content\/uploads\/2023\/11\/margen-bruto-borregos.jpg?resize=602%2C168\" alt=\"\" class=\"wp-image-53110\" srcset=\"https:\/\/i0.wp.com\/lahoradelcampo.com.uy\/site\/wp-content\/uploads\/2023\/11\/margen-bruto-borregos.jpg?w=602&amp;ssl=1 602w, https:\/\/i0.wp.com\/lahoradelcampo.com.uy\/site\/wp-content\/uploads\/2023\/11\/margen-bruto-borregos.jpg?resize=300%2C84&amp;ssl=1 300w\" sizes=\"auto, (max-width: 602px) 100vw, 602px\" \/><\/a><\/figure>\n<\/div>\n\n\n<p>Claramente esta es una opci\u00f3n rentable sencilla y sustentable para el campo natural. Adem\u00e1s, este sistema puede ser un buen punto de partida para volver a incorporar ovinos en sistemas que han dejado el rubro, as\u00ed como tambi\u00e9n un sistema pr\u00e1ctico para evaluar el comportamiento de los animales de razas finas en nuevos establecimientos. Del mismo modo, puede evaluarse como un mecanismo para lograr la compra de hembras (corderas reci\u00e9n esquiladas), para construir nuevamente una majada, pudiendo buscar animales de calidad a un precio que suele ser menor al de una borrega de dos dientes.<\/p>\n\n\n\n<p>Salto, 16 de noviembre de 2023<\/p>\n","protected":false},"excerpt":{"rendered":"<p>Estamos ante un cambio circunstancial de la ganader\u00eda ovina a nivel nacional. Algunos sistemas est\u00e1n cambiando desde las lanas medias hacia sistemas de lanas finas en nuestro pa\u00eds. Son numerosos [&hellip;]<\/p>\n","protected":false},"author":5,"featured_media":53111,"comment_status":"open","ping_status":"open","sticky":false,"template":"","format":"standard","meta":{"_price":"","_stock":"","_tribe_ticket_header":"","_tribe_default_ticket_provider":"","_tribe_ticket_capacity":"0","_ticket_start_date":"","_ticket_end_date":"","_tribe_ticket_show_description":"","_tribe_ticket_show_not_going":false,"_tribe_ticket_use_global_stock":"","_tribe_ticket_global_stock_level":"","_global_stock_mode":"","_global_stock_cap":"","_tribe_rsvp_for_event":"","_tribe_ticket_going_count":"","_tribe_ticket_not_going_count":"","_tribe_tickets_list":"[]","_tribe_ticket_has_attendee_info_fields":false,"h5ap_radio_sources":[],"_jetpack_newsletter_access":"","_jetpack_dont_email_post_to_subs":false,"_jetpack_newsletter_tier_id":0,"_jetpack_memberships_contains_paywalled_content":false,"_jetpack_memberships_contains_paid_content":false,"footnotes":""},"categories":[21,13],"tags":[],"class_list":["post-53106","post","type-post","status-publish","format-standard","has-post-thumbnail","hentry","category-actualidad","category-ovinos"],"jetpack_featured_media_url":"https:\/\/i0.wp.com\/lahoradelcampo.com.uy\/site\/wp-content\/uploads\/2023\/11\/SUL-Jose-Ignacio-Aguerre-1.jpg?fit=880%2C440&ssl=1","jetpack_sharing_enabled":true,"jetpack_shortlink":"https:\/\/wp.me\/p99IaT-dOy","jetpack-related-posts":[{"id":53071,"url":"https:\/\/lahoradelcampo.com.uy\/site\/no-podemos-convalidar-mas-un-sistema-de-lanas-medias-que-justifica-el-negocio-con-el-precio-de-la-lana\/","url_meta":{"origin":53106,"position":0},"title":"\u00abNo podemos convalidar m\u00e1s un sistema de lanas medias\u00bb que justifica el negocio con el precio de la lana","author":"La Hora del Campo","date":"8 noviembre, 2023","format":false,"excerpt":"En el marco del Salto Ovino, el Secretariado Uruguayo de la Lana (SUL) realiz\u00f3 dos charlas, una enfocada en la sanidad del rubro y la otra directamente en la rentabilidad de los sistemas productivos de lanas medias y con un mensaje claro y conciso: \"lo que no podemos convalidar m\u00e1s,\u2026","rel":"","context":"En \u00abActualidad\u00bb","block_context":{"text":"Actualidad","link":"https:\/\/lahoradelcampo.com.uy\/site\/category\/actualidad\/"},"img":{"alt_text":"","src":"https:\/\/i0.wp.com\/lahoradelcampo.com.uy\/site\/wp-content\/uploads\/2023\/11\/SUL-Jose-Ignacio-Aguerre.jpg?fit=880%2C440&ssl=1&resize=350%2C200","width":350,"height":200,"srcset":"https:\/\/i0.wp.com\/lahoradelcampo.com.uy\/site\/wp-content\/uploads\/2023\/11\/SUL-Jose-Ignacio-Aguerre.jpg?fit=880%2C440&ssl=1&resize=350%2C200 1x, https:\/\/i0.wp.com\/lahoradelcampo.com.uy\/site\/wp-content\/uploads\/2023\/11\/SUL-Jose-Ignacio-Aguerre.jpg?fit=880%2C440&ssl=1&resize=525%2C300 1.5x, https:\/\/i0.wp.com\/lahoradelcampo.com.uy\/site\/wp-content\/uploads\/2023\/11\/SUL-Jose-Ignacio-Aguerre.jpg?fit=880%2C440&ssl=1&resize=700%2C400 2x"},"classes":[]},{"id":30942,"url":"https:\/\/lahoradelcampo.com.uy\/site\/tras-negocios-puntuales-productores-esperan-mejores-precios-para-vender\/","url_meta":{"origin":53106,"position":1},"title":"Tras negocios puntuales, productores esperan mejores precios para vender","author":"La Hora del Campo","date":"4 junio, 2021","format":false,"excerpt":"En las \u00faltimas semanas se han dado algunos negocios, que se se\u00f1alan como puntuales por algunos operadores, con precios que generan expectativas y hace que algunos productores vuelvan a posicionarse con valores por encima de lo que la demanda est\u00e1 convalidando en los negocios. Si bien tanto desde la industria\u2026","rel":"","context":"En \u00abActualidad\u00bb","block_context":{"text":"Actualidad","link":"https:\/\/lahoradelcampo.com.uy\/site\/category\/actualidad\/"},"img":{"alt_text":"","src":"https:\/\/i0.wp.com\/lahoradelcampo.com.uy\/site\/wp-content\/uploads\/2021\/06\/lanauruguay.jpg?fit=880%2C440&ssl=1&resize=350%2C200","width":350,"height":200,"srcset":"https:\/\/i0.wp.com\/lahoradelcampo.com.uy\/site\/wp-content\/uploads\/2021\/06\/lanauruguay.jpg?fit=880%2C440&ssl=1&resize=350%2C200 1x, https:\/\/i0.wp.com\/lahoradelcampo.com.uy\/site\/wp-content\/uploads\/2021\/06\/lanauruguay.jpg?fit=880%2C440&ssl=1&resize=525%2C300 1.5x, https:\/\/i0.wp.com\/lahoradelcampo.com.uy\/site\/wp-content\/uploads\/2021\/06\/lanauruguay.jpg?fit=880%2C440&ssl=1&resize=700%2C400 2x"},"classes":[]},{"id":37431,"url":"https:\/\/lahoradelcampo.com.uy\/site\/se-ajustaron-los-valores-de-un-negocio-en-salto-y-cerro-a-us-1433\/","url_meta":{"origin":53106,"position":2},"title":"Se ajustaron los valores de un negocio en Salto,  y cerr\u00f3 a US$ 14,33","author":"La Hora del Campo","date":"10 diciembre, 2021","format":false,"excerpt":"El pasado martes 23 de noviembre le informamos la concreci\u00f3n de un negocio de lana merino australiano, que se hab\u00eda fijado a una escala de precios con una base de 14 d\u00f3lares por kilogramo de vell\u00f3n. En ese momento y en base a los datos objetivos de 2020, el lote\u2026","rel":"","context":"En \u00abActualidad\u00bb","block_context":{"text":"Actualidad","link":"https:\/\/lahoradelcampo.com.uy\/site\/category\/actualidad\/"},"img":{"alt_text":"","src":"https:\/\/i0.wp.com\/lahoradelcampo.com.uy\/site\/wp-content\/uploads\/2017\/09\/Lanas-1.jpg?fit=880%2C440&ssl=1&resize=350%2C200","width":350,"height":200,"srcset":"https:\/\/i0.wp.com\/lahoradelcampo.com.uy\/site\/wp-content\/uploads\/2017\/09\/Lanas-1.jpg?fit=880%2C440&ssl=1&resize=350%2C200 1x, https:\/\/i0.wp.com\/lahoradelcampo.com.uy\/site\/wp-content\/uploads\/2017\/09\/Lanas-1.jpg?fit=880%2C440&ssl=1&resize=525%2C300 1.5x, https:\/\/i0.wp.com\/lahoradelcampo.com.uy\/site\/wp-content\/uploads\/2017\/09\/Lanas-1.jpg?fit=880%2C440&ssl=1&resize=700%2C400 2x"},"classes":[]},{"id":46763,"url":"https:\/\/lahoradelcampo.com.uy\/site\/en-pleno-periodo-de-ventas-de-lana-el-mercado-interno-continua-enlentecido\/","url_meta":{"origin":53106,"position":3},"title":"En pleno per\u00edodo de ventas de lana, el mercado interno contin\u00faa enlentecido","author":"La Hora del Campo","date":"4 noviembre, 2022","format":false,"excerpt":"\"Con la baja de esta semana, bravo para hacer negocios\" dijo un integrante de un industria topista, en tanto que otro se\u00f1al\u00f3 que \"nosotros sin negocios y afuera sigue muy inestable\". En tanto que algunos consignatarios laneros indicaron \"nada de nada\" o \"cero negocios\", en este sentido esta semana no\u2026","rel":"","context":"En \u00abActualidad\u00bb","block_context":{"text":"Actualidad","link":"https:\/\/lahoradelcampo.com.uy\/site\/category\/actualidad\/"},"img":{"alt_text":"","src":"https:\/\/i0.wp.com\/lahoradelcampo.com.uy\/site\/wp-content\/uploads\/2022\/07\/Lana-Australiana.jpg?fit=880%2C440&ssl=1&resize=350%2C200","width":350,"height":200,"srcset":"https:\/\/i0.wp.com\/lahoradelcampo.com.uy\/site\/wp-content\/uploads\/2022\/07\/Lana-Australiana.jpg?fit=880%2C440&ssl=1&resize=350%2C200 1x, https:\/\/i0.wp.com\/lahoradelcampo.com.uy\/site\/wp-content\/uploads\/2022\/07\/Lana-Australiana.jpg?fit=880%2C440&ssl=1&resize=525%2C300 1.5x, https:\/\/i0.wp.com\/lahoradelcampo.com.uy\/site\/wp-content\/uploads\/2022\/07\/Lana-Australiana.jpg?fit=880%2C440&ssl=1&resize=700%2C400 2x"},"classes":[]},{"id":15990,"url":"https:\/\/lahoradelcampo.com.uy\/site\/mercado-lanero-pocos-negocios-y-los-valores-lejos-de-las-expectativas\/","url_meta":{"origin":53106,"position":4},"title":"Mercado lanero: Pocos negocios y los valores lejos de las expectativas","author":"La Hora del Campo","date":"24 noviembre, 2019","format":false,"excerpt":"El mercado interno se movi\u00f3 lentamente en algunos negocios sobre el pasado fin de semana para luego volver a aquietarse. Como es tradicional al acercarse al cierre del a\u00f1o, algunos productores buscan vender su lana, sin embargo a\u00fan da la sensaci\u00f3n que lejos est\u00e1 de conformarse un mercado fluido en\u2026","rel":"","context":"En \u00abActualidad\u00bb","block_context":{"text":"Actualidad","link":"https:\/\/lahoradelcampo.com.uy\/site\/category\/actualidad\/"},"img":{"alt_text":"","src":"https:\/\/i0.wp.com\/lahoradelcampo.com.uy\/site\/wp-content\/uploads\/2017\/10\/Lanas-2.jpg?fit=880%2C440&ssl=1&resize=350%2C200","width":350,"height":200,"srcset":"https:\/\/i0.wp.com\/lahoradelcampo.com.uy\/site\/wp-content\/uploads\/2017\/10\/Lanas-2.jpg?fit=880%2C440&ssl=1&resize=350%2C200 1x, https:\/\/i0.wp.com\/lahoradelcampo.com.uy\/site\/wp-content\/uploads\/2017\/10\/Lanas-2.jpg?fit=880%2C440&ssl=1&resize=525%2C300 1.5x, https:\/\/i0.wp.com\/lahoradelcampo.com.uy\/site\/wp-content\/uploads\/2017\/10\/Lanas-2.jpg?fit=880%2C440&ssl=1&resize=700%2C400 2x"},"classes":[]},{"id":54654,"url":"https:\/\/lahoradelcampo.com.uy\/site\/el-mercado-lanero-presenta-un-nivel-de-optimismo-mayor-al-de-anos-anteriores\/","url_meta":{"origin":53106,"position":5},"title":"El mercado lanero presenta \u00abun nivel de optimismo mayor al de a\u00f1os anteriores\u00bb","author":"La Hora del Campo","date":"25 septiembre, 2024","format":false,"excerpt":"El mercado lanero uruguayo ha logrado ir comercializando lotes de zafras anteriores, que se han venido acumulando, principalmente en el caso de las lanas medias y gruesas que son las que han encontrado mayores dificultades a la hora de vender, en tanto que, en las lanas finas, si bien existe\u2026","rel":"","context":"En \u00abActualidad\u00bb","block_context":{"text":"Actualidad","link":"https:\/\/lahoradelcampo.com.uy\/site\/category\/actualidad\/"},"img":{"alt_text":"","src":"https:\/\/i0.wp.com\/lahoradelcampo.com.uy\/site\/wp-content\/uploads\/2024\/09\/GuzmanSilva-TopFraymarcos.jpg?fit=880%2C440&ssl=1&resize=350%2C200","width":350,"height":200,"srcset":"https:\/\/i0.wp.com\/lahoradelcampo.com.uy\/site\/wp-content\/uploads\/2024\/09\/GuzmanSilva-TopFraymarcos.jpg?fit=880%2C440&ssl=1&resize=350%2C200 1x, https:\/\/i0.wp.com\/lahoradelcampo.com.uy\/site\/wp-content\/uploads\/2024\/09\/GuzmanSilva-TopFraymarcos.jpg?fit=880%2C440&ssl=1&resize=525%2C300 1.5x, https:\/\/i0.wp.com\/lahoradelcampo.com.uy\/site\/wp-content\/uploads\/2024\/09\/GuzmanSilva-TopFraymarcos.jpg?fit=880%2C440&ssl=1&resize=700%2C400 2x"},"classes":[]}],"jetpack_likes_enabled":true,"_links":{"self":[{"href":"https:\/\/lahoradelcampo.com.uy\/site\/wp-json\/wp\/v2\/posts\/53106","targetHints":{"allow":["GET"]}}],"collection":[{"href":"https:\/\/lahoradelcampo.com.uy\/site\/wp-json\/wp\/v2\/posts"}],"about":[{"href":"https:\/\/lahoradelcampo.com.uy\/site\/wp-json\/wp\/v2\/types\/post"}],"author":[{"embeddable":true,"href":"https:\/\/lahoradelcampo.com.uy\/site\/wp-json\/wp\/v2\/users\/5"}],"replies":[{"embeddable":true,"href":"https:\/\/lahoradelcampo.com.uy\/site\/wp-json\/wp\/v2\/comments?post=53106"}],"version-history":[{"count":1,"href":"https:\/\/lahoradelcampo.com.uy\/site\/wp-json\/wp\/v2\/posts\/53106\/revisions"}],"predecessor-version":[{"id":53112,"href":"https:\/\/lahoradelcampo.com.uy\/site\/wp-json\/wp\/v2\/posts\/53106\/revisions\/53112"}],"wp:featuredmedia":[{"embeddable":true,"href":"https:\/\/lahoradelcampo.com.uy\/site\/wp-json\/wp\/v2\/media\/53111"}],"wp:attachment":[{"href":"https:\/\/lahoradelcampo.com.uy\/site\/wp-json\/wp\/v2\/media?parent=53106"}],"wp:term":[{"taxonomy":"category","embeddable":true,"href":"https:\/\/lahoradelcampo.com.uy\/site\/wp-json\/wp\/v2\/categories?post=53106"},{"taxonomy":"post_tag","embeddable":true,"href":"https:\/\/lahoradelcampo.com.uy\/site\/wp-json\/wp\/v2\/tags?post=53106"}],"curies":[{"name":"wp","href":"https:\/\/api.w.org\/{rel}","templated":true}]}}