{"id":53089,"date":"2023-11-10T07:26:56","date_gmt":"2023-11-10T10:26:56","guid":{"rendered":"http:\/\/lahoradelcampo.com.uy\/site\/?p=53089"},"modified":"2023-11-10T07:26:59","modified_gmt":"2023-11-10T10:26:59","slug":"plaza-rural-coloco-el-94-de-la-oferta-en-el-primer-remate-de-noviembre","status":"publish","type":"post","link":"https:\/\/lahoradelcampo.com.uy\/site\/plaza-rural-coloco-el-94-de-la-oferta-en-el-primer-remate-de-noviembre\/","title":{"rendered":"Plaza Rural coloc\u00f3 el 94% de la oferta en el primer remate de noviembre"},"content":{"rendered":"\n<figure class=\"wp-block-image size-full\"><a href=\"https:\/\/i0.wp.com\/lahoradelcampo.com.uy\/site\/wp-content\/uploads\/2023\/06\/Plaza-Rural-1.jpg\"><img data-recalc-dims=\"1\" loading=\"lazy\" decoding=\"async\" width=\"810\" height=\"405\" data-attachment-id=\"51399\" data-permalink=\"https:\/\/lahoradelcampo.com.uy\/site\/remate-270-de-plaza-rural-dias-con-tonos-diferentes-y-buena-colocacion\/plaza-rural-1-2\/\" data-orig-file=\"https:\/\/i0.wp.com\/lahoradelcampo.com.uy\/site\/wp-content\/uploads\/2023\/06\/Plaza-Rural-1.jpg?fit=880%2C440&amp;ssl=1\" data-orig-size=\"880,440\" data-comments-opened=\"1\" data-image-meta=\"{&quot;aperture&quot;:&quot;0&quot;,&quot;credit&quot;:&quot;&quot;,&quot;camera&quot;:&quot;&quot;,&quot;caption&quot;:&quot;&quot;,&quot;created_timestamp&quot;:&quot;0&quot;,&quot;copyright&quot;:&quot;&quot;,&quot;focal_length&quot;:&quot;0&quot;,&quot;iso&quot;:&quot;0&quot;,&quot;shutter_speed&quot;:&quot;0&quot;,&quot;title&quot;:&quot;&quot;,&quot;orientation&quot;:&quot;1&quot;}\" data-image-title=\"Plaza Rural 1\" data-image-description=\"\" data-image-caption=\"\" data-large-file=\"https:\/\/i0.wp.com\/lahoradelcampo.com.uy\/site\/wp-content\/uploads\/2023\/06\/Plaza-Rural-1.jpg?fit=810%2C405&amp;ssl=1\" src=\"https:\/\/i0.wp.com\/lahoradelcampo.com.uy\/site\/wp-content\/uploads\/2023\/06\/Plaza-Rural-1.jpg?resize=810%2C405\" alt=\"\" class=\"wp-image-51399\" srcset=\"https:\/\/i0.wp.com\/lahoradelcampo.com.uy\/site\/wp-content\/uploads\/2023\/06\/Plaza-Rural-1.jpg?w=880&amp;ssl=1 880w, https:\/\/i0.wp.com\/lahoradelcampo.com.uy\/site\/wp-content\/uploads\/2023\/06\/Plaza-Rural-1.jpg?resize=300%2C150&amp;ssl=1 300w, https:\/\/i0.wp.com\/lahoradelcampo.com.uy\/site\/wp-content\/uploads\/2023\/06\/Plaza-Rural-1.jpg?resize=768%2C384&amp;ssl=1 768w, https:\/\/i0.wp.com\/lahoradelcampo.com.uy\/site\/wp-content\/uploads\/2023\/06\/Plaza-Rural-1.jpg?resize=820%2C410&amp;ssl=1 820w\" sizes=\"auto, (max-width: 810px) 100vw, 810px\" \/><\/a><\/figure>\n\n\n\n<p>En el marco del primer remate de noviembre, Plaza Rural, en colaboraci\u00f3n con el Banco Rep\u00fablica (BROU), logr\u00f3 la dispersi\u00f3n del 94% de la oferta, con una colocaci\u00f3n de 9.357 vacunos de invernada y cr\u00eda.<\/p>\n\n\n\n<p>El Ingeniero Agr\u00f3nomo Fernando Indarte Gianoni comparti\u00f3 una perspectiva de estabilidad en el remate. Seg\u00fan sus observaciones, las correcciones en los precios fueron moderadas, fluctuando alrededor del 2%.<br>Detall\u00f3 que, por ejemplo, los terneros machos experimentaron un aumento del 2%, mientras que las terneras aumentaron un 5%. Para \u00e9l, la din\u00e1mica del mercado se caracteriz\u00f3 por un comportamiento ascendente en lo liviano y estabilidad en lo pesado, con reducciones superiores al 6% en el caso de la vaca de invernada.<\/p>\n\n\n\n<p>En relaci\u00f3n al d\u00eda de la cr\u00eda, el director de Indarte y C\u00eda. destac\u00f3 el alto porcentaje de venta, alcanzando el 94%. Sin embargo, se\u00f1al\u00f3 que algunas pretensiones de los vendedores, en busca de precios espec\u00edficos, impidieron alcanzar el 100% de dispersi\u00f3n. <\/p>\n\n\n\n<p>Fernando Indarte indic\u00f3 una creciente demanda en comparaci\u00f3n con la oferta, subrayando la peculiaridad de regiones tradicionalmente proveedoras de ganado que ahora buscan activamente reposici\u00f3n.<\/p>\n\n\n\n<figure class=\"wp-block-image size-large\"><a href=\"https:\/\/i0.wp.com\/lahoradelcampo.com.uy\/site\/wp-content\/uploads\/2023\/11\/Plaza-Rural-276.jpg\"><img data-recalc-dims=\"1\" loading=\"lazy\" decoding=\"async\" width=\"810\" height=\"635\" data-attachment-id=\"53090\" data-permalink=\"https:\/\/lahoradelcampo.com.uy\/site\/plaza-rural-coloco-el-94-de-la-oferta-en-el-primer-remate-de-noviembre\/plaza-rural-276\/\" data-orig-file=\"https:\/\/i0.wp.com\/lahoradelcampo.com.uy\/site\/wp-content\/uploads\/2023\/11\/Plaza-Rural-276.jpg?fit=1563%2C1226&amp;ssl=1\" data-orig-size=\"1563,1226\" data-comments-opened=\"1\" data-image-meta=\"{&quot;aperture&quot;:&quot;0&quot;,&quot;credit&quot;:&quot;&quot;,&quot;camera&quot;:&quot;&quot;,&quot;caption&quot;:&quot;&quot;,&quot;created_timestamp&quot;:&quot;0&quot;,&quot;copyright&quot;:&quot;&quot;,&quot;focal_length&quot;:&quot;0&quot;,&quot;iso&quot;:&quot;0&quot;,&quot;shutter_speed&quot;:&quot;0&quot;,&quot;title&quot;:&quot;&quot;,&quot;orientation&quot;:&quot;1&quot;}\" data-image-title=\"Plaza Rural 276\" data-image-description=\"\" data-image-caption=\"\" data-large-file=\"https:\/\/i0.wp.com\/lahoradelcampo.com.uy\/site\/wp-content\/uploads\/2023\/11\/Plaza-Rural-276.jpg?fit=810%2C635&amp;ssl=1\" src=\"https:\/\/i0.wp.com\/lahoradelcampo.com.uy\/site\/wp-content\/uploads\/2023\/11\/Plaza-Rural-276.jpg?resize=810%2C635\" alt=\"\" class=\"wp-image-53090\" srcset=\"https:\/\/i0.wp.com\/lahoradelcampo.com.uy\/site\/wp-content\/uploads\/2023\/11\/Plaza-Rural-276.jpg?resize=1024%2C803&amp;ssl=1 1024w, https:\/\/i0.wp.com\/lahoradelcampo.com.uy\/site\/wp-content\/uploads\/2023\/11\/Plaza-Rural-276.jpg?resize=300%2C235&amp;ssl=1 300w, https:\/\/i0.wp.com\/lahoradelcampo.com.uy\/site\/wp-content\/uploads\/2023\/11\/Plaza-Rural-276.jpg?resize=768%2C602&amp;ssl=1 768w, https:\/\/i0.wp.com\/lahoradelcampo.com.uy\/site\/wp-content\/uploads\/2023\/11\/Plaza-Rural-276.jpg?resize=1536%2C1205&amp;ssl=1 1536w, https:\/\/i0.wp.com\/lahoradelcampo.com.uy\/site\/wp-content\/uploads\/2023\/11\/Plaza-Rural-276.jpg?w=1563&amp;ssl=1 1563w\" sizes=\"auto, (max-width: 810px) 100vw, 810px\" \/><\/a><\/figure>\n\n\n\n<p>Salto, 10 de noviembre de 2023<\/p>\n","protected":false},"excerpt":{"rendered":"<p>En el marco del primer remate de noviembre, Plaza Rural, en colaboraci\u00f3n con el Banco Rep\u00fablica (BROU), logr\u00f3 la dispersi\u00f3n del 94% de la oferta, con una colocaci\u00f3n de 9.357 [&hellip;]<\/p>\n","protected":false},"author":5,"featured_media":51399,"comment_status":"open","ping_status":"open","sticky":false,"template":"","format":"standard","meta":{"_price":"","_stock":"","_tribe_ticket_header":"","_tribe_default_ticket_provider":"","_tribe_ticket_capacity":"0","_ticket_start_date":"","_ticket_end_date":"","_tribe_ticket_show_description":"","_tribe_ticket_show_not_going":false,"_tribe_ticket_use_global_stock":"","_tribe_ticket_global_stock_level":"","_global_stock_mode":"","_global_stock_cap":"","_tribe_rsvp_for_event":"","_tribe_ticket_going_count":"","_tribe_ticket_not_going_count":"","_tribe_tickets_list":"[]","_tribe_ticket_has_attendee_info_fields":false,"h5ap_radio_sources":[],"_jetpack_newsletter_access":"","_jetpack_dont_email_post_to_subs":false,"_jetpack_newsletter_tier_id":0,"_jetpack_memberships_contains_paywalled_content":false,"_jetpack_memberships_contains_paid_content":false,"footnotes":""},"categories":[21,5],"tags":[],"class_list":["post-53089","post","type-post","status-publish","format-standard","has-post-thumbnail","hentry","category-actualidad","category-ganaderia"],"jetpack_featured_media_url":"https:\/\/i0.wp.com\/lahoradelcampo.com.uy\/site\/wp-content\/uploads\/2023\/06\/Plaza-Rural-1.jpg?fit=880%2C440&ssl=1","jetpack_sharing_enabled":true,"jetpack_shortlink":"https:\/\/wp.me\/p99IaT-dOh","jetpack-related-posts":[{"id":36717,"url":"https:\/\/lahoradelcampo.com.uy\/site\/plaza-rural-coloco-el-90-de-la-oferta\/","url_meta":{"origin":53089,"position":0},"title":"Plaza Rural coloc\u00f3 el 90% de la oferta","author":"La Hora del Campo","date":"19 noviembre, 2021","format":false,"excerpt":"En un remate donde era previsible una correcci\u00f3n a la baja en los valores de la reposici\u00f3n, el consorcio de rematadores de Plaza Rural coloc\u00f3 e 90% de la oferta que pas\u00f3 por la pista virtual. En el primer d\u00eda de ventas, m\u00e1s all\u00e1 del ajuste al kilo de los\u2026","rel":"","context":"En \u00abActualidad\u00bb","block_context":{"text":"Actualidad","link":"https:\/\/lahoradelcampo.com.uy\/site\/category\/actualidad\/"},"img":{"alt_text":"","src":"https:\/\/i0.wp.com\/lahoradelcampo.com.uy\/site\/wp-content\/uploads\/2021\/02\/PLazarural.jpg?fit=880%2C440&ssl=1&resize=350%2C200","width":350,"height":200,"srcset":"https:\/\/i0.wp.com\/lahoradelcampo.com.uy\/site\/wp-content\/uploads\/2021\/02\/PLazarural.jpg?fit=880%2C440&ssl=1&resize=350%2C200 1x, https:\/\/i0.wp.com\/lahoradelcampo.com.uy\/site\/wp-content\/uploads\/2021\/02\/PLazarural.jpg?fit=880%2C440&ssl=1&resize=525%2C300 1.5x, https:\/\/i0.wp.com\/lahoradelcampo.com.uy\/site\/wp-content\/uploads\/2021\/02\/PLazarural.jpg?fit=880%2C440&ssl=1&resize=700%2C400 2x"},"classes":[]},{"id":4047,"url":"https:\/\/lahoradelcampo.com.uy\/site\/plaza-rural-coloco-el-944-de-la-oferta-de-noviembre\/","url_meta":{"origin":53089,"position":1},"title":"Plaza Rural coloc\u00f3 el 94,4% de la oferta de noviembre","author":"La Hora del Campo","date":"16 noviembre, 2017","format":false,"excerpt":"Plaza Rural realiz\u00f3 durante los d\u00edas 15 y 16 de noviembre su remate 188, donde se incluy\u00f3 una nueva edici\u00f3n de Plaza Braford, donde se incluy\u00f3 ganados certificados por la Sociedad de Criadores de Braford y Ceb\u00fa del Uruguay. El consorcio de rematadores logr\u00f3 colocar 10.632 vacunos del total de\u2026","rel":"","context":"En \u00abActualidad\u00bb","block_context":{"text":"Actualidad","link":"https:\/\/lahoradelcampo.com.uy\/site\/category\/actualidad\/"},"img":{"alt_text":"","src":"https:\/\/i0.wp.com\/lahoradelcampo.com.uy\/site\/wp-content\/uploads\/2017\/11\/plazarural.jpg?fit=880%2C440&ssl=1&resize=350%2C200","width":350,"height":200,"srcset":"https:\/\/i0.wp.com\/lahoradelcampo.com.uy\/site\/wp-content\/uploads\/2017\/11\/plazarural.jpg?fit=880%2C440&ssl=1&resize=350%2C200 1x, https:\/\/i0.wp.com\/lahoradelcampo.com.uy\/site\/wp-content\/uploads\/2017\/11\/plazarural.jpg?fit=880%2C440&ssl=1&resize=525%2C300 1.5x, https:\/\/i0.wp.com\/lahoradelcampo.com.uy\/site\/wp-content\/uploads\/2017\/11\/plazarural.jpg?fit=880%2C440&ssl=1&resize=700%2C400 2x"},"classes":[]},{"id":3991,"url":"https:\/\/lahoradelcampo.com.uy\/site\/plaza-rural-coloco-el-955-de-la-oferta-el-primer-dia\/","url_meta":{"origin":53089,"position":2},"title":"Plaza Rural coloc\u00f3 el 95,5% de la oferta el primer d\u00eda","author":"La Hora del Campo","date":"16 noviembre, 2017","format":false,"excerpt":"Plaza Rural concret\u00f3 en la jornada de ayer su primer d\u00eda de ventas del remate 188, en el cual se incluye el Plaza Braford, con una colocaci\u00f3n del 95,5% de la oferta. Las ventas en esta oportunidad, realizadas desde el Hotel Cottage y a trav\u00e9s de Tv cable e internet\u2026","rel":"","context":"En \u00abActualidad\u00bb","block_context":{"text":"Actualidad","link":"https:\/\/lahoradelcampo.com.uy\/site\/category\/actualidad\/"},"img":{"alt_text":"","src":"https:\/\/i0.wp.com\/lahoradelcampo.com.uy\/site\/wp-content\/uploads\/2017\/11\/Plaza.jpg?fit=880%2C440&ssl=1&resize=350%2C200","width":350,"height":200,"srcset":"https:\/\/i0.wp.com\/lahoradelcampo.com.uy\/site\/wp-content\/uploads\/2017\/11\/Plaza.jpg?fit=880%2C440&ssl=1&resize=350%2C200 1x, https:\/\/i0.wp.com\/lahoradelcampo.com.uy\/site\/wp-content\/uploads\/2017\/11\/Plaza.jpg?fit=880%2C440&ssl=1&resize=525%2C300 1.5x, https:\/\/i0.wp.com\/lahoradelcampo.com.uy\/site\/wp-content\/uploads\/2017\/11\/Plaza.jpg?fit=880%2C440&ssl=1&resize=700%2C400 2x"},"classes":[]},{"id":49990,"url":"https:\/\/lahoradelcampo.com.uy\/site\/plaza-rural-disperso-mas-de-10-000-vacunos-en-el-primer-remate-de-abril\/","url_meta":{"origin":53089,"position":3},"title":"Plaza Rural dispers\u00f3 m\u00e1s de 10.000 vacunos en el primer remate de abril","author":"La Hora del Campo","date":"16 abril, 2023","format":false,"excerpt":"Plaza Rural celebr\u00f3 su primer remate de abril con excelentes resultados. La firma dispers\u00f3 10.753 vacunos, logrando una tasa de venta del 95% de la oferta, consolidando la firmeza del mercado de reposici\u00f3n. Alejandro Zambrano Zerbino, director de Zambrano & C\u00eda., destac\u00f3 el \u00e9xito del remate, atribuy\u00e9ndolo al dinamismo del\u2026","rel":"","context":"En \u00abActualidad\u00bb","block_context":{"text":"Actualidad","link":"https:\/\/lahoradelcampo.com.uy\/site\/category\/actualidad\/"},"img":{"alt_text":"","src":"https:\/\/i0.wp.com\/lahoradelcampo.com.uy\/site\/wp-content\/uploads\/2022\/05\/PlazaRural-general2.jpg?fit=880%2C440&ssl=1&resize=350%2C200","width":350,"height":200,"srcset":"https:\/\/i0.wp.com\/lahoradelcampo.com.uy\/site\/wp-content\/uploads\/2022\/05\/PlazaRural-general2.jpg?fit=880%2C440&ssl=1&resize=350%2C200 1x, https:\/\/i0.wp.com\/lahoradelcampo.com.uy\/site\/wp-content\/uploads\/2022\/05\/PlazaRural-general2.jpg?fit=880%2C440&ssl=1&resize=525%2C300 1.5x, https:\/\/i0.wp.com\/lahoradelcampo.com.uy\/site\/wp-content\/uploads\/2022\/05\/PlazaRural-general2.jpg?fit=880%2C440&ssl=1&resize=700%2C400 2x"},"classes":[]},{"id":53178,"url":"https:\/\/lahoradelcampo.com.uy\/site\/plaza-rural-realiza-su-segungo-remate-del-mes-de-noviembrecon-mas-de-11-000-vacunos\/","url_meta":{"origin":53089,"position":4},"title":"Plaza Rural realiza su segungo remate del mes de noviembre,con m\u00e1s de 11.000 vacunos","author":"La Hora del Campo","date":"21 noviembre, 2023","format":false,"excerpt":"En el marco de su segundo remate del mes, Plaza Rural presenta una oferta destacada de 11.297 vacunos y 1.634 ovinos. Este remate se llevar\u00e1 a cabo ma\u00f1ana mi\u00e9rcoles y el jueves, con la financiaci\u00f3n del Banco de la Rep\u00fablica y un seguro de 30 d\u00edas para todos los animales.\u2026","rel":"","context":"En \u00abActualidad\u00bb","block_context":{"text":"Actualidad","link":"https:\/\/lahoradelcampo.com.uy\/site\/category\/actualidad\/"},"img":{"alt_text":"","src":"https:\/\/i0.wp.com\/lahoradelcampo.com.uy\/site\/wp-content\/uploads\/2023\/11\/PlazaRural-peto.jpg?fit=880%2C440&ssl=1&resize=350%2C200","width":350,"height":200,"srcset":"https:\/\/i0.wp.com\/lahoradelcampo.com.uy\/site\/wp-content\/uploads\/2023\/11\/PlazaRural-peto.jpg?fit=880%2C440&ssl=1&resize=350%2C200 1x, https:\/\/i0.wp.com\/lahoradelcampo.com.uy\/site\/wp-content\/uploads\/2023\/11\/PlazaRural-peto.jpg?fit=880%2C440&ssl=1&resize=525%2C300 1.5x, https:\/\/i0.wp.com\/lahoradelcampo.com.uy\/site\/wp-content\/uploads\/2023\/11\/PlazaRural-peto.jpg?fit=880%2C440&ssl=1&resize=700%2C400 2x"},"classes":[]},{"id":3175,"url":"https:\/\/lahoradelcampo.com.uy\/site\/plaza-rural-coloco-el-92-de-la-oferta-en-el-primer-dia-de-ventas\/","url_meta":{"origin":53089,"position":5},"title":"Plaza Rural coloc\u00f3 el 92% de la oferta en el primer d\u00eda de ventas","author":"La Hora del Campo","date":"26 octubre, 2017","format":false,"excerpt":"En la jornada de ayer el consorcio de rematadores de Plaza Rural coloc\u00f3 el 92% de la oferta de ganados de invernada, en el primer d\u00eda de ventas del remate 187, que incluye el Plaza Hereford. Las ventas contin\u00faan hoy con las categor\u00edas de cr\u00eda, desde el hotel Cottage y\u2026","rel":"","context":"En \u00abActualidad\u00bb","block_context":{"text":"Actualidad","link":"https:\/\/lahoradelcampo.com.uy\/site\/category\/actualidad\/"},"img":{"alt_text":"","src":"https:\/\/i0.wp.com\/lahoradelcampo.com.uy\/site\/wp-content\/uploads\/2017\/10\/Plaza-Rural-1.jpg?fit=880%2C440&ssl=1&resize=350%2C200","width":350,"height":200,"srcset":"https:\/\/i0.wp.com\/lahoradelcampo.com.uy\/site\/wp-content\/uploads\/2017\/10\/Plaza-Rural-1.jpg?fit=880%2C440&ssl=1&resize=350%2C200 1x, https:\/\/i0.wp.com\/lahoradelcampo.com.uy\/site\/wp-content\/uploads\/2017\/10\/Plaza-Rural-1.jpg?fit=880%2C440&ssl=1&resize=525%2C300 1.5x, https:\/\/i0.wp.com\/lahoradelcampo.com.uy\/site\/wp-content\/uploads\/2017\/10\/Plaza-Rural-1.jpg?fit=880%2C440&ssl=1&resize=700%2C400 2x"},"classes":[]}],"jetpack_likes_enabled":true,"_links":{"self":[{"href":"https:\/\/lahoradelcampo.com.uy\/site\/wp-json\/wp\/v2\/posts\/53089","targetHints":{"allow":["GET"]}}],"collection":[{"href":"https:\/\/lahoradelcampo.com.uy\/site\/wp-json\/wp\/v2\/posts"}],"about":[{"href":"https:\/\/lahoradelcampo.com.uy\/site\/wp-json\/wp\/v2\/types\/post"}],"author":[{"embeddable":true,"href":"https:\/\/lahoradelcampo.com.uy\/site\/wp-json\/wp\/v2\/users\/5"}],"replies":[{"embeddable":true,"href":"https:\/\/lahoradelcampo.com.uy\/site\/wp-json\/wp\/v2\/comments?post=53089"}],"version-history":[{"count":1,"href":"https:\/\/lahoradelcampo.com.uy\/site\/wp-json\/wp\/v2\/posts\/53089\/revisions"}],"predecessor-version":[{"id":53092,"href":"https:\/\/lahoradelcampo.com.uy\/site\/wp-json\/wp\/v2\/posts\/53089\/revisions\/53092"}],"wp:featuredmedia":[{"embeddable":true,"href":"https:\/\/lahoradelcampo.com.uy\/site\/wp-json\/wp\/v2\/media\/51399"}],"wp:attachment":[{"href":"https:\/\/lahoradelcampo.com.uy\/site\/wp-json\/wp\/v2\/media?parent=53089"}],"wp:term":[{"taxonomy":"category","embeddable":true,"href":"https:\/\/lahoradelcampo.com.uy\/site\/wp-json\/wp\/v2\/categories?post=53089"},{"taxonomy":"post_tag","embeddable":true,"href":"https:\/\/lahoradelcampo.com.uy\/site\/wp-json\/wp\/v2\/tags?post=53089"}],"curies":[{"name":"wp","href":"https:\/\/api.w.org\/{rel}","templated":true}]}}