{"id":53086,"date":"2023-11-10T06:48:14","date_gmt":"2023-11-10T09:48:14","guid":{"rendered":"http:\/\/lahoradelcampo.com.uy\/site\/?p=53086"},"modified":"2023-11-10T07:27:56","modified_gmt":"2023-11-10T10:27:56","slug":"el-sector-forestal-sera-el-principal-exportador-del-2024-segun-ceres","status":"publish","type":"post","link":"https:\/\/lahoradelcampo.com.uy\/site\/el-sector-forestal-sera-el-principal-exportador-del-2024-segun-ceres\/","title":{"rendered":"El sector forestal ser\u00e1 el principal exportador del 2024 seg\u00fan CERES"},"content":{"rendered":"\n<figure class=\"wp-block-image size-full\"><a href=\"https:\/\/i0.wp.com\/lahoradelcampo.com.uy\/site\/wp-content\/uploads\/2023\/11\/Forestacion-exportaciones-1.jpg\"><img data-recalc-dims=\"1\" loading=\"lazy\" decoding=\"async\" width=\"810\" height=\"405\" data-attachment-id=\"53091\" data-permalink=\"https:\/\/lahoradelcampo.com.uy\/site\/plaza-rural-coloco-el-94-de-la-oferta-en-el-primer-remate-de-noviembre\/forestacion-exportaciones-2\/\" data-orig-file=\"https:\/\/i0.wp.com\/lahoradelcampo.com.uy\/site\/wp-content\/uploads\/2023\/11\/Forestacion-exportaciones-1.jpg?fit=880%2C440&amp;ssl=1\" data-orig-size=\"880,440\" data-comments-opened=\"1\" data-image-meta=\"{&quot;aperture&quot;:&quot;0&quot;,&quot;credit&quot;:&quot;&quot;,&quot;camera&quot;:&quot;&quot;,&quot;caption&quot;:&quot;&quot;,&quot;created_timestamp&quot;:&quot;0&quot;,&quot;copyright&quot;:&quot;&quot;,&quot;focal_length&quot;:&quot;0&quot;,&quot;iso&quot;:&quot;0&quot;,&quot;shutter_speed&quot;:&quot;0&quot;,&quot;title&quot;:&quot;&quot;,&quot;orientation&quot;:&quot;1&quot;}\" data-image-title=\"Forestaci\u00f3n-exportaciones\" data-image-description=\"\" data-image-caption=\"\" data-large-file=\"https:\/\/i0.wp.com\/lahoradelcampo.com.uy\/site\/wp-content\/uploads\/2023\/11\/Forestacion-exportaciones-1.jpg?fit=810%2C405&amp;ssl=1\" src=\"https:\/\/i0.wp.com\/lahoradelcampo.com.uy\/site\/wp-content\/uploads\/2023\/11\/Forestacion-exportaciones-1.jpg?resize=810%2C405\" alt=\"\" class=\"wp-image-53091\" srcset=\"https:\/\/i0.wp.com\/lahoradelcampo.com.uy\/site\/wp-content\/uploads\/2023\/11\/Forestacion-exportaciones-1.jpg?w=880&amp;ssl=1 880w, https:\/\/i0.wp.com\/lahoradelcampo.com.uy\/site\/wp-content\/uploads\/2023\/11\/Forestacion-exportaciones-1.jpg?resize=300%2C150&amp;ssl=1 300w, https:\/\/i0.wp.com\/lahoradelcampo.com.uy\/site\/wp-content\/uploads\/2023\/11\/Forestacion-exportaciones-1.jpg?resize=768%2C384&amp;ssl=1 768w, https:\/\/i0.wp.com\/lahoradelcampo.com.uy\/site\/wp-content\/uploads\/2023\/11\/Forestacion-exportaciones-1.jpg?resize=820%2C410&amp;ssl=1 820w\" sizes=\"auto, (max-width: 810px) 100vw, 810px\" \/><\/a><\/figure>\n\n\n\n<p>En un informe presentado durante el reciente Desayuno Forestal, el Centro de Estudios de la Realidad Econ\u00f3mica y Social (CERES) proporcion\u00f3 datos contundentes que destacan la creciente importancia del sector forestal en la econom\u00eda uruguaya. El evento anual, organizado por la Sociedad de Productores Forestales (SPF) bajo el t\u00edtulo \u00abLa producci\u00f3n forestal en Uruguay: Un sector l\u00edder y sostenible\u00bb, congreg\u00f3 a expertos y actores clave para abordar el papel preeminente que desempe\u00f1a la forestaci\u00f3n en el panorama econ\u00f3mico del pa\u00eds.<\/p>\n\n\n\n<p>Seg\u00fan el an\u00e1lisis presentado por el Ec. Ignacio Munyo, el sector forestal ha experimentado un aumento significativo en su contribuci\u00f3n a las exportaciones de bienes, pasando del 7% al 19% entre 2007 y 2022. En t\u00e9rminos monetarios, este crecimiento se traduce en un incremento de U$S 315 millones a U$S 2.479 millones durante el mismo per\u00edodo.<\/p>\n\n\n\n<p>Munyo subray\u00f3 que Uruguay cuenta con aproximadamente 100 mil hect\u00e1reas de terreno certificadas, proyectando que el mercado local generar\u00e1 alrededor de U$S 32 millones en cr\u00e9ditos de carbono en el futuro. Esta perspectiva refleja la creciente relevancia de la forestaci\u00f3n en el contexto global de la lucha contra el cambio clim\u00e1tico.<\/p>\n\n\n\n<p><strong>Pol\u00edticas Estables y Desarrollo Sostenible: Claves del \u00c9xito del Sector Forestal<\/strong><\/p>\n\n\n\n<p>El desarrollo sostenido del sector forestal uruguayo se atribuye no solo a la estabilidad institucional y jur\u00eddica que proporciona un entorno propicio para inversiones a largo plazo, sino tambi\u00e9n a pol\u00edticas de impulso productivo que han trascendido los diferentes gobiernos. Estas pol\u00edticas, dise\u00f1adas para respaldar el crecimiento del sector, han sido implementadas de manera consistente.<\/p>\n\n\n\n<p>El informe de CERES destaca que las plantaciones destinadas a la producci\u00f3n de celulosa no reciben un tratamiento impositivo diferencial en comparaci\u00f3n con otras actividades primarias en el pa\u00eds. Adem\u00e1s, el sector forestal genera empleos con una proyecci\u00f3n futura m\u00e1s s\u00f3lida que el promedio de la econom\u00eda uruguaya.<\/p>\n\n\n\n<p><strong>Un Futuro Promisorio: El Sector Forestal como Principal Exportador en 2024<\/strong><\/p>\n\n\n\n<p>Seg\u00fan proyecciones basadas en el informe especial de CERES, el sector forestal se posicionar\u00e1 como el principal exportador del pa\u00eds en 2024. Este hito se espera coincida con el m\u00e1ximo potencial productivo de la segunda planta de celulosa de UPM.<\/p>\n\n\n\n<p>La investigaci\u00f3n detalla que las plantaciones con destino celul\u00f3sico, adem\u00e1s de su impacto econ\u00f3mico directo, generan encadenamientos productivos de gran magnitud. La madera s\u00f3lida se destaca como el subsector con el mayor impacto indirecto en la econom\u00eda uruguaya, motivando inversiones adicionales en la industria.<\/p>\n\n\n\n<p><strong>Integraci\u00f3n con la Ganader\u00eda: Un Enfoque Sostenible<\/strong><\/p>\n\n\n\n<p>El informe tambi\u00e9n destaca la creciente integraci\u00f3n de la forestaci\u00f3n con la ganader\u00eda, una tendencia que ofrece beneficios multifac\u00e9ticos. Esta colaboraci\u00f3n, respaldada por las regulaciones vigentes y certificaciones internacionales, mitiga significativamente los impactos ambientales.<\/p>\n\n\n\n<p>La industria forestal uruguaya se presenta como un ejemplo destacado de econom\u00eda circular, desempe\u00f1ando un papel crucial en la reducci\u00f3n de las emisiones netas de CO2 del pa\u00eds. Liderada por empresas comprometidas con est\u00e1ndares internacionales, la industria forestal no solo atiende a una demanda internacional en constante aumento, sino que tambi\u00e9n emerge como un catalizador poderoso para el desarrollo econ\u00f3mico sostenible de Uruguay.<\/p>\n\n\n\n<p>En conclusi\u00f3n, el informe de CERES deja claro que el sector forestal uruguayo est\u00e1 destinado a desempe\u00f1ar un papel a\u00fan m\u00e1s destacado en el panorama econ\u00f3mico nacional, consolid\u00e1ndose como el principal motor de exportaci\u00f3n y desarrollo en los pr\u00f3ximos a\u00f1os.<\/p>\n\n\n\n<p>Salto, 10 de noviembre de 2023<\/p>\n","protected":false},"excerpt":{"rendered":"<p>En un informe presentado durante el reciente Desayuno Forestal, el Centro de Estudios de la Realidad Econ\u00f3mica y Social (CERES) proporcion\u00f3 datos contundentes que destacan la creciente importancia del sector [&hellip;]<\/p>\n","protected":false},"author":5,"featured_media":53091,"comment_status":"open","ping_status":"open","sticky":false,"template":"","format":"standard","meta":{"_price":"","_stock":"","_tribe_ticket_header":"","_tribe_default_ticket_provider":"","_tribe_ticket_capacity":"0","_ticket_start_date":"","_ticket_end_date":"","_tribe_ticket_show_description":"","_tribe_ticket_show_not_going":false,"_tribe_ticket_use_global_stock":"","_tribe_ticket_global_stock_level":"","_global_stock_mode":"","_global_stock_cap":"","_tribe_rsvp_for_event":"","_tribe_ticket_going_count":"","_tribe_ticket_not_going_count":"","_tribe_tickets_list":"[]","_tribe_ticket_has_attendee_info_fields":false,"h5ap_radio_sources":[],"_jetpack_newsletter_access":"","_jetpack_dont_email_post_to_subs":false,"_jetpack_newsletter_tier_id":0,"_jetpack_memberships_contains_paywalled_content":false,"_jetpack_memberships_contains_paid_content":false,"footnotes":""},"categories":[21,1],"tags":[],"class_list":["post-53086","post","type-post","status-publish","format-standard","has-post-thumbnail","hentry","category-actualidad","category-varias"],"jetpack_featured_media_url":"https:\/\/i0.wp.com\/lahoradelcampo.com.uy\/site\/wp-content\/uploads\/2023\/11\/Forestacion-exportaciones-1.jpg?fit=880%2C440&ssl=1","jetpack_sharing_enabled":true,"jetpack_shortlink":"https:\/\/wp.me\/p99IaT-dOe","jetpack-related-posts":[{"id":54914,"url":"https:\/\/lahoradelcampo.com.uy\/site\/inia-lanzo-inialog-el-catalogo-digital-queaporta-valor-al-sector-forestal-en-uruguay\/","url_meta":{"origin":53086,"position":0},"title":"INIA lanz\u00f3 INIAlog, el cat\u00e1logo digital queaporta valor al sector forestal en Uruguay","author":"La Hora del Campo","date":"19 octubre, 2024","format":false,"excerpt":"En el din\u00e1mico mundo de la gesti\u00f3n de los recursos\u00a0forestales, la informaci\u00f3n precisa y accesible es fundamental. Es en este contexto que el Instituto Nacional de Investigaci\u00f3n Agropecuaria (INIA) cre\u00f3 INIAlog, un cat\u00e1logo digital innovador que concentra una amplia gama de recursos t\u00e9cnicos y cient\u00edficos desarrollados por el instituto o\u2026","rel":"","context":"En \u00abActualidad\u00bb","block_context":{"text":"Actualidad","link":"https:\/\/lahoradelcampo.com.uy\/site\/category\/actualidad\/"},"img":{"alt_text":"","src":"https:\/\/i0.wp.com\/lahoradelcampo.com.uy\/site\/wp-content\/uploads\/2024\/10\/Forestacion1.jpg?fit=880%2C440&ssl=1&resize=350%2C200","width":350,"height":200,"srcset":"https:\/\/i0.wp.com\/lahoradelcampo.com.uy\/site\/wp-content\/uploads\/2024\/10\/Forestacion1.jpg?fit=880%2C440&ssl=1&resize=350%2C200 1x, https:\/\/i0.wp.com\/lahoradelcampo.com.uy\/site\/wp-content\/uploads\/2024\/10\/Forestacion1.jpg?fit=880%2C440&ssl=1&resize=525%2C300 1.5x, https:\/\/i0.wp.com\/lahoradelcampo.com.uy\/site\/wp-content\/uploads\/2024\/10\/Forestacion1.jpg?fit=880%2C440&ssl=1&resize=700%2C400 2x"},"classes":[]},{"id":40987,"url":"https:\/\/lahoradelcampo.com.uy\/site\/exportaciones-del-sector-forestal-crecieron-un-31-en-2021\/","url_meta":{"origin":53086,"position":1},"title":"Exportaciones del sector forestal crecieron un 31% en 2021","author":"La Hora del Campo","date":"21 abril, 2022","format":false,"excerpt":"La Direcci\u00f3n Forestal del Ministerio de Ganader\u00eda, Agricultura y Pesca (MGAP) present\u00f3 su informe sobre el sector forestal en 2021. En dicho trabajo se indica un aumento del 31% en las exportaciones del sector, respecto a lo registrado en el 2020. Este incremento se explica por varios motivos referentes a\u2026","rel":"","context":"En \u00abActualidad\u00bb","block_context":{"text":"Actualidad","link":"https:\/\/lahoradelcampo.com.uy\/site\/category\/actualidad\/"},"img":{"alt_text":"","src":"https:\/\/i0.wp.com\/lahoradelcampo.com.uy\/site\/wp-content\/uploads\/2022\/04\/Forestacion-MGAP.jpg?fit=880%2C440&ssl=1&resize=350%2C200","width":350,"height":200,"srcset":"https:\/\/i0.wp.com\/lahoradelcampo.com.uy\/site\/wp-content\/uploads\/2022\/04\/Forestacion-MGAP.jpg?fit=880%2C440&ssl=1&resize=350%2C200 1x, https:\/\/i0.wp.com\/lahoradelcampo.com.uy\/site\/wp-content\/uploads\/2022\/04\/Forestacion-MGAP.jpg?fit=880%2C440&ssl=1&resize=525%2C300 1.5x, https:\/\/i0.wp.com\/lahoradelcampo.com.uy\/site\/wp-content\/uploads\/2022\/04\/Forestacion-MGAP.jpg?fit=880%2C440&ssl=1&resize=700%2C400 2x"},"classes":[]},{"id":27870,"url":"https:\/\/lahoradelcampo.com.uy\/site\/rural-de-tacuarembo-apoyara-el-proyecto-de-ley-forestal\/","url_meta":{"origin":53086,"position":2},"title":"Rural de Tacuaremb\u00f3 apoyar\u00e1 el Proyecto de Ley Forestal","author":"La Hora del Campo","date":"22 febrero, 2021","format":false,"excerpt":"La Asociaci\u00f3n Rural de Tacuaremb\u00f3 se reuni\u00f3 el viernes de forma extraordinaria para tratar, como \u00fanico punto, el \"Proyecto de Ley Forestal\", teniendo en cuenta la importancia de este sector de la producci\u00f3n para el departamento. Una vez conocidos los detalles del proyecto, la gremial resolvi\u00f3 apoyar el proyecto de\u2026","rel":"","context":"En \u00abActualidad\u00bb","block_context":{"text":"Actualidad","link":"https:\/\/lahoradelcampo.com.uy\/site\/category\/actualidad\/"},"img":{"alt_text":"","src":"https:\/\/i0.wp.com\/lahoradelcampo.com.uy\/site\/wp-content\/uploads\/2020\/10\/ruraltacuarembo.jpg?fit=880%2C440&ssl=1&resize=350%2C200","width":350,"height":200,"srcset":"https:\/\/i0.wp.com\/lahoradelcampo.com.uy\/site\/wp-content\/uploads\/2020\/10\/ruraltacuarembo.jpg?fit=880%2C440&ssl=1&resize=350%2C200 1x, https:\/\/i0.wp.com\/lahoradelcampo.com.uy\/site\/wp-content\/uploads\/2020\/10\/ruraltacuarembo.jpg?fit=880%2C440&ssl=1&resize=525%2C300 1.5x, https:\/\/i0.wp.com\/lahoradelcampo.com.uy\/site\/wp-content\/uploads\/2020\/10\/ruraltacuarembo.jpg?fit=880%2C440&ssl=1&resize=700%2C400 2x"},"classes":[]},{"id":40285,"url":"https:\/\/lahoradelcampo.com.uy\/site\/autoridades-del-mgap-y-de-china-trabajan-en-cooperacion-forestal\/","url_meta":{"origin":53086,"position":3},"title":"Autoridades del MGAP y de China trabajan en cooperaci\u00f3n forestal","author":"La Hora del Campo","date":"27 marzo, 2022","format":false,"excerpt":"Con representaci\u00f3n de autoridades del MGAP y su contraparte china, se llev\u00f3 adelante el Segundo Comit\u00e9 de Cooperaci\u00f3n Forestal. Esta instancia de di\u00e1logo bilateral, de car\u00e1cter pol\u00edtico y t\u00e9cnico incluye a uno de los sectores econ\u00f3micos, puerta para importantes acuerdos de cooperaci\u00f3n internacional, dado la alta complementariedad entre ambos pa\u00edses.\u2026","rel":"","context":"En \u00abActualidad\u00bb","block_context":{"text":"Actualidad","link":"https:\/\/lahoradelcampo.com.uy\/site\/category\/actualidad\/"},"img":{"alt_text":"","src":"https:\/\/i0.wp.com\/lahoradelcampo.com.uy\/site\/wp-content\/uploads\/2022\/03\/MGAP-Forestal.jpg?fit=880%2C440&ssl=1&resize=350%2C200","width":350,"height":200,"srcset":"https:\/\/i0.wp.com\/lahoradelcampo.com.uy\/site\/wp-content\/uploads\/2022\/03\/MGAP-Forestal.jpg?fit=880%2C440&ssl=1&resize=350%2C200 1x, https:\/\/i0.wp.com\/lahoradelcampo.com.uy\/site\/wp-content\/uploads\/2022\/03\/MGAP-Forestal.jpg?fit=880%2C440&ssl=1&resize=525%2C300 1.5x, https:\/\/i0.wp.com\/lahoradelcampo.com.uy\/site\/wp-content\/uploads\/2022\/03\/MGAP-Forestal.jpg?fit=880%2C440&ssl=1&resize=700%2C400 2x"},"classes":[]},{"id":51862,"url":"https:\/\/lahoradelcampo.com.uy\/site\/sector-forestal-experimento-aumento-del-12-en-divisas\/","url_meta":{"origin":53086,"position":4},"title":"Sector forestal experiment\u00f3 aumento del 12% en divisas","author":"La Hora del Campo","date":"19 julio, 2023","format":false,"excerpt":"La Direcci\u00f3n General Forestal (DGF), perteneciente al Ministerio de Ganader\u00eda, Agricultura y Pesca (MGAP), ha difundido recientemente los \u00faltimos datos relacionados con la actividad del sector forestal. En la publicaci\u00f3n, se destacan los registros actualizados correspondientes al cierre del a\u00f1o 2022, con especial \u00e9nfasis en la informaci\u00f3n relacionada con las\u2026","rel":"","context":"En \u00abActualidad\u00bb","block_context":{"text":"Actualidad","link":"https:\/\/lahoradelcampo.com.uy\/site\/category\/actualidad\/"},"img":{"alt_text":"","src":"https:\/\/i0.wp.com\/lahoradelcampo.com.uy\/site\/wp-content\/uploads\/2023\/07\/Forestacion1.jpg?fit=880%2C440&ssl=1&resize=350%2C200","width":350,"height":200,"srcset":"https:\/\/i0.wp.com\/lahoradelcampo.com.uy\/site\/wp-content\/uploads\/2023\/07\/Forestacion1.jpg?fit=880%2C440&ssl=1&resize=350%2C200 1x, https:\/\/i0.wp.com\/lahoradelcampo.com.uy\/site\/wp-content\/uploads\/2023\/07\/Forestacion1.jpg?fit=880%2C440&ssl=1&resize=525%2C300 1.5x, https:\/\/i0.wp.com\/lahoradelcampo.com.uy\/site\/wp-content\/uploads\/2023\/07\/Forestacion1.jpg?fit=880%2C440&ssl=1&resize=700%2C400 2x"},"classes":[]},{"id":34423,"url":"https:\/\/lahoradelcampo.com.uy\/site\/mgap-presento-la-cartografia-forestal-nacional-2021\/","url_meta":{"origin":53086,"position":5},"title":"MGAP present\u00f3 la Cartograf\u00eda Forestal Nacional 2021","author":"La Hora del Campo","date":"20 septiembre, 2021","format":false,"excerpt":"La Direcci\u00f3n General Forestal del Ministerio de Ganader\u00eda, Agricultura y Pesca present\u00f3 los principales resultados de la Cartograf\u00eda Forestal elaborada en el transcurso del a\u00f1o 2021, en el cual se priorizaron las plantaciones comerciales por ser las que presentan mayor cantidad de cambios en el corto plazo. La informaci\u00f3n que\u2026","rel":"","context":"En \u00abActualidad\u00bb","block_context":{"text":"Actualidad","link":"https:\/\/lahoradelcampo.com.uy\/site\/category\/actualidad\/"},"img":{"alt_text":"","src":"https:\/\/i0.wp.com\/lahoradelcampo.com.uy\/site\/wp-content\/uploads\/2021\/06\/madera.jpg?fit=880%2C440&ssl=1&resize=350%2C200","width":350,"height":200,"srcset":"https:\/\/i0.wp.com\/lahoradelcampo.com.uy\/site\/wp-content\/uploads\/2021\/06\/madera.jpg?fit=880%2C440&ssl=1&resize=350%2C200 1x, https:\/\/i0.wp.com\/lahoradelcampo.com.uy\/site\/wp-content\/uploads\/2021\/06\/madera.jpg?fit=880%2C440&ssl=1&resize=525%2C300 1.5x, https:\/\/i0.wp.com\/lahoradelcampo.com.uy\/site\/wp-content\/uploads\/2021\/06\/madera.jpg?fit=880%2C440&ssl=1&resize=700%2C400 2x"},"classes":[]}],"jetpack_likes_enabled":true,"_links":{"self":[{"href":"https:\/\/lahoradelcampo.com.uy\/site\/wp-json\/wp\/v2\/posts\/53086","targetHints":{"allow":["GET"]}}],"collection":[{"href":"https:\/\/lahoradelcampo.com.uy\/site\/wp-json\/wp\/v2\/posts"}],"about":[{"href":"https:\/\/lahoradelcampo.com.uy\/site\/wp-json\/wp\/v2\/types\/post"}],"author":[{"embeddable":true,"href":"https:\/\/lahoradelcampo.com.uy\/site\/wp-json\/wp\/v2\/users\/5"}],"replies":[{"embeddable":true,"href":"https:\/\/lahoradelcampo.com.uy\/site\/wp-json\/wp\/v2\/comments?post=53086"}],"version-history":[{"count":2,"href":"https:\/\/lahoradelcampo.com.uy\/site\/wp-json\/wp\/v2\/posts\/53086\/revisions"}],"predecessor-version":[{"id":53093,"href":"https:\/\/lahoradelcampo.com.uy\/site\/wp-json\/wp\/v2\/posts\/53086\/revisions\/53093"}],"wp:featuredmedia":[{"embeddable":true,"href":"https:\/\/lahoradelcampo.com.uy\/site\/wp-json\/wp\/v2\/media\/53091"}],"wp:attachment":[{"href":"https:\/\/lahoradelcampo.com.uy\/site\/wp-json\/wp\/v2\/media?parent=53086"}],"wp:term":[{"taxonomy":"category","embeddable":true,"href":"https:\/\/lahoradelcampo.com.uy\/site\/wp-json\/wp\/v2\/categories?post=53086"},{"taxonomy":"post_tag","embeddable":true,"href":"https:\/\/lahoradelcampo.com.uy\/site\/wp-json\/wp\/v2\/tags?post=53086"}],"curies":[{"name":"wp","href":"https:\/\/api.w.org\/{rel}","templated":true}]}}