{"id":53084,"date":"2023-11-10T06:38:39","date_gmt":"2023-11-10T09:38:39","guid":{"rendered":"http:\/\/lahoradelcampo.com.uy\/site\/?p=53084"},"modified":"2023-11-10T06:38:42","modified_gmt":"2023-11-10T09:38:42","slug":"el-mercado-lanero-uruguayo-concreta-negocios-poco-a-poco","status":"publish","type":"post","link":"https:\/\/lahoradelcampo.com.uy\/site\/el-mercado-lanero-uruguayo-concreta-negocios-poco-a-poco\/","title":{"rendered":"El mercado lanero uruguayo concreta negocios poco a poco"},"content":{"rendered":"\n<figure class=\"wp-block-image size-full\"><a href=\"https:\/\/i0.wp.com\/lahoradelcampo.com.uy\/site\/wp-content\/uploads\/2017\/08\/lanas.jpg\"><img data-recalc-dims=\"1\" loading=\"lazy\" decoding=\"async\" width=\"784\" height=\"450\" data-attachment-id=\"115\" data-permalink=\"https:\/\/lahoradelcampo.com.uy\/site\/se-freno-la-corrida-de-negocios-en-el-pais\/lanas\/\" data-orig-file=\"https:\/\/i0.wp.com\/lahoradelcampo.com.uy\/site\/wp-content\/uploads\/2017\/08\/lanas.jpg?fit=784%2C450&amp;ssl=1\" data-orig-size=\"784,450\" data-comments-opened=\"1\" data-image-meta=\"{&quot;aperture&quot;:&quot;0&quot;,&quot;credit&quot;:&quot;&quot;,&quot;camera&quot;:&quot;&quot;,&quot;caption&quot;:&quot;&quot;,&quot;created_timestamp&quot;:&quot;0&quot;,&quot;copyright&quot;:&quot;&quot;,&quot;focal_length&quot;:&quot;0&quot;,&quot;iso&quot;:&quot;0&quot;,&quot;shutter_speed&quot;:&quot;0&quot;,&quot;title&quot;:&quot;&quot;,&quot;orientation&quot;:&quot;0&quot;}\" data-image-title=\"lanas\" data-image-description=\"\" data-image-caption=\"\" data-large-file=\"https:\/\/i0.wp.com\/lahoradelcampo.com.uy\/site\/wp-content\/uploads\/2017\/08\/lanas.jpg?fit=784%2C450&amp;ssl=1\" src=\"https:\/\/i0.wp.com\/lahoradelcampo.com.uy\/site\/wp-content\/uploads\/2017\/08\/lanas.jpg?resize=784%2C450\" alt=\"\" class=\"wp-image-115\" srcset=\"https:\/\/i0.wp.com\/lahoradelcampo.com.uy\/site\/wp-content\/uploads\/2017\/08\/lanas.jpg?w=784&amp;ssl=1 784w, https:\/\/i0.wp.com\/lahoradelcampo.com.uy\/site\/wp-content\/uploads\/2017\/08\/lanas.jpg?resize=300%2C172&amp;ssl=1 300w, https:\/\/i0.wp.com\/lahoradelcampo.com.uy\/site\/wp-content\/uploads\/2017\/08\/lanas.jpg?resize=768%2C441&amp;ssl=1 768w\" sizes=\"auto, (max-width: 784px) 100vw, 784px\" \/><\/a><\/figure>\n\n\n\n<p>Es claro que, en muchos casos, los productores se encuentran en una encrucijada, teniendo que tomar posici\u00f3n de venta por sus lotes de lana ante necesidades financieras o locativas, teniendo en cuenta que la capacidad de guardar la lana est\u00e1 llegando a su l\u00edmite. En contrapartida la demanda est\u00e1 comprando en todos los micronajes, pero con cautela en cuento a los valores, sin convalidar en gran parte las expectativas de los productores.<\/p>\n\n\n\n<p>Los comentarios de los operadores consultados, var\u00eda de acuerdo a la zona del pa\u00eds y a los micronajes que se oferten. Hay quienes se\u00f1alan que desde la demanda \u201cnadie pasa precio, aun en lotes sin pretensiones, igual no pasan nada\u201d coment\u00f3 un operador. Por otro lado algunos consignatarios entienden que \u201calgo se va vendiendo, la gente decidi\u00f3 vender a los valores del mercado\u201d, igualmente con valores muy parecidos para el Corriedale, entorno al d\u00f3lar para lanas de 28 micras grifa verde y en las lanas finas algo m\u00e1s \u201ctire y afloje\u201d entre las partes para lograr concretarse los negocios.<\/p>\n\n\n\n<p>Ricardo Stewart dijo a Faxlana que \u201cla lana a su precio hay algunos negocios aislados con una demanda cautelosa y selectiva\u201d, haciendo referencia a las lanas finas en particular. En este sentido confirm\u00f3 que realiz\u00f3 en Salto un negocio de lanas merino de 20,2 micras, con 77% de rendimiento al lavado en US$ 5,00 y un lote de merino de 21,2 micras en el centro del pa\u00eds, con 73% de rendimiento al lavado en US$ 4,20 el vell\u00f3n.<\/p>\n\n\n\n<p>Por su parte Julio Gaud\u00edn, en el norte del pa\u00eds, confirm\u00f3 la venta de un lote de 6.500 kilos de merino australiano en las 18,7 micras, lana acondicionada grifa verde, con 77% de rendimiento al lavado en US$ 6,20 el vell\u00f3n. En tanto que concret\u00f3, adem\u00e1s, una operativa de 23.000 kilos de lana Ideal, para el cual se marc\u00f3 una escala de valores por micronaje a la espera del resultado de coreo del SUL. Teniendo en cuenta los datos de la zafra pasada, con 21,6 micras, el lote estar\u00eda comercializado en US$ 5,00 el vell\u00f3n y US$ 1,00 los subproductos.<\/p>\n\n\n\n<p>Otros negocios:<\/p>\n\n\n\n<p>A continuaci\u00f3n detallamos algunos negocios que se han informado a Faxlana en las \u00faltimas horas:<\/p>\n\n\n\n<ul class=\"wp-block-list\">\n<li>Lote de 7.000 kilos de lana cruza, de 24,5 micras, acondicionada grifa verde, en US$ 2,00 el vell\u00f3n y 0,80 los subproductos con 60 d\u00edas para el pago.<\/li>\n<\/ul>\n\n\n\n<ul class=\"wp-block-list\">\n<li>Lote de 2.000 kilos de lana merino de 18,9 micras, acondicionada grifa verde, con 77,2% de rendimiento al lavado en SU$ 6,00 el vell\u00f3n, con 60 d\u00edas para el pago.<\/li>\n<\/ul>\n\n\n\n<ul class=\"wp-block-list\">\n<li>Lote de lanas merino, de 18,3 micras, con 76,5% de rendimiento al lavado en US$ 6,50 el vell\u00f3n y US$ 0,80 los subproductos, con 60 d\u00edas para el pago.<\/li>\n<\/ul>\n\n\n\n<ul class=\"wp-block-list\">\n<li>Lote de 3.500 kilos de lana corriedale de 27 micras, a US$ 1,00 el vell\u00f3n y US$ 0,40 los subproductos, con plazo de 90 d\u00edas para el pago.<\/li>\n<\/ul>\n\n\n\n<p>Salto, 10 de noviembre de 2023<\/p>\n","protected":false},"excerpt":{"rendered":"<p>Es claro que, en muchos casos, los productores se encuentran en una encrucijada, teniendo que tomar posici\u00f3n de venta por sus lotes de lana ante necesidades financieras o locativas, teniendo [&hellip;]<\/p>\n","protected":false},"author":5,"featured_media":115,"comment_status":"open","ping_status":"open","sticky":false,"template":"","format":"standard","meta":{"_price":"","_stock":"","_tribe_ticket_header":"","_tribe_default_ticket_provider":"","_tribe_ticket_capacity":"0","_ticket_start_date":"","_ticket_end_date":"","_tribe_ticket_show_description":"","_tribe_ticket_show_not_going":false,"_tribe_ticket_use_global_stock":"","_tribe_ticket_global_stock_level":"","_global_stock_mode":"","_global_stock_cap":"","_tribe_rsvp_for_event":"","_tribe_ticket_going_count":"","_tribe_ticket_not_going_count":"","_tribe_tickets_list":"[]","_tribe_ticket_has_attendee_info_fields":false,"h5ap_radio_sources":[],"_jetpack_newsletter_access":"","_jetpack_dont_email_post_to_subs":false,"_jetpack_newsletter_tier_id":0,"_jetpack_memberships_contains_paywalled_content":false,"_jetpack_memberships_contains_paid_content":false,"footnotes":""},"categories":[21,13],"tags":[],"class_list":["post-53084","post","type-post","status-publish","format-standard","has-post-thumbnail","hentry","category-actualidad","category-ovinos"],"jetpack_featured_media_url":"https:\/\/i0.wp.com\/lahoradelcampo.com.uy\/site\/wp-content\/uploads\/2017\/08\/lanas.jpg?fit=784%2C450&ssl=1","jetpack_sharing_enabled":true,"jetpack_shortlink":"https:\/\/wp.me\/p99IaT-dOc","jetpack-related-posts":[{"id":32124,"url":"https:\/\/lahoradelcampo.com.uy\/site\/mercado-lanero-uruguayo-con-poca-operativa\/","url_meta":{"origin":53084,"position":0},"title":"Mercado lanero uruguayo con poca operativa","author":"La Hora del Campo","date":"16 julio, 2021","format":false,"excerpt":"A nivel del mercado interno, la operativa comercial contin\u00faa siendo escasa, con un productor que aspira a mejores valores por su producci\u00f3n y una demanda que est\u00e1 muy cautelosa, sin lograr convalidar en negocios con el exterior los incrementos que se han registrado en Australia durante las \u00faltimas semanas. Si\u2026","rel":"","context":"En \u00abActualidad\u00bb","block_context":{"text":"Actualidad","link":"https:\/\/lahoradelcampo.com.uy\/site\/category\/actualidad\/"},"img":{"alt_text":"","src":"https:\/\/i0.wp.com\/lahoradelcampo.com.uy\/site\/wp-content\/uploads\/2019\/06\/lana-australia.jpg?fit=880%2C440&ssl=1&resize=350%2C200","width":350,"height":200,"srcset":"https:\/\/i0.wp.com\/lahoradelcampo.com.uy\/site\/wp-content\/uploads\/2019\/06\/lana-australia.jpg?fit=880%2C440&ssl=1&resize=350%2C200 1x, https:\/\/i0.wp.com\/lahoradelcampo.com.uy\/site\/wp-content\/uploads\/2019\/06\/lana-australia.jpg?fit=880%2C440&ssl=1&resize=525%2C300 1.5x, https:\/\/i0.wp.com\/lahoradelcampo.com.uy\/site\/wp-content\/uploads\/2019\/06\/lana-australia.jpg?fit=880%2C440&ssl=1&resize=700%2C400 2x"},"classes":[]},{"id":22624,"url":"https:\/\/lahoradelcampo.com.uy\/site\/productores-uruguayos-hacen-espacio-en-los-galpones-pero-no-se-cierran-negocios\/","url_meta":{"origin":53084,"position":1},"title":"Productores uruguayos hacen espacio en los galpones, pero no se cierran negocios","author":"La Hora del Campo","date":"13 agosto, 2020","format":false,"excerpt":"La situaci\u00f3n es compleja para el mercado interno debido a esa ausencia de demanda desde el exterior que gener\u00e9 referencias de valores hacia el mercado interno, por lo que los productores no tienen un punto de partida para comenzar a negociar la lana que ha quedado remanente de la zafra\u2026","rel":"","context":"En \u00abActualidad\u00bb","block_context":{"text":"Actualidad","link":"https:\/\/lahoradelcampo.com.uy\/site\/category\/actualidad\/"},"img":{"alt_text":"","src":"https:\/\/i0.wp.com\/lahoradelcampo.com.uy\/site\/wp-content\/uploads\/2017\/10\/Lanas-Uruguay.jpg?fit=880%2C440&ssl=1&resize=350%2C200","width":350,"height":200,"srcset":"https:\/\/i0.wp.com\/lahoradelcampo.com.uy\/site\/wp-content\/uploads\/2017\/10\/Lanas-Uruguay.jpg?fit=880%2C440&ssl=1&resize=350%2C200 1x, https:\/\/i0.wp.com\/lahoradelcampo.com.uy\/site\/wp-content\/uploads\/2017\/10\/Lanas-Uruguay.jpg?fit=880%2C440&ssl=1&resize=525%2C300 1.5x, https:\/\/i0.wp.com\/lahoradelcampo.com.uy\/site\/wp-content\/uploads\/2017\/10\/Lanas-Uruguay.jpg?fit=880%2C440&ssl=1&resize=700%2C400 2x"},"classes":[]},{"id":14619,"url":"https:\/\/lahoradelcampo.com.uy\/site\/productores-consultan-por-negocios-pero-el-mercado-continua-sin-referencias\/","url_meta":{"origin":53084,"position":2},"title":"Productores consultan por negocios, pero el mercado continua sin referencias","author":"La Hora del Campo","date":"30 septiembre, 2019","format":false,"excerpt":"El desarrollo positivo de la semana a nivel internacional contin\u00faa ilusionando a los productores uruguayos con nuevos valores por parte de la demanda, que permitan formar un mercado con referencias m\u00e1s cercanas a la zafra pasada, que en definitiva es lo que aspira el productor. En el di\u00e1logo con operadores\u2026","rel":"","context":"En \u00abActualidad\u00bb","block_context":{"text":"Actualidad","link":"https:\/\/lahoradelcampo.com.uy\/site\/category\/actualidad\/"},"img":{"alt_text":"","src":"https:\/\/i0.wp.com\/lahoradelcampo.com.uy\/site\/wp-content\/uploads\/2017\/12\/Lana.jpg?fit=880%2C440&ssl=1&resize=350%2C200","width":350,"height":200,"srcset":"https:\/\/i0.wp.com\/lahoradelcampo.com.uy\/site\/wp-content\/uploads\/2017\/12\/Lana.jpg?fit=880%2C440&ssl=1&resize=350%2C200 1x, https:\/\/i0.wp.com\/lahoradelcampo.com.uy\/site\/wp-content\/uploads\/2017\/12\/Lana.jpg?fit=880%2C440&ssl=1&resize=525%2C300 1.5x, https:\/\/i0.wp.com\/lahoradelcampo.com.uy\/site\/wp-content\/uploads\/2017\/12\/Lana.jpg?fit=880%2C440&ssl=1&resize=700%2C400 2x"},"classes":[]},{"id":3843,"url":"https:\/\/lahoradelcampo.com.uy\/site\/operativa-lanera-retraida-con-importantes-pretensiones-de-los-vendedores\/","url_meta":{"origin":53084,"position":3},"title":"Operativa lanera retra\u00edda con importantes pretensiones de los vendedores","author":"La Hora del Campo","date":"10 noviembre, 2017","format":false,"excerpt":"Operadores en la zona han se\u00f1alado en los \u00faltimos d\u00edas que debido a los altos valores que se registraron en la pasada semana a nivel de lotes de lana merino australiano superfinas y con la importante suba que ha tenido el mercado internacional en Australia estas dos \u00faltimas semanas, el\u2026","rel":"","context":"En \u00abGanader\u00eda\u00bb","block_context":{"text":"Ganader\u00eda","link":"https:\/\/lahoradelcampo.com.uy\/site\/category\/ganaderia\/"},"img":{"alt_text":"","src":"https:\/\/i0.wp.com\/lahoradelcampo.com.uy\/site\/wp-content\/uploads\/2017\/11\/lana-u.jpg?fit=880%2C440&ssl=1&resize=350%2C200","width":350,"height":200,"srcset":"https:\/\/i0.wp.com\/lahoradelcampo.com.uy\/site\/wp-content\/uploads\/2017\/11\/lana-u.jpg?fit=880%2C440&ssl=1&resize=350%2C200 1x, https:\/\/i0.wp.com\/lahoradelcampo.com.uy\/site\/wp-content\/uploads\/2017\/11\/lana-u.jpg?fit=880%2C440&ssl=1&resize=525%2C300 1.5x, https:\/\/i0.wp.com\/lahoradelcampo.com.uy\/site\/wp-content\/uploads\/2017\/11\/lana-u.jpg?fit=880%2C440&ssl=1&resize=700%2C400 2x"},"classes":[]},{"id":19764,"url":"https:\/\/lahoradelcampo.com.uy\/site\/la-exportacion-de-lana-en-sucio-tambien-esta-paralizada\/","url_meta":{"origin":53084,"position":4},"title":"La exportaci\u00f3n de lana en sucio  tambi\u00e9n est\u00e1 paralizada","author":"La Hora del Campo","date":"14 mayo, 2020","format":false,"excerpt":"En las \u00faltimas semanas hablamos de la par\u00e1lisis en la industria lanera con plantas que a\u00fan contin\u00faan sin operativa. En las \u00faltimas horas estuvimos en di\u00e1logo con Djalma Puppo, exportador de lana en sucio, un sector que tambi\u00e9n est\u00e1 paralizado completamente en la actualidad, sin demanda desde el exterior y\u2026","rel":"","context":"En \u00abActualidad\u00bb","block_context":{"text":"Actualidad","link":"https:\/\/lahoradelcampo.com.uy\/site\/category\/actualidad\/"},"img":{"alt_text":"","src":"https:\/\/i0.wp.com\/lahoradelcampo.com.uy\/site\/wp-content\/uploads\/2020\/05\/lana-1.jpg?fit=880%2C440&ssl=1&resize=350%2C200","width":350,"height":200,"srcset":"https:\/\/i0.wp.com\/lahoradelcampo.com.uy\/site\/wp-content\/uploads\/2020\/05\/lana-1.jpg?fit=880%2C440&ssl=1&resize=350%2C200 1x, https:\/\/i0.wp.com\/lahoradelcampo.com.uy\/site\/wp-content\/uploads\/2020\/05\/lana-1.jpg?fit=880%2C440&ssl=1&resize=525%2C300 1.5x, https:\/\/i0.wp.com\/lahoradelcampo.com.uy\/site\/wp-content\/uploads\/2020\/05\/lana-1.jpg?fit=880%2C440&ssl=1&resize=700%2C400 2x"},"classes":[]},{"id":6171,"url":"https:\/\/lahoradelcampo.com.uy\/site\/mercado-lanero-australiano-cerro-a-us-1377-por-kilogramo-base-limpia\/","url_meta":{"origin":53084,"position":5},"title":"Mercado lanero australiano cerr\u00f3 a US$ 13,77 por kilogramo base limpia","author":"La Hora del Campo","date":"23 marzo, 2018","format":false,"excerpt":"El mercado lanero esta semana en Australia, cerr\u00f3 con sabor a poco, luego de recuperar terreno entre las ventas de ayer jueves y cerrar con una baja de dos centavos respecto al cierre semanal anterior, al cotizar a US$ 13,77. El comportamiento fue dispar en los dos d\u00edas de ventas.\u2026","rel":"","context":"En \u00abActualidad\u00bb","block_context":{"text":"Actualidad","link":"https:\/\/lahoradelcampo.com.uy\/site\/category\/actualidad\/"},"img":{"alt_text":"","src":"https:\/\/i0.wp.com\/lahoradelcampo.com.uy\/site\/wp-content\/uploads\/2018\/03\/Lanaa.jpg?fit=880%2C440&ssl=1&resize=350%2C200","width":350,"height":200,"srcset":"https:\/\/i0.wp.com\/lahoradelcampo.com.uy\/site\/wp-content\/uploads\/2018\/03\/Lanaa.jpg?fit=880%2C440&ssl=1&resize=350%2C200 1x, https:\/\/i0.wp.com\/lahoradelcampo.com.uy\/site\/wp-content\/uploads\/2018\/03\/Lanaa.jpg?fit=880%2C440&ssl=1&resize=525%2C300 1.5x, https:\/\/i0.wp.com\/lahoradelcampo.com.uy\/site\/wp-content\/uploads\/2018\/03\/Lanaa.jpg?fit=880%2C440&ssl=1&resize=700%2C400 2x"},"classes":[]}],"jetpack_likes_enabled":true,"_links":{"self":[{"href":"https:\/\/lahoradelcampo.com.uy\/site\/wp-json\/wp\/v2\/posts\/53084","targetHints":{"allow":["GET"]}}],"collection":[{"href":"https:\/\/lahoradelcampo.com.uy\/site\/wp-json\/wp\/v2\/posts"}],"about":[{"href":"https:\/\/lahoradelcampo.com.uy\/site\/wp-json\/wp\/v2\/types\/post"}],"author":[{"embeddable":true,"href":"https:\/\/lahoradelcampo.com.uy\/site\/wp-json\/wp\/v2\/users\/5"}],"replies":[{"embeddable":true,"href":"https:\/\/lahoradelcampo.com.uy\/site\/wp-json\/wp\/v2\/comments?post=53084"}],"version-history":[{"count":1,"href":"https:\/\/lahoradelcampo.com.uy\/site\/wp-json\/wp\/v2\/posts\/53084\/revisions"}],"predecessor-version":[{"id":53085,"href":"https:\/\/lahoradelcampo.com.uy\/site\/wp-json\/wp\/v2\/posts\/53084\/revisions\/53085"}],"wp:featuredmedia":[{"embeddable":true,"href":"https:\/\/lahoradelcampo.com.uy\/site\/wp-json\/wp\/v2\/media\/115"}],"wp:attachment":[{"href":"https:\/\/lahoradelcampo.com.uy\/site\/wp-json\/wp\/v2\/media?parent=53084"}],"wp:term":[{"taxonomy":"category","embeddable":true,"href":"https:\/\/lahoradelcampo.com.uy\/site\/wp-json\/wp\/v2\/categories?post=53084"},{"taxonomy":"post_tag","embeddable":true,"href":"https:\/\/lahoradelcampo.com.uy\/site\/wp-json\/wp\/v2\/tags?post=53084"}],"curies":[{"name":"wp","href":"https:\/\/api.w.org\/{rel}","templated":true}]}}