{"id":53082,"date":"2023-11-10T06:36:39","date_gmt":"2023-11-10T09:36:39","guid":{"rendered":"http:\/\/lahoradelcampo.com.uy\/site\/?p=53082"},"modified":"2023-11-10T06:36:48","modified_gmt":"2023-11-10T09:36:48","slug":"semana-positiva-para-el-mercado-lanero-australiano-el-ime-subio-8-centavos","status":"publish","type":"post","link":"https:\/\/lahoradelcampo.com.uy\/site\/semana-positiva-para-el-mercado-lanero-australiano-el-ime-subio-8-centavos\/","title":{"rendered":"Semana positiva para el mercado lanero australiano, el IME subi\u00f3 8 centavos"},"content":{"rendered":"\n<figure class=\"wp-block-image size-full\"><a href=\"https:\/\/i0.wp.com\/lahoradelcampo.com.uy\/site\/wp-content\/uploads\/2018\/03\/Lanaa.jpg\"><img data-recalc-dims=\"1\" loading=\"lazy\" decoding=\"async\" width=\"810\" height=\"405\" data-attachment-id=\"6173\" data-permalink=\"https:\/\/lahoradelcampo.com.uy\/site\/mercado-lanero-australiano-cerro-a-us-1377-por-kilogramo-base-limpia\/lanaa\/\" data-orig-file=\"https:\/\/i0.wp.com\/lahoradelcampo.com.uy\/site\/wp-content\/uploads\/2018\/03\/Lanaa.jpg?fit=880%2C440&amp;ssl=1\" data-orig-size=\"880,440\" data-comments-opened=\"1\" data-image-meta=\"{&quot;aperture&quot;:&quot;0&quot;,&quot;credit&quot;:&quot;Vicente-Manuel-Tort&quot;,&quot;camera&quot;:&quot;&quot;,&quot;caption&quot;:&quot;&quot;,&quot;created_timestamp&quot;:&quot;0&quot;,&quot;copyright&quot;:&quot;Presidencia de la Republica - Sec.Com.Inst.&quot;,&quot;focal_length&quot;:&quot;0&quot;,&quot;iso&quot;:&quot;0&quot;,&quot;shutter_speed&quot;:&quot;0&quot;,&quot;title&quot;:&quot;&quot;,&quot;orientation&quot;:&quot;1&quot;}\" data-image-title=\"Lanaa\" data-image-description=\"\" data-image-caption=\"\" data-large-file=\"https:\/\/i0.wp.com\/lahoradelcampo.com.uy\/site\/wp-content\/uploads\/2018\/03\/Lanaa.jpg?fit=810%2C405&amp;ssl=1\" src=\"https:\/\/i0.wp.com\/lahoradelcampo.com.uy\/site\/wp-content\/uploads\/2018\/03\/Lanaa.jpg?resize=810%2C405\" alt=\"\" class=\"wp-image-6173\" srcset=\"https:\/\/i0.wp.com\/lahoradelcampo.com.uy\/site\/wp-content\/uploads\/2018\/03\/Lanaa.jpg?w=880&amp;ssl=1 880w, https:\/\/i0.wp.com\/lahoradelcampo.com.uy\/site\/wp-content\/uploads\/2018\/03\/Lanaa.jpg?resize=300%2C150&amp;ssl=1 300w, https:\/\/i0.wp.com\/lahoradelcampo.com.uy\/site\/wp-content\/uploads\/2018\/03\/Lanaa.jpg?resize=768%2C384&amp;ssl=1 768w, https:\/\/i0.wp.com\/lahoradelcampo.com.uy\/site\/wp-content\/uploads\/2018\/03\/Lanaa.jpg?resize=820%2C410&amp;ssl=1 820w\" sizes=\"auto, (max-width: 810px) 100vw, 810px\" \/><\/a><\/figure>\n\n\n\n<p>Luego de la baja de la pasada semana, en la presente el mercado lanero australiano recuper\u00f3 varios centavos en el Indicador de Mercados del Este (IME).<\/p>\n\n\n\n<p>La operativa en los dos d\u00edas de ventas se vio influenciada por la propuesta de lanas superfinas en el centro de Sidney, que normalmente est\u00e1n asociadas a lanas de mejor calidad, lo que la demanda est\u00e1 premiando en la actualidad. Al mismo tiempo se vuelve m\u00e1s selectiva en el resto de los micronajes, priorizando la compra de lotes con bajo contenido de materia vegetal (&lt;1%) y con una variabilidad del largo de mecha por debajo del 49%.<\/p>\n\n\n\n<p>A modo de referencia, en el \u00faltimo d\u00eda de ventas y sobre el cierre de la operativa en Sidney y Melbourne se observ\u00f3 una demanda m\u00e1s activa en lanas de 20 a 21,5 micras, ejerciendo subas m\u00e1s importantes en estos micronajes del merino.<\/p>\n\n\n\n<p>En el caso de las lanas medias y gruesas, la oferta fue voluminosa esta semana, con una demanda mejor posicionada, hubo ajustes en las cotizaciones respecto a la semana anterior, principalmente por problemas de color en la oferta.<\/p>\n\n\n\n<p>En este contexto el Indicador de Mercados del Este (IME) cerr\u00f3 en A$ 11,28 por kilogramo base limpia, bajando un centavo en la semana. El tipo de cambio limit\u00f3 las subas en d\u00f3lares estadounidenses en la \u00faltima jornada, por lo que al cierre de la operativa el indicador cotiz\u00f3 en US$ 7,23, subiendo ocho centavos frente al pasado mi\u00e9rcoles.<\/p>\n\n\n\n<p>Luego de las dos jornadas de ventas, se coloc\u00f3 el 91,1% de una oferta total de 42.682 fardos. El volumen colocado fue un 3% por debajo de lo comercializado la semana pasada, mientras que es un 46% superior a igual semana de 2022. Las seis principales firmas compradoras, lideradas por Techwool Trading, adquirieron el 63,2% de la oferta en la presente semana.<\/p>\n\n\n\n<p>Las ventas continuar\u00e1n la pr\u00f3xima semana en el mercado lanero australiano, con una oferta de 45.419 fardos que se distribuir\u00e1n en los tres centros de ventas durante los d\u00edas martes y mi\u00e9rcoles. De acuerdo a los datos de Australian Wool Exchange (Awex), de concretarse esta oferta, la misma es un 6,4% superior a la presentada esta semana y un 36,9% por encima de los propuesto en 2022, en la misma semana de venta.<\/p>\n\n\n\n<p>Salto, 10 de noviembre de 2023<\/p>\n","protected":false},"excerpt":{"rendered":"<p>Luego de la baja de la pasada semana, en la presente el mercado lanero australiano recuper\u00f3 varios centavos en el Indicador de Mercados del Este (IME). La operativa en los [&hellip;]<\/p>\n","protected":false},"author":5,"featured_media":6173,"comment_status":"open","ping_status":"open","sticky":false,"template":"","format":"standard","meta":{"_price":"","_stock":"","_tribe_ticket_header":"","_tribe_default_ticket_provider":"","_tribe_ticket_capacity":"0","_ticket_start_date":"","_ticket_end_date":"","_tribe_ticket_show_description":"","_tribe_ticket_show_not_going":false,"_tribe_ticket_use_global_stock":"","_tribe_ticket_global_stock_level":"","_global_stock_mode":"","_global_stock_cap":"","_tribe_rsvp_for_event":"","_tribe_ticket_going_count":"","_tribe_ticket_not_going_count":"","_tribe_tickets_list":"[]","_tribe_ticket_has_attendee_info_fields":false,"h5ap_radio_sources":[],"_jetpack_newsletter_access":"","_jetpack_dont_email_post_to_subs":false,"_jetpack_newsletter_tier_id":0,"_jetpack_memberships_contains_paywalled_content":false,"_jetpack_memberships_contains_paid_content":false,"footnotes":""},"categories":[21,13],"tags":[],"class_list":["post-53082","post","type-post","status-publish","format-standard","has-post-thumbnail","hentry","category-actualidad","category-ovinos"],"jetpack_featured_media_url":"https:\/\/i0.wp.com\/lahoradelcampo.com.uy\/site\/wp-content\/uploads\/2018\/03\/Lanaa.jpg?fit=880%2C440&ssl=1","jetpack_sharing_enabled":true,"jetpack_shortlink":"https:\/\/wp.me\/p99IaT-dOa","jetpack-related-posts":[{"id":50449,"url":"https:\/\/lahoradelcampo.com.uy\/site\/mercado-lanero-australiano-cerro-la-semana-con-bajas-en-el-ime\/","url_meta":{"origin":53082,"position":0},"title":"Mercado lanero australiano cerr\u00f3 la semana con bajas en el IME","author":"La Hora del Campo","date":"20 mayo, 2023","format":false,"excerpt":"El Indicador de Mercados del Este (IME) en d\u00f3lares estadounidenses cerr\u00f3 la semana con una tendencia negativa, registrando una p\u00e9rdida de 28 centavos despu\u00e9s de tres d\u00edas de actividad. A pesar de las fluctuaciones cambiarias que impactaron negativamente, la demanda contin\u00faa mostrando preferencia por lanas de buena calidad, con menor\u2026","rel":"","context":"En \u00abActualidad\u00bb","block_context":{"text":"Actualidad","link":"https:\/\/lahoradelcampo.com.uy\/site\/category\/actualidad\/"},"img":{"alt_text":"","src":"https:\/\/i0.wp.com\/lahoradelcampo.com.uy\/site\/wp-content\/uploads\/2018\/03\/lana.jpg?fit=880%2C440&ssl=1&resize=350%2C200","width":350,"height":200,"srcset":"https:\/\/i0.wp.com\/lahoradelcampo.com.uy\/site\/wp-content\/uploads\/2018\/03\/lana.jpg?fit=880%2C440&ssl=1&resize=350%2C200 1x, https:\/\/i0.wp.com\/lahoradelcampo.com.uy\/site\/wp-content\/uploads\/2018\/03\/lana.jpg?fit=880%2C440&ssl=1&resize=525%2C300 1.5x, https:\/\/i0.wp.com\/lahoradelcampo.com.uy\/site\/wp-content\/uploads\/2018\/03\/lana.jpg?fit=880%2C440&ssl=1&resize=700%2C400 2x"},"classes":[]},{"id":17840,"url":"https:\/\/lahoradelcampo.com.uy\/site\/el-mercado-lanero-australiano-cerro-con-una-baja-de-18-centavos-en-el-ime\/","url_meta":{"origin":53082,"position":1},"title":"El mercado lanero australiano cerr\u00f3 con una baja de 18 centavos en el IME","author":"La Hora del Campo","date":"9 marzo, 2020","format":false,"excerpt":"El mercado lanero australiano retom\u00f3 sus actividades de ventas, luego del receso generado por un ataque cibern\u00e9tico sobre el sistema inform\u00e1tico que brinda servicios en los tres centros de ventas australianos. La pausa imprevista por el mercado gener\u00f3 una acumulaci\u00f3n de la oferta que gener\u00f3 est\u00e1 semana un volumen superior\u2026","rel":"","context":"En \u00abActualidad\u00bb","block_context":{"text":"Actualidad","link":"https:\/\/lahoradelcampo.com.uy\/site\/category\/actualidad\/"},"img":{"alt_text":"","src":"https:\/\/i0.wp.com\/lahoradelcampo.com.uy\/site\/wp-content\/uploads\/2017\/11\/lanas.jpg?fit=880%2C440&ssl=1&resize=350%2C200","width":350,"height":200,"srcset":"https:\/\/i0.wp.com\/lahoradelcampo.com.uy\/site\/wp-content\/uploads\/2017\/11\/lanas.jpg?fit=880%2C440&ssl=1&resize=350%2C200 1x, https:\/\/i0.wp.com\/lahoradelcampo.com.uy\/site\/wp-content\/uploads\/2017\/11\/lanas.jpg?fit=880%2C440&ssl=1&resize=525%2C300 1.5x, https:\/\/i0.wp.com\/lahoradelcampo.com.uy\/site\/wp-content\/uploads\/2017\/11\/lanas.jpg?fit=880%2C440&ssl=1&resize=700%2C400 2x"},"classes":[]},{"id":54343,"url":"https:\/\/lahoradelcampo.com.uy\/site\/el-ime-continua-perdiendo-terreno-y-cayo-12-centavos-esta-semana\/","url_meta":{"origin":53082,"position":2},"title":"El IME contin\u00faa perdiendo terreno y cay\u00f3 12 centavos esta semana","author":"La Hora del Campo","date":"30 agosto, 2024","format":false,"excerpt":"La semana del mercado lanero australiano continu\u00f3 con tendencia bajista, incrementando las p\u00e9rdidas que se han venido registrando desde que dio inicio la presente zafra 2024\/2025. La calidad de la oferta, la alta selectividad de los compradores y la resistencia del productor australiano, fueron los principales factores que determinaron el\u2026","rel":"","context":"En \u00abActualidad\u00bb","block_context":{"text":"Actualidad","link":"https:\/\/lahoradelcampo.com.uy\/site\/category\/actualidad\/"},"img":{"alt_text":"","src":"https:\/\/i0.wp.com\/lahoradelcampo.com.uy\/site\/wp-content\/uploads\/2024\/08\/Australia-lanas.jpg?fit=880%2C440&ssl=1&resize=350%2C200","width":350,"height":200,"srcset":"https:\/\/i0.wp.com\/lahoradelcampo.com.uy\/site\/wp-content\/uploads\/2024\/08\/Australia-lanas.jpg?fit=880%2C440&ssl=1&resize=350%2C200 1x, https:\/\/i0.wp.com\/lahoradelcampo.com.uy\/site\/wp-content\/uploads\/2024\/08\/Australia-lanas.jpg?fit=880%2C440&ssl=1&resize=525%2C300 1.5x, https:\/\/i0.wp.com\/lahoradelcampo.com.uy\/site\/wp-content\/uploads\/2024\/08\/Australia-lanas.jpg?fit=880%2C440&ssl=1&resize=700%2C400 2x"},"classes":[]},{"id":35229,"url":"https:\/\/lahoradelcampo.com.uy\/site\/semana-positiva-para-el-mercado-lanero-con-una-suba-de-12-centavos\/","url_meta":{"origin":53082,"position":3},"title":"Semana positiva para el mercado lanero australiano","author":"La Hora del Campo","date":"8 octubre, 2021","format":false,"excerpt":"La operativa semanal fue positiva en el mercado lanero australiano, con un Indicador de Mercados del Este (IME) que sum\u00f3 12 centavos entre las dos jornadas y se posicion\u00f3 en los US$ 9,75, acerc\u00e1ndose nuevamente a los valores de inicios de setiembre. La demanda contin\u00faa enfocada en las lanas finas,\u2026","rel":"","context":"En \u00abActualidad\u00bb","block_context":{"text":"Actualidad","link":"https:\/\/lahoradelcampo.com.uy\/site\/category\/actualidad\/"},"img":{"alt_text":"","src":"https:\/\/i0.wp.com\/lahoradelcampo.com.uy\/site\/wp-content\/uploads\/2019\/06\/Lanas-s.jpg?fit=880%2C440&ssl=1&resize=350%2C200","width":350,"height":200,"srcset":"https:\/\/i0.wp.com\/lahoradelcampo.com.uy\/site\/wp-content\/uploads\/2019\/06\/Lanas-s.jpg?fit=880%2C440&ssl=1&resize=350%2C200 1x, https:\/\/i0.wp.com\/lahoradelcampo.com.uy\/site\/wp-content\/uploads\/2019\/06\/Lanas-s.jpg?fit=880%2C440&ssl=1&resize=525%2C300 1.5x, https:\/\/i0.wp.com\/lahoradelcampo.com.uy\/site\/wp-content\/uploads\/2019\/06\/Lanas-s.jpg?fit=880%2C440&ssl=1&resize=700%2C400 2x"},"classes":[]},{"id":24480,"url":"https:\/\/lahoradelcampo.com.uy\/site\/ime-recupero-18-centavos-esta-semana-y-cerro-a-us-727\/","url_meta":{"origin":53082,"position":4},"title":"IME recuper\u00f3 18 centavos esta semana y cerr\u00f3 a US$ 7,27","author":"La Hora del Campo","date":"9 octubre, 2020","format":false,"excerpt":"El mercado lanero australiano volvi\u00f3 a mostrarse firme en sus valores esta semana, m\u00e1s all\u00e1 de leves vaivenes en la moneda local en algunos micronajes al cierre de la semana, principalmente por la calidad de la lana ofertada, el feriado en China y el aumento de la oferta. Al trasladarse\u2026","rel":"","context":"En \u00abActualidad\u00bb","block_context":{"text":"Actualidad","link":"https:\/\/lahoradelcampo.com.uy\/site\/category\/actualidad\/"},"img":{"alt_text":"","src":"https:\/\/i0.wp.com\/lahoradelcampo.com.uy\/site\/wp-content\/uploads\/2019\/04\/Lanas-Australia.jpg?fit=880%2C440&ssl=1&resize=350%2C200","width":350,"height":200,"srcset":"https:\/\/i0.wp.com\/lahoradelcampo.com.uy\/site\/wp-content\/uploads\/2019\/04\/Lanas-Australia.jpg?fit=880%2C440&ssl=1&resize=350%2C200 1x, https:\/\/i0.wp.com\/lahoradelcampo.com.uy\/site\/wp-content\/uploads\/2019\/04\/Lanas-Australia.jpg?fit=880%2C440&ssl=1&resize=525%2C300 1.5x, https:\/\/i0.wp.com\/lahoradelcampo.com.uy\/site\/wp-content\/uploads\/2019\/04\/Lanas-Australia.jpg?fit=880%2C440&ssl=1&resize=700%2C400 2x"},"classes":[]},{"id":39539,"url":"https:\/\/lahoradelcampo.com.uy\/site\/el-ime-cerro-la-semana-con-una-suba-de-cinco-centavos\/","url_meta":{"origin":53082,"position":5},"title":"El IME cerr\u00f3 la semana con  una suba de cinco centavos","author":"La Hora del Campo","date":"4 marzo, 2022","format":false,"excerpt":"La semana en el mercado lanero australiano cerr\u00f3 con una nueva suba en el Indicador de Mercados del Este (IME), debido en parte al tipo de cambio, pero con mucha variabilidad en las referencias dentro y entre cada micronaje comercializado. La operativa en gran parte de la semana tuvo una\u2026","rel":"","context":"En \u00abActualidad\u00bb","block_context":{"text":"Actualidad","link":"https:\/\/lahoradelcampo.com.uy\/site\/category\/actualidad\/"},"img":{"alt_text":"","src":"https:\/\/i0.wp.com\/lahoradelcampo.com.uy\/site\/wp-content\/uploads\/2019\/04\/Lanas-Australia.jpg?fit=880%2C440&ssl=1&resize=350%2C200","width":350,"height":200,"srcset":"https:\/\/i0.wp.com\/lahoradelcampo.com.uy\/site\/wp-content\/uploads\/2019\/04\/Lanas-Australia.jpg?fit=880%2C440&ssl=1&resize=350%2C200 1x, https:\/\/i0.wp.com\/lahoradelcampo.com.uy\/site\/wp-content\/uploads\/2019\/04\/Lanas-Australia.jpg?fit=880%2C440&ssl=1&resize=525%2C300 1.5x, https:\/\/i0.wp.com\/lahoradelcampo.com.uy\/site\/wp-content\/uploads\/2019\/04\/Lanas-Australia.jpg?fit=880%2C440&ssl=1&resize=700%2C400 2x"},"classes":[]}],"jetpack_likes_enabled":true,"_links":{"self":[{"href":"https:\/\/lahoradelcampo.com.uy\/site\/wp-json\/wp\/v2\/posts\/53082","targetHints":{"allow":["GET"]}}],"collection":[{"href":"https:\/\/lahoradelcampo.com.uy\/site\/wp-json\/wp\/v2\/posts"}],"about":[{"href":"https:\/\/lahoradelcampo.com.uy\/site\/wp-json\/wp\/v2\/types\/post"}],"author":[{"embeddable":true,"href":"https:\/\/lahoradelcampo.com.uy\/site\/wp-json\/wp\/v2\/users\/5"}],"replies":[{"embeddable":true,"href":"https:\/\/lahoradelcampo.com.uy\/site\/wp-json\/wp\/v2\/comments?post=53082"}],"version-history":[{"count":1,"href":"https:\/\/lahoradelcampo.com.uy\/site\/wp-json\/wp\/v2\/posts\/53082\/revisions"}],"predecessor-version":[{"id":53083,"href":"https:\/\/lahoradelcampo.com.uy\/site\/wp-json\/wp\/v2\/posts\/53082\/revisions\/53083"}],"wp:featuredmedia":[{"embeddable":true,"href":"https:\/\/lahoradelcampo.com.uy\/site\/wp-json\/wp\/v2\/media\/6173"}],"wp:attachment":[{"href":"https:\/\/lahoradelcampo.com.uy\/site\/wp-json\/wp\/v2\/media?parent=53082"}],"wp:term":[{"taxonomy":"category","embeddable":true,"href":"https:\/\/lahoradelcampo.com.uy\/site\/wp-json\/wp\/v2\/categories?post=53082"},{"taxonomy":"post_tag","embeddable":true,"href":"https:\/\/lahoradelcampo.com.uy\/site\/wp-json\/wp\/v2\/tags?post=53082"}],"curies":[{"name":"wp","href":"https:\/\/api.w.org\/{rel}","templated":true}]}}