{"id":52378,"date":"2023-09-03T20:55:44","date_gmt":"2023-09-03T23:55:44","guid":{"rendered":"http:\/\/lahoradelcampo.com.uy\/site\/?p=52378"},"modified":"2023-09-03T20:56:07","modified_gmt":"2023-09-03T23:56:07","slug":"carne-ovina-jornada-de-analisis-de-sistemas-para-pequenos-productores","status":"publish","type":"post","link":"https:\/\/lahoradelcampo.com.uy\/site\/carne-ovina-jornada-de-analisis-de-sistemas-para-pequenos-productores\/","title":{"rendered":"Carne ovina: jornada de an\u00e1lisis de sistemas para peque\u00f1os productores"},"content":{"rendered":"\n<figure class=\"wp-block-image size-full\"><a href=\"https:\/\/i0.wp.com\/lahoradelcampo.com.uy\/site\/wp-content\/uploads\/2023\/07\/SUL-Ovinos.jpg\"><img data-recalc-dims=\"1\" loading=\"lazy\" decoding=\"async\" width=\"810\" height=\"405\" data-attachment-id=\"51566\" data-permalink=\"https:\/\/lahoradelcampo.com.uy\/site\/recomendaciones-del-sul-para-planificar-el-manejo-del-ovino-en-julio\/sul-ovinos\/\" data-orig-file=\"https:\/\/i0.wp.com\/lahoradelcampo.com.uy\/site\/wp-content\/uploads\/2023\/07\/SUL-Ovinos.jpg?fit=880%2C440&amp;ssl=1\" data-orig-size=\"880,440\" data-comments-opened=\"1\" data-image-meta=\"{&quot;aperture&quot;:&quot;0&quot;,&quot;credit&quot;:&quot;&quot;,&quot;camera&quot;:&quot;&quot;,&quot;caption&quot;:&quot;&quot;,&quot;created_timestamp&quot;:&quot;0&quot;,&quot;copyright&quot;:&quot;&quot;,&quot;focal_length&quot;:&quot;0&quot;,&quot;iso&quot;:&quot;0&quot;,&quot;shutter_speed&quot;:&quot;0&quot;,&quot;title&quot;:&quot;&quot;,&quot;orientation&quot;:&quot;1&quot;}\" data-image-title=\"SUL-Ovinos\" data-image-description=\"\" data-image-caption=\"\" data-large-file=\"https:\/\/i0.wp.com\/lahoradelcampo.com.uy\/site\/wp-content\/uploads\/2023\/07\/SUL-Ovinos.jpg?fit=810%2C405&amp;ssl=1\" src=\"https:\/\/i0.wp.com\/lahoradelcampo.com.uy\/site\/wp-content\/uploads\/2023\/07\/SUL-Ovinos.jpg?resize=810%2C405\" alt=\"\" class=\"wp-image-51566\" srcset=\"https:\/\/i0.wp.com\/lahoradelcampo.com.uy\/site\/wp-content\/uploads\/2023\/07\/SUL-Ovinos.jpg?w=880&amp;ssl=1 880w, https:\/\/i0.wp.com\/lahoradelcampo.com.uy\/site\/wp-content\/uploads\/2023\/07\/SUL-Ovinos.jpg?resize=300%2C150&amp;ssl=1 300w, https:\/\/i0.wp.com\/lahoradelcampo.com.uy\/site\/wp-content\/uploads\/2023\/07\/SUL-Ovinos.jpg?resize=768%2C384&amp;ssl=1 768w, https:\/\/i0.wp.com\/lahoradelcampo.com.uy\/site\/wp-content\/uploads\/2023\/07\/SUL-Ovinos.jpg?resize=820%2C410&amp;ssl=1 820w\" sizes=\"auto, (max-width: 810px) 100vw, 810px\" \/><\/a><\/figure>\n\n\n\n<p>La Direcci\u00f3n General de Desarrollo Rural del Ministerio de Ganader\u00eda, Agricultura y Pesca (DGDR-MGAP), el Secretariado Uruguayo de la Lana (SUL) y el \u00e1rea de Ruralidad del Ministerio de Desarrollo Social (Mides-Ruralidad), llevaran a cabo una jornada dedicada a la carne ovina. El evento tendr\u00e1 lugar en el Centro de Innovaci\u00f3n y Capacitaci\u00f3n Ovina Mario Azzarini (CICOMA-SUL), ubicado en el departamento de Salto, el pr\u00f3ximo martes 5 de septiembre de 2023, con un horario de 9 a 13.30 horas.<\/p>\n\n\n\n<p>La jornada est\u00e1 dirigida a productores agropecuarios y sus familias, con la particularidad de que la participaci\u00f3n no tendr\u00e1 costo alguno. Sin embargo, es importante se\u00f1alar que los cupos son limitados, por lo que quienes deseen asistir deben realizar inscripciones y consultas con los referentes de DGDR-MGAP y Mides-Ruralidad en los departamentos de Artigas, Salto, Paysand\u00fa, Tacuaremb\u00f3 y Rivera.<\/p>\n\n\n\n<p>I) Negocio Ovino en Foco: Experiencias de \u00c9xito<\/p>\n\n\n\n<p>La jornada arrancar\u00e1 con un an\u00e1lisis del negocio ovino en sistemas dedicados a la producci\u00f3n de carne. Los testimonios de Mauro Tavares, productor de Tiatucura en Tacuaremb\u00f3, y Jorge Giambiasi, productor de Colonia Osimani y Llerena en Salto, brindar\u00e1n valiosa perspectiva desde el terreno. Pero no solo eso, se fomentar\u00e1 la interacci\u00f3n con los asistentes, quienes participar\u00e1n en grupos de trabajo para evaluar sistemas espec\u00edficos.<\/p>\n\n\n\n<p>II) Manejo y Selecci\u00f3n de Pasturas<\/p>\n\n\n\n<p>El manejo adecuado y la elecci\u00f3n acertada de pasturas son vitales para el \u00e9xito en la producci\u00f3n ovina. En esta secci\u00f3n, la empresa Calvase compartir\u00e1 su conocimiento y experiencia.<\/p>\n\n\n\n<p>III) Sanidad: Par\u00e1sitos y Afecciones Podales<\/p>\n\n\n\n<p>}La sanidad es un pilar fundamental en la producci\u00f3n agropecuaria. En esta secci\u00f3n se abordar\u00e1n temas esenciales como los par\u00e1sitos gastrointestinales y las afecciones podales, brindando informaci\u00f3n clave para mantener la salud de los reba\u00f1os.<\/p>\n\n\n\n<p>IV) Recorrida de campo: Parideras<\/p>\n\n\n\n<p>La jornada culminar\u00e1 con una salida al campo, donde los participantes podr\u00e1n recorrer los abrigos de parici\u00f3n para los ovinos, observando de cerca las parideras y su coordinaci\u00f3n con las pasturas.<\/p>\n\n\n\n<p>Salto, 3 de setiembre de 2023<\/p>\n","protected":false},"excerpt":{"rendered":"<p>La Direcci\u00f3n General de Desarrollo Rural del Ministerio de Ganader\u00eda, Agricultura y Pesca (DGDR-MGAP), el Secretariado Uruguayo de la Lana (SUL) y el \u00e1rea de Ruralidad del Ministerio de Desarrollo [&hellip;]<\/p>\n","protected":false},"author":5,"featured_media":51566,"comment_status":"open","ping_status":"open","sticky":false,"template":"","format":"standard","meta":{"_price":"","_stock":"","_tribe_ticket_header":"","_tribe_default_ticket_provider":"","_tribe_ticket_capacity":"0","_ticket_start_date":"","_ticket_end_date":"","_tribe_ticket_show_description":"","_tribe_ticket_show_not_going":false,"_tribe_ticket_use_global_stock":"","_tribe_ticket_global_stock_level":"","_global_stock_mode":"","_global_stock_cap":"","_tribe_rsvp_for_event":"","_tribe_ticket_going_count":"","_tribe_ticket_not_going_count":"","_tribe_tickets_list":"[]","_tribe_ticket_has_attendee_info_fields":false,"h5ap_radio_sources":[],"_jetpack_newsletter_access":"","_jetpack_dont_email_post_to_subs":false,"_jetpack_newsletter_tier_id":0,"_jetpack_memberships_contains_paywalled_content":false,"_jetpack_memberships_contains_paid_content":false,"footnotes":""},"categories":[21,13],"tags":[],"class_list":["post-52378","post","type-post","status-publish","format-standard","has-post-thumbnail","hentry","category-actualidad","category-ovinos"],"jetpack_featured_media_url":"https:\/\/i0.wp.com\/lahoradelcampo.com.uy\/site\/wp-content\/uploads\/2023\/07\/SUL-Ovinos.jpg?fit=880%2C440&ssl=1","jetpack_sharing_enabled":true,"jetpack_shortlink":"https:\/\/wp.me\/p99IaT-dCO","jetpack-related-posts":[{"id":54631,"url":"https:\/\/lahoradelcampo.com.uy\/site\/sul-convoca-a-la-jornada-de-carne-ovina-en-salto\/","url_meta":{"origin":52378,"position":0},"title":"Sul convoca a la jornada de carne ovina en Salto","author":"La Hora del Campo","date":"23 septiembre, 2024","format":false,"excerpt":"El Secretariado Uruguayo de la Lana (SUL) convoca para la jornada anual de carne ovina en el Centro de Capacitaci\u00f3n e Innovaci\u00f3n Ovina Mario Azzarini (CICOMA), en la zona de Colonia Lavalleja, en Salto, prevista para el martes 24 de setiembre a partir de la hora 9:00. El programa previsto\u2026","rel":"","context":"En \u00abActualidad\u00bb","block_context":{"text":"Actualidad","link":"https:\/\/lahoradelcampo.com.uy\/site\/category\/actualidad\/"},"img":{"alt_text":"","src":"https:\/\/i0.wp.com\/lahoradelcampo.com.uy\/site\/wp-content\/uploads\/2023\/07\/SUL-Ovinos.jpg?fit=880%2C440&ssl=1&resize=350%2C200","width":350,"height":200,"srcset":"https:\/\/i0.wp.com\/lahoradelcampo.com.uy\/site\/wp-content\/uploads\/2023\/07\/SUL-Ovinos.jpg?fit=880%2C440&ssl=1&resize=350%2C200 1x, https:\/\/i0.wp.com\/lahoradelcampo.com.uy\/site\/wp-content\/uploads\/2023\/07\/SUL-Ovinos.jpg?fit=880%2C440&ssl=1&resize=525%2C300 1.5x, https:\/\/i0.wp.com\/lahoradelcampo.com.uy\/site\/wp-content\/uploads\/2023\/07\/SUL-Ovinos.jpg?fit=880%2C440&ssl=1&resize=700%2C400 2x"},"classes":[]},{"id":54778,"url":"https:\/\/lahoradelcampo.com.uy\/site\/se-realizo-jornada-de-apoyo-y-capacitacionen-el-cicoma\/","url_meta":{"origin":52378,"position":1},"title":"Se realiz\u00f3 jornada de apoyo y capacitaci\u00f3nen el CICOMA","author":"La Hora del Campo","date":"1 octubre, 2024","format":false,"excerpt":"Este viernes, 27 de septiembre, se llev\u00f3 a cabo una jornada de capacitaci\u00f3n en el Centro de Investigaci\u00f3n y Capacitaci\u00f3n Ovina Mario Azzarini (CICOMA) en Salto, en el marco de las Intervenciones Territoriales Espec\u00edficas (ITE) para el fomento del sector ovino. La actividad, organizada por el Ministerio de Ganader\u00eda, Agricultura\u2026","rel":"","context":"En \u00abActualidad\u00bb","block_context":{"text":"Actualidad","link":"https:\/\/lahoradelcampo.com.uy\/site\/category\/actualidad\/"},"img":{"alt_text":"","src":"https:\/\/i0.wp.com\/lahoradelcampo.com.uy\/site\/wp-content\/uploads\/2024\/10\/mgap-cicoma.jpg?fit=880%2C440&ssl=1&resize=350%2C200","width":350,"height":200,"srcset":"https:\/\/i0.wp.com\/lahoradelcampo.com.uy\/site\/wp-content\/uploads\/2024\/10\/mgap-cicoma.jpg?fit=880%2C440&ssl=1&resize=350%2C200 1x, https:\/\/i0.wp.com\/lahoradelcampo.com.uy\/site\/wp-content\/uploads\/2024\/10\/mgap-cicoma.jpg?fit=880%2C440&ssl=1&resize=525%2C300 1.5x, https:\/\/i0.wp.com\/lahoradelcampo.com.uy\/site\/wp-content\/uploads\/2024\/10\/mgap-cicoma.jpg?fit=880%2C440&ssl=1&resize=700%2C400 2x"},"classes":[]},{"id":22780,"url":"https:\/\/lahoradelcampo.com.uy\/site\/sul-inia-e-inac-trabajan-para-mejorar-la-competitividad-internacional-de-la-carne-ovina\/","url_meta":{"origin":52378,"position":2},"title":"SUL, INIA e INAC trabajan para mejorar la competitividad internacional de la carne ovina","author":"La Hora del Campo","date":"18 agosto, 2020","format":false,"excerpt":"El Secretariado Uruguayo de la Lana (SUL), conjuntamente con el Instituto Nacional de Investigaci\u00f3n Agropecuaria (INIA) y el Instituto Nacional de Carnes (INAC) llevan adelante el convenio de cooperaci\u00f3n \u201cInvestigaci\u00f3n, transferencia de tecnolog\u00eda e innovaci\u00f3n para la mejora de la competitividad internacional de la cadena c\u00e1rnica ovina del Uruguay\u201d. En\u2026","rel":"","context":"En \u00abActualidad\u00bb","block_context":{"text":"Actualidad","link":"https:\/\/lahoradelcampo.com.uy\/site\/category\/actualidad\/"},"img":{"alt_text":"","src":"https:\/\/i0.wp.com\/lahoradelcampo.com.uy\/site\/wp-content\/uploads\/2017\/09\/Ovinos.jpg?fit=880%2C440&ssl=1&resize=350%2C200","width":350,"height":200,"srcset":"https:\/\/i0.wp.com\/lahoradelcampo.com.uy\/site\/wp-content\/uploads\/2017\/09\/Ovinos.jpg?fit=880%2C440&ssl=1&resize=350%2C200 1x, https:\/\/i0.wp.com\/lahoradelcampo.com.uy\/site\/wp-content\/uploads\/2017\/09\/Ovinos.jpg?fit=880%2C440&ssl=1&resize=525%2C300 1.5x, https:\/\/i0.wp.com\/lahoradelcampo.com.uy\/site\/wp-content\/uploads\/2017\/09\/Ovinos.jpg?fit=880%2C440&ssl=1&resize=700%2C400 2x"},"classes":[]},{"id":45891,"url":"https:\/\/lahoradelcampo.com.uy\/site\/sul-presento-produccion-de-carne-ovina-en-salto-con-140-de-senalada\/","url_meta":{"origin":52378,"position":3},"title":"SUL present\u00f3 producci\u00f3n de carne ovina en Salto, con 140% de se\u00f1alada","author":"La Hora del Campo","date":"28 septiembre, 2022","format":false,"excerpt":"El Secretariado Uruguayo de la Lana (SUL) present\u00f3 en la jornada de ayer en el Centro de Innovaci\u00f3n y Capacitaci\u00f3n Ovina Mario Azzarini (CICOMA) en Salto, su m\u00f3dulo de producci\u00f3n de carne ovina, con datos obtenidos en los \u00faltimos tres a\u00f1os, alcanzado m\u00e1s de 140% de se\u00f1alada. La jornada cont\u00f3\u2026","rel":"","context":"En \u00abActualidad\u00bb","block_context":{"text":"Actualidad","link":"https:\/\/lahoradelcampo.com.uy\/site\/category\/actualidad\/"},"img":{"alt_text":"","src":"https:\/\/i0.wp.com\/lahoradelcampo.com.uy\/site\/wp-content\/uploads\/2022\/09\/JornadaSUL.jpg?fit=880%2C440&ssl=1&resize=350%2C200","width":350,"height":200,"srcset":"https:\/\/i0.wp.com\/lahoradelcampo.com.uy\/site\/wp-content\/uploads\/2022\/09\/JornadaSUL.jpg?fit=880%2C440&ssl=1&resize=350%2C200 1x, https:\/\/i0.wp.com\/lahoradelcampo.com.uy\/site\/wp-content\/uploads\/2022\/09\/JornadaSUL.jpg?fit=880%2C440&ssl=1&resize=525%2C300 1.5x, https:\/\/i0.wp.com\/lahoradelcampo.com.uy\/site\/wp-content\/uploads\/2022\/09\/JornadaSUL.jpg?fit=880%2C440&ssl=1&resize=700%2C400 2x"},"classes":[]},{"id":4217,"url":"https:\/\/lahoradelcampo.com.uy\/site\/el-sul-destaco-cinco-buenas-noticias-para-el-rubro-ovino-en-2017\/","url_meta":{"origin":52378,"position":4},"title":"El SUL destac\u00f3 cinco buenas  noticias  para el rubro ovino en 2017","author":"La Hora del Campo","date":"25 noviembre, 2017","format":false,"excerpt":"En la capital del pa\u00eds se realiz\u00f3 en la jornada de ayer el encuentro anual del Secretariado Uruguayo de la Lana con los comunicadores agropecuarios que concurrieron desde varios puntos del territorio nacional. Dicho encuentro se concret\u00f3 en el local de la C\u00e1mara Mercantil de Productos del Pa\u00eds. El Secretariado\u2026","rel":"","context":"En \u00abActualidad\u00bb","block_context":{"text":"Actualidad","link":"https:\/\/lahoradelcampo.com.uy\/site\/category\/actualidad\/"},"img":{"alt_text":"","src":"https:\/\/i0.wp.com\/lahoradelcampo.com.uy\/site\/wp-content\/uploads\/2017\/11\/SUL.jpg?fit=880%2C440&ssl=1&resize=350%2C200","width":350,"height":200,"srcset":"https:\/\/i0.wp.com\/lahoradelcampo.com.uy\/site\/wp-content\/uploads\/2017\/11\/SUL.jpg?fit=880%2C440&ssl=1&resize=350%2C200 1x, https:\/\/i0.wp.com\/lahoradelcampo.com.uy\/site\/wp-content\/uploads\/2017\/11\/SUL.jpg?fit=880%2C440&ssl=1&resize=525%2C300 1.5x, https:\/\/i0.wp.com\/lahoradelcampo.com.uy\/site\/wp-content\/uploads\/2017\/11\/SUL.jpg?fit=880%2C440&ssl=1&resize=700%2C400 2x"},"classes":[]},{"id":30528,"url":"https:\/\/lahoradelcampo.com.uy\/site\/iniciando-en-la-ganaderia-ovina\/","url_meta":{"origin":52378,"position":5},"title":"Iniciando en la ganader\u00eda ovina","author":"La Hora del Campo","date":"26 mayo, 2021","format":false,"excerpt":"El Secretariado Uruguayo de la Lana (SUL), el Instituto Plan Agropecuario (IPA) y la Asociaci\u00f3n Nacional de Peque\u00f1os Criadores de Ovinos (ANPCO) invitan a la charla \"Iniciando en la ganader\u00eda ovina: Como armo la rotaci\u00f3n de pasturas\". La misma tendr\u00e1 lugar ma\u00f1ana viernes 28 de mayo, a las 19 horas,\u2026","rel":"","context":"En \u00abActualidad\u00bb","block_context":{"text":"Actualidad","link":"https:\/\/lahoradelcampo.com.uy\/site\/category\/actualidad\/"},"img":{"alt_text":"","src":"https:\/\/i0.wp.com\/lahoradelcampo.com.uy\/site\/wp-content\/uploads\/2019\/07\/ovinos-corderos.jpg?fit=880%2C440&ssl=1&resize=350%2C200","width":350,"height":200,"srcset":"https:\/\/i0.wp.com\/lahoradelcampo.com.uy\/site\/wp-content\/uploads\/2019\/07\/ovinos-corderos.jpg?fit=880%2C440&ssl=1&resize=350%2C200 1x, https:\/\/i0.wp.com\/lahoradelcampo.com.uy\/site\/wp-content\/uploads\/2019\/07\/ovinos-corderos.jpg?fit=880%2C440&ssl=1&resize=525%2C300 1.5x, https:\/\/i0.wp.com\/lahoradelcampo.com.uy\/site\/wp-content\/uploads\/2019\/07\/ovinos-corderos.jpg?fit=880%2C440&ssl=1&resize=700%2C400 2x"},"classes":[]}],"jetpack_likes_enabled":true,"_links":{"self":[{"href":"https:\/\/lahoradelcampo.com.uy\/site\/wp-json\/wp\/v2\/posts\/52378","targetHints":{"allow":["GET"]}}],"collection":[{"href":"https:\/\/lahoradelcampo.com.uy\/site\/wp-json\/wp\/v2\/posts"}],"about":[{"href":"https:\/\/lahoradelcampo.com.uy\/site\/wp-json\/wp\/v2\/types\/post"}],"author":[{"embeddable":true,"href":"https:\/\/lahoradelcampo.com.uy\/site\/wp-json\/wp\/v2\/users\/5"}],"replies":[{"embeddable":true,"href":"https:\/\/lahoradelcampo.com.uy\/site\/wp-json\/wp\/v2\/comments?post=52378"}],"version-history":[{"count":1,"href":"https:\/\/lahoradelcampo.com.uy\/site\/wp-json\/wp\/v2\/posts\/52378\/revisions"}],"predecessor-version":[{"id":52380,"href":"https:\/\/lahoradelcampo.com.uy\/site\/wp-json\/wp\/v2\/posts\/52378\/revisions\/52380"}],"wp:featuredmedia":[{"embeddable":true,"href":"https:\/\/lahoradelcampo.com.uy\/site\/wp-json\/wp\/v2\/media\/51566"}],"wp:attachment":[{"href":"https:\/\/lahoradelcampo.com.uy\/site\/wp-json\/wp\/v2\/media?parent=52378"}],"wp:term":[{"taxonomy":"category","embeddable":true,"href":"https:\/\/lahoradelcampo.com.uy\/site\/wp-json\/wp\/v2\/categories?post=52378"},{"taxonomy":"post_tag","embeddable":true,"href":"https:\/\/lahoradelcampo.com.uy\/site\/wp-json\/wp\/v2\/tags?post=52378"}],"curies":[{"name":"wp","href":"https:\/\/api.w.org\/{rel}","templated":true}]}}