{"id":52374,"date":"2023-09-03T20:52:22","date_gmt":"2023-09-03T23:52:22","guid":{"rendered":"http:\/\/lahoradelcampo.com.uy\/site\/?p=52374"},"modified":"2023-09-03T20:52:51","modified_gmt":"2023-09-03T23:52:51","slug":"india-le-puso-un-piso-a-la-tonelada-de-arroz-basmati-para-la-exportacion","status":"publish","type":"post","link":"https:\/\/lahoradelcampo.com.uy\/site\/india-le-puso-un-piso-a-la-tonelada-de-arroz-basmati-para-la-exportacion\/","title":{"rendered":"India le puso un piso a la tonelada de arroz basmati para la exportaci\u00f3n"},"content":{"rendered":"\n<figure class=\"wp-block-image size-full\"><a href=\"https:\/\/i0.wp.com\/lahoradelcampo.com.uy\/site\/wp-content\/uploads\/2017\/10\/Arroz-siembra.jpg\"><img data-recalc-dims=\"1\" loading=\"lazy\" decoding=\"async\" width=\"810\" height=\"405\" data-attachment-id=\"3005\" data-permalink=\"https:\/\/lahoradelcampo.com.uy\/site\/la-siembra-del-arroz-esta-atrasada-en-uruguay\/arroz-siembra\/\" data-orig-file=\"https:\/\/i0.wp.com\/lahoradelcampo.com.uy\/site\/wp-content\/uploads\/2017\/10\/Arroz-siembra.jpg?fit=880%2C440&amp;ssl=1\" data-orig-size=\"880,440\" data-comments-opened=\"1\" data-image-meta=\"{&quot;aperture&quot;:&quot;0&quot;,&quot;credit&quot;:&quot;Vicente-Manuel-Tort&quot;,&quot;camera&quot;:&quot;&quot;,&quot;caption&quot;:&quot;&quot;,&quot;created_timestamp&quot;:&quot;0&quot;,&quot;copyright&quot;:&quot;Presidencia de la Republica - Sec.Com.Inst.&quot;,&quot;focal_length&quot;:&quot;0&quot;,&quot;iso&quot;:&quot;0&quot;,&quot;shutter_speed&quot;:&quot;0&quot;,&quot;title&quot;:&quot;&quot;,&quot;orientation&quot;:&quot;1&quot;}\" data-image-title=\"Arroz siembra\" data-image-description=\"\" data-image-caption=\"\" data-large-file=\"https:\/\/i0.wp.com\/lahoradelcampo.com.uy\/site\/wp-content\/uploads\/2017\/10\/Arroz-siembra.jpg?fit=810%2C405&amp;ssl=1\" src=\"https:\/\/i0.wp.com\/lahoradelcampo.com.uy\/site\/wp-content\/uploads\/2017\/10\/Arroz-siembra.jpg?resize=810%2C405\" alt=\"\" class=\"wp-image-3005\" srcset=\"https:\/\/i0.wp.com\/lahoradelcampo.com.uy\/site\/wp-content\/uploads\/2017\/10\/Arroz-siembra.jpg?w=880&amp;ssl=1 880w, https:\/\/i0.wp.com\/lahoradelcampo.com.uy\/site\/wp-content\/uploads\/2017\/10\/Arroz-siembra.jpg?resize=300%2C150&amp;ssl=1 300w, https:\/\/i0.wp.com\/lahoradelcampo.com.uy\/site\/wp-content\/uploads\/2017\/10\/Arroz-siembra.jpg?resize=768%2C384&amp;ssl=1 768w, https:\/\/i0.wp.com\/lahoradelcampo.com.uy\/site\/wp-content\/uploads\/2017\/10\/Arroz-siembra.jpg?resize=820%2C410&amp;ssl=1 820w\" sizes=\"auto, (max-width: 810px) 100vw, 810px\" \/><\/a><\/figure>\n\n\n\n<p>India contin\u00faa tomando medidas para mantener a raya los precios internos del arroz, endureciendo a\u00fan m\u00e1s su veto a las exportaciones de este grano. En un movimiento que sorprendi\u00f3 a muchos, el pa\u00eds asi\u00e1tico ha impuesto restricciones adicionales a la venta al extranjero de su codiciado arroz basmati, adem\u00e1s del veto total a otras variedades ya adoptado.<\/p>\n\n\n\n<p>Seg\u00fan el Ministerio de Comercio e Industria de la India, una de las nuevas reglas clave es que \u00abno se puede exportar arroz basmati por un precio inferior a 1.200 d\u00f3lares\u00bb. El motivo detr\u00e1s de esta decisi\u00f3n radica en lo que el ministerio ha llamado \u00abinformaciones cre\u00edbles sobre la clasificaci\u00f3n err\u00f3nea y las exportaciones ilegales de arroz de variedades diferentes al basmati\u00bb. <\/p>\n\n\n\n<p>Recordemos que India prohibi\u00f3 la exportaci\u00f3n de arroz quebrado y tambi\u00e9n de las variedades diferentes al basmati el pasado 20 de julio. Sin embargo, a pesar de las limitaciones, las exportaciones de arroz de la India han continuado creciendo. Los datos oficiales muestran un aumento de 7,3 millones de toneladas m\u00e9tricas en lo que va de este a\u00f1o, en comparaci\u00f3n con las 6,7 millones del mismo per\u00edodo en 2022.<\/p>\n\n\n\n<p>La India es el mayor exportador de arroz a nivel mundial, habiendo vendido 22,3 millones de toneladas de este cereal en 2022 por un valor de aproximadamente 11,1 millones de d\u00f3lares. Sin embargo, gran parte de estas ventas se refiere a variedades de arroz diferentes al basmati.<\/p>\n\n\n\n<p>Los mercados globales de alimentos han estado experimentando un aumento en los precios internacionales debido a la disminuci\u00f3n de la producci\u00f3n en pa\u00edses como Tailandia. Esto ha llevado a precios de arroz m\u00e1s altos en los mercados mundiales, con un pico que no se ve\u00eda desde 2011, seg\u00fan la FAO.<\/p>\n\n\n\n<p>Salto, 3 de setiembre de 2023<\/p>\n","protected":false},"excerpt":{"rendered":"<p>India contin\u00faa tomando medidas para mantener a raya los precios internos del arroz, endureciendo a\u00fan m\u00e1s su veto a las exportaciones de este grano. En un movimiento que sorprendi\u00f3 a [&hellip;]<\/p>\n","protected":false},"author":5,"featured_media":3005,"comment_status":"open","ping_status":"open","sticky":false,"template":"","format":"standard","meta":{"_price":"","_stock":"","_tribe_ticket_header":"","_tribe_default_ticket_provider":"","_tribe_ticket_capacity":"0","_ticket_start_date":"","_ticket_end_date":"","_tribe_ticket_show_description":"","_tribe_ticket_show_not_going":false,"_tribe_ticket_use_global_stock":"","_tribe_ticket_global_stock_level":"","_global_stock_mode":"","_global_stock_cap":"","_tribe_rsvp_for_event":"","_tribe_ticket_going_count":"","_tribe_ticket_not_going_count":"","_tribe_tickets_list":"[]","_tribe_ticket_has_attendee_info_fields":false,"h5ap_radio_sources":[],"_jetpack_newsletter_access":"","_jetpack_dont_email_post_to_subs":false,"_jetpack_newsletter_tier_id":0,"_jetpack_memberships_contains_paywalled_content":false,"_jetpack_memberships_contains_paid_content":false,"footnotes":""},"categories":[21,15],"tags":[],"class_list":["post-52374","post","type-post","status-publish","format-standard","has-post-thumbnail","hentry","category-actualidad","category-columnistas"],"jetpack_featured_media_url":"https:\/\/i0.wp.com\/lahoradelcampo.com.uy\/site\/wp-content\/uploads\/2017\/10\/Arroz-siembra.jpg?fit=880%2C440&ssl=1","jetpack_sharing_enabled":true,"jetpack_shortlink":"https:\/\/wp.me\/p99IaT-dCK","jetpack-related-posts":[{"id":54369,"url":"https:\/\/lahoradelcampo.com.uy\/site\/india-estudia-la-flexibilizar-la-prohibicion-de-exportaciones-de-arroz-blanco-no-basmati\/","url_meta":{"origin":52374,"position":0},"title":"India estudia la flexibilizar la prohibici\u00f3n de exportaciones de arroz blanco no basmati","author":"La Hora del Campo","date":"2 septiembre, 2024","format":false,"excerpt":"La noticia m\u00e1s esperada del mercado arrocero es la decisi\u00f3n de India sobre la prohibici\u00f3n de exportaciones de arroz blanco no basmati, debido a que ha sido un factor determinante en la suba de los precios del cereal a nivel internacional. En la pasada semana, el Ministro de Asuntos del\u2026","rel":"","context":"En \u00abActualidad\u00bb","block_context":{"text":"Actualidad","link":"https:\/\/lahoradelcampo.com.uy\/site\/category\/actualidad\/"},"img":{"alt_text":"","src":"https:\/\/i0.wp.com\/lahoradelcampo.com.uy\/site\/wp-content\/uploads\/2023\/04\/arroz-plantacion.jpg?fit=880%2C440&ssl=1&resize=350%2C200","width":350,"height":200,"srcset":"https:\/\/i0.wp.com\/lahoradelcampo.com.uy\/site\/wp-content\/uploads\/2023\/04\/arroz-plantacion.jpg?fit=880%2C440&ssl=1&resize=350%2C200 1x, https:\/\/i0.wp.com\/lahoradelcampo.com.uy\/site\/wp-content\/uploads\/2023\/04\/arroz-plantacion.jpg?fit=880%2C440&ssl=1&resize=525%2C300 1.5x, https:\/\/i0.wp.com\/lahoradelcampo.com.uy\/site\/wp-content\/uploads\/2023\/04\/arroz-plantacion.jpg?fit=880%2C440&ssl=1&resize=700%2C400 2x"},"classes":[]},{"id":54776,"url":"https:\/\/lahoradelcampo.com.uy\/site\/india-retoma-exportaciones-de-arroz-blanco-no-basmati\/","url_meta":{"origin":52374,"position":1},"title":"India retoma exportaciones de arroz blanco no basmati","author":"La Hora del Campo","date":"1 octubre, 2024","format":false,"excerpt":"India, el mayor exportador mundial de arroz, ha reanudado sus exportaciones de arroz blanco no basmati tras m\u00e1s de un a\u00f1o de restricciones. La medida fue tomada debido a un incremento en sus reservas internas, favorecidas por una exitosa temporada de siembra impulsada por el clima. En septiembre, la Corporaci\u00f3n\u2026","rel":"","context":"En \u00abActualidad\u00bb","block_context":{"text":"Actualidad","link":"https:\/\/lahoradelcampo.com.uy\/site\/category\/actualidad\/"},"img":{"alt_text":"","src":"https:\/\/i0.wp.com\/lahoradelcampo.com.uy\/site\/wp-content\/uploads\/2018\/03\/Arroz-web.jpg?fit=880%2C440&ssl=1&resize=350%2C200","width":350,"height":200,"srcset":"https:\/\/i0.wp.com\/lahoradelcampo.com.uy\/site\/wp-content\/uploads\/2018\/03\/Arroz-web.jpg?fit=880%2C440&ssl=1&resize=350%2C200 1x, https:\/\/i0.wp.com\/lahoradelcampo.com.uy\/site\/wp-content\/uploads\/2018\/03\/Arroz-web.jpg?fit=880%2C440&ssl=1&resize=525%2C300 1.5x, https:\/\/i0.wp.com\/lahoradelcampo.com.uy\/site\/wp-content\/uploads\/2018\/03\/Arroz-web.jpg?fit=880%2C440&ssl=1&resize=700%2C400 2x"},"classes":[]},{"id":33497,"url":"https:\/\/lahoradelcampo.com.uy\/site\/inia-lanza-una-variedad-de-arroz-aromatico\/","url_meta":{"origin":52374,"position":2},"title":"INIA lanza una variedad de arroz arom\u00e1tico","author":"La Hora del Campo","date":"30 agosto, 2021","format":false,"excerpt":"Se desarrolla en las \u00faltimas semanas, a nivel del sector arrocero, una serie de webinarios que tienen como objetivo presentar nuevas herramientas y tecnolog\u00edas disponibles desde la investigaci\u00f3n, para continuar con la senda alcista de rendimientos que tiene el cultivo a nivel pa\u00eds. En el primer de estos eventos digitales\u2026","rel":"","context":"En \u00abActualidad\u00bb","block_context":{"text":"Actualidad","link":"https:\/\/lahoradelcampo.com.uy\/site\/category\/actualidad\/"},"img":{"alt_text":"","src":"https:\/\/i0.wp.com\/lahoradelcampo.com.uy\/site\/wp-content\/uploads\/2021\/08\/Arroz-PerezdeVida.jpg?fit=880%2C440&ssl=1&resize=350%2C200","width":350,"height":200,"srcset":"https:\/\/i0.wp.com\/lahoradelcampo.com.uy\/site\/wp-content\/uploads\/2021\/08\/Arroz-PerezdeVida.jpg?fit=880%2C440&ssl=1&resize=350%2C200 1x, https:\/\/i0.wp.com\/lahoradelcampo.com.uy\/site\/wp-content\/uploads\/2021\/08\/Arroz-PerezdeVida.jpg?fit=880%2C440&ssl=1&resize=525%2C300 1.5x, https:\/\/i0.wp.com\/lahoradelcampo.com.uy\/site\/wp-content\/uploads\/2021\/08\/Arroz-PerezdeVida.jpg?fit=880%2C440&ssl=1&resize=700%2C400 2x"},"classes":[]},{"id":55003,"url":"https:\/\/lahoradelcampo.com.uy\/site\/se-espera-que-las-compras-de-arroz-de-china-crecan-en-2025\/","url_meta":{"origin":52374,"position":3},"title":"Se espera que las compras de arroz de China crecan en 2025","author":"La Hora del Campo","date":"30 octubre, 2024","format":false,"excerpt":"El Departamento de Agricultura de Estados Unidos (USDA) ha pronosticado un aumento significativo en las importaciones de arroz chino para el a\u00f1o 2025. Este incremento se debe a la reciente flexibilizaci\u00f3n de las restricciones de exportaci\u00f3n impuestas por India, lo que ha llevado a una ca\u00edda esperada en los precios\u2026","rel":"","context":"En \u00abActualidad\u00bb","block_context":{"text":"Actualidad","link":"https:\/\/lahoradelcampo.com.uy\/site\/category\/actualidad\/"},"img":{"alt_text":"","src":"https:\/\/i0.wp.com\/lahoradelcampo.com.uy\/site\/wp-content\/uploads\/2018\/03\/Arroceros.jpg?fit=880%2C440&ssl=1&resize=350%2C200","width":350,"height":200,"srcset":"https:\/\/i0.wp.com\/lahoradelcampo.com.uy\/site\/wp-content\/uploads\/2018\/03\/Arroceros.jpg?fit=880%2C440&ssl=1&resize=350%2C200 1x, https:\/\/i0.wp.com\/lahoradelcampo.com.uy\/site\/wp-content\/uploads\/2018\/03\/Arroceros.jpg?fit=880%2C440&ssl=1&resize=525%2C300 1.5x, https:\/\/i0.wp.com\/lahoradelcampo.com.uy\/site\/wp-content\/uploads\/2018\/03\/Arroceros.jpg?fit=880%2C440&ssl=1&resize=700%2C400 2x"},"classes":[]},{"id":50156,"url":"https:\/\/lahoradelcampo.com.uy\/site\/se-preve-una-escasez-historica-de-arroz-en-el-mundo-debido-a-el-nino\/","url_meta":{"origin":52374,"position":4},"title":"Se prev\u00e9 una escasez hist\u00f3rica de arroz en el mundo debido a \u00abEl Ni\u00f1o\u00bb","author":"La Hora del Campo","date":"24 abril, 2023","format":false,"excerpt":"La firma Fitch Solutions ha pronosticado que se producir\u00e1 la mayor escasez mundial de arroz en los \u00faltimos 20 a\u00f1os, lo que resultar\u00e1 en los precios m\u00e1s altos de los \u00faltimos 10 a\u00f1os. Este aumento de precios se debe en gran parte al fen\u00f3meno clim\u00e1tico de 'El Ni\u00f1o', la guerra\u2026","rel":"","context":"En \u00abActualidad\u00bb","block_context":{"text":"Actualidad","link":"https:\/\/lahoradelcampo.com.uy\/site\/category\/actualidad\/"},"img":{"alt_text":"","src":"https:\/\/i0.wp.com\/lahoradelcampo.com.uy\/site\/wp-content\/uploads\/2020\/06\/Arroz-rendimientos.jpg?fit=880%2C440&ssl=1&resize=350%2C200","width":350,"height":200,"srcset":"https:\/\/i0.wp.com\/lahoradelcampo.com.uy\/site\/wp-content\/uploads\/2020\/06\/Arroz-rendimientos.jpg?fit=880%2C440&ssl=1&resize=350%2C200 1x, https:\/\/i0.wp.com\/lahoradelcampo.com.uy\/site\/wp-content\/uploads\/2020\/06\/Arroz-rendimientos.jpg?fit=880%2C440&ssl=1&resize=525%2C300 1.5x, https:\/\/i0.wp.com\/lahoradelcampo.com.uy\/site\/wp-content\/uploads\/2020\/06\/Arroz-rendimientos.jpg?fit=880%2C440&ssl=1&resize=700%2C400 2x"},"classes":[]},{"id":50919,"url":"https:\/\/lahoradelcampo.com.uy\/site\/diea-informo-un-promedio-de-9-336-kilos-por-hectarea-parala-zafra-arrocera-2022-23\/","url_meta":{"origin":52374,"position":5},"title":"DIEA inform\u00f3 un promedio de 9.336 kilos por hect\u00e1rea parala zafra arrocera 2022\/23","author":"La Hora del Campo","date":"31 mayo, 2023","format":false,"excerpt":"El Ministerio de Ganader\u00eda, Agricultura y Pesca, a trav\u00e9s de Estad\u00edsticas Agropecuarias (DIEA), ha dado a conocer los resultados de la Encuesta de Arroz correspondiente a la zafra 2022\/23, realizada en mayo de 2023. El objetivo principal fue obtener estimaciones de \u00e1rea sembrada y producci\u00f3n a nivel nacional para las\u2026","rel":"","context":"En \u00abActualidad\u00bb","block_context":{"text":"Actualidad","link":"https:\/\/lahoradelcampo.com.uy\/site\/category\/actualidad\/"},"img":{"alt_text":"","src":"https:\/\/i0.wp.com\/lahoradelcampo.com.uy\/site\/wp-content\/uploads\/2023\/05\/DIEA-ARROZ.jpg?fit=880%2C440&ssl=1&resize=350%2C200","width":350,"height":200,"srcset":"https:\/\/i0.wp.com\/lahoradelcampo.com.uy\/site\/wp-content\/uploads\/2023\/05\/DIEA-ARROZ.jpg?fit=880%2C440&ssl=1&resize=350%2C200 1x, https:\/\/i0.wp.com\/lahoradelcampo.com.uy\/site\/wp-content\/uploads\/2023\/05\/DIEA-ARROZ.jpg?fit=880%2C440&ssl=1&resize=525%2C300 1.5x, https:\/\/i0.wp.com\/lahoradelcampo.com.uy\/site\/wp-content\/uploads\/2023\/05\/DIEA-ARROZ.jpg?fit=880%2C440&ssl=1&resize=700%2C400 2x"},"classes":[]}],"jetpack_likes_enabled":true,"_links":{"self":[{"href":"https:\/\/lahoradelcampo.com.uy\/site\/wp-json\/wp\/v2\/posts\/52374","targetHints":{"allow":["GET"]}}],"collection":[{"href":"https:\/\/lahoradelcampo.com.uy\/site\/wp-json\/wp\/v2\/posts"}],"about":[{"href":"https:\/\/lahoradelcampo.com.uy\/site\/wp-json\/wp\/v2\/types\/post"}],"author":[{"embeddable":true,"href":"https:\/\/lahoradelcampo.com.uy\/site\/wp-json\/wp\/v2\/users\/5"}],"replies":[{"embeddable":true,"href":"https:\/\/lahoradelcampo.com.uy\/site\/wp-json\/wp\/v2\/comments?post=52374"}],"version-history":[{"count":1,"href":"https:\/\/lahoradelcampo.com.uy\/site\/wp-json\/wp\/v2\/posts\/52374\/revisions"}],"predecessor-version":[{"id":52376,"href":"https:\/\/lahoradelcampo.com.uy\/site\/wp-json\/wp\/v2\/posts\/52374\/revisions\/52376"}],"wp:featuredmedia":[{"embeddable":true,"href":"https:\/\/lahoradelcampo.com.uy\/site\/wp-json\/wp\/v2\/media\/3005"}],"wp:attachment":[{"href":"https:\/\/lahoradelcampo.com.uy\/site\/wp-json\/wp\/v2\/media?parent=52374"}],"wp:term":[{"taxonomy":"category","embeddable":true,"href":"https:\/\/lahoradelcampo.com.uy\/site\/wp-json\/wp\/v2\/categories?post=52374"},{"taxonomy":"post_tag","embeddable":true,"href":"https:\/\/lahoradelcampo.com.uy\/site\/wp-json\/wp\/v2\/tags?post=52374"}],"curies":[{"name":"wp","href":"https:\/\/api.w.org\/{rel}","templated":true}]}}