{"id":52330,"date":"2023-08-29T07:27:35","date_gmt":"2023-08-29T10:27:35","guid":{"rendered":"http:\/\/lahoradelcampo.com.uy\/site\/?p=52330"},"modified":"2023-08-29T07:27:58","modified_gmt":"2023-08-29T10:27:58","slug":"sistema-automatico-para-pesaje-de-ganado-en-confinamientos","status":"publish","type":"post","link":"https:\/\/lahoradelcampo.com.uy\/site\/sistema-automatico-para-pesaje-de-ganado-en-confinamientos\/","title":{"rendered":"Sistema autom\u00e1tico para pesaje de ganado en confinamientos"},"content":{"rendered":"\n<figure class=\"wp-block-image size-full\"><a href=\"https:\/\/i0.wp.com\/lahoradelcampo.com.uy\/site\/wp-content\/uploads\/2023\/08\/balanzaautomatica.jpg\"><img data-recalc-dims=\"1\" loading=\"lazy\" decoding=\"async\" width=\"810\" height=\"405\" data-attachment-id=\"52332\" data-permalink=\"https:\/\/lahoradelcampo.com.uy\/site\/sistema-automatico-para-pesaje-de-ganado-en-confinamientos\/balanzaautomatica\/\" data-orig-file=\"https:\/\/i0.wp.com\/lahoradelcampo.com.uy\/site\/wp-content\/uploads\/2023\/08\/balanzaautomatica.jpg?fit=880%2C440&amp;ssl=1\" data-orig-size=\"880,440\" data-comments-opened=\"1\" data-image-meta=\"{&quot;aperture&quot;:&quot;0&quot;,&quot;credit&quot;:&quot;&quot;,&quot;camera&quot;:&quot;&quot;,&quot;caption&quot;:&quot;&quot;,&quot;created_timestamp&quot;:&quot;0&quot;,&quot;copyright&quot;:&quot;&quot;,&quot;focal_length&quot;:&quot;0&quot;,&quot;iso&quot;:&quot;0&quot;,&quot;shutter_speed&quot;:&quot;0&quot;,&quot;title&quot;:&quot;&quot;,&quot;orientation&quot;:&quot;1&quot;}\" data-image-title=\"balanzaautomatica\" data-image-description=\"\" data-image-caption=\"\" data-large-file=\"https:\/\/i0.wp.com\/lahoradelcampo.com.uy\/site\/wp-content\/uploads\/2023\/08\/balanzaautomatica.jpg?fit=810%2C405&amp;ssl=1\" src=\"https:\/\/i0.wp.com\/lahoradelcampo.com.uy\/site\/wp-content\/uploads\/2023\/08\/balanzaautomatica.jpg?resize=810%2C405\" alt=\"\" class=\"wp-image-52332\" srcset=\"https:\/\/i0.wp.com\/lahoradelcampo.com.uy\/site\/wp-content\/uploads\/2023\/08\/balanzaautomatica.jpg?w=880&amp;ssl=1 880w, https:\/\/i0.wp.com\/lahoradelcampo.com.uy\/site\/wp-content\/uploads\/2023\/08\/balanzaautomatica.jpg?resize=300%2C150&amp;ssl=1 300w, https:\/\/i0.wp.com\/lahoradelcampo.com.uy\/site\/wp-content\/uploads\/2023\/08\/balanzaautomatica.jpg?resize=768%2C384&amp;ssl=1 768w, https:\/\/i0.wp.com\/lahoradelcampo.com.uy\/site\/wp-content\/uploads\/2023\/08\/balanzaautomatica.jpg?resize=820%2C410&amp;ssl=1 820w\" sizes=\"auto, (max-width: 810px) 100vw, 810px\" \/><\/a><\/figure>\n\n\n\n<p>El campo de la ganader\u00eda contin\u00faa avanzando hacia la adopci\u00f3n de tecnolog\u00edas vanguardistas que impulsan la eficiencia y productividad en la producci\u00f3n de carne. Un reciente estudio dirigido por la ingeniera agr\u00f3noma Stefan\u00eda Pancini, presentado en la Unidad de Producci\u00f3n Intensiva de Carne (UPIC), revela la validaci\u00f3n exitosa de un novedoso sistema de pesaje autom\u00e1tico que promete transformar la forma en que se monitoriza el ganado en confinamientos.<\/p>\n\n\n\n<p>El sistema, denominado \u00abSmartScale\u00bb, ha demostrado resultados altamente satisfactorios en la predicci\u00f3n del peso de diferentes categor\u00edas de animales en entornos de confinamiento. Seg\u00fan Pancini, este sistema no solo ofrece precisi\u00f3n en el pesaje, sino que tambi\u00e9n tiene el potencial de contribuir al monitoreo individualizado de los animales, permitiendo la detecci\u00f3n temprana de problemas nutricionales, metab\u00f3licos o de salud en tiempo real.<\/p>\n\n\n\n<p>El concepto de \u00abSmart farming\u00bb o agricultura inteligente es una tendencia emergente que aprovecha los avances en diversas disciplinas para abordar los retos de productividad en el sector ganadero.<br>Este enfoque busca utilizar tecnolog\u00edas avanzadas para monitorear individualmente a los animales, incluso en grandes rodeos. Seg\u00fan Pancini, esta tecnolog\u00eda brinda la posibilidad de \u00abcontrolar y tratar a cada animal de forma individual\u00bb, lo que puede mejorar tanto el bienestar animal como el rendimiento futuro.<\/p>\n\n\n\n<p>El peso vivo de los animales, una medida fundamental en la producci\u00f3n ganadera, se vuelve crucial en la toma de decisiones en diversos procesos, incluyendo la detecci\u00f3n de problemas metab\u00f3licos y nutricionales. La experta destaca que, si bien el pesaje frecuente es esencial, puede ser perjudicial para los animales debido al estr\u00e9s que implica. Especialmente en sistemas de alimentaci\u00f3n a corral, el estr\u00e9s puede afectar el consumo de alimento y, por ende, la eficiencia de conversi\u00f3n.<\/p>\n\n\n\n<p>La innovaci\u00f3n de SmartScale radica en la posibilidad de llevar a cabo el pesaje diario en el propio corral, reduciendo as\u00ed el estr\u00e9s y garantizando mediciones efectivas y precisas. Entre los sistemas de pesajes evaluados est\u00e1 la balanza autom\u00e1tica: la balanza autom\u00e1tica utilizada (SmartScale; C-Lock Inc, Rapid City, SD) es un sistema inal\u00e1mbrico automatizado que proporciona el peso de los animales en tiempo real.<\/p>\n\n\n\n<p>La balanza autom\u00e1tica se ubic\u00f3 frente al bebedero y midi\u00f3 el peso corporal cada vez que el animal beb\u00eda agua y se sub\u00eda a la plataforma frontal de la balanza con ambas patas delanteras. Los datos se transmitieron directamente a un servidor a trav\u00e9s de la red celular en tiempo real e incluyeron no solo el peso vivo, sino tambi\u00e9n el n\u00famero de visitas, la duraci\u00f3n de la visita y la hora del d\u00eda para cada visita.<\/p>\n\n\n\n<p>En su investigaci\u00f3n, Pancini valid\u00f3 el sistema SmartScale en diferentes categor\u00edas de animales, incluyendo terneros j\u00f3venes y vacas adultas. Los resultados demostraron la efectividad de esta tecnolog\u00eda en comparaci\u00f3n con las balanzas convencionales ubicadas en instalaciones de trabajo para el ganado.<br>Balanza convencional: la balanza utilizada en este caso fue una balanza est\u00e1tica (XR ID5000, Tru-testTM Datamars, Mineral Wells, TX) conectada al cepo en las instalaciones de manejo de ganado ubicadas en las proximidades del corral de engorde.<\/p>\n\n\n\n<p>Este avance representa un paso significativo hacia la agricultura y ganader\u00eda de precisi\u00f3n, que busca maximizar la eficiencia y minimizar el estr\u00e9s en los animales. La adopci\u00f3n de tecnolog\u00edas como SmartScale promete transformar la forma en que se maneja el ganado en confinamientos, asegurando mediciones precisas y mejorando la calidad de vida de los animales involucrados.<\/p>\n\n\n\n<p>Salto, 29 de agosto de 2023<\/p>\n","protected":false},"excerpt":{"rendered":"<p>El campo de la ganader\u00eda contin\u00faa avanzando hacia la adopci\u00f3n de tecnolog\u00edas vanguardistas que impulsan la eficiencia y productividad en la producci\u00f3n de carne. Un reciente estudio dirigido por la [&hellip;]<\/p>\n","protected":false},"author":5,"featured_media":52332,"comment_status":"open","ping_status":"open","sticky":false,"template":"","format":"standard","meta":{"_price":"","_stock":"","_tribe_ticket_header":"","_tribe_default_ticket_provider":"","_tribe_ticket_capacity":"0","_ticket_start_date":"","_ticket_end_date":"","_tribe_ticket_show_description":"","_tribe_ticket_show_not_going":false,"_tribe_ticket_use_global_stock":"","_tribe_ticket_global_stock_level":"","_global_stock_mode":"","_global_stock_cap":"","_tribe_rsvp_for_event":"","_tribe_ticket_going_count":"","_tribe_ticket_not_going_count":"","_tribe_tickets_list":"[]","_tribe_ticket_has_attendee_info_fields":false,"h5ap_radio_sources":[],"_jetpack_newsletter_access":"","_jetpack_dont_email_post_to_subs":false,"_jetpack_newsletter_tier_id":0,"_jetpack_memberships_contains_paywalled_content":false,"_jetpack_memberships_contains_paid_content":false,"footnotes":""},"categories":[21,5],"tags":[],"class_list":["post-52330","post","type-post","status-publish","format-standard","has-post-thumbnail","hentry","category-actualidad","category-ganaderia"],"jetpack_featured_media_url":"https:\/\/i0.wp.com\/lahoradelcampo.com.uy\/site\/wp-content\/uploads\/2023\/08\/balanzaautomatica.jpg?fit=880%2C440&ssl=1","jetpack_sharing_enabled":true,"jetpack_shortlink":"https:\/\/wp.me\/p99IaT-dC2","jetpack-related-posts":[{"id":52226,"url":"https:\/\/lahoradelcampo.com.uy\/site\/upic-ajustes-nutricionales-para-un-futuro-sostenible-de-la-ganaderia\/","url_meta":{"origin":52330,"position":0},"title":"UPIC: Ajustes nutricionales para un futuro sostenible de la ganader\u00eda","author":"La Hora del Campo","date":"21 agosto, 2023","format":false,"excerpt":"La Unidad de Producci\u00f3n Intensiva de Carne (UPIC) ha desempe\u00f1ado un rol crucial en la b\u00fasqueda de mejoras productivas y econ\u00f3micas en la industria ganadera uruguaya. Ayer celebr\u00f3 su 24\u00aa Jornada anual, en el predio de la Asociaci\u00f3n Rural Exposici\u00f3n Feria de Paysand\u00fa (AREFP), donde se puso de manifiesto la\u2026","rel":"","context":"En \u00abActualidad\u00bb","block_context":{"text":"Actualidad","link":"https:\/\/lahoradelcampo.com.uy\/site\/category\/actualidad\/"},"img":{"alt_text":"","src":"https:\/\/i0.wp.com\/lahoradelcampo.com.uy\/site\/wp-content\/uploads\/2023\/08\/Alvaro-Simeone1.jpg?fit=880%2C440&ssl=1&resize=350%2C200","width":350,"height":200,"srcset":"https:\/\/i0.wp.com\/lahoradelcampo.com.uy\/site\/wp-content\/uploads\/2023\/08\/Alvaro-Simeone1.jpg?fit=880%2C440&ssl=1&resize=350%2C200 1x, https:\/\/i0.wp.com\/lahoradelcampo.com.uy\/site\/wp-content\/uploads\/2023\/08\/Alvaro-Simeone1.jpg?fit=880%2C440&ssl=1&resize=525%2C300 1.5x, https:\/\/i0.wp.com\/lahoradelcampo.com.uy\/site\/wp-content\/uploads\/2023\/08\/Alvaro-Simeone1.jpg?fit=880%2C440&ssl=1&resize=700%2C400 2x"},"classes":[]},{"id":52108,"url":"https:\/\/lahoradelcampo.com.uy\/site\/el-17-de-agosto-se-realiza-la-jornada-de-la-upic-con-un-enfoque-en-la-nutricion\/","url_meta":{"origin":52330,"position":1},"title":"El 17 de agosto se realiza la jornada de la UPIC, con un enfoque en la nutrici\u00f3n","author":"La Hora del Campo","date":"10 agosto, 2023","format":false,"excerpt":"El pr\u00f3ximo jueves 17 de agosto, se llevar\u00e1 a cabo la esperada Jornada anual de la Unidad de Producci\u00f3n Intensiva de Carne (UPIC), la cual celebra su 25 aniversario desde su inicio. El evento tendr\u00e1 lugar en el sal\u00f3n de Las Tradiciones de la Exposici\u00f3n Feria de Paysand\u00fa, en el\u2026","rel":"","context":"En \u00abActualidad\u00bb","block_context":{"text":"Actualidad","link":"https:\/\/lahoradelcampo.com.uy\/site\/category\/actualidad\/"},"img":{"alt_text":"","src":"https:\/\/i0.wp.com\/lahoradelcampo.com.uy\/site\/wp-content\/uploads\/2023\/08\/AlvaroSimeone.jpg?fit=880%2C440&ssl=1&resize=350%2C200","width":350,"height":200,"srcset":"https:\/\/i0.wp.com\/lahoradelcampo.com.uy\/site\/wp-content\/uploads\/2023\/08\/AlvaroSimeone.jpg?fit=880%2C440&ssl=1&resize=350%2C200 1x, https:\/\/i0.wp.com\/lahoradelcampo.com.uy\/site\/wp-content\/uploads\/2023\/08\/AlvaroSimeone.jpg?fit=880%2C440&ssl=1&resize=525%2C300 1.5x, https:\/\/i0.wp.com\/lahoradelcampo.com.uy\/site\/wp-content\/uploads\/2023\/08\/AlvaroSimeone.jpg?fit=880%2C440&ssl=1&resize=700%2C400 2x"},"classes":[]},{"id":26414,"url":"https:\/\/lahoradelcampo.com.uy\/site\/manana-sera-el-dia-de-mayor-estres-calorico-para-la-produccion-en-salto\/","url_meta":{"origin":52330,"position":2},"title":"Ma\u00f1ana ser\u00e1 el d\u00eda de mayor estr\u00e9s cal\u00f3rico para la producci\u00f3n en Salto","author":"La Hora del Campo","date":"29 diciembre, 2020","format":false,"excerpt":"De acuerdo a la informaci\u00f3n proporcionada por el Instituto Nacional de Investigaci\u00f3n Agropecuaria (INIA) a trav\u00e9s de su herramienta \"Termoestr\u00e9s\", la semana ser\u00e1 estresante desde el punto de vista del calor, para la producci\u00f3n tanto de carne como de leche en la regi\u00f3n norte. Enfoc\u00e1ndonos en el sistema de producci\u00f3n\u2026","rel":"","context":"En \u00abActualidad\u00bb","block_context":{"text":"Actualidad","link":"https:\/\/lahoradelcampo.com.uy\/site\/category\/actualidad\/"},"img":{"alt_text":"","src":"https:\/\/i0.wp.com\/lahoradelcampo.com.uy\/site\/wp-content\/uploads\/2020\/12\/INIA-Estres-2.jpg?fit=880%2C440&ssl=1&resize=350%2C200","width":350,"height":200,"srcset":"https:\/\/i0.wp.com\/lahoradelcampo.com.uy\/site\/wp-content\/uploads\/2020\/12\/INIA-Estres-2.jpg?fit=880%2C440&ssl=1&resize=350%2C200 1x, https:\/\/i0.wp.com\/lahoradelcampo.com.uy\/site\/wp-content\/uploads\/2020\/12\/INIA-Estres-2.jpg?fit=880%2C440&ssl=1&resize=525%2C300 1.5x, https:\/\/i0.wp.com\/lahoradelcampo.com.uy\/site\/wp-content\/uploads\/2020\/12\/INIA-Estres-2.jpg?fit=880%2C440&ssl=1&resize=700%2C400 2x"},"classes":[]},{"id":26108,"url":"https:\/\/lahoradelcampo.com.uy\/site\/sera-una-semana-de-estres-calorico-en-el-norte-para-la-ganados-de-carne\/","url_meta":{"origin":52330,"position":3},"title":"Ser\u00e1 una semana de estr\u00e9s cal\u00f3rico en el norte para la ganados de carne","author":"La Hora del Campo","date":"15 diciembre, 2020","format":false,"excerpt":"El Instituto Nacional de Investigaci\u00f3n Agropecuaria (INIA) ha elaborado una herramienta denominada Termoestr\u00e9s, la cual se puede descargar en una aplicaci\u00f3n directamente en el celular o utilizarla desde la web de la instituci\u00f3n. La misma permite saber en el contexto de los pr\u00f3ximos siete d\u00edas cual ser\u00e1 el nivel de\u2026","rel":"","context":"En \u00abActualidad\u00bb","block_context":{"text":"Actualidad","link":"https:\/\/lahoradelcampo.com.uy\/site\/category\/actualidad\/"},"img":{"alt_text":"","src":"https:\/\/i0.wp.com\/lahoradelcampo.com.uy\/site\/wp-content\/uploads\/2020\/12\/INIA-Estres.jpg?fit=880%2C440&ssl=1&resize=350%2C200","width":350,"height":200,"srcset":"https:\/\/i0.wp.com\/lahoradelcampo.com.uy\/site\/wp-content\/uploads\/2020\/12\/INIA-Estres.jpg?fit=880%2C440&ssl=1&resize=350%2C200 1x, https:\/\/i0.wp.com\/lahoradelcampo.com.uy\/site\/wp-content\/uploads\/2020\/12\/INIA-Estres.jpg?fit=880%2C440&ssl=1&resize=525%2C300 1.5x, https:\/\/i0.wp.com\/lahoradelcampo.com.uy\/site\/wp-content\/uploads\/2020\/12\/INIA-Estres.jpg?fit=880%2C440&ssl=1&resize=700%2C400 2x"},"classes":[]},{"id":39873,"url":"https:\/\/lahoradelcampo.com.uy\/site\/11-352-944-kilos-de-lana-fueron-cosechadas-grifa-verde\/","url_meta":{"origin":52330,"position":4},"title":"11.352.944 kilos de lana fueron cosechadas grifa verde","author":"La Hora del Campo","date":"15 marzo, 2022","format":false,"excerpt":"En la presente zafra 2021-2022 el Secretariado Uruguayo de la Lana (SUL) puso en marcha el Sistema Integral del Rubro Ovino (SIRO), donde se actualiza peri\u00f3dicamente la informaci\u00f3n de la cosecha de lana por parte de las m\u00e1quinas de esquila con acondicionamiento grifa verde. Hasta la jornada de ayer, lunes\u2026","rel":"","context":"En \u00abActualidad\u00bb","block_context":{"text":"Actualidad","link":"https:\/\/lahoradelcampo.com.uy\/site\/category\/actualidad\/"},"img":{"alt_text":"","src":"https:\/\/i0.wp.com\/lahoradelcampo.com.uy\/site\/wp-content\/uploads\/2021\/06\/LanasItalianStyle.jpg?fit=880%2C440&ssl=1&resize=350%2C200","width":350,"height":200,"srcset":"https:\/\/i0.wp.com\/lahoradelcampo.com.uy\/site\/wp-content\/uploads\/2021\/06\/LanasItalianStyle.jpg?fit=880%2C440&ssl=1&resize=350%2C200 1x, https:\/\/i0.wp.com\/lahoradelcampo.com.uy\/site\/wp-content\/uploads\/2021\/06\/LanasItalianStyle.jpg?fit=880%2C440&ssl=1&resize=525%2C300 1.5x, https:\/\/i0.wp.com\/lahoradelcampo.com.uy\/site\/wp-content\/uploads\/2021\/06\/LanasItalianStyle.jpg?fit=880%2C440&ssl=1&resize=700%2C400 2x"},"classes":[]},{"id":41615,"url":"https:\/\/lahoradelcampo.com.uy\/site\/la-ganaderia-multiplica-por-343-su-derrame-sobre-la-economia\/","url_meta":{"origin":52330,"position":5},"title":"La ganader\u00eda multiplica por 3,43 su derrame sobre la econom\u00eda","author":"La Hora del Campo","date":"9 mayo, 2022","format":false,"excerpt":"En su momento, el Ing. Agr. Tabar\u00e9 Aguerre (ex-ministro del MGAP) por el a\u00f1o 2017 dijo que el sector agropecuario multiplicaba por 6 cada d\u00f3lar generado en el sector para el resto de la econom\u00eda. En este n\u00famero se inclu\u00edan todos los sectores productivos, sin embargo un trabajo realizado por\u2026","rel":"","context":"En \u00abActualidad\u00bb","block_context":{"text":"Actualidad","link":"https:\/\/lahoradelcampo.com.uy\/site\/category\/actualidad\/"},"img":{"alt_text":"","src":"https:\/\/i0.wp.com\/lahoradelcampo.com.uy\/site\/wp-content\/uploads\/2022\/05\/Munyo-Ceres.jpg?fit=880%2C440&ssl=1&resize=350%2C200","width":350,"height":200,"srcset":"https:\/\/i0.wp.com\/lahoradelcampo.com.uy\/site\/wp-content\/uploads\/2022\/05\/Munyo-Ceres.jpg?fit=880%2C440&ssl=1&resize=350%2C200 1x, https:\/\/i0.wp.com\/lahoradelcampo.com.uy\/site\/wp-content\/uploads\/2022\/05\/Munyo-Ceres.jpg?fit=880%2C440&ssl=1&resize=525%2C300 1.5x, https:\/\/i0.wp.com\/lahoradelcampo.com.uy\/site\/wp-content\/uploads\/2022\/05\/Munyo-Ceres.jpg?fit=880%2C440&ssl=1&resize=700%2C400 2x"},"classes":[]}],"jetpack_likes_enabled":true,"_links":{"self":[{"href":"https:\/\/lahoradelcampo.com.uy\/site\/wp-json\/wp\/v2\/posts\/52330","targetHints":{"allow":["GET"]}}],"collection":[{"href":"https:\/\/lahoradelcampo.com.uy\/site\/wp-json\/wp\/v2\/posts"}],"about":[{"href":"https:\/\/lahoradelcampo.com.uy\/site\/wp-json\/wp\/v2\/types\/post"}],"author":[{"embeddable":true,"href":"https:\/\/lahoradelcampo.com.uy\/site\/wp-json\/wp\/v2\/users\/5"}],"replies":[{"embeddable":true,"href":"https:\/\/lahoradelcampo.com.uy\/site\/wp-json\/wp\/v2\/comments?post=52330"}],"version-history":[{"count":1,"href":"https:\/\/lahoradelcampo.com.uy\/site\/wp-json\/wp\/v2\/posts\/52330\/revisions"}],"predecessor-version":[{"id":52334,"href":"https:\/\/lahoradelcampo.com.uy\/site\/wp-json\/wp\/v2\/posts\/52330\/revisions\/52334"}],"wp:featuredmedia":[{"embeddable":true,"href":"https:\/\/lahoradelcampo.com.uy\/site\/wp-json\/wp\/v2\/media\/52332"}],"wp:attachment":[{"href":"https:\/\/lahoradelcampo.com.uy\/site\/wp-json\/wp\/v2\/media?parent=52330"}],"wp:term":[{"taxonomy":"category","embeddable":true,"href":"https:\/\/lahoradelcampo.com.uy\/site\/wp-json\/wp\/v2\/categories?post=52330"},{"taxonomy":"post_tag","embeddable":true,"href":"https:\/\/lahoradelcampo.com.uy\/site\/wp-json\/wp\/v2\/tags?post=52330"}],"curies":[{"name":"wp","href":"https:\/\/api.w.org\/{rel}","templated":true}]}}