{"id":52322,"date":"2023-08-29T07:21:05","date_gmt":"2023-08-29T10:21:05","guid":{"rendered":"http:\/\/lahoradelcampo.com.uy\/site\/?p=52322"},"modified":"2023-08-29T07:21:27","modified_gmt":"2023-08-29T10:21:27","slug":"empresas-familiares-claves-para-el-exito-y-la-continuidad","status":"publish","type":"post","link":"https:\/\/lahoradelcampo.com.uy\/site\/empresas-familiares-claves-para-el-exito-y-la-continuidad\/","title":{"rendered":"Empresas familiares: Claves para el \u00e9xito y la continuidad"},"content":{"rendered":"\n<figure class=\"wp-block-image size-full\"><a href=\"https:\/\/i0.wp.com\/lahoradelcampo.com.uy\/site\/wp-content\/uploads\/2023\/08\/AngusUruguay.jpg\"><img data-recalc-dims=\"1\" loading=\"lazy\" decoding=\"async\" width=\"810\" height=\"405\" data-attachment-id=\"52324\" data-permalink=\"https:\/\/lahoradelcampo.com.uy\/site\/empresas-familiares-claves-para-el-exito-y-la-continuidad\/angusuruguay\/\" data-orig-file=\"https:\/\/i0.wp.com\/lahoradelcampo.com.uy\/site\/wp-content\/uploads\/2023\/08\/AngusUruguay.jpg?fit=880%2C440&amp;ssl=1\" data-orig-size=\"880,440\" data-comments-opened=\"1\" data-image-meta=\"{&quot;aperture&quot;:&quot;0&quot;,&quot;credit&quot;:&quot;&quot;,&quot;camera&quot;:&quot;&quot;,&quot;caption&quot;:&quot;&quot;,&quot;created_timestamp&quot;:&quot;0&quot;,&quot;copyright&quot;:&quot;&quot;,&quot;focal_length&quot;:&quot;0&quot;,&quot;iso&quot;:&quot;0&quot;,&quot;shutter_speed&quot;:&quot;0&quot;,&quot;title&quot;:&quot;&quot;,&quot;orientation&quot;:&quot;1&quot;}\" data-image-title=\"AngusUruguay\" data-image-description=\"\" data-image-caption=\"\" data-large-file=\"https:\/\/i0.wp.com\/lahoradelcampo.com.uy\/site\/wp-content\/uploads\/2023\/08\/AngusUruguay.jpg?fit=810%2C405&amp;ssl=1\" src=\"https:\/\/i0.wp.com\/lahoradelcampo.com.uy\/site\/wp-content\/uploads\/2023\/08\/AngusUruguay.jpg?resize=810%2C405\" alt=\"\" class=\"wp-image-52324\" srcset=\"https:\/\/i0.wp.com\/lahoradelcampo.com.uy\/site\/wp-content\/uploads\/2023\/08\/AngusUruguay.jpg?w=880&amp;ssl=1 880w, https:\/\/i0.wp.com\/lahoradelcampo.com.uy\/site\/wp-content\/uploads\/2023\/08\/AngusUruguay.jpg?resize=300%2C150&amp;ssl=1 300w, https:\/\/i0.wp.com\/lahoradelcampo.com.uy\/site\/wp-content\/uploads\/2023\/08\/AngusUruguay.jpg?resize=768%2C384&amp;ssl=1 768w, https:\/\/i0.wp.com\/lahoradelcampo.com.uy\/site\/wp-content\/uploads\/2023\/08\/AngusUruguay.jpg?resize=820%2C410&amp;ssl=1 820w\" sizes=\"auto, (max-width: 810px) 100vw, 810px\" \/><\/a><\/figure>\n\n\n\n<p>En un contexto donde las empresas familiares desempe\u00f1an un rol fundamental en la econom\u00eda, Montes del Plata y la Sociedad de Criadores de Aberdeen Angus se unieron para explorar a fondo este universo. A trav\u00e9s de tres enriquecedoras sesiones, se abordaron los secretos del \u00e9xito, las trampas comunes y la esencia de la sucesi\u00f3n en estas organizaciones \u00fanicas.<\/p>\n\n\n\n<p>Las charlas, dirigidas por Carlos Folle, un experto en Direcci\u00f3n de Empresas Familiares, se desarrollaron en el acogedor escenario del Hotel Cottage, congregando a m\u00e1s de 80 invitados. Entre ellos, se destacaron productores de Angus y participantes del programa Alianzas de Montes del Plata.<\/p>\n\n\n\n<p>Folle subray\u00f3 la importancia capital de las empresas familiares en la econom\u00eda, representando m\u00e1s del 70% de las compa\u00f1\u00edas a nivel global. Estas empresas generan significativos aportes al Producto Interno Bruto (PBI), superando el 60% en muchos casos, y brindan empleo a una parte sustancial de la poblaci\u00f3n activa. En este contexto, el profesional enfatiz\u00f3 la necesidad de abordar los desaf\u00edos con enfoque profesional y alejar lo emocional de lo racional.<\/p>\n\n\n\n<p>Las sesiones profundizaron en el entorno de las empresas familiares en Uruguay y el mundo. Los asistentes exploraron las trampas comunes en las que estas organizaciones a menudo caen, y adquirieron estrategias concretas para fortalecer este valioso modelo de negocio.<\/p>\n\n\n\n<p>En la segunda sesi\u00f3n, Diego Wollheim, gerente general de Montes del Plata, comparti\u00f3 su experiencia personal, aportando una perspectiva valiosa sobre la din\u00e1mica de una empresa familiar. Esta oportunidad de di\u00e1logo permiti\u00f3 comprender las din\u00e1micas y retos que enfrenta tanto el mundo empresarial como familiar.<\/p>\n\n\n\n<p>El cierre del ciclo se centr\u00f3 en uno de los pilares esenciales para las empresas familiares: el gobierno corporativo y el protocolo familiar. Estrategias para asegurar la continuidad y el \u00e9xito en el tiempo se exploraron con profundidad.<\/p>\n\n\n\n<p>Gonzalo Mart\u00edn, subgerente del Programa Alianzas Estrat\u00e9gicas de Montes de Plata, expres\u00f3 que el valor de estos encuentros reside en el intercambio y la proximidad con los participantes en cuestiones de gesti\u00f3n. El formato desafiante de tres sesiones consecutivas result\u00f3 ser un rotundo \u00e9xito, alentando a las organizaciones a considerar nuevas oportunidades para brindar conocimiento y valor a sus participantes.<\/p>\n\n\n\n<p>Mat\u00edas Fuentes, gerente de SCAAU, tambi\u00e9n elogi\u00f3 la alta convocatoria y vislumbr\u00f3 el potencial de estos encuentros como punto de partida para futuras actividades. La cercan\u00eda y el enriquecimiento que se experiment\u00f3 en estos eventos abren la puerta a una serie de futuras colaboraciones.<\/p>\n\n\n\n<p>En un mundo donde la gesti\u00f3n de empresas familiares desempe\u00f1a un papel crucial, esta iniciativa de Montes del Plata y Angus ilumina un camino de \u00e9xito y crecimiento, apoyando la prosperidad y la continuidad de estas organizaciones \u00fanicas en su tipo.<\/p>\n\n\n\n<p>Salto, 29 de agosto de 2023<\/p>\n","protected":false},"excerpt":{"rendered":"<p>En un contexto donde las empresas familiares desempe\u00f1an un rol fundamental en la econom\u00eda, Montes del Plata y la Sociedad de Criadores de Aberdeen Angus se unieron para explorar a [&hellip;]<\/p>\n","protected":false},"author":5,"featured_media":52324,"comment_status":"open","ping_status":"open","sticky":false,"template":"","format":"standard","meta":{"_price":"","_stock":"","_tribe_ticket_header":"","_tribe_default_ticket_provider":"","_tribe_ticket_capacity":"0","_ticket_start_date":"","_ticket_end_date":"","_tribe_ticket_show_description":"","_tribe_ticket_show_not_going":false,"_tribe_ticket_use_global_stock":"","_tribe_ticket_global_stock_level":"","_global_stock_mode":"","_global_stock_cap":"","_tribe_rsvp_for_event":"","_tribe_ticket_going_count":"","_tribe_ticket_not_going_count":"","_tribe_tickets_list":"[]","_tribe_ticket_has_attendee_info_fields":false,"h5ap_radio_sources":[],"_jetpack_newsletter_access":"","_jetpack_dont_email_post_to_subs":false,"_jetpack_newsletter_tier_id":0,"_jetpack_memberships_contains_paywalled_content":false,"_jetpack_memberships_contains_paid_content":false,"footnotes":""},"categories":[21,5],"tags":[],"class_list":["post-52322","post","type-post","status-publish","format-standard","has-post-thumbnail","hentry","category-actualidad","category-ganaderia"],"jetpack_featured_media_url":"https:\/\/i0.wp.com\/lahoradelcampo.com.uy\/site\/wp-content\/uploads\/2023\/08\/AngusUruguay.jpg?fit=880%2C440&ssl=1","jetpack_sharing_enabled":true,"jetpack_shortlink":"https:\/\/wp.me\/p99IaT-dBU","jetpack-related-posts":[{"id":14199,"url":"https:\/\/lahoradelcampo.com.uy\/site\/uso-de-agroquimicos-cayo-29-en-los-ultimos-anos\/","url_meta":{"origin":52322,"position":0},"title":"Uso de agroqu\u00edmicos cay\u00f3 29% en los \u00faltimos a\u00f1os","author":"La Hora del Campo","date":"12 septiembre, 2019","format":false,"excerpt":"El uso de agroqu\u00edmicos en el pa\u00eds tuvo una reducci\u00f3n de 29%, si se compara la importaci\u00f3n de principios activos de los a\u00f1os 2013-2014 con las adquisiciones de 2017 a la fecha, inform\u00f3 Federico Montes, director de la Direcci\u00f3n General de Servicios Agr\u00edcolas (DGSA) del Ministerio de Ganader\u00eda, Agricultura y\u2026","rel":"","context":"En \u00abActualidad\u00bb","block_context":{"text":"Actualidad","link":"https:\/\/lahoradelcampo.com.uy\/site\/category\/actualidad\/"},"img":{"alt_text":"","src":"https:\/\/i0.wp.com\/lahoradelcampo.com.uy\/site\/wp-content\/uploads\/2019\/04\/Federico-Montes.jpg?fit=880%2C440&ssl=1&resize=350%2C200","width":350,"height":200,"srcset":"https:\/\/i0.wp.com\/lahoradelcampo.com.uy\/site\/wp-content\/uploads\/2019\/04\/Federico-Montes.jpg?fit=880%2C440&ssl=1&resize=350%2C200 1x, https:\/\/i0.wp.com\/lahoradelcampo.com.uy\/site\/wp-content\/uploads\/2019\/04\/Federico-Montes.jpg?fit=880%2C440&ssl=1&resize=525%2C300 1.5x, https:\/\/i0.wp.com\/lahoradelcampo.com.uy\/site\/wp-content\/uploads\/2019\/04\/Federico-Montes.jpg?fit=880%2C440&ssl=1&resize=700%2C400 2x"},"classes":[]},{"id":31490,"url":"https:\/\/lahoradelcampo.com.uy\/site\/bpu-y-montes-del-plata-firman-acuerdo-para-un-sello-de-carne-carbono-neutro\/","url_meta":{"origin":52322,"position":1},"title":"BPU y Montes del Plata firman acuerdo para un sello de carne carbono neutro","author":"La Hora del Campo","date":"25 junio, 2021","format":false,"excerpt":"Los consumidores cada vez demandan m\u00e1s certezas en cuanto al cuidado del medioambiente, en cada uno de los productos que adquieren y donde los nichos de alto valor alimenticio tambi\u00e9n est\u00e1n dispuestos a pagar un plus por alimentos que tengan certificaciones que garanticen lo que se dice. Uruguay ha venido\u2026","rel":"","context":"En \u00abActualidad\u00bb","block_context":{"text":"Actualidad","link":"https:\/\/lahoradelcampo.com.uy\/site\/category\/actualidad\/"},"img":{"alt_text":"","src":"https:\/\/i0.wp.com\/lahoradelcampo.com.uy\/site\/wp-content\/uploads\/2021\/06\/BPU-MdelP.jpg?fit=880%2C440&ssl=1&resize=350%2C200","width":350,"height":200,"srcset":"https:\/\/i0.wp.com\/lahoradelcampo.com.uy\/site\/wp-content\/uploads\/2021\/06\/BPU-MdelP.jpg?fit=880%2C440&ssl=1&resize=350%2C200 1x, https:\/\/i0.wp.com\/lahoradelcampo.com.uy\/site\/wp-content\/uploads\/2021\/06\/BPU-MdelP.jpg?fit=880%2C440&ssl=1&resize=525%2C300 1.5x, https:\/\/i0.wp.com\/lahoradelcampo.com.uy\/site\/wp-content\/uploads\/2021\/06\/BPU-MdelP.jpg?fit=880%2C440&ssl=1&resize=700%2C400 2x"},"classes":[]},{"id":53939,"url":"https:\/\/lahoradelcampo.com.uy\/site\/censo-60-de-las-empresas-considera-que-los-margenes-del-sector-son-insuficientes\/","url_meta":{"origin":52322,"position":2},"title":"Censo: 60% de las empresas considera que los m\u00e1rgenes del sector son \u00abinsuficientes\u00bb","author":"La Hora del Campo","date":"11 junio, 2024","format":false,"excerpt":"El censo vitivin\u00edcola llevado a cabo entre diciembre de 2022 y diciembre de 2023 ha brindado una visi\u00f3n exhaustiva y detallada de la industria, abarcando aspectos econ\u00f3micos, productivos y sociales clave. Los resultados proporcionan una base s\u00f3lida para comprender los desaf\u00edos actuales y las oportunidades de mejora en el sector.\u2026","rel":"","context":"En \u00abActualidad\u00bb","block_context":{"text":"Actualidad","link":"https:\/\/lahoradelcampo.com.uy\/site\/category\/actualidad\/"},"img":{"alt_text":"","src":"https:\/\/i0.wp.com\/lahoradelcampo.com.uy\/site\/wp-content\/uploads\/2024\/06\/vinedos.jpg?fit=880%2C440&ssl=1&resize=350%2C200","width":350,"height":200,"srcset":"https:\/\/i0.wp.com\/lahoradelcampo.com.uy\/site\/wp-content\/uploads\/2024\/06\/vinedos.jpg?fit=880%2C440&ssl=1&resize=350%2C200 1x, https:\/\/i0.wp.com\/lahoradelcampo.com.uy\/site\/wp-content\/uploads\/2024\/06\/vinedos.jpg?fit=880%2C440&ssl=1&resize=525%2C300 1.5x, https:\/\/i0.wp.com\/lahoradelcampo.com.uy\/site\/wp-content\/uploads\/2024\/06\/vinedos.jpg?fit=880%2C440&ssl=1&resize=700%2C400 2x"},"classes":[]},{"id":50405,"url":"https:\/\/lahoradelcampo.com.uy\/site\/congreso-anual-de-la-fr-recuperacion-productiva-competitiva-y-sustentable\/","url_meta":{"origin":52322,"position":3},"title":"Congreso anual de la FR: \u00abRecuperaci\u00f3n productiva, competitiva y sustentable\u00bb","author":"La Hora del Campo","date":"17 mayo, 2023","format":false,"excerpt":"El 26 y 27 de mayo se llevar\u00e1 a cabo en Santa Bernardina-Durazno el esperado 106 Congreso Anual de la Federaci\u00f3n Rural. Bajo el lema \"Por la recuperaci\u00f3n productiva, competitiva y sustentable\", este evento contar\u00e1 con una variedad de actividades y debates de inter\u00e9s para el sector agropecuario. El viernes\u2026","rel":"","context":"En \u00abActualidad\u00bb","block_context":{"text":"Actualidad","link":"https:\/\/lahoradelcampo.com.uy\/site\/category\/actualidad\/"},"img":{"alt_text":"","src":"https:\/\/i0.wp.com\/lahoradelcampo.com.uy\/site\/wp-content\/uploads\/2019\/05\/Federacion-Rural-1.jpg?fit=880%2C440&ssl=1&resize=350%2C200","width":350,"height":200,"srcset":"https:\/\/i0.wp.com\/lahoradelcampo.com.uy\/site\/wp-content\/uploads\/2019\/05\/Federacion-Rural-1.jpg?fit=880%2C440&ssl=1&resize=350%2C200 1x, https:\/\/i0.wp.com\/lahoradelcampo.com.uy\/site\/wp-content\/uploads\/2019\/05\/Federacion-Rural-1.jpg?fit=880%2C440&ssl=1&resize=525%2C300 1.5x, https:\/\/i0.wp.com\/lahoradelcampo.com.uy\/site\/wp-content\/uploads\/2019\/05\/Federacion-Rural-1.jpg?fit=880%2C440&ssl=1&resize=700%2C400 2x"},"classes":[]},{"id":9783,"url":"https:\/\/lahoradelcampo.com.uy\/site\/citricultura-esa-actividad-es-rentable-en-uruguay-segun-las-empresas-internacionales\/","url_meta":{"origin":52322,"position":4},"title":"Citricultura: \u00abEsa actividad es rentable en Uruguay, seg\u00fan las empresas internacionales\u201d","author":"La Hora del Campo","date":"12 abril, 2019","format":false,"excerpt":"\u201cEl Plan Estrat\u00e9gico Citr\u00edcola implementado por el Ministerio de Ganader\u00eda en 2010 permite que el sector tenga futuro, con modelos que funcionan y situaciones favorables para el mercado\u201d, dijo en el Parlamento el director de Servicios Agr\u00edcolas, Federico Montes. \u201cEsa actividad es rentable en Uruguay, seg\u00fan las empresas internacionales\u201d, asegur\u00f3.\u2026","rel":"","context":"En \u00abActualidad\u00bb","block_context":{"text":"Actualidad","link":"https:\/\/lahoradelcampo.com.uy\/site\/category\/actualidad\/"},"img":{"alt_text":"","src":"https:\/\/i0.wp.com\/lahoradelcampo.com.uy\/site\/wp-content\/uploads\/2019\/04\/Federico-Montes.jpg?fit=880%2C440&ssl=1&resize=350%2C200","width":350,"height":200,"srcset":"https:\/\/i0.wp.com\/lahoradelcampo.com.uy\/site\/wp-content\/uploads\/2019\/04\/Federico-Montes.jpg?fit=880%2C440&ssl=1&resize=350%2C200 1x, https:\/\/i0.wp.com\/lahoradelcampo.com.uy\/site\/wp-content\/uploads\/2019\/04\/Federico-Montes.jpg?fit=880%2C440&ssl=1&resize=525%2C300 1.5x, https:\/\/i0.wp.com\/lahoradelcampo.com.uy\/site\/wp-content\/uploads\/2019\/04\/Federico-Montes.jpg?fit=880%2C440&ssl=1&resize=700%2C400 2x"},"classes":[]},{"id":14341,"url":"https:\/\/lahoradelcampo.com.uy\/site\/retornar-de-la-soja-a-la-ganaderia-insume-1-200-dolares-por-hectarea\/","url_meta":{"origin":52322,"position":5},"title":"Retornar de la soja a la ganader\u00eda insume 1.200 d\u00f3lares por hect\u00e1rea","author":"La Hora del Campo","date":"18 septiembre, 2019","format":false,"excerpt":"En momentos donde el sector agr\u00edcola atraviesa momentos dif\u00edciles y los campos comienzan a quedar nuevamente disponibles para la ganader\u00eda nuevamente, los costos para volver a reestructurar un negocio ganadero supone un valor superior a los US$ 1.200 por hect\u00e1rea, de acuerdo a los n\u00fameros que present\u00f3 el Ing. Agr.\u2026","rel":"","context":"En \u00abActualidad\u00bb","block_context":{"text":"Actualidad","link":"https:\/\/lahoradelcampo.com.uy\/site\/category\/actualidad\/"},"img":{"alt_text":"","src":"https:\/\/i0.wp.com\/lahoradelcampo.com.uy\/site\/wp-content\/uploads\/2019\/09\/Esteban-Montes-43.jpg?fit=880%2C440&ssl=1&resize=350%2C200","width":350,"height":200,"srcset":"https:\/\/i0.wp.com\/lahoradelcampo.com.uy\/site\/wp-content\/uploads\/2019\/09\/Esteban-Montes-43.jpg?fit=880%2C440&ssl=1&resize=350%2C200 1x, https:\/\/i0.wp.com\/lahoradelcampo.com.uy\/site\/wp-content\/uploads\/2019\/09\/Esteban-Montes-43.jpg?fit=880%2C440&ssl=1&resize=525%2C300 1.5x, https:\/\/i0.wp.com\/lahoradelcampo.com.uy\/site\/wp-content\/uploads\/2019\/09\/Esteban-Montes-43.jpg?fit=880%2C440&ssl=1&resize=700%2C400 2x"},"classes":[]}],"jetpack_likes_enabled":true,"_links":{"self":[{"href":"https:\/\/lahoradelcampo.com.uy\/site\/wp-json\/wp\/v2\/posts\/52322","targetHints":{"allow":["GET"]}}],"collection":[{"href":"https:\/\/lahoradelcampo.com.uy\/site\/wp-json\/wp\/v2\/posts"}],"about":[{"href":"https:\/\/lahoradelcampo.com.uy\/site\/wp-json\/wp\/v2\/types\/post"}],"author":[{"embeddable":true,"href":"https:\/\/lahoradelcampo.com.uy\/site\/wp-json\/wp\/v2\/users\/5"}],"replies":[{"embeddable":true,"href":"https:\/\/lahoradelcampo.com.uy\/site\/wp-json\/wp\/v2\/comments?post=52322"}],"version-history":[{"count":1,"href":"https:\/\/lahoradelcampo.com.uy\/site\/wp-json\/wp\/v2\/posts\/52322\/revisions"}],"predecessor-version":[{"id":52326,"href":"https:\/\/lahoradelcampo.com.uy\/site\/wp-json\/wp\/v2\/posts\/52322\/revisions\/52326"}],"wp:featuredmedia":[{"embeddable":true,"href":"https:\/\/lahoradelcampo.com.uy\/site\/wp-json\/wp\/v2\/media\/52324"}],"wp:attachment":[{"href":"https:\/\/lahoradelcampo.com.uy\/site\/wp-json\/wp\/v2\/media?parent=52322"}],"wp:term":[{"taxonomy":"category","embeddable":true,"href":"https:\/\/lahoradelcampo.com.uy\/site\/wp-json\/wp\/v2\/categories?post=52322"},{"taxonomy":"post_tag","embeddable":true,"href":"https:\/\/lahoradelcampo.com.uy\/site\/wp-json\/wp\/v2\/tags?post=52322"}],"curies":[{"name":"wp","href":"https:\/\/api.w.org\/{rel}","templated":true}]}}