{"id":52316,"date":"2023-08-29T07:10:36","date_gmt":"2023-08-29T10:10:36","guid":{"rendered":"http:\/\/lahoradelcampo.com.uy\/site\/?p=52316"},"modified":"2023-08-29T07:52:49","modified_gmt":"2023-08-29T10:52:49","slug":"mgap-suspendio-la-emergencia-por-influenza-aviar-y-aves-no-participaran-de-la-expo-prado","status":"publish","type":"post","link":"https:\/\/lahoradelcampo.com.uy\/site\/mgap-suspendio-la-emergencia-por-influenza-aviar-y-aves-no-participaran-de-la-expo-prado\/","title":{"rendered":"MGAP suspendi\u00f3 la emergencia por Influenza Aviar y aves no participaran en el Prado"},"content":{"rendered":"\n<figure class=\"wp-block-image size-full\"><a href=\"https:\/\/i0.wp.com\/lahoradelcampo.com.uy\/site\/wp-content\/uploads\/2023\/08\/Aves-Prado.jpg\"><img data-recalc-dims=\"1\" loading=\"lazy\" decoding=\"async\" width=\"810\" height=\"405\" data-attachment-id=\"52318\" data-permalink=\"https:\/\/lahoradelcampo.com.uy\/site\/mgap-suspendio-la-emergencia-por-influenza-aviar-y-aves-no-participaran-de-la-expo-prado\/aves-prado\/\" data-orig-file=\"https:\/\/i0.wp.com\/lahoradelcampo.com.uy\/site\/wp-content\/uploads\/2023\/08\/Aves-Prado.jpg?fit=880%2C440&amp;ssl=1\" data-orig-size=\"880,440\" data-comments-opened=\"1\" data-image-meta=\"{&quot;aperture&quot;:&quot;0&quot;,&quot;credit&quot;:&quot;&quot;,&quot;camera&quot;:&quot;&quot;,&quot;caption&quot;:&quot;&quot;,&quot;created_timestamp&quot;:&quot;0&quot;,&quot;copyright&quot;:&quot;&quot;,&quot;focal_length&quot;:&quot;0&quot;,&quot;iso&quot;:&quot;0&quot;,&quot;shutter_speed&quot;:&quot;0&quot;,&quot;title&quot;:&quot;&quot;,&quot;orientation&quot;:&quot;1&quot;}\" data-image-title=\"Aves-Prado\" data-image-description=\"\" data-image-caption=\"\" data-large-file=\"https:\/\/i0.wp.com\/lahoradelcampo.com.uy\/site\/wp-content\/uploads\/2023\/08\/Aves-Prado.jpg?fit=810%2C405&amp;ssl=1\" src=\"https:\/\/i0.wp.com\/lahoradelcampo.com.uy\/site\/wp-content\/uploads\/2023\/08\/Aves-Prado.jpg?resize=810%2C405\" alt=\"\" class=\"wp-image-52318\" srcset=\"https:\/\/i0.wp.com\/lahoradelcampo.com.uy\/site\/wp-content\/uploads\/2023\/08\/Aves-Prado.jpg?w=880&amp;ssl=1 880w, https:\/\/i0.wp.com\/lahoradelcampo.com.uy\/site\/wp-content\/uploads\/2023\/08\/Aves-Prado.jpg?resize=300%2C150&amp;ssl=1 300w, https:\/\/i0.wp.com\/lahoradelcampo.com.uy\/site\/wp-content\/uploads\/2023\/08\/Aves-Prado.jpg?resize=768%2C384&amp;ssl=1 768w, https:\/\/i0.wp.com\/lahoradelcampo.com.uy\/site\/wp-content\/uploads\/2023\/08\/Aves-Prado.jpg?resize=820%2C410&amp;ssl=1 820w\" sizes=\"auto, (max-width: 810px) 100vw, 810px\" \/><\/a><\/figure>\n\n\n\n<p>La Direcci\u00f3n General de los Servicios Ganaderos del Ministerio de Ganader\u00eda Agricultura y Pesca (MGAP) ha emitido una resoluci\u00f3n que marca un hito en la lucha contra la Influenza Aviar en el pa\u00eds. La resoluci\u00f3n 197\/2023, fechada el 16 de agosto, anuncia la suspensi\u00f3n transitoria por 60 d\u00edas de la emergencia sanitaria por Influenza Aviar, anteriormente decretada por la resoluci\u00f3n N\u00b040\/2023 el 15 de febrero del presente a\u00f1o.<\/p>\n\n\n\n<p>En un esfuerzo continuo por salvaguardar la industria av\u00edcola y garantizar la seguridad de las aves, la resoluci\u00f3n establece adem\u00e1s, pautas claras para exposiciones y remates que involucren concentraciones de aves. Los organizadores de tales eventos deber\u00e1n cumplir rigurosamente con la legislaci\u00f3n sanitaria actual y tomar medidas espec\u00edficas para minimizar los riesgos.<\/p>\n\n\n\n<p>Entre las medidas obligatorias, se incluye la colocaci\u00f3n de alfombras sanitarias en la entrada de galpones de exposiciones o ferias av\u00edcolas. Se exigir\u00e1 el lavado y desinfecci\u00f3n exhaustiva de las instalaciones antes y despu\u00e9s de cada evento. Asimismo, cada ave debe haber sido previamente vacunada con una dosis inactivada al menos 14 d\u00edas antes del evento, proporcionada por el propio Ministerio de Ganader\u00eda Agricultura y Pesca.<\/p>\n\n\n\n<p>El proceso de seguimiento tambi\u00e9n se fortalece con la obligaci\u00f3n de registrar cada ingreso y salida de aves en exposiciones o remates. Los detalles de origen y destino ser\u00e1n minuciosamente documentados por los servicios oficiales. Es importante tener en cuenta que el incumplimiento de estas nuevas regulaciones conllevar\u00e1 la aplicaci\u00f3n de sanciones correspondientes.<\/p>\n\n\n\n<p><strong>No habr\u00e1 exposici\u00f3n de aves en el Prado<\/strong><\/p>\n\n\n\n<p>La Sociedad de Avicultores Caba\u00f1eros de Uruguay (SACU) emitieron un comunicado en el d\u00eda de ayer, donde establecen su malestar con la medida adoptada por el MGAP, e informan que este a\u00f1o no se realizar\u00e1 la exposici\u00f3n de aves en la Expo Prado.<\/p>\n\n\n\n<p>El presidente de la gremial, Laurindo Cabral, indic\u00f3 que debido a que la comunicaci\u00f3n del ministerio se realiza dos d\u00edas antes del vencimiento del plazo para realizar la vacunaci\u00f3n con 14 d\u00edas anticipaci\u00f3n previa a la exposici\u00f3n y teniendo en cuenta que se tienen inscriptos 505 aves de 75 expositores en distintos puntos del pa\u00eds, la gremial decidi\u00f3 no concurrir este a\u00f1o a la Expo Prado.<\/p>\n\n\n\n<p>Adem\u00e1s lamentan que la medida adoptada por el ministerio, no haya tenido en cuenta la opinion de la gremial que participa hace 82 a\u00f1os en el Prado.<\/p>\n\n\n\n<p>Salto, 29 de agosto de 2023<\/p>\n","protected":false},"excerpt":{"rendered":"<p>La Direcci\u00f3n General de los Servicios Ganaderos del Ministerio de Ganader\u00eda Agricultura y Pesca (MGAP) ha emitido una resoluci\u00f3n que marca un hito en la lucha contra la Influenza Aviar [&hellip;]<\/p>\n","protected":false},"author":5,"featured_media":52318,"comment_status":"open","ping_status":"open","sticky":false,"template":"","format":"standard","meta":{"_price":"","_stock":"","_tribe_ticket_header":"","_tribe_default_ticket_provider":"","_tribe_ticket_capacity":"0","_ticket_start_date":"","_ticket_end_date":"","_tribe_ticket_show_description":"","_tribe_ticket_show_not_going":false,"_tribe_ticket_use_global_stock":"","_tribe_ticket_global_stock_level":"","_global_stock_mode":"","_global_stock_cap":"","_tribe_rsvp_for_event":"","_tribe_ticket_going_count":"","_tribe_ticket_not_going_count":"","_tribe_tickets_list":"[]","_tribe_ticket_has_attendee_info_fields":false,"h5ap_radio_sources":[],"_jetpack_newsletter_access":"","_jetpack_dont_email_post_to_subs":false,"_jetpack_newsletter_tier_id":0,"_jetpack_memberships_contains_paywalled_content":false,"_jetpack_memberships_contains_paid_content":false,"footnotes":""},"categories":[21,9],"tags":[],"class_list":["post-52316","post","type-post","status-publish","format-standard","has-post-thumbnail","hentry","category-actualidad","category-granja"],"jetpack_featured_media_url":"https:\/\/i0.wp.com\/lahoradelcampo.com.uy\/site\/wp-content\/uploads\/2023\/08\/Aves-Prado.jpg?fit=880%2C440&ssl=1","jetpack_sharing_enabled":true,"jetpack_shortlink":"https:\/\/wp.me\/p99IaT-dBO","jetpack-related-posts":[{"id":50148,"url":"https:\/\/lahoradelcampo.com.uy\/site\/sanidad-animal-liderara-vacunacion-contra-la-influenza-aviar\/","url_meta":{"origin":52316,"position":0},"title":"Sanidad Animal liderar\u00e1 vacunaci\u00f3n contra la influenza aviar","author":"La Hora del Campo","date":"24 abril, 2023","format":false,"excerpt":"A partir del pr\u00f3ximo 2 de mayo, Uruguay establecer\u00e1 la vacunaci\u00f3n obligatoria contra la influenza aviar altamente pat\u00f3gena en las categor\u00edas de aves Gallus gallus domesticus, reproductoras livianas y pesadas y ponedoras de establecimientos comerciales. Esta medida se ha tomado debido al avance de la enfermedad en la regi\u00f3n, por\u2026","rel":"","context":"En \u00abActualidad\u00bb","block_context":{"text":"Actualidad","link":"https:\/\/lahoradelcampo.com.uy\/site\/category\/actualidad\/"},"img":{"alt_text":"","src":"https:\/\/i0.wp.com\/lahoradelcampo.com.uy\/site\/wp-content\/uploads\/2023\/04\/MGAP-Influenzaaviar.jpg?fit=880%2C440&ssl=1&resize=350%2C200","width":350,"height":200,"srcset":"https:\/\/i0.wp.com\/lahoradelcampo.com.uy\/site\/wp-content\/uploads\/2023\/04\/MGAP-Influenzaaviar.jpg?fit=880%2C440&ssl=1&resize=350%2C200 1x, https:\/\/i0.wp.com\/lahoradelcampo.com.uy\/site\/wp-content\/uploads\/2023\/04\/MGAP-Influenzaaviar.jpg?fit=880%2C440&ssl=1&resize=525%2C300 1.5x, https:\/\/i0.wp.com\/lahoradelcampo.com.uy\/site\/wp-content\/uploads\/2023\/04\/MGAP-Influenzaaviar.jpg?fit=880%2C440&ssl=1&resize=700%2C400 2x"},"classes":[]},{"id":48757,"url":"https:\/\/lahoradelcampo.com.uy\/site\/mgap-informo-al-deteccion-del-primer-caso-de-influenza-aviar-en-uruguay\/","url_meta":{"origin":52316,"position":1},"title":"MGAP inform\u00f3 al detecci\u00f3n del primer caso de Influenza Aviar en Uruguay","author":"La Hora del Campo","date":"18 febrero, 2023","format":false,"excerpt":"El ministro de Ganader\u00eda, Agricultura y Pesca, Fernando Mattos, inform\u00f3 que el Servicio de Guardaparques del Sistema Nacional de \u00c1reas Protegidas y la Direcci\u00f3n de Servicios Ganaderos revelaron la muerte de un cisne de cuello negro en una laguna ubicada en el l\u00edmite entre Maldonado y Rocha y que se\u2026","rel":"","context":"En \u00abActualidad\u00bb","block_context":{"text":"Actualidad","link":"https:\/\/lahoradelcampo.com.uy\/site\/category\/actualidad\/"},"img":{"alt_text":"","src":"https:\/\/i0.wp.com\/lahoradelcampo.com.uy\/site\/wp-content\/uploads\/2023\/02\/MGAP-Influencia.jpg?fit=880%2C440&ssl=1&resize=350%2C200","width":350,"height":200,"srcset":"https:\/\/i0.wp.com\/lahoradelcampo.com.uy\/site\/wp-content\/uploads\/2023\/02\/MGAP-Influencia.jpg?fit=880%2C440&ssl=1&resize=350%2C200 1x, https:\/\/i0.wp.com\/lahoradelcampo.com.uy\/site\/wp-content\/uploads\/2023\/02\/MGAP-Influencia.jpg?fit=880%2C440&ssl=1&resize=525%2C300 1.5x, https:\/\/i0.wp.com\/lahoradelcampo.com.uy\/site\/wp-content\/uploads\/2023\/02\/MGAP-Influencia.jpg?fit=880%2C440&ssl=1&resize=700%2C400 2x"},"classes":[]},{"id":47937,"url":"https:\/\/lahoradelcampo.com.uy\/site\/crecen-los-casos-de-influenza-aviar-en-aves-silvestres-en-chile\/","url_meta":{"origin":52316,"position":2},"title":"Crecen los casos de influenza aviar en aves silvestres en Chile","author":"La Hora del Campo","date":"6 enero, 2023","format":false,"excerpt":"El Servicio Agr\u00edcola y Ganadero de Chile (SAG) anunci\u00f3 el pasado 1 de enero sobre la confirmaci\u00f3n, tras los an\u00e1lisis en su laboratorio de un pelicano encontrado en las costas de Tunqu\u00e9n, de la presencia de influenza aviar de alta patogenicidad de la variante H5N1. Esto confirma que el virus\u2026","rel":"","context":"En \u00abActualidad\u00bb","block_context":{"text":"Actualidad","link":"https:\/\/lahoradelcampo.com.uy\/site\/category\/actualidad\/"},"img":{"alt_text":"","src":"https:\/\/i0.wp.com\/lahoradelcampo.com.uy\/site\/wp-content\/uploads\/2023\/01\/Influenzaaviar.jpg?fit=880%2C440&ssl=1&resize=350%2C200","width":350,"height":200,"srcset":"https:\/\/i0.wp.com\/lahoradelcampo.com.uy\/site\/wp-content\/uploads\/2023\/01\/Influenzaaviar.jpg?fit=880%2C440&ssl=1&resize=350%2C200 1x, https:\/\/i0.wp.com\/lahoradelcampo.com.uy\/site\/wp-content\/uploads\/2023\/01\/Influenzaaviar.jpg?fit=880%2C440&ssl=1&resize=525%2C300 1.5x, https:\/\/i0.wp.com\/lahoradelcampo.com.uy\/site\/wp-content\/uploads\/2023\/01\/Influenzaaviar.jpg?fit=880%2C440&ssl=1&resize=700%2C400 2x"},"classes":[]},{"id":49424,"url":"https:\/\/lahoradelcampo.com.uy\/site\/mgap-anuncio-la-vacunacion-contra-la-influenza-aviar\/","url_meta":{"origin":52316,"position":3},"title":"MGAP anunci\u00f3 la vacunaci\u00f3n contra la influenza aviar","author":"La Hora del Campo","date":"24 marzo, 2023","format":false,"excerpt":"El Ministerio de Ganader\u00eda, Agricultura y Pesca (MGAP) anunci\u00f3 hoy el inicio del proceso de vacunaci\u00f3n contra la Influenza Aviar en Uruguay, en respuesta a la amenaza epidemiol\u00f3gica que representa la enfermedad para la producci\u00f3n av\u00edcola nacional. El ministro Fernando Mattos y el subsecretario Ignacio Buffa dieron a conocer la\u2026","rel":"","context":"En \u00abActualidad\u00bb","block_context":{"text":"Actualidad","link":"https:\/\/lahoradelcampo.com.uy\/site\/category\/actualidad\/"},"img":{"alt_text":"","src":"https:\/\/i0.wp.com\/lahoradelcampo.com.uy\/site\/wp-content\/uploads\/2023\/03\/influenzaaviar-vacunacion.jpg?fit=880%2C440&ssl=1&resize=350%2C200","width":350,"height":200,"srcset":"https:\/\/i0.wp.com\/lahoradelcampo.com.uy\/site\/wp-content\/uploads\/2023\/03\/influenzaaviar-vacunacion.jpg?fit=880%2C440&ssl=1&resize=350%2C200 1x, https:\/\/i0.wp.com\/lahoradelcampo.com.uy\/site\/wp-content\/uploads\/2023\/03\/influenzaaviar-vacunacion.jpg?fit=880%2C440&ssl=1&resize=525%2C300 1.5x, https:\/\/i0.wp.com\/lahoradelcampo.com.uy\/site\/wp-content\/uploads\/2023\/03\/influenzaaviar-vacunacion.jpg?fit=880%2C440&ssl=1&resize=700%2C400 2x"},"classes":[]},{"id":49776,"url":"https:\/\/lahoradelcampo.com.uy\/site\/informan-el-octavo-foco-de-influenza-aviar-en-uruguay\/","url_meta":{"origin":52316,"position":4},"title":"Informan el octavo foco de influenza aviar en Uruguay","author":"La Hora del Campo","date":"4 abril, 2023","format":false,"excerpt":"Desde el Ministerio de Ganader\u00eda, Agricultura y Pesca de Uruguay se han informado acerca de la situaci\u00f3n actual en el pa\u00eds en relaci\u00f3n a la influenza aviar, tambi\u00e9n conocida como gripe aviar, una enfermedad que afecta a aves y que puede ser transmitida al ser humano. En este art\u00edculo te\u2026","rel":"","context":"En \u00abActualidad\u00bb","block_context":{"text":"Actualidad","link":"https:\/\/lahoradelcampo.com.uy\/site\/category\/actualidad\/"},"img":{"alt_text":"","src":"https:\/\/i0.wp.com\/lahoradelcampo.com.uy\/site\/wp-content\/uploads\/2023\/03\/cisnecuellonegro.jpg?fit=880%2C440&ssl=1&resize=350%2C200","width":350,"height":200,"srcset":"https:\/\/i0.wp.com\/lahoradelcampo.com.uy\/site\/wp-content\/uploads\/2023\/03\/cisnecuellonegro.jpg?fit=880%2C440&ssl=1&resize=350%2C200 1x, https:\/\/i0.wp.com\/lahoradelcampo.com.uy\/site\/wp-content\/uploads\/2023\/03\/cisnecuellonegro.jpg?fit=880%2C440&ssl=1&resize=525%2C300 1.5x, https:\/\/i0.wp.com\/lahoradelcampo.com.uy\/site\/wp-content\/uploads\/2023\/03\/cisnecuellonegro.jpg?fit=880%2C440&ssl=1&resize=700%2C400 2x"},"classes":[]},{"id":56638,"url":"https:\/\/lahoradelcampo.com.uy\/site\/uruguay-refuerza-controles-por-foco-de-influenza-aviar-en-argentina\/","url_meta":{"origin":52316,"position":5},"title":"Uruguay refuerza controles por foco de influenza aviar en Argentina","author":"La Hora del Campo","date":"23 agosto, 2025","format":false,"excerpt":"El Ministerio de Ganader\u00eda, Agricultura y Pesca (MGAP), a trav\u00e9s de la Direcci\u00f3n General de Servicios Ganaderos (DGSG), inform\u00f3 que el Servicio Nacional de Sanidad y Calidad Agroalimentaria (Senasa) de Argentina confirm\u00f3 un nuevo caso de influenza aviar altamente pat\u00f3gena (IAAP) H5 en aves comerciales. El brote se registr\u00f3 en\u2026","rel":"","context":"En \u00abActualidad\u00bb","block_context":{"text":"Actualidad","link":"https:\/\/lahoradelcampo.com.uy\/site\/category\/actualidad\/"},"img":{"alt_text":"","src":"https:\/\/i0.wp.com\/lahoradelcampo.com.uy\/site\/wp-content\/uploads\/2025\/08\/aves-aviar.jpg?fit=880%2C440&ssl=1&resize=350%2C200","width":350,"height":200,"srcset":"https:\/\/i0.wp.com\/lahoradelcampo.com.uy\/site\/wp-content\/uploads\/2025\/08\/aves-aviar.jpg?fit=880%2C440&ssl=1&resize=350%2C200 1x, https:\/\/i0.wp.com\/lahoradelcampo.com.uy\/site\/wp-content\/uploads\/2025\/08\/aves-aviar.jpg?fit=880%2C440&ssl=1&resize=525%2C300 1.5x, https:\/\/i0.wp.com\/lahoradelcampo.com.uy\/site\/wp-content\/uploads\/2025\/08\/aves-aviar.jpg?fit=880%2C440&ssl=1&resize=700%2C400 2x"},"classes":[]}],"jetpack_likes_enabled":true,"_links":{"self":[{"href":"https:\/\/lahoradelcampo.com.uy\/site\/wp-json\/wp\/v2\/posts\/52316","targetHints":{"allow":["GET"]}}],"collection":[{"href":"https:\/\/lahoradelcampo.com.uy\/site\/wp-json\/wp\/v2\/posts"}],"about":[{"href":"https:\/\/lahoradelcampo.com.uy\/site\/wp-json\/wp\/v2\/types\/post"}],"author":[{"embeddable":true,"href":"https:\/\/lahoradelcampo.com.uy\/site\/wp-json\/wp\/v2\/users\/5"}],"replies":[{"embeddable":true,"href":"https:\/\/lahoradelcampo.com.uy\/site\/wp-json\/wp\/v2\/comments?post=52316"}],"version-history":[{"count":2,"href":"https:\/\/lahoradelcampo.com.uy\/site\/wp-json\/wp\/v2\/posts\/52316\/revisions"}],"predecessor-version":[{"id":52346,"href":"https:\/\/lahoradelcampo.com.uy\/site\/wp-json\/wp\/v2\/posts\/52316\/revisions\/52346"}],"wp:featuredmedia":[{"embeddable":true,"href":"https:\/\/lahoradelcampo.com.uy\/site\/wp-json\/wp\/v2\/media\/52318"}],"wp:attachment":[{"href":"https:\/\/lahoradelcampo.com.uy\/site\/wp-json\/wp\/v2\/media?parent=52316"}],"wp:term":[{"taxonomy":"category","embeddable":true,"href":"https:\/\/lahoradelcampo.com.uy\/site\/wp-json\/wp\/v2\/categories?post=52316"},{"taxonomy":"post_tag","embeddable":true,"href":"https:\/\/lahoradelcampo.com.uy\/site\/wp-json\/wp\/v2\/tags?post=52316"}],"curies":[{"name":"wp","href":"https:\/\/api.w.org\/{rel}","templated":true}]}}