{"id":52310,"date":"2023-08-29T07:06:14","date_gmt":"2023-08-29T10:06:14","guid":{"rendered":"http:\/\/lahoradelcampo.com.uy\/site\/?p=52310"},"modified":"2023-08-29T07:06:35","modified_gmt":"2023-08-29T10:06:35","slug":"pellets-de-lana-un-fertilizante-innovador-para-nutrir-la-tierra","status":"publish","type":"post","link":"https:\/\/lahoradelcampo.com.uy\/site\/pellets-de-lana-un-fertilizante-innovador-para-nutrir-la-tierra\/","title":{"rendered":"Pellets de lana: Un fertilizante innovador para nutrir la tierra"},"content":{"rendered":"\n<figure class=\"wp-block-image size-full\"><a href=\"https:\/\/i0.wp.com\/lahoradelcampo.com.uy\/site\/wp-content\/uploads\/2023\/08\/Pelletsdelana.jpg\"><img data-recalc-dims=\"1\" loading=\"lazy\" decoding=\"async\" width=\"810\" height=\"405\" data-attachment-id=\"52312\" data-permalink=\"https:\/\/lahoradelcampo.com.uy\/site\/pellets-de-lana-un-fertilizante-innovador-para-nutrir-la-tierra\/pelletsdelana\/\" data-orig-file=\"https:\/\/i0.wp.com\/lahoradelcampo.com.uy\/site\/wp-content\/uploads\/2023\/08\/Pelletsdelana.jpg?fit=880%2C440&amp;ssl=1\" data-orig-size=\"880,440\" data-comments-opened=\"1\" data-image-meta=\"{&quot;aperture&quot;:&quot;0&quot;,&quot;credit&quot;:&quot;&quot;,&quot;camera&quot;:&quot;&quot;,&quot;caption&quot;:&quot;&quot;,&quot;created_timestamp&quot;:&quot;0&quot;,&quot;copyright&quot;:&quot;&quot;,&quot;focal_length&quot;:&quot;0&quot;,&quot;iso&quot;:&quot;0&quot;,&quot;shutter_speed&quot;:&quot;0&quot;,&quot;title&quot;:&quot;&quot;,&quot;orientation&quot;:&quot;1&quot;}\" data-image-title=\"Pelletsdelana\" data-image-description=\"\" data-image-caption=\"\" data-large-file=\"https:\/\/i0.wp.com\/lahoradelcampo.com.uy\/site\/wp-content\/uploads\/2023\/08\/Pelletsdelana.jpg?fit=810%2C405&amp;ssl=1\" src=\"https:\/\/i0.wp.com\/lahoradelcampo.com.uy\/site\/wp-content\/uploads\/2023\/08\/Pelletsdelana.jpg?resize=810%2C405\" alt=\"\" class=\"wp-image-52312\" srcset=\"https:\/\/i0.wp.com\/lahoradelcampo.com.uy\/site\/wp-content\/uploads\/2023\/08\/Pelletsdelana.jpg?w=880&amp;ssl=1 880w, https:\/\/i0.wp.com\/lahoradelcampo.com.uy\/site\/wp-content\/uploads\/2023\/08\/Pelletsdelana.jpg?resize=300%2C150&amp;ssl=1 300w, https:\/\/i0.wp.com\/lahoradelcampo.com.uy\/site\/wp-content\/uploads\/2023\/08\/Pelletsdelana.jpg?resize=768%2C384&amp;ssl=1 768w, https:\/\/i0.wp.com\/lahoradelcampo.com.uy\/site\/wp-content\/uploads\/2023\/08\/Pelletsdelana.jpg?resize=820%2C410&amp;ssl=1 820w\" sizes=\"auto, (max-width: 810px) 100vw, 810px\" \/><\/a><\/figure>\n\n\n\n<p>La lana, un material que ha sido un pilar en la industria de la moda, est\u00e1 demostrando su val\u00eda m\u00e1s all\u00e1 de la vestimenta. Su biodegradabilidad, una de sus caracter\u00edsticas m\u00e1s notables, lo convierte en un aliado del medio ambiente. Su naturaleza completamente org\u00e1nica permite que se descomponga en tan solo seis meses, devolviendo sus elementos constituyentes y minerales al suelo de d\u00f3nde provino. M\u00e1s all\u00e1 de la vestimenta, la lana halla un nuevo prop\u00f3sito en la agricultura y jardiner\u00eda gracias a iniciativas vanguardistas.<\/p>\n\n\n\n<p>La Organizaci\u00f3n Internacional de Textiles de Lana (IWTO) destaca una propuesta pionera que aprovecha los subproductos de lana en beneficio de la tierra. Wild Valley Farms, una empresa familiar ubicada en Croydon, Utah, lidera esta innovadora propuesta al emplear la lana como un fertilizante esencial.<br>Cuando las ovejas son esquiladas, los recortes de lana que no son adecuados para textiles debido a su longitud se desechan. No obstante, esta lana, aunque m\u00e1s corta, es biodegradable y ofrece un potencial a\u00fan no explorado.<\/p>\n\n\n\n<p>Aprovechando estos subproductos de lana que generalmente se descartan, la familia Wilde los ha transformado en \u00abpellets de lana\u00bb, una soluci\u00f3n excepcional para la fertilizaci\u00f3n en la agricultura, jardiner\u00eda y horticultura. Estos gr\u00e1nulos compactos no solo evitan el desperdicio, sino que tambi\u00e9n enriquecen el suelo, nutren las plantas, retienen agua y fomentan un crecimiento saludable.<\/p>\n\n\n\n<p>Albert Wilde de Wild Valley Farms afirma con entusiasmo: \u00abNuestros pellets de lana representan una soluci\u00f3n innovadora que brinda prop\u00f3sito a la lana de desecho, beneficiando tanto a nuestras plantas como al medio ambiente. Estos gr\u00e1nulos no solo enriquecen el suelo con nutrientes esenciales, sino que tambi\u00e9n reducen el consumo de agua y mejoran la porosidad del suelo\u00bb.<\/p>\n\n\n\n<p>Estos gr\u00e1nulos, completamente naturales y sin a\u00f1adidos, benefician el cultivo de plantas en tres formas esenciales. Primero, proveen nutrientes esenciales al suelo, debido a que son fertilizantes NPK 9-0-2 de liberaci\u00f3n lenta. Adem\u00e1s, reducen la necesidad de riego al retener y administrar el agua a las ra\u00edces de las plantas, lo que puede resultar en un ahorro de hasta un 25% de agua en comparaci\u00f3n con los m\u00e9todos tradicionales. Por \u00faltimo, los gr\u00e1nulos se expanden, aumentando el espacio disponible y permitiendo una mejor oxigenaci\u00f3n para el crecimiento de las plantas.<\/p>\n\n\n\n<p>Los gr\u00e1nulos de lana de Wild Valley Farms son una soluci\u00f3n sostenible y eficaz para el cultivo de plantas, a la vez que rescatan la lana que de otro modo ser\u00eda desechada.<\/p>\n\n\n\n<p>Este enfoque ejemplifica c\u00f3mo la naturaleza puede inspirar soluciones inteligentes y amigables con el medio ambiente, al mismo tiempo que resalta los m\u00faltiples beneficios que la lana puede aportar m\u00e1s all\u00e1 de la moda.<\/p>\n\n\n\n<p>La empresa Wild Valley Farms en su p\u00e1gina web, a modo de referencia, realiza la comercializaci\u00f3n de este producto en diferentes opciones de tama\u00f1o, al igual que otros productos. En el caso de la bolsa de Pellets de Lana de 8oz (226 gramos aprox.) tiene un costo de US$ 12,99.<\/p>\n\n\n\n<p>Salto, 29 de agosto de 2023<\/p>\n","protected":false},"excerpt":{"rendered":"<p>La lana, un material que ha sido un pilar en la industria de la moda, est\u00e1 demostrando su val\u00eda m\u00e1s all\u00e1 de la vestimenta. Su biodegradabilidad, una de sus caracter\u00edsticas [&hellip;]<\/p>\n","protected":false},"author":5,"featured_media":52312,"comment_status":"open","ping_status":"open","sticky":false,"template":"","format":"standard","meta":{"_price":"","_stock":"","_tribe_ticket_header":"","_tribe_default_ticket_provider":"","_tribe_ticket_capacity":"0","_ticket_start_date":"","_ticket_end_date":"","_tribe_ticket_show_description":"","_tribe_ticket_show_not_going":false,"_tribe_ticket_use_global_stock":"","_tribe_ticket_global_stock_level":"","_global_stock_mode":"","_global_stock_cap":"","_tribe_rsvp_for_event":"","_tribe_ticket_going_count":"","_tribe_ticket_not_going_count":"","_tribe_tickets_list":"[]","_tribe_ticket_has_attendee_info_fields":false,"h5ap_radio_sources":[],"_jetpack_newsletter_access":"","_jetpack_dont_email_post_to_subs":false,"_jetpack_newsletter_tier_id":0,"_jetpack_memberships_contains_paywalled_content":false,"_jetpack_memberships_contains_paid_content":false,"footnotes":""},"categories":[21,13],"tags":[],"class_list":["post-52310","post","type-post","status-publish","format-standard","has-post-thumbnail","hentry","category-actualidad","category-ovinos"],"jetpack_featured_media_url":"https:\/\/i0.wp.com\/lahoradelcampo.com.uy\/site\/wp-content\/uploads\/2023\/08\/Pelletsdelana.jpg?fit=880%2C440&ssl=1","jetpack_sharing_enabled":true,"jetpack_shortlink":"https:\/\/wp.me\/p99IaT-dBI","jetpack-related-posts":[{"id":21724,"url":"https:\/\/lahoradelcampo.com.uy\/site\/las-exportaciones-de-vestimenta-desde-china-caen-un-33\/","url_meta":{"origin":52310,"position":0},"title":"Las exportaciones de vestimenta desde China caen un 33%","author":"La Hora del Campo","date":"13 julio, 2020","format":false,"excerpt":"A partir de la aparici\u00f3n del Covid-19 el pasado mes de enero en China el mundo atraviesa una crisis global. Las exportaciones de vestimenta elaborada con lana desde China disminuyeron un 33% en los primeros cuatro meses del a\u00f1o mientras que las ventas al consumidor final en el \u00faltimo a\u00f1o\u2026","rel":"","context":"En \u00abActualidad\u00bb","block_context":{"text":"Actualidad","link":"https:\/\/lahoradelcampo.com.uy\/site\/category\/actualidad\/"},"img":{"alt_text":"","src":"https:\/\/i0.wp.com\/lahoradelcampo.com.uy\/site\/wp-content\/uploads\/2019\/04\/Lanas.jpg?fit=880%2C440&ssl=1&resize=350%2C200","width":350,"height":200,"srcset":"https:\/\/i0.wp.com\/lahoradelcampo.com.uy\/site\/wp-content\/uploads\/2019\/04\/Lanas.jpg?fit=880%2C440&ssl=1&resize=350%2C200 1x, https:\/\/i0.wp.com\/lahoradelcampo.com.uy\/site\/wp-content\/uploads\/2019\/04\/Lanas.jpg?fit=880%2C440&ssl=1&resize=525%2C300 1.5x, https:\/\/i0.wp.com\/lahoradelcampo.com.uy\/site\/wp-content\/uploads\/2019\/04\/Lanas.jpg?fit=880%2C440&ssl=1&resize=700%2C400 2x"},"classes":[]},{"id":5933,"url":"https:\/\/lahoradelcampo.com.uy\/site\/lana-merino-en-un-superciclo-de-precios-en-australia\/","url_meta":{"origin":52310,"position":1},"title":"Lana merino en un superciclo  de precios en Australia","author":"La Hora del Campo","date":"16 febrero, 2018","format":false,"excerpt":"Durante la zafra 2016\/2017 se registraron valores al alza para las lanas merino australiano, tendencia que durante esta zafra se ha profundizado, con valores destacados en los micronajes m\u00e1s finos, registrando el quinto superciclo de precios para estas lanas seg\u00fan el informe semanal del Consejo Nacional de Corredores de Venta\u2026","rel":"","context":"En \u00abActualidad\u00bb","block_context":{"text":"Actualidad","link":"https:\/\/lahoradelcampo.com.uy\/site\/category\/actualidad\/"},"img":{"alt_text":"","src":"https:\/\/i0.wp.com\/lahoradelcampo.com.uy\/site\/wp-content\/uploads\/2018\/02\/Lanas.jpg?fit=880%2C440&ssl=1&resize=350%2C200","width":350,"height":200,"srcset":"https:\/\/i0.wp.com\/lahoradelcampo.com.uy\/site\/wp-content\/uploads\/2018\/02\/Lanas.jpg?fit=880%2C440&ssl=1&resize=350%2C200 1x, https:\/\/i0.wp.com\/lahoradelcampo.com.uy\/site\/wp-content\/uploads\/2018\/02\/Lanas.jpg?fit=880%2C440&ssl=1&resize=525%2C300 1.5x, https:\/\/i0.wp.com\/lahoradelcampo.com.uy\/site\/wp-content\/uploads\/2018\/02\/Lanas.jpg?fit=880%2C440&ssl=1&resize=700%2C400 2x"},"classes":[]},{"id":31290,"url":"https:\/\/lahoradelcampo.com.uy\/site\/razas-laneras-promediaron-215-micras-en-la-zafra-2020\/","url_meta":{"origin":52310,"position":2},"title":"Razas laneras promediaron 21,5 micras en la zafra 2020","author":"La Hora del Campo","date":"15 junio, 2021","format":false,"excerpt":"Dentro de los servicios que brinda el Secretariado Uruguayo de la Lana (SUL) a los productores se encuentra el an\u00e1lisis de laboratorio, donde entre varios \u00edtems, se han vuelto muy relevantes en las \u00faltimas zafras para definir el precio de la fibra, tanto el micronaje como el rendimiento al lavado.\u2026","rel":"","context":"En \u00abActualidad\u00bb","block_context":{"text":"Actualidad","link":"https:\/\/lahoradelcampo.com.uy\/site\/category\/actualidad\/"},"img":{"alt_text":"","src":"https:\/\/i0.wp.com\/lahoradelcampo.com.uy\/site\/wp-content\/uploads\/2017\/11\/Lanas.jpg?fit=880%2C440&ssl=1&resize=350%2C200","width":350,"height":200,"srcset":"https:\/\/i0.wp.com\/lahoradelcampo.com.uy\/site\/wp-content\/uploads\/2017\/11\/Lanas.jpg?fit=880%2C440&ssl=1&resize=350%2C200 1x, https:\/\/i0.wp.com\/lahoradelcampo.com.uy\/site\/wp-content\/uploads\/2017\/11\/Lanas.jpg?fit=880%2C440&ssl=1&resize=525%2C300 1.5x, https:\/\/i0.wp.com\/lahoradelcampo.com.uy\/site\/wp-content\/uploads\/2017\/11\/Lanas.jpg?fit=880%2C440&ssl=1&resize=700%2C400 2x"},"classes":[]},{"id":6729,"url":"https:\/\/lahoradelcampo.com.uy\/site\/centra-lanera-y-calsal-liquidaron-el-100-de-la-lana-de-la-zafra-201718\/","url_meta":{"origin":52310,"position":3},"title":"Centra Lanera y Calsal liquidaron el 100% de la lana de la zafra 2017\/18","author":"La Hora del Campo","date":"28 abril, 2018","format":false,"excerpt":"Las cooperativas Central Lanera Uruguaya y Calsal realizaron en la jornada de ayer la liquidaci\u00f3n de la zafra lanera 2017\/2018 a sus productores remitentes, pag\u00e1ndose el 100% de la lana. Central Lanera ratific\u00f3 su compromiso de premiar a sus productores con bonificaciones y sobreprecios por esquila temprana, acondicionada y que\u2026","rel":"","context":"En \u00abActualidad\u00bb","block_context":{"text":"Actualidad","link":"https:\/\/lahoradelcampo.com.uy\/site\/category\/actualidad\/"},"img":{"alt_text":"","src":"https:\/\/i0.wp.com\/lahoradelcampo.com.uy\/site\/wp-content\/uploads\/2018\/05\/calsal.jpg?fit=880%2C440&ssl=1&resize=350%2C200","width":350,"height":200,"srcset":"https:\/\/i0.wp.com\/lahoradelcampo.com.uy\/site\/wp-content\/uploads\/2018\/05\/calsal.jpg?fit=880%2C440&ssl=1&resize=350%2C200 1x, https:\/\/i0.wp.com\/lahoradelcampo.com.uy\/site\/wp-content\/uploads\/2018\/05\/calsal.jpg?fit=880%2C440&ssl=1&resize=525%2C300 1.5x, https:\/\/i0.wp.com\/lahoradelcampo.com.uy\/site\/wp-content\/uploads\/2018\/05\/calsal.jpg?fit=880%2C440&ssl=1&resize=700%2C400 2x"},"classes":[]},{"id":7205,"url":"https:\/\/lahoradelcampo.com.uy\/site\/ventas-de-lana-crecieron-un-134\/","url_meta":{"origin":52310,"position":4},"title":"Ventas de lana crecieron un 13,4%","author":"La Hora del Campo","date":"16 mayo, 2018","format":false,"excerpt":"La actual zafra lanera se ha caracterizado por una fuerte demanda del mercado internacional, con precios al alza principalmente en las lanas finas, lo que ha llevado a una mejora en la exportaci\u00f3n de este producto en el a\u00f1o m\u00f3vil mayo 2017 a abril de 2018. En total se exportaron\u2026","rel":"","context":"En \u00abActualidad\u00bb","block_context":{"text":"Actualidad","link":"https:\/\/lahoradelcampo.com.uy\/site\/category\/actualidad\/"},"img":{"alt_text":"","src":"https:\/\/i0.wp.com\/lahoradelcampo.com.uy\/site\/wp-content\/uploads\/2018\/05\/Lana-s.jpg?fit=880%2C440&ssl=1&resize=350%2C200","width":350,"height":200,"srcset":"https:\/\/i0.wp.com\/lahoradelcampo.com.uy\/site\/wp-content\/uploads\/2018\/05\/Lana-s.jpg?fit=880%2C440&ssl=1&resize=350%2C200 1x, https:\/\/i0.wp.com\/lahoradelcampo.com.uy\/site\/wp-content\/uploads\/2018\/05\/Lana-s.jpg?fit=880%2C440&ssl=1&resize=525%2C300 1.5x, https:\/\/i0.wp.com\/lahoradelcampo.com.uy\/site\/wp-content\/uploads\/2018\/05\/Lana-s.jpg?fit=880%2C440&ssl=1&resize=700%2C400 2x"},"classes":[]},{"id":28304,"url":"https:\/\/lahoradelcampo.com.uy\/site\/laneras-el-emprendimiento-de-un-olimareno-que-vende-lana-uruguaya-en-estados-unidos\/","url_meta":{"origin":52310,"position":5},"title":"Laneras, el emprendimiento de un olimare\u00f1o que vende lana uruguaya en Estados Unidos","author":"La Hora del Campo","date":"6 marzo, 2021","format":false,"excerpt":"Joao Castro, es un olimare\u00f1o que hace varios a\u00f1os emigr\u00f3 a los Estados Unidos, conform\u00f3 all\u00ed a su familia y su emprendimiento junto a su esposa, Nikki Waters, y sus tres hijos, Radha, Tulasi y Syam. La empresa que comenz\u00f3 en 2018, lo hizo en principio bajo el nombre de\u2026","rel":"","context":"En \u00abActualidad\u00bb","block_context":{"text":"Actualidad","link":"https:\/\/lahoradelcampo.com.uy\/site\/category\/actualidad\/"},"img":{"alt_text":"","src":"https:\/\/i0.wp.com\/lahoradelcampo.com.uy\/site\/wp-content\/uploads\/2021\/03\/joaocastrolaneras.jpg?fit=880%2C440&ssl=1&resize=350%2C200","width":350,"height":200,"srcset":"https:\/\/i0.wp.com\/lahoradelcampo.com.uy\/site\/wp-content\/uploads\/2021\/03\/joaocastrolaneras.jpg?fit=880%2C440&ssl=1&resize=350%2C200 1x, https:\/\/i0.wp.com\/lahoradelcampo.com.uy\/site\/wp-content\/uploads\/2021\/03\/joaocastrolaneras.jpg?fit=880%2C440&ssl=1&resize=525%2C300 1.5x, https:\/\/i0.wp.com\/lahoradelcampo.com.uy\/site\/wp-content\/uploads\/2021\/03\/joaocastrolaneras.jpg?fit=880%2C440&ssl=1&resize=700%2C400 2x"},"classes":[]}],"jetpack_likes_enabled":true,"_links":{"self":[{"href":"https:\/\/lahoradelcampo.com.uy\/site\/wp-json\/wp\/v2\/posts\/52310","targetHints":{"allow":["GET"]}}],"collection":[{"href":"https:\/\/lahoradelcampo.com.uy\/site\/wp-json\/wp\/v2\/posts"}],"about":[{"href":"https:\/\/lahoradelcampo.com.uy\/site\/wp-json\/wp\/v2\/types\/post"}],"author":[{"embeddable":true,"href":"https:\/\/lahoradelcampo.com.uy\/site\/wp-json\/wp\/v2\/users\/5"}],"replies":[{"embeddable":true,"href":"https:\/\/lahoradelcampo.com.uy\/site\/wp-json\/wp\/v2\/comments?post=52310"}],"version-history":[{"count":1,"href":"https:\/\/lahoradelcampo.com.uy\/site\/wp-json\/wp\/v2\/posts\/52310\/revisions"}],"predecessor-version":[{"id":52314,"href":"https:\/\/lahoradelcampo.com.uy\/site\/wp-json\/wp\/v2\/posts\/52310\/revisions\/52314"}],"wp:featuredmedia":[{"embeddable":true,"href":"https:\/\/lahoradelcampo.com.uy\/site\/wp-json\/wp\/v2\/media\/52312"}],"wp:attachment":[{"href":"https:\/\/lahoradelcampo.com.uy\/site\/wp-json\/wp\/v2\/media?parent=52310"}],"wp:term":[{"taxonomy":"category","embeddable":true,"href":"https:\/\/lahoradelcampo.com.uy\/site\/wp-json\/wp\/v2\/categories?post=52310"},{"taxonomy":"post_tag","embeddable":true,"href":"https:\/\/lahoradelcampo.com.uy\/site\/wp-json\/wp\/v2\/tags?post=52310"}],"curies":[{"name":"wp","href":"https:\/\/api.w.org\/{rel}","templated":true}]}}