{"id":52274,"date":"2023-08-22T06:57:49","date_gmt":"2023-08-22T09:57:49","guid":{"rendered":"http:\/\/lahoradelcampo.com.uy\/site\/?p=52274"},"modified":"2023-08-22T06:58:21","modified_gmt":"2023-08-22T09:58:21","slug":"ministerio-del-interior-e-intendencias-tienen-que-generar-los-medios-para-la-captura-de-perros","status":"publish","type":"post","link":"https:\/\/lahoradelcampo.com.uy\/site\/ministerio-del-interior-e-intendencias-tienen-que-generar-los-medios-para-la-captura-de-perros\/","title":{"rendered":"Ministerio del Interior e Intendencias tienen que generar los medios para la captura de perros"},"content":{"rendered":"\n<figure class=\"wp-block-image size-full\"><a href=\"https:\/\/i0.wp.com\/lahoradelcampo.com.uy\/site\/wp-content\/uploads\/2023\/08\/PatricioCortabarria.jpg\"><img data-recalc-dims=\"1\" loading=\"lazy\" decoding=\"async\" width=\"810\" height=\"405\" data-attachment-id=\"52276\" data-permalink=\"https:\/\/lahoradelcampo.com.uy\/site\/ministerio-del-interior-e-intendencias-tienen-que-generar-los-medios-para-la-captura-de-perros\/patriciocortabarria\/\" data-orig-file=\"https:\/\/i0.wp.com\/lahoradelcampo.com.uy\/site\/wp-content\/uploads\/2023\/08\/PatricioCortabarria.jpg?fit=880%2C440&amp;ssl=1\" data-orig-size=\"880,440\" data-comments-opened=\"1\" data-image-meta=\"{&quot;aperture&quot;:&quot;0&quot;,&quot;credit&quot;:&quot;&quot;,&quot;camera&quot;:&quot;&quot;,&quot;caption&quot;:&quot;&quot;,&quot;created_timestamp&quot;:&quot;0&quot;,&quot;copyright&quot;:&quot;&quot;,&quot;focal_length&quot;:&quot;0&quot;,&quot;iso&quot;:&quot;0&quot;,&quot;shutter_speed&quot;:&quot;0&quot;,&quot;title&quot;:&quot;&quot;,&quot;orientation&quot;:&quot;1&quot;}\" data-image-title=\"PatricioCortabarr\u00eda\" data-image-description=\"\" data-image-caption=\"\" data-large-file=\"https:\/\/i0.wp.com\/lahoradelcampo.com.uy\/site\/wp-content\/uploads\/2023\/08\/PatricioCortabarria.jpg?fit=810%2C405&amp;ssl=1\" src=\"https:\/\/i0.wp.com\/lahoradelcampo.com.uy\/site\/wp-content\/uploads\/2023\/08\/PatricioCortabarria.jpg?resize=810%2C405\" alt=\"\" class=\"wp-image-52276\" srcset=\"https:\/\/i0.wp.com\/lahoradelcampo.com.uy\/site\/wp-content\/uploads\/2023\/08\/PatricioCortabarria.jpg?w=880&amp;ssl=1 880w, https:\/\/i0.wp.com\/lahoradelcampo.com.uy\/site\/wp-content\/uploads\/2023\/08\/PatricioCortabarria.jpg?resize=300%2C150&amp;ssl=1 300w, https:\/\/i0.wp.com\/lahoradelcampo.com.uy\/site\/wp-content\/uploads\/2023\/08\/PatricioCortabarria.jpg?resize=768%2C384&amp;ssl=1 768w, https:\/\/i0.wp.com\/lahoradelcampo.com.uy\/site\/wp-content\/uploads\/2023\/08\/PatricioCortabarria.jpg?resize=820%2C410&amp;ssl=1 820w\" sizes=\"auto, (max-width: 810px) 100vw, 810px\" \/><\/a><\/figure>\n\n\n\n<p>El tema de las jaur\u00edas de perros, es un tema que desmotiva al productor en la cr\u00eda de la especie ovina. En la actualidad, lamentablemente, es com\u00fan escuchar a los productores decir que han terminado con las ovejas en los establecimientos cercanos a los pueblos, lo que en un principio estaba asociado al tema abigeato en la realidad de hoy es debido a la problem\u00e1tica de los perros sueltos. Es v\u00e1lido aclarar que el tema abigeato, a\u00fan es un tema a resolver.<\/p>\n\n\n\n<p>Est\u00e1 claro que sentarse a discutir este tema en el seno del Instituto Nacional de Bienestar Animal (INBA) debe ser una tarea dif\u00edcil, principalmente porque el principal cuidador de animales y qui\u00e9n se destaca en la sociedad por el bienestar de sus animales, es el productor. Por ende el principal punto de encuentro entre las gremiales y las protectoras de animales, es querer salvaguardar la vida del perro y evitar utilizar el art\u00edculo del c\u00f3digo rural que permite al productor dar muerte al animal en caso de ataque a sus animales de producci\u00f3n.<\/p>\n\n\n\n<p>Patricio Cortabarr\u00eda, principal de la Asociaci\u00f3n Rural del Uruguay (ARU) dijo que desde el sector productivo se est\u00e1 \u00abhaciendo mucho hincapi\u00e9 en la captura\u00bb. En este sentido remarc\u00f3 que es importante la captura del perro y llevarlo a un albergue, adem\u00e1s dijo que si bien \u00abest\u00e1 es la mayor problem\u00e1tica para los productores de ovinos en Uruguay, ya hay ataque tambi\u00e9n a otros animales, como terneros reci\u00e9n nacidos\u00bb.<\/p>\n\n\n\n<p>Esta situaci\u00f3n que se da a nivel del campo tambi\u00e9n se estrapola a las ciudades, porque los perros sueltos tambi\u00e9n es un problema a nivel del tr\u00e1nsito en las ciudades del interior, y al mismo tiempo en el caso de la salud humana, tanto por las mordeduras asimismo como la transmisi\u00f3n de enfermedades zoonoticas. El presidente de ARU dijo que \u00abel perro que muerde ovejas o que tiene problemas sanitarios en las ciudades es mucho mejor que este en un albergue\u00bb.<\/p>\n\n\n\n<p>Cortabarr\u00eda se\u00f1al\u00f3 que tanto el Ministerio del Interior y las Intendencias, \u00abest\u00e1n en la mesa del INBA\u00bb y remarc\u00f3 que est\u00e1s instituciones \u00abtienen que generar los medios\u00bb para la captura de los canes porque \u00abest\u00e1n comprometidos con el INBA para hacerlo\u00bb.<\/p>\n\n\n\n<p>A pesar que podr\u00eda entenderse que ser\u00eda insuficiente con la captura del perro y el traslado a un albergue, porque la mayor\u00eda de los albergues se encuentran casi que excedidos en su capacidad, Cortabarr\u00eda remarc\u00f3 que \u00abla problem\u00e1tica nuestra es el perro que est\u00e1 suelto y por no tener albergues no vamos a dejar el perro suelto. Hablamos de ese perro que muerde ovejas o que tiene problemas sanitarios y que es mucho peor que este suelto que un albergue\u00bb.<\/p>\n\n\n\n<p>Al ser cuestionado sobre que hacer una vez que los perros est\u00e9n en los albergues, el productor dijo \u00abcuando est\u00e9n en los albergues se ver\u00e1 como se define para adelante, pero como productores tenemos que hacer hincapi\u00e9 en la captura\u00bb.<\/p>\n\n\n\n<p>Salto, 22 de agosto de 2023<\/p>\n","protected":false},"excerpt":{"rendered":"<p>El tema de las jaur\u00edas de perros, es un tema que desmotiva al productor en la cr\u00eda de la especie ovina. En la actualidad, lamentablemente, es com\u00fan escuchar a los [&hellip;]<\/p>\n","protected":false},"author":5,"featured_media":52276,"comment_status":"open","ping_status":"open","sticky":false,"template":"","format":"standard","meta":{"_price":"","_stock":"","_tribe_ticket_header":"","_tribe_default_ticket_provider":"","_tribe_ticket_capacity":"0","_ticket_start_date":"","_ticket_end_date":"","_tribe_ticket_show_description":"","_tribe_ticket_show_not_going":false,"_tribe_ticket_use_global_stock":"","_tribe_ticket_global_stock_level":"","_global_stock_mode":"","_global_stock_cap":"","_tribe_rsvp_for_event":"","_tribe_ticket_going_count":"","_tribe_ticket_not_going_count":"","_tribe_tickets_list":"[]","_tribe_ticket_has_attendee_info_fields":false,"h5ap_radio_sources":[],"_jetpack_newsletter_access":"","_jetpack_dont_email_post_to_subs":false,"_jetpack_newsletter_tier_id":0,"_jetpack_memberships_contains_paywalled_content":false,"_jetpack_memberships_contains_paid_content":false,"footnotes":""},"categories":[21,13],"tags":[],"class_list":["post-52274","post","type-post","status-publish","format-standard","has-post-thumbnail","hentry","category-actualidad","category-ovinos"],"jetpack_featured_media_url":"https:\/\/i0.wp.com\/lahoradelcampo.com.uy\/site\/wp-content\/uploads\/2023\/08\/PatricioCortabarria.jpg?fit=880%2C440&ssl=1","jetpack_sharing_enabled":true,"jetpack_shortlink":"https:\/\/wp.me\/p99IaT-dB8","jetpack-related-posts":[{"id":13452,"url":"https:\/\/lahoradelcampo.com.uy\/site\/abigeato-es-un-tema-que-lo-tenemos-que-solucionar-nosotros\/","url_meta":{"origin":52274,"position":0},"title":"Abigeato: Es un tema que \u00ablo tenemos que solucionar nosotros\u00bb","author":"La Hora del Campo","date":"14 agosto, 2019","format":false,"excerpt":"Se realiz\u00f3 este lunes en la Asociaci\u00f3n Agropecuaria de Artigas, un reuni\u00f3n sobre la inseguridad en el medio rural, convocada por los propios productores y donde se cont\u00f3 con la participaci\u00f3n del Fiscal Dr. Ra\u00fal Iglesias. En la reuni\u00f3n se conformaron varias comisiones en distintas zonas del vecino departamento que\u2026","rel":"","context":"En \u00abActualidad\u00bb","block_context":{"text":"Actualidad","link":"https:\/\/lahoradelcampo.com.uy\/site\/category\/actualidad\/"},"img":{"alt_text":"","src":"https:\/\/i0.wp.com\/lahoradelcampo.com.uy\/site\/wp-content\/uploads\/2019\/04\/Abigeato-1.jpg?fit=880%2C440&ssl=1&resize=350%2C200","width":350,"height":200,"srcset":"https:\/\/i0.wp.com\/lahoradelcampo.com.uy\/site\/wp-content\/uploads\/2019\/04\/Abigeato-1.jpg?fit=880%2C440&ssl=1&resize=350%2C200 1x, https:\/\/i0.wp.com\/lahoradelcampo.com.uy\/site\/wp-content\/uploads\/2019\/04\/Abigeato-1.jpg?fit=880%2C440&ssl=1&resize=525%2C300 1.5x, https:\/\/i0.wp.com\/lahoradelcampo.com.uy\/site\/wp-content\/uploads\/2019\/04\/Abigeato-1.jpg?fit=880%2C440&ssl=1&resize=700%2C400 2x"},"classes":[]},{"id":4207,"url":"https:\/\/lahoradelcampo.com.uy\/site\/por-cada-oveja-denunciada-por-abigeato-tenemos-cinco-mordidas\/","url_meta":{"origin":52274,"position":1},"title":"Por cada oveja denunciada por  abigeato tenemos cinco mordidas","author":"La Hora del Campo","date":"24 noviembre, 2017","format":false,"excerpt":"Ataques de jaur\u00edas de perros son un problema corriente en todo el territorio nacional y de una importante p\u00e9rdida de productividad y rentabilidad en el sector ovejero, el m\u00e1s golpeado por esta problem\u00e1tica aunque tambi\u00e9n se ha registrado casos de ataques a vacunos. En el vecino departamento de Paysand\u00fa, est\u00e1\u2026","rel":"","context":"En \u00abActualidad\u00bb","block_context":{"text":"Actualidad","link":"https:\/\/lahoradelcampo.com.uy\/site\/category\/actualidad\/"},"img":{"alt_text":"","src":"https:\/\/i0.wp.com\/lahoradelcampo.com.uy\/site\/wp-content\/uploads\/2017\/11\/Filliol.jpg?fit=880%2C440&ssl=1&resize=350%2C200","width":350,"height":200,"srcset":"https:\/\/i0.wp.com\/lahoradelcampo.com.uy\/site\/wp-content\/uploads\/2017\/11\/Filliol.jpg?fit=880%2C440&ssl=1&resize=350%2C200 1x, https:\/\/i0.wp.com\/lahoradelcampo.com.uy\/site\/wp-content\/uploads\/2017\/11\/Filliol.jpg?fit=880%2C440&ssl=1&resize=525%2C300 1.5x, https:\/\/i0.wp.com\/lahoradelcampo.com.uy\/site\/wp-content\/uploads\/2017\/11\/Filliol.jpg?fit=880%2C440&ssl=1&resize=700%2C400 2x"},"classes":[]},{"id":4243,"url":"https:\/\/lahoradelcampo.com.uy\/site\/sul-informo-avances-en-abigeato-y-jaurias-de-perros\/","url_meta":{"origin":52274,"position":2},"title":"SUL inform\u00f3 avances en abigeato y jaur\u00edas de perros","author":"La Hora del Campo","date":"27 noviembre, 2017","format":false,"excerpt":"En marzo de 2016 desde el Plan Estrat\u00e9gico Nacional del Rubro Ovino (PENRO) se inici\u00f3 el trabajo en generar una estrategia para abordar el abigeato y el ataque de jaur\u00edas de perros entre las organizaciones que lo integran y otras relacionadas con este tema. Es as\u00ed que durante los a\u00f1os\u2026","rel":"","context":"En \u00abActualidad\u00bb","block_context":{"text":"Actualidad","link":"https:\/\/lahoradelcampo.com.uy\/site\/category\/actualidad\/"},"img":{"alt_text":"","src":"https:\/\/i0.wp.com\/lahoradelcampo.com.uy\/site\/wp-content\/uploads\/2017\/11\/Fernanda-Maldonado.jpg?fit=880%2C440&ssl=1&resize=350%2C200","width":350,"height":200,"srcset":"https:\/\/i0.wp.com\/lahoradelcampo.com.uy\/site\/wp-content\/uploads\/2017\/11\/Fernanda-Maldonado.jpg?fit=880%2C440&ssl=1&resize=350%2C200 1x, https:\/\/i0.wp.com\/lahoradelcampo.com.uy\/site\/wp-content\/uploads\/2017\/11\/Fernanda-Maldonado.jpg?fit=880%2C440&ssl=1&resize=525%2C300 1.5x, https:\/\/i0.wp.com\/lahoradelcampo.com.uy\/site\/wp-content\/uploads\/2017\/11\/Fernanda-Maldonado.jpg?fit=880%2C440&ssl=1&resize=700%2C400 2x"},"classes":[]},{"id":11431,"url":"https:\/\/lahoradelcampo.com.uy\/site\/seguridad-rural-no-solo-de-abiegato-se-trata-lamentablemente\/","url_meta":{"origin":52274,"position":3},"title":"Seguridad rural: \u201cno solo de abiegato se trata, lamentablemente\u201d","author":"La Hora del Campo","date":"4 junio, 2019","format":false,"excerpt":"Dra. Fernanda Maldonado La problem\u00e1tica en el medio rural dej\u00f3 de ser solamente las p\u00e9rdidas que generan las jaur\u00edas de perros, los predadores naturales y el abigeato y ha venido escalando a temas como invasiones a nivel de los predios y hasta copamientos con violencia, que en los \u00faltimos a\u00f1os\u2026","rel":"","context":"En \u00abActualidad\u00bb","block_context":{"text":"Actualidad","link":"https:\/\/lahoradelcampo.com.uy\/site\/category\/actualidad\/"},"img":{"alt_text":"","src":"https:\/\/i0.wp.com\/lahoradelcampo.com.uy\/site\/wp-content\/uploads\/2019\/06\/Fernanda-Maldonado.jpg?fit=880%2C440&ssl=1&resize=350%2C200","width":350,"height":200,"srcset":"https:\/\/i0.wp.com\/lahoradelcampo.com.uy\/site\/wp-content\/uploads\/2019\/06\/Fernanda-Maldonado.jpg?fit=880%2C440&ssl=1&resize=350%2C200 1x, https:\/\/i0.wp.com\/lahoradelcampo.com.uy\/site\/wp-content\/uploads\/2019\/06\/Fernanda-Maldonado.jpg?fit=880%2C440&ssl=1&resize=525%2C300 1.5x, https:\/\/i0.wp.com\/lahoradelcampo.com.uy\/site\/wp-content\/uploads\/2019\/06\/Fernanda-Maldonado.jpg?fit=880%2C440&ssl=1&resize=700%2C400 2x"},"classes":[]},{"id":14361,"url":"https:\/\/lahoradelcampo.com.uy\/site\/rubro-ovino-abigeato-perros-un-patrullero-y-el-codigo-rural\/","url_meta":{"origin":52274,"position":4},"title":"Rubro ovino: Abigeato, perros,  un patrullero y el C\u00f3digo Rural","author":"La Hora del Campo","date":"18 septiembre, 2019","format":false,"excerpt":"Tan simple como un patrullero para recorrer la zona rural y el compromiso de los productores para coordinar con la Polic\u00eda para combatir la problem\u00e1tica del abigeato y aplicar el C\u00f3digo Rural en el caso de las jaur\u00edas de perros. Mariano Rodr\u00edguez, integrante de caba\u00f1a La Estela, de la zona\u2026","rel":"","context":"En \u00abActualidad\u00bb","block_context":{"text":"Actualidad","link":"https:\/\/lahoradelcampo.com.uy\/site\/category\/actualidad\/"},"img":{"alt_text":"","src":"https:\/\/i0.wp.com\/lahoradelcampo.com.uy\/site\/wp-content\/uploads\/2019\/09\/Mariano-rodriguez.jpg?fit=880%2C440&ssl=1&resize=350%2C200","width":350,"height":200,"srcset":"https:\/\/i0.wp.com\/lahoradelcampo.com.uy\/site\/wp-content\/uploads\/2019\/09\/Mariano-rodriguez.jpg?fit=880%2C440&ssl=1&resize=350%2C200 1x, https:\/\/i0.wp.com\/lahoradelcampo.com.uy\/site\/wp-content\/uploads\/2019\/09\/Mariano-rodriguez.jpg?fit=880%2C440&ssl=1&resize=525%2C300 1.5x, https:\/\/i0.wp.com\/lahoradelcampo.com.uy\/site\/wp-content\/uploads\/2019\/09\/Mariano-rodriguez.jpg?fit=880%2C440&ssl=1&resize=700%2C400 2x"},"classes":[]},{"id":12511,"url":"https:\/\/lahoradelcampo.com.uy\/site\/asi-como-vamos-se-termina-la-oveja-en-el-uruguay\/","url_meta":{"origin":52274,"position":5},"title":"\u00abAs\u00ed como vamos se termina  la oveja en el Uruguay\u00bb","author":"La Hora del Campo","date":"8 julio, 2019","format":false,"excerpt":"La problem\u00e1tica de las jaur\u00edas de perros y el abigeato est\u00e1n generando una honda preocupaci\u00f3n en todo el sector ovejero y principalmente en el norte del pa\u00eds, porque a pesar de los incesantes reclamos y reuniones mantenidas entre las gremiales y las autoridades, el problema contin\u00faa creciendo y sin una\u2026","rel":"","context":"En \u00abActualidad\u00bb","block_context":{"text":"Actualidad","link":"https:\/\/lahoradelcampo.com.uy\/site\/category\/actualidad\/"},"img":{"alt_text":"","src":"https:\/\/i0.wp.com\/lahoradelcampo.com.uy\/site\/wp-content\/uploads\/2019\/07\/Constantin.jpg?fit=880%2C440&ssl=1&resize=350%2C200","width":350,"height":200,"srcset":"https:\/\/i0.wp.com\/lahoradelcampo.com.uy\/site\/wp-content\/uploads\/2019\/07\/Constantin.jpg?fit=880%2C440&ssl=1&resize=350%2C200 1x, https:\/\/i0.wp.com\/lahoradelcampo.com.uy\/site\/wp-content\/uploads\/2019\/07\/Constantin.jpg?fit=880%2C440&ssl=1&resize=525%2C300 1.5x, https:\/\/i0.wp.com\/lahoradelcampo.com.uy\/site\/wp-content\/uploads\/2019\/07\/Constantin.jpg?fit=880%2C440&ssl=1&resize=700%2C400 2x"},"classes":[]}],"jetpack_likes_enabled":true,"_links":{"self":[{"href":"https:\/\/lahoradelcampo.com.uy\/site\/wp-json\/wp\/v2\/posts\/52274","targetHints":{"allow":["GET"]}}],"collection":[{"href":"https:\/\/lahoradelcampo.com.uy\/site\/wp-json\/wp\/v2\/posts"}],"about":[{"href":"https:\/\/lahoradelcampo.com.uy\/site\/wp-json\/wp\/v2\/types\/post"}],"author":[{"embeddable":true,"href":"https:\/\/lahoradelcampo.com.uy\/site\/wp-json\/wp\/v2\/users\/5"}],"replies":[{"embeddable":true,"href":"https:\/\/lahoradelcampo.com.uy\/site\/wp-json\/wp\/v2\/comments?post=52274"}],"version-history":[{"count":1,"href":"https:\/\/lahoradelcampo.com.uy\/site\/wp-json\/wp\/v2\/posts\/52274\/revisions"}],"predecessor-version":[{"id":52278,"href":"https:\/\/lahoradelcampo.com.uy\/site\/wp-json\/wp\/v2\/posts\/52274\/revisions\/52278"}],"wp:featuredmedia":[{"embeddable":true,"href":"https:\/\/lahoradelcampo.com.uy\/site\/wp-json\/wp\/v2\/media\/52276"}],"wp:attachment":[{"href":"https:\/\/lahoradelcampo.com.uy\/site\/wp-json\/wp\/v2\/media?parent=52274"}],"wp:term":[{"taxonomy":"category","embeddable":true,"href":"https:\/\/lahoradelcampo.com.uy\/site\/wp-json\/wp\/v2\/categories?post=52274"},{"taxonomy":"post_tag","embeddable":true,"href":"https:\/\/lahoradelcampo.com.uy\/site\/wp-json\/wp\/v2\/tags?post=52274"}],"curies":[{"name":"wp","href":"https:\/\/api.w.org\/{rel}","templated":true}]}}