{"id":52268,"date":"2023-08-22T06:51:33","date_gmt":"2023-08-22T09:51:33","guid":{"rendered":"http:\/\/lahoradelcampo.com.uy\/site\/?p=52268"},"modified":"2023-08-29T07:28:56","modified_gmt":"2023-08-29T10:28:56","slug":"hoy-en-inia-salto-grande-jornada-de-capacitacion-sobre-el-hlb","status":"publish","type":"post","link":"https:\/\/lahoradelcampo.com.uy\/site\/hoy-en-inia-salto-grande-jornada-de-capacitacion-sobre-el-hlb\/","title":{"rendered":"Hoy en INIA Salto Grande, jornada de capacitaci\u00f3n sobre el HLB"},"content":{"rendered":"\n<figure class=\"wp-block-image size-full\"><a href=\"https:\/\/i0.wp.com\/lahoradelcampo.com.uy\/site\/wp-content\/uploads\/2023\/08\/Mariana-Espino.jpg\"><img data-recalc-dims=\"1\" loading=\"lazy\" decoding=\"async\" width=\"810\" height=\"405\" data-attachment-id=\"52270\" data-permalink=\"https:\/\/lahoradelcampo.com.uy\/site\/hoy-en-inia-salto-grande-jornada-de-capacitacion-sobre-el-hlb\/mariana-espino\/\" data-orig-file=\"https:\/\/i0.wp.com\/lahoradelcampo.com.uy\/site\/wp-content\/uploads\/2023\/08\/Mariana-Espino.jpg?fit=880%2C440&amp;ssl=1\" data-orig-size=\"880,440\" data-comments-opened=\"1\" data-image-meta=\"{&quot;aperture&quot;:&quot;0&quot;,&quot;credit&quot;:&quot;&quot;,&quot;camera&quot;:&quot;&quot;,&quot;caption&quot;:&quot;&quot;,&quot;created_timestamp&quot;:&quot;0&quot;,&quot;copyright&quot;:&quot;&quot;,&quot;focal_length&quot;:&quot;0&quot;,&quot;iso&quot;:&quot;0&quot;,&quot;shutter_speed&quot;:&quot;0&quot;,&quot;title&quot;:&quot;&quot;,&quot;orientation&quot;:&quot;1&quot;}\" data-image-title=\"Mariana Espino\" data-image-description=\"\" data-image-caption=\"\" data-large-file=\"https:\/\/i0.wp.com\/lahoradelcampo.com.uy\/site\/wp-content\/uploads\/2023\/08\/Mariana-Espino.jpg?fit=810%2C405&amp;ssl=1\" src=\"https:\/\/i0.wp.com\/lahoradelcampo.com.uy\/site\/wp-content\/uploads\/2023\/08\/Mariana-Espino.jpg?resize=810%2C405\" alt=\"\" class=\"wp-image-52270\" srcset=\"https:\/\/i0.wp.com\/lahoradelcampo.com.uy\/site\/wp-content\/uploads\/2023\/08\/Mariana-Espino.jpg?w=880&amp;ssl=1 880w, https:\/\/i0.wp.com\/lahoradelcampo.com.uy\/site\/wp-content\/uploads\/2023\/08\/Mariana-Espino.jpg?resize=300%2C150&amp;ssl=1 300w, https:\/\/i0.wp.com\/lahoradelcampo.com.uy\/site\/wp-content\/uploads\/2023\/08\/Mariana-Espino.jpg?resize=768%2C384&amp;ssl=1 768w, https:\/\/i0.wp.com\/lahoradelcampo.com.uy\/site\/wp-content\/uploads\/2023\/08\/Mariana-Espino.jpg?resize=820%2C410&amp;ssl=1 820w\" sizes=\"auto, (max-width: 810px) 100vw, 810px\" \/><\/a><\/figure>\n\n\n\n<p>El Instituto Nacional de Investigaci\u00f3n Agropecuaria (INIA) Salto Grande, realiza en la jornada de hoy, desde la hora 9:00, una actividad de capacitaci\u00f3n sobre el \u00abManejo integrado de Diaphorina citri, vector del HLB, en quintas citr\u00edcolas\u00bb.<\/p>\n\n\n\n<p>La Ing. Agr. Mariana Espino, directora de INIA Salto Grande, dijo que la oportunidad ser\u00e1 propicia para \u00abcapacitar, ense\u00f1ar cu\u00e1les son los s\u00edntomas de la enfermedad y c\u00f3mo es la Diaphorina, \u00bfqu\u00e9 forma tiene?, \u00bfd\u00f3nde la encuentro?, \u00bfc\u00f3mo puedo observarla o encontrarla dentro de mi monte?, \u00bfen qu\u00e9 momento?. \u00bfQue control realizar? \u00bfcu\u00e1l ser\u00eda el control qu\u00edmico y cual el control biol\u00f3gico de esta enfermedad?. As\u00ed que vamos a cubrir estos cuatro aspectos que hoy son en lo que se nos va la vida\u00bb.<\/p>\n\n\n\n<p>Recordemos que de acuerdo a los datos presentados en la mesa de desarrollo de producci\u00f3n intensiva de Salto, el Ministerio de Ganader\u00eda, Agricultura y Pesca (MGAP) inform\u00f3 m\u00e1s de 50 casos entre el entorno de la ciudad de Bella Uni\u00f3n y los alrededores de la localidad de Tom\u00e1s Gomensoro en Artigas. Por lo tanto ya se realizan monitoreos en Colonia Palma, Constituci\u00f3n y Bel\u00e9n.<\/p>\n\n\n\n<p>El programa previsto para esta oportunidad establece una presentaci\u00f3n a cargo de Pablo \u00c1lvez, Ver\u00f3nica Galv\u00e1n y Jos\u00e9 Buenahora sobre el reconocimiento y monitoreo del HLB y el vector Diaphorina Citri. La segunda parte de la jornada, estar\u00e1 enfocada en el manejo integrado de la Diaphorina Citri en quintas citr\u00edcolas, que estar\u00e1 a cargo de Jos\u00e9 Buenhora de INIA y Mar\u00eda Eugenia Amor\u00f3s de la Facultad de Qu\u00edmica. Como es tradicional, al cierre de cada bloque habr\u00e1 un espacio para intercambiar preguntas y respuestas entre los productores y los t\u00e9cnicos.<\/p>\n\n\n\n<p>Espino record\u00f3 que esta enfermedad no tiene cura y que la \u00fanica respuesta es \u00abeliminar la planta enferma para que no me siga enfermanda las dem\u00e1s\u00bb. Claramente a esto se le suma el control de la Diaphorina citri, que es el vector que transmite la enfermedad.<\/p>\n\n\n\n<p>Salto, 22 de agosto de 2023<\/p>\n","protected":false},"excerpt":{"rendered":"<p>El Instituto Nacional de Investigaci\u00f3n Agropecuaria (INIA) Salto Grande, realiza en la jornada de hoy, desde la hora 9:00, una actividad de capacitaci\u00f3n sobre el \u00abManejo integrado de Diaphorina citri, [&hellip;]<\/p>\n","protected":false},"author":5,"featured_media":52270,"comment_status":"open","ping_status":"open","sticky":false,"template":"","format":"standard","meta":{"_price":"","_stock":"","_tribe_ticket_header":"","_tribe_default_ticket_provider":"","_tribe_ticket_capacity":"0","_ticket_start_date":"","_ticket_end_date":"","_tribe_ticket_show_description":"","_tribe_ticket_show_not_going":false,"_tribe_ticket_use_global_stock":"","_tribe_ticket_global_stock_level":"","_global_stock_mode":"","_global_stock_cap":"","_tribe_rsvp_for_event":"","_tribe_ticket_going_count":"","_tribe_ticket_not_going_count":"","_tribe_tickets_list":"[]","_tribe_ticket_has_attendee_info_fields":false,"h5ap_radio_sources":[],"_jetpack_newsletter_access":"","_jetpack_dont_email_post_to_subs":false,"_jetpack_newsletter_tier_id":0,"_jetpack_memberships_contains_paywalled_content":false,"_jetpack_memberships_contains_paid_content":false,"footnotes":""},"categories":[9],"tags":[],"class_list":["post-52268","post","type-post","status-publish","format-standard","has-post-thumbnail","hentry","category-granja"],"jetpack_featured_media_url":"https:\/\/i0.wp.com\/lahoradelcampo.com.uy\/site\/wp-content\/uploads\/2023\/08\/Mariana-Espino.jpg?fit=880%2C440&ssl=1","jetpack_sharing_enabled":true,"jetpack_shortlink":"https:\/\/wp.me\/p99IaT-dB2","jetpack-related-posts":[{"id":49350,"url":"https:\/\/lahoradelcampo.com.uy\/site\/inia-realiza-actividad-para-avanzar-en-el-control-del-hlb\/","url_meta":{"origin":52268,"position":0},"title":"INIA realiza actividad para avanzar en el control del HLB","author":"La Hora del Campo","date":"21 marzo, 2023","format":false,"excerpt":"Durante los d\u00edas 20 y 21 de abril, se realizar\u00e1 una jornada destacada del Instituto Nacional de Investigaci\u00f3n Agropecuaria (INIA) en sala de conferencias de la Comisi\u00f3n T\u00e9cnica Mixta de Salto Grande (CTM), para tratar la situaci\u00f3n actual del Huanglongbing (HLB) y su vector transmisor la Diaphorina citri, tanto a\u2026","rel":"","context":"En \u00abActualidad\u00bb","block_context":{"text":"Actualidad","link":"https:\/\/lahoradelcampo.com.uy\/site\/category\/actualidad\/"},"img":{"alt_text":"","src":"https:\/\/i0.wp.com\/lahoradelcampo.com.uy\/site\/wp-content\/uploads\/2023\/01\/hlb-bELLA.jpg?fit=880%2C440&ssl=1&resize=350%2C200","width":350,"height":200,"srcset":"https:\/\/i0.wp.com\/lahoradelcampo.com.uy\/site\/wp-content\/uploads\/2023\/01\/hlb-bELLA.jpg?fit=880%2C440&ssl=1&resize=350%2C200 1x, https:\/\/i0.wp.com\/lahoradelcampo.com.uy\/site\/wp-content\/uploads\/2023\/01\/hlb-bELLA.jpg?fit=880%2C440&ssl=1&resize=525%2C300 1.5x, https:\/\/i0.wp.com\/lahoradelcampo.com.uy\/site\/wp-content\/uploads\/2023\/01\/hlb-bELLA.jpg?fit=880%2C440&ssl=1&resize=700%2C400 2x"},"classes":[]},{"id":50174,"url":"https:\/\/lahoradelcampo.com.uy\/site\/hlb-una-enfermedad-que-requiere-el-esfuerzo-conjunto-de-todos-los-actores-involucrados\/","url_meta":{"origin":52268,"position":1},"title":"HLB: Una enfermedad que requiere el esfuerzo conjunto de todos los actores involucrados","author":"La Hora del Campo","date":"24 abril, 2023","format":false,"excerpt":"El Huanglongbing (HLB) es una enfermedad que afecta a los c\u00edtricos, causada por una bacteria que se transmite a trav\u00e9s de la picadura de la Diaphorina citri, un insecto conocido como el ps\u00edlido asi\u00e1tico de los c\u00edtricos. En Uruguay, se han adoptado una serie de medidas para controlar el ingreso\u2026","rel":"","context":"En \u00abActualidad\u00bb","block_context":{"text":"Actualidad","link":"https:\/\/lahoradelcampo.com.uy\/site\/category\/actualidad\/"},"img":{"alt_text":"","src":"https:\/\/i0.wp.com\/lahoradelcampo.com.uy\/site\/wp-content\/uploads\/2023\/04\/INIA-HLBJornada.jpg?fit=880%2C440&ssl=1&resize=350%2C200","width":350,"height":200,"srcset":"https:\/\/i0.wp.com\/lahoradelcampo.com.uy\/site\/wp-content\/uploads\/2023\/04\/INIA-HLBJornada.jpg?fit=880%2C440&ssl=1&resize=350%2C200 1x, https:\/\/i0.wp.com\/lahoradelcampo.com.uy\/site\/wp-content\/uploads\/2023\/04\/INIA-HLBJornada.jpg?fit=880%2C440&ssl=1&resize=525%2C300 1.5x, https:\/\/i0.wp.com\/lahoradelcampo.com.uy\/site\/wp-content\/uploads\/2023\/04\/INIA-HLBJornada.jpg?fit=880%2C440&ssl=1&resize=700%2C400 2x"},"classes":[]},{"id":43755,"url":"https:\/\/lahoradelcampo.com.uy\/site\/la-dgsa-realiza-relevamiento-de-diaphorina-citri-en-el-norte\/","url_meta":{"origin":52268,"position":2},"title":"La DGSA realiza relevamiento de Diaphorina Citri en el norte","author":"La Hora del Campo","date":"13 julio, 2022","format":false,"excerpt":"T\u00e9cnicos de la Direcci\u00f3n General de los Servicios Agr\u00edcolas (DGSA) del Ministerio de Ganader\u00eda, Agricultura y Pesca (MGAP) realizar\u00e1n en la jornada de hoy recolecci\u00f3n de muestras de la posible presencia del vector Diaphorina Citri, que recordemos es el transmisor del Huanglongbing (HLB) en caso que la enfermedad de los\u2026","rel":"","context":"En \u00abActualidad\u00bb","block_context":{"text":"Actualidad","link":"https:\/\/lahoradelcampo.com.uy\/site\/category\/actualidad\/"},"img":{"alt_text":"","src":"https:\/\/i0.wp.com\/lahoradelcampo.com.uy\/site\/wp-content\/uploads\/2022\/07\/Hlb-control.jpg?fit=880%2C440&ssl=1&resize=350%2C200","width":350,"height":200,"srcset":"https:\/\/i0.wp.com\/lahoradelcampo.com.uy\/site\/wp-content\/uploads\/2022\/07\/Hlb-control.jpg?fit=880%2C440&ssl=1&resize=350%2C200 1x, https:\/\/i0.wp.com\/lahoradelcampo.com.uy\/site\/wp-content\/uploads\/2022\/07\/Hlb-control.jpg?fit=880%2C440&ssl=1&resize=525%2C300 1.5x, https:\/\/i0.wp.com\/lahoradelcampo.com.uy\/site\/wp-content\/uploads\/2022\/07\/Hlb-control.jpg?fit=880%2C440&ssl=1&resize=700%2C400 2x"},"classes":[]},{"id":25228,"url":"https:\/\/lahoradelcampo.com.uy\/site\/inia-junto-a-instituciones-de-la-region-trabaja-en-el-control-del-vector-transmisor-del-hlb\/","url_meta":{"origin":52268,"position":3},"title":"INIA junto a instituciones de la regi\u00f3n trabajan en el control del vector transmisor del HLB","author":"La Hora del Campo","date":"3 noviembre, 2020","format":false,"excerpt":"El HLB es una enfermedad que en pocos meses termina con la productividad de la planta citricola","rel":"","context":"En \u00abActualidad\u00bb","block_context":{"text":"Actualidad","link":"https:\/\/lahoradelcampo.com.uy\/site\/category\/actualidad\/"},"img":{"alt_text":"","src":"https:\/\/i0.wp.com\/lahoradelcampo.com.uy\/site\/wp-content\/uploads\/2020\/11\/josebuenahora.jpg?fit=880%2C440&ssl=1&resize=350%2C200","width":350,"height":200,"srcset":"https:\/\/i0.wp.com\/lahoradelcampo.com.uy\/site\/wp-content\/uploads\/2020\/11\/josebuenahora.jpg?fit=880%2C440&ssl=1&resize=350%2C200 1x, https:\/\/i0.wp.com\/lahoradelcampo.com.uy\/site\/wp-content\/uploads\/2020\/11\/josebuenahora.jpg?fit=880%2C440&ssl=1&resize=525%2C300 1.5x, https:\/\/i0.wp.com\/lahoradelcampo.com.uy\/site\/wp-content\/uploads\/2020\/11\/josebuenahora.jpg?fit=880%2C440&ssl=1&resize=700%2C400 2x"},"classes":[]},{"id":25496,"url":"https:\/\/lahoradelcampo.com.uy\/site\/diaphorina-citri-por-que-es-tan-importante-combatir-una-plaga-que-se-consideraba-secundaria-en-uruguay\/","url_meta":{"origin":52268,"position":4},"title":"Diaphorina Citri: \u00bfPor qu\u00e9 es tan importante combatir una plaga que se consideraba secundaria en Uruguay?","author":"La Hora del Campo","date":"13 noviembre, 2020","format":false,"excerpt":"La Diaphorina Citri fue reportada en Uruguay en el a\u00f1o 1991 por primera vez por parte del Ing. Agr. Roberto Bernal y desde all\u00ed ha sido considerada por las autoridades como un plaga secundaria, sin un alto impacto en la producci\u00f3n hasta el a\u00f1o 2004 cuando se determin\u00f3 que este\u2026","rel":"","context":"En \u00abActualidad\u00bb","block_context":{"text":"Actualidad","link":"https:\/\/lahoradelcampo.com.uy\/site\/category\/actualidad\/"},"img":{"alt_text":"","src":"https:\/\/i0.wp.com\/lahoradelcampo.com.uy\/site\/wp-content\/uploads\/2020\/11\/diaphorina-citri-1.jpg?fit=1000%2C667&ssl=1&resize=350%2C200","width":350,"height":200,"srcset":"https:\/\/i0.wp.com\/lahoradelcampo.com.uy\/site\/wp-content\/uploads\/2020\/11\/diaphorina-citri-1.jpg?fit=1000%2C667&ssl=1&resize=350%2C200 1x, https:\/\/i0.wp.com\/lahoradelcampo.com.uy\/site\/wp-content\/uploads\/2020\/11\/diaphorina-citri-1.jpg?fit=1000%2C667&ssl=1&resize=525%2C300 1.5x, https:\/\/i0.wp.com\/lahoradelcampo.com.uy\/site\/wp-content\/uploads\/2020\/11\/diaphorina-citri-1.jpg?fit=1000%2C667&ssl=1&resize=700%2C400 2x"},"classes":[]},{"id":46621,"url":"https:\/\/lahoradelcampo.com.uy\/site\/hlb-uruguay-es-muy-chico-no-nos-salvariamos-nadie\/","url_meta":{"origin":52268,"position":5},"title":"HLB: \u00abUruguay es muy chico,  no nos salvar\u00edamos nadie\u00bb","author":"La Hora del Campo","date":"28 octubre, 2022","format":false,"excerpt":"Recientemente se realiz\u00f3 en Salto, en el predio de la familia Valiente, una jornada sobre el HLB (Huanglongbing o greening), enfermedad de los c\u00edtricos que actualmente se mantiene fuera de las fronteras de nuestro pa\u00eds. La actividad se desarroll\u00f3 por parte del Instituto Nacional de Investigaci\u00f3n Agropecuaria (INIA) en el\u2026","rel":"","context":"En \u00abActualidad\u00bb","block_context":{"text":"Actualidad","link":"https:\/\/lahoradelcampo.com.uy\/site\/category\/actualidad\/"},"img":{"alt_text":"","src":"https:\/\/i0.wp.com\/lahoradelcampo.com.uy\/site\/wp-content\/uploads\/2022\/10\/HLB-INIA.jpg?fit=880%2C440&ssl=1&resize=350%2C200","width":350,"height":200,"srcset":"https:\/\/i0.wp.com\/lahoradelcampo.com.uy\/site\/wp-content\/uploads\/2022\/10\/HLB-INIA.jpg?fit=880%2C440&ssl=1&resize=350%2C200 1x, https:\/\/i0.wp.com\/lahoradelcampo.com.uy\/site\/wp-content\/uploads\/2022\/10\/HLB-INIA.jpg?fit=880%2C440&ssl=1&resize=525%2C300 1.5x, https:\/\/i0.wp.com\/lahoradelcampo.com.uy\/site\/wp-content\/uploads\/2022\/10\/HLB-INIA.jpg?fit=880%2C440&ssl=1&resize=700%2C400 2x"},"classes":[]}],"jetpack_likes_enabled":true,"_links":{"self":[{"href":"https:\/\/lahoradelcampo.com.uy\/site\/wp-json\/wp\/v2\/posts\/52268","targetHints":{"allow":["GET"]}}],"collection":[{"href":"https:\/\/lahoradelcampo.com.uy\/site\/wp-json\/wp\/v2\/posts"}],"about":[{"href":"https:\/\/lahoradelcampo.com.uy\/site\/wp-json\/wp\/v2\/types\/post"}],"author":[{"embeddable":true,"href":"https:\/\/lahoradelcampo.com.uy\/site\/wp-json\/wp\/v2\/users\/5"}],"replies":[{"embeddable":true,"href":"https:\/\/lahoradelcampo.com.uy\/site\/wp-json\/wp\/v2\/comments?post=52268"}],"version-history":[{"count":1,"href":"https:\/\/lahoradelcampo.com.uy\/site\/wp-json\/wp\/v2\/posts\/52268\/revisions"}],"predecessor-version":[{"id":52272,"href":"https:\/\/lahoradelcampo.com.uy\/site\/wp-json\/wp\/v2\/posts\/52268\/revisions\/52272"}],"wp:featuredmedia":[{"embeddable":true,"href":"https:\/\/lahoradelcampo.com.uy\/site\/wp-json\/wp\/v2\/media\/52270"}],"wp:attachment":[{"href":"https:\/\/lahoradelcampo.com.uy\/site\/wp-json\/wp\/v2\/media?parent=52268"}],"wp:term":[{"taxonomy":"category","embeddable":true,"href":"https:\/\/lahoradelcampo.com.uy\/site\/wp-json\/wp\/v2\/categories?post=52268"},{"taxonomy":"post_tag","embeddable":true,"href":"https:\/\/lahoradelcampo.com.uy\/site\/wp-json\/wp\/v2\/tags?post=52268"}],"curies":[{"name":"wp","href":"https:\/\/api.w.org\/{rel}","templated":true}]}}