{"id":52262,"date":"2023-08-22T06:45:09","date_gmt":"2023-08-22T09:45:09","guid":{"rendered":"http:\/\/lahoradelcampo.com.uy\/site\/?p=52262"},"modified":"2023-08-22T06:45:43","modified_gmt":"2023-08-22T09:45:43","slug":"se-llevan-exportados-103-310-vacunos-en-pie","status":"publish","type":"post","link":"https:\/\/lahoradelcampo.com.uy\/site\/se-llevan-exportados-103-310-vacunos-en-pie\/","title":{"rendered":"Se llevan exportados 103.310 vacunos en pie"},"content":{"rendered":"\n<figure class=\"wp-block-image size-full\"><a href=\"https:\/\/i0.wp.com\/lahoradelcampo.com.uy\/site\/wp-content\/uploads\/2023\/08\/Exportacionenpie1.jpg\"><img data-recalc-dims=\"1\" loading=\"lazy\" decoding=\"async\" width=\"810\" height=\"405\" data-attachment-id=\"52264\" data-permalink=\"https:\/\/lahoradelcampo.com.uy\/site\/se-llevan-exportados-103-310-vacunos-en-pie\/exportacionenpie1\/\" data-orig-file=\"https:\/\/i0.wp.com\/lahoradelcampo.com.uy\/site\/wp-content\/uploads\/2023\/08\/Exportacionenpie1.jpg?fit=880%2C440&amp;ssl=1\" data-orig-size=\"880,440\" data-comments-opened=\"1\" data-image-meta=\"{&quot;aperture&quot;:&quot;0&quot;,&quot;credit&quot;:&quot;&quot;,&quot;camera&quot;:&quot;&quot;,&quot;caption&quot;:&quot;&quot;,&quot;created_timestamp&quot;:&quot;0&quot;,&quot;copyright&quot;:&quot;&quot;,&quot;focal_length&quot;:&quot;0&quot;,&quot;iso&quot;:&quot;0&quot;,&quot;shutter_speed&quot;:&quot;0&quot;,&quot;title&quot;:&quot;&quot;,&quot;orientation&quot;:&quot;1&quot;}\" data-image-title=\"Exportaci\u00f3nenpie1\" data-image-description=\"\" data-image-caption=\"\" data-large-file=\"https:\/\/i0.wp.com\/lahoradelcampo.com.uy\/site\/wp-content\/uploads\/2023\/08\/Exportacionenpie1.jpg?fit=810%2C405&amp;ssl=1\" src=\"https:\/\/i0.wp.com\/lahoradelcampo.com.uy\/site\/wp-content\/uploads\/2023\/08\/Exportacionenpie1.jpg?resize=810%2C405\" alt=\"\" class=\"wp-image-52264\" srcset=\"https:\/\/i0.wp.com\/lahoradelcampo.com.uy\/site\/wp-content\/uploads\/2023\/08\/Exportacionenpie1.jpg?w=880&amp;ssl=1 880w, https:\/\/i0.wp.com\/lahoradelcampo.com.uy\/site\/wp-content\/uploads\/2023\/08\/Exportacionenpie1.jpg?resize=300%2C150&amp;ssl=1 300w, https:\/\/i0.wp.com\/lahoradelcampo.com.uy\/site\/wp-content\/uploads\/2023\/08\/Exportacionenpie1.jpg?resize=768%2C384&amp;ssl=1 768w, https:\/\/i0.wp.com\/lahoradelcampo.com.uy\/site\/wp-content\/uploads\/2023\/08\/Exportacionenpie1.jpg?resize=820%2C410&amp;ssl=1 820w\" sizes=\"auto, (max-width: 810px) 100vw, 810px\" \/><\/a><\/figure>\n\n\n\n<p>De acuerdo a los datos publicados por el Instituto Nacional de Carnes (INAC), a julio de 2023, se llevaban exportados 103.310 cabezas de vacunos en pie. Este total es un 106,8% superior a igual per\u00edodo del a\u00f1o pasado, sin embargo es inferior al registrado en 2021.<\/p>\n\n\n\n<p>Como destinos, en este a\u00f1o, Turqu\u00eda y Marruecos concentran el 96% del total. Turquia con el 85% y Marruecos con el 11%. De esta manera Turqu\u00eda vuelve a tomar un lugar de preponderancia frente a otros destinos, luego de haber ca\u00eddo a un 11,5% en 2022. Marruecos se presenta como una opci\u00f3n diferencial a los \u00faltimos tres a\u00f1os.<\/p>\n\n\n\n<p>Recordemos que en 2022, China era el principal destino, con el 52% de las compras de animales en pie, sin embargo este a\u00f1o ha ca\u00eddo a menos del 4%. El otro pa\u00eds que no registra compras este a\u00f1o, por lo menos hasta el momento, es Egipto, que el a\u00f1o pasado hab\u00eda adquirido el 36% de lo exportado.<\/p>\n\n\n\n<p>A modo de referencia,el 100% de los animales exportados son machos, donde el 19% son terneros.<\/p>\n\n\n\n<p>Salto, 22 de agosto de 2023<\/p>\n","protected":false},"excerpt":{"rendered":"<p>De acuerdo a los datos publicados por el Instituto Nacional de Carnes (INAC), a julio de 2023, se llevaban exportados 103.310 cabezas de vacunos en pie. Este total es un [&hellip;]<\/p>\n","protected":false},"author":5,"featured_media":52264,"comment_status":"open","ping_status":"open","sticky":false,"template":"","format":"standard","meta":{"_price":"","_stock":"","_tribe_ticket_header":"","_tribe_default_ticket_provider":"","_tribe_ticket_capacity":"0","_ticket_start_date":"","_ticket_end_date":"","_tribe_ticket_show_description":"","_tribe_ticket_show_not_going":false,"_tribe_ticket_use_global_stock":"","_tribe_ticket_global_stock_level":"","_global_stock_mode":"","_global_stock_cap":"","_tribe_rsvp_for_event":"","_tribe_ticket_going_count":"","_tribe_ticket_not_going_count":"","_tribe_tickets_list":"[]","_tribe_ticket_has_attendee_info_fields":false,"h5ap_radio_sources":[],"_jetpack_newsletter_access":"","_jetpack_dont_email_post_to_subs":false,"_jetpack_newsletter_tier_id":0,"_jetpack_memberships_contains_paywalled_content":false,"_jetpack_memberships_contains_paid_content":false,"footnotes":""},"categories":[21,5],"tags":[],"class_list":["post-52262","post","type-post","status-publish","format-standard","has-post-thumbnail","hentry","category-actualidad","category-ganaderia"],"jetpack_featured_media_url":"https:\/\/i0.wp.com\/lahoradelcampo.com.uy\/site\/wp-content\/uploads\/2023\/08\/Exportacionenpie1.jpg?fit=880%2C440&ssl=1","jetpack_sharing_enabled":true,"jetpack_shortlink":"https:\/\/wp.me\/p99IaT-dAW","jetpack-related-posts":[{"id":6905,"url":"https:\/\/lahoradelcampo.com.uy\/site\/turquia-adquiere-mas-del-95-de-los-terneros-en-pie-de-uruguay\/","url_meta":{"origin":52262,"position":0},"title":"Turqu\u00eda adquiere m\u00e1s del 95% de los terneros en pie de Uruguay","author":"La Hora del Campo","date":"8 mayo, 2018","format":false,"excerpt":"En los primeros cuatro meses del 2018 se lleva exportado un total de 84.752 bovinos en pie, seg\u00fan los datos aportados mensualmente por el Ministerio de Ganader\u00eda, Agricultura y Pesca. Dentro de este total el 95,7% corresponde a terneros, en tanto que el 4,3% es un embarque de terneras en\u2026","rel":"","context":"En \u00abActualidad\u00bb","block_context":{"text":"Actualidad","link":"https:\/\/lahoradelcampo.com.uy\/site\/category\/actualidad\/"},"img":{"alt_text":"","src":"https:\/\/i0.wp.com\/lahoradelcampo.com.uy\/site\/wp-content\/uploads\/2018\/05\/exportacion.jpg?fit=880%2C440&ssl=1&resize=350%2C200","width":350,"height":200,"srcset":"https:\/\/i0.wp.com\/lahoradelcampo.com.uy\/site\/wp-content\/uploads\/2018\/05\/exportacion.jpg?fit=880%2C440&ssl=1&resize=350%2C200 1x, https:\/\/i0.wp.com\/lahoradelcampo.com.uy\/site\/wp-content\/uploads\/2018\/05\/exportacion.jpg?fit=880%2C440&ssl=1&resize=525%2C300 1.5x, https:\/\/i0.wp.com\/lahoradelcampo.com.uy\/site\/wp-content\/uploads\/2018\/05\/exportacion.jpg?fit=880%2C440&ssl=1&resize=700%2C400 2x"},"classes":[]},{"id":50164,"url":"https:\/\/lahoradelcampo.com.uy\/site\/exportaciones-de-ganado-en-pie-cayeron-un-70-durante-2022\/","url_meta":{"origin":52262,"position":1},"title":"Exportaciones de ganado en pie cayeron un 70% durante 2022","author":"La Hora del Campo","date":"24 abril, 2023","format":false,"excerpt":"El Instituto Nacional de Carnes (INAC) ha presentado su anuario estad\u00edstico 2022, en el cual se analizan diversos aspectos del sector c\u00e1rnico en el mercado interno y externo. Uno de los puntos que se destacan en el informe es la exportaci\u00f3n de ganado en pie, la cual ha presentado una\u2026","rel":"","context":"En \u00abActualidad\u00bb","block_context":{"text":"Actualidad","link":"https:\/\/lahoradelcampo.com.uy\/site\/category\/actualidad\/"},"img":{"alt_text":"","src":"https:\/\/i0.wp.com\/lahoradelcampo.com.uy\/site\/wp-content\/uploads\/2023\/04\/INAC-Exportacionenpie.jpg?fit=880%2C440&ssl=1&resize=350%2C200","width":350,"height":200,"srcset":"https:\/\/i0.wp.com\/lahoradelcampo.com.uy\/site\/wp-content\/uploads\/2023\/04\/INAC-Exportacionenpie.jpg?fit=880%2C440&ssl=1&resize=350%2C200 1x, https:\/\/i0.wp.com\/lahoradelcampo.com.uy\/site\/wp-content\/uploads\/2023\/04\/INAC-Exportacionenpie.jpg?fit=880%2C440&ssl=1&resize=525%2C300 1.5x, https:\/\/i0.wp.com\/lahoradelcampo.com.uy\/site\/wp-content\/uploads\/2023\/04\/INAC-Exportacionenpie.jpg?fit=880%2C440&ssl=1&resize=700%2C400 2x"},"classes":[]},{"id":5739,"url":"https:\/\/lahoradelcampo.com.uy\/site\/juez-suspendio-la-exportacion-de-vacunos-en-pie-en-brasil\/","url_meta":{"origin":52262,"position":2},"title":"Juez suspendi\u00f3 la exportaci\u00f3n de vacunos en pie en Brasil","author":"La Hora del Campo","date":"4 febrero, 2018","format":false,"excerpt":"La empresa Minerva Foods, principal empresa exportadora de ganado en pie de Brasil, se encuentra con un barco cargado con 27.000 animales para ser exportados en pie a Turqu\u00eda en el puerto de Santos, que actualmente tiene orden judicial de ser desembarcado el total de los animales hasta que el\u2026","rel":"","context":"En \u00abActualidad\u00bb","block_context":{"text":"Actualidad","link":"https:\/\/lahoradelcampo.com.uy\/site\/category\/actualidad\/"},"img":{"alt_text":"","src":"https:\/\/i0.wp.com\/lahoradelcampo.com.uy\/site\/wp-content\/uploads\/2018\/02\/Exportacion-en-pie-Brasil.jpg?fit=880%2C440&ssl=1&resize=350%2C200","width":350,"height":200,"srcset":"https:\/\/i0.wp.com\/lahoradelcampo.com.uy\/site\/wp-content\/uploads\/2018\/02\/Exportacion-en-pie-Brasil.jpg?fit=880%2C440&ssl=1&resize=350%2C200 1x, https:\/\/i0.wp.com\/lahoradelcampo.com.uy\/site\/wp-content\/uploads\/2018\/02\/Exportacion-en-pie-Brasil.jpg?fit=880%2C440&ssl=1&resize=525%2C300 1.5x, https:\/\/i0.wp.com\/lahoradelcampo.com.uy\/site\/wp-content\/uploads\/2018\/02\/Exportacion-en-pie-Brasil.jpg?fit=880%2C440&ssl=1&resize=700%2C400 2x"},"classes":[]},{"id":23312,"url":"https:\/\/lahoradelcampo.com.uy\/site\/brasil-exportara-en-los-proximos-dias-20-mil-vacunos-a-turquia\/","url_meta":{"origin":52262,"position":3},"title":"Brasil exportar\u00e1 en los pr\u00f3ximos d\u00edas 20 mil vacunos a Turqu\u00eda","author":"La Hora del Campo","date":"7 septiembre, 2020","format":false,"excerpt":"El puerto de R\u00edo Grande del Sur se prepara para embarcar 24 mil vacunos vivos con destino a Turqu\u00eda y el L\u00edbano, en un mismo barco. Hac\u00eda Turqu\u00eda partir\u00e1n 20 mil cabezas en tanto que para el L\u00edbano se embarcar\u00e1n 4.000. El embarque ser\u00e1 de animales de 12 a 18\u2026","rel":"","context":"En \u00abActualidad\u00bb","block_context":{"text":"Actualidad","link":"https:\/\/lahoradelcampo.com.uy\/site\/category\/actualidad\/"},"img":{"alt_text":"","src":"https:\/\/i0.wp.com\/lahoradelcampo.com.uy\/site\/wp-content\/uploads\/2018\/02\/Exportacion-en-pie-Brasil.jpg?fit=880%2C440&ssl=1&resize=350%2C200","width":350,"height":200,"srcset":"https:\/\/i0.wp.com\/lahoradelcampo.com.uy\/site\/wp-content\/uploads\/2018\/02\/Exportacion-en-pie-Brasil.jpg?fit=880%2C440&ssl=1&resize=350%2C200 1x, https:\/\/i0.wp.com\/lahoradelcampo.com.uy\/site\/wp-content\/uploads\/2018\/02\/Exportacion-en-pie-Brasil.jpg?fit=880%2C440&ssl=1&resize=525%2C300 1.5x, https:\/\/i0.wp.com\/lahoradelcampo.com.uy\/site\/wp-content\/uploads\/2018\/02\/Exportacion-en-pie-Brasil.jpg?fit=880%2C440&ssl=1&resize=700%2C400 2x"},"classes":[]},{"id":35971,"url":"https:\/\/lahoradelcampo.com.uy\/site\/exportacion-en-pie-sera-la-mas-numerosa-desde-2018\/","url_meta":{"origin":52262,"position":4},"title":"Exportaci\u00f3n en pie ser\u00e1 la m\u00e1s numerosa desde 2018","author":"La Hora del Campo","date":"27 octubre, 2021","format":false,"excerpt":"El crecimiento de la exportaci\u00f3n de terneras y vaquillonas a China ha hecho crecer la exportaci\u00f3n de vacunos en pie este a\u00f1o, que ser\u00e1 el de mayores env\u00edos al exterior desde los picos de 2018. Contrariamente a los a\u00f1os anteriores, en los que depend\u00eda \u00fanicamente de la demanda de Turqu\u00eda\u2026","rel":"","context":"En \u00abActualidad\u00bb","block_context":{"text":"Actualidad","link":"https:\/\/lahoradelcampo.com.uy\/site\/category\/actualidad\/"},"img":{"alt_text":"","src":"https:\/\/i0.wp.com\/lahoradelcampo.com.uy\/site\/wp-content\/uploads\/2017\/12\/exportacion-en-pie.jpg?fit=880%2C440&ssl=1&resize=350%2C200","width":350,"height":200,"srcset":"https:\/\/i0.wp.com\/lahoradelcampo.com.uy\/site\/wp-content\/uploads\/2017\/12\/exportacion-en-pie.jpg?fit=880%2C440&ssl=1&resize=350%2C200 1x, https:\/\/i0.wp.com\/lahoradelcampo.com.uy\/site\/wp-content\/uploads\/2017\/12\/exportacion-en-pie.jpg?fit=880%2C440&ssl=1&resize=525%2C300 1.5x, https:\/\/i0.wp.com\/lahoradelcampo.com.uy\/site\/wp-content\/uploads\/2017\/12\/exportacion-en-pie.jpg?fit=880%2C440&ssl=1&resize=700%2C400 2x"},"classes":[]},{"id":26490,"url":"https:\/\/lahoradelcampo.com.uy\/site\/exportaciones-en-pie-caen-a-1176-mil-cabezas\/","url_meta":{"origin":52262,"position":5},"title":"Exportaciones en pie caen a 117,6 mil cabezas","author":"La Hora del Campo","date":"31 diciembre, 2020","format":false,"excerpt":"Tomando como v\u00e1lidos los datos de solicitudes de exportaci\u00f3n que informa Aduanas para diciembre, Uruguay habr\u00e1 embarcado 117,6 mil cabezas de ganado vivo en 2020, con un ajuste a la baja de 20 mil cabezas respecto a 2019 pero consolidando el fuerte descenso de esta corriente comercial si se tienen\u2026","rel":"","context":"En \u00abActualidad\u00bb","block_context":{"text":"Actualidad","link":"https:\/\/lahoradelcampo.com.uy\/site\/category\/actualidad\/"},"img":{"alt_text":"","src":"https:\/\/i0.wp.com\/lahoradelcampo.com.uy\/site\/wp-content\/uploads\/2017\/12\/exportacion-en-pie.jpg?fit=880%2C440&ssl=1&resize=350%2C200","width":350,"height":200,"srcset":"https:\/\/i0.wp.com\/lahoradelcampo.com.uy\/site\/wp-content\/uploads\/2017\/12\/exportacion-en-pie.jpg?fit=880%2C440&ssl=1&resize=350%2C200 1x, https:\/\/i0.wp.com\/lahoradelcampo.com.uy\/site\/wp-content\/uploads\/2017\/12\/exportacion-en-pie.jpg?fit=880%2C440&ssl=1&resize=525%2C300 1.5x, https:\/\/i0.wp.com\/lahoradelcampo.com.uy\/site\/wp-content\/uploads\/2017\/12\/exportacion-en-pie.jpg?fit=880%2C440&ssl=1&resize=700%2C400 2x"},"classes":[]}],"jetpack_likes_enabled":true,"_links":{"self":[{"href":"https:\/\/lahoradelcampo.com.uy\/site\/wp-json\/wp\/v2\/posts\/52262","targetHints":{"allow":["GET"]}}],"collection":[{"href":"https:\/\/lahoradelcampo.com.uy\/site\/wp-json\/wp\/v2\/posts"}],"about":[{"href":"https:\/\/lahoradelcampo.com.uy\/site\/wp-json\/wp\/v2\/types\/post"}],"author":[{"embeddable":true,"href":"https:\/\/lahoradelcampo.com.uy\/site\/wp-json\/wp\/v2\/users\/5"}],"replies":[{"embeddable":true,"href":"https:\/\/lahoradelcampo.com.uy\/site\/wp-json\/wp\/v2\/comments?post=52262"}],"version-history":[{"count":1,"href":"https:\/\/lahoradelcampo.com.uy\/site\/wp-json\/wp\/v2\/posts\/52262\/revisions"}],"predecessor-version":[{"id":52266,"href":"https:\/\/lahoradelcampo.com.uy\/site\/wp-json\/wp\/v2\/posts\/52262\/revisions\/52266"}],"wp:featuredmedia":[{"embeddable":true,"href":"https:\/\/lahoradelcampo.com.uy\/site\/wp-json\/wp\/v2\/media\/52264"}],"wp:attachment":[{"href":"https:\/\/lahoradelcampo.com.uy\/site\/wp-json\/wp\/v2\/media?parent=52262"}],"wp:term":[{"taxonomy":"category","embeddable":true,"href":"https:\/\/lahoradelcampo.com.uy\/site\/wp-json\/wp\/v2\/categories?post=52262"},{"taxonomy":"post_tag","embeddable":true,"href":"https:\/\/lahoradelcampo.com.uy\/site\/wp-json\/wp\/v2\/tags?post=52262"}],"curies":[{"name":"wp","href":"https:\/\/api.w.org\/{rel}","templated":true}]}}