{"id":52254,"date":"2023-08-21T14:14:59","date_gmt":"2023-08-21T17:14:59","guid":{"rendered":"http:\/\/lahoradelcampo.com.uy\/site\/?p=52254"},"modified":"2023-08-21T14:15:29","modified_gmt":"2023-08-21T17:15:29","slug":"remate-con-lluvia-no-fallaplaza-rural-fue-un-rematazo","status":"publish","type":"post","link":"https:\/\/lahoradelcampo.com.uy\/site\/remate-con-lluvia-no-fallaplaza-rural-fue-un-rematazo\/","title":{"rendered":"Remate con lluvia no falla:\u00bbPlaza Rural fue un rematazo\u00bb"},"content":{"rendered":"\n<figure class=\"wp-block-image size-full\"><a href=\"https:\/\/i0.wp.com\/lahoradelcampo.com.uy\/site\/wp-content\/uploads\/2023\/08\/Francisco-Canepa-Plaza-Rural.jpg\"><img data-recalc-dims=\"1\" loading=\"lazy\" decoding=\"async\" width=\"810\" height=\"405\" data-attachment-id=\"52258\" data-permalink=\"https:\/\/lahoradelcampo.com.uy\/site\/remate-con-lluvia-no-fallaplaza-rural-fue-un-rematazo\/francisco-canepa-plaza-rural\/\" data-orig-file=\"https:\/\/i0.wp.com\/lahoradelcampo.com.uy\/site\/wp-content\/uploads\/2023\/08\/Francisco-Canepa-Plaza-Rural.jpg?fit=880%2C440&amp;ssl=1\" data-orig-size=\"880,440\" data-comments-opened=\"1\" data-image-meta=\"{&quot;aperture&quot;:&quot;0&quot;,&quot;credit&quot;:&quot;&quot;,&quot;camera&quot;:&quot;&quot;,&quot;caption&quot;:&quot;&quot;,&quot;created_timestamp&quot;:&quot;0&quot;,&quot;copyright&quot;:&quot;&quot;,&quot;focal_length&quot;:&quot;0&quot;,&quot;iso&quot;:&quot;0&quot;,&quot;shutter_speed&quot;:&quot;0&quot;,&quot;title&quot;:&quot;&quot;,&quot;orientation&quot;:&quot;1&quot;}\" data-image-title=\"Francisco Canepa &amp;#8211; Plaza Rural\" data-image-description=\"\" data-image-caption=\"\" data-large-file=\"https:\/\/i0.wp.com\/lahoradelcampo.com.uy\/site\/wp-content\/uploads\/2023\/08\/Francisco-Canepa-Plaza-Rural.jpg?fit=810%2C405&amp;ssl=1\" src=\"https:\/\/i0.wp.com\/lahoradelcampo.com.uy\/site\/wp-content\/uploads\/2023\/08\/Francisco-Canepa-Plaza-Rural.jpg?resize=810%2C405\" alt=\"\" class=\"wp-image-52258\" srcset=\"https:\/\/i0.wp.com\/lahoradelcampo.com.uy\/site\/wp-content\/uploads\/2023\/08\/Francisco-Canepa-Plaza-Rural.jpg?w=880&amp;ssl=1 880w, https:\/\/i0.wp.com\/lahoradelcampo.com.uy\/site\/wp-content\/uploads\/2023\/08\/Francisco-Canepa-Plaza-Rural.jpg?resize=300%2C150&amp;ssl=1 300w, https:\/\/i0.wp.com\/lahoradelcampo.com.uy\/site\/wp-content\/uploads\/2023\/08\/Francisco-Canepa-Plaza-Rural.jpg?resize=768%2C384&amp;ssl=1 768w, https:\/\/i0.wp.com\/lahoradelcampo.com.uy\/site\/wp-content\/uploads\/2023\/08\/Francisco-Canepa-Plaza-Rural.jpg?resize=820%2C410&amp;ssl=1 820w\" sizes=\"auto, (max-width: 810px) 100vw, 810px\" \/><\/a><\/figure>\n\n\n\n<p>Plaza Rural llev\u00f3 adelante el remate 272, los d\u00edas jueves y viernes, con 15.559 vacunos comercializados (90% de la oferta), pero lo m\u00e1s destacado fue el alto nivel de colocaci\u00f3n principalmente en el segundo d\u00eda de ventas. El martillero Francisco Anselmo C\u00e1nepa, principal del escritorio Ruben F. C\u00e1nepa, dijo \u00abla verdad que da gusto catalogarlo como rematazo\u00bb, y destac\u00f3 el 100% de colocaci\u00f3n que tuv\u00f3 la firma. \u00abSin duda que volvi\u00f3 la vieja frase de que \u00ab.<\/p>\n\n\n\n<p>Durante la primera jornada donde se comercializa el ganado de invernada, C\u00e1nepa dijo que fue \u00abbrillante\u00bb. En este sentido destac\u00f3 el promedio los terneros de US$ 502 al bulto, \u00abcosa que no es menor\u00bb. Desde su \u00f3ptica \u00abel primer d\u00eda fue din\u00e1mico, \u00e1gil, con muy buena hacienda, muy buenos ganados, mucha puja, gente comprando de varios lados.\u00bb.<\/p>\n\n\n\n<p>Si bien los segundos d\u00edas de ventas, donde la oferta es de ganados de cr\u00eda, encuentran mayor dificultad en la colocaci\u00f3n de algunas categor\u00edas, C\u00e1nepa dijo que en este remate \u00abtuvimos una sorpresa muy grata, el segundo d\u00eda cerr\u00f3 con ventas muy altas\u00bb. En este sentido destac\u00f3 que \u00abla ternera se afirm\u00f3, la vaquillona de 1 o 2 a\u00f1os, tambi\u00e9n la vaquillona m\u00e1s 2 a\u00f1os se mostraron muy firmes en los precios y en la puja. Despu\u00e9s logramos colocar los vientres pre\u00f1ados, que era la categor\u00eda que ven\u00eda un poco castigada y dir\u00eda que encontraron muy buenos valores\u00bb.<\/p>\n\n\n\n<p>C\u00e1nepa indic\u00f3 que los buenos ganados encontraron referencias de precios destacadas. En la cr\u00eda \u00ablos ganados definidos, de una misma raza, muy bien trabajados, siempre logran varios d\u00f3lares por sobre los ganados generales\u00bb dijo el rematador. En este sentido el escritorio comercializ\u00f3 de la firma Itapeb\u00ed Sociedad Ganadera \u00ab230 de vaquillonas pre\u00f1adas, un ganado sola marca, muy bueno. Se logr\u00f3 en el eje de los US$ 750. Un ganado nuevito pero muy bueno y con pre\u00f1ez garantida\u00bb. En particular estos ganados se vendieron parte para el departamento de Lavalleja y parte en Salto.<\/p>\n\n\n\n<p>El escritorio ya se encuentra trabajando para el pr\u00f3ximo remate de Plaza Rural, inscribiendo y certificando los ganados. \u00abTenemos dos remates en septiembre, el pr\u00f3ximo es 6 y 7, y el otro si ya se va cerca del 17, el segundo remate del mes\u00bb dijo C\u00e1nepa.<\/p>\n\n\n\n<figure class=\"wp-block-image size-large\"><a href=\"https:\/\/i0.wp.com\/lahoradelcampo.com.uy\/site\/wp-content\/uploads\/2023\/08\/Promedios-Plaza-Rural.jpg\"><img data-recalc-dims=\"1\" loading=\"lazy\" decoding=\"async\" width=\"810\" height=\"449\" data-attachment-id=\"52256\" data-permalink=\"https:\/\/lahoradelcampo.com.uy\/site\/remate-con-lluvia-no-fallaplaza-rural-fue-un-rematazo\/promedios-plaza-rural\/\" data-orig-file=\"https:\/\/i0.wp.com\/lahoradelcampo.com.uy\/site\/wp-content\/uploads\/2023\/08\/Promedios-Plaza-Rural.jpg?fit=1113%2C617&amp;ssl=1\" data-orig-size=\"1113,617\" data-comments-opened=\"1\" data-image-meta=\"{&quot;aperture&quot;:&quot;0&quot;,&quot;credit&quot;:&quot;&quot;,&quot;camera&quot;:&quot;&quot;,&quot;caption&quot;:&quot;&quot;,&quot;created_timestamp&quot;:&quot;0&quot;,&quot;copyright&quot;:&quot;&quot;,&quot;focal_length&quot;:&quot;0&quot;,&quot;iso&quot;:&quot;0&quot;,&quot;shutter_speed&quot;:&quot;0&quot;,&quot;title&quot;:&quot;&quot;,&quot;orientation&quot;:&quot;1&quot;}\" data-image-title=\"Promedios-Plaza-Rural\" data-image-description=\"\" data-image-caption=\"\" data-large-file=\"https:\/\/i0.wp.com\/lahoradelcampo.com.uy\/site\/wp-content\/uploads\/2023\/08\/Promedios-Plaza-Rural.jpg?fit=810%2C449&amp;ssl=1\" src=\"https:\/\/i0.wp.com\/lahoradelcampo.com.uy\/site\/wp-content\/uploads\/2023\/08\/Promedios-Plaza-Rural.jpg?resize=810%2C449\" alt=\"\" class=\"wp-image-52256\" srcset=\"https:\/\/i0.wp.com\/lahoradelcampo.com.uy\/site\/wp-content\/uploads\/2023\/08\/Promedios-Plaza-Rural.jpg?resize=1024%2C568&amp;ssl=1 1024w, https:\/\/i0.wp.com\/lahoradelcampo.com.uy\/site\/wp-content\/uploads\/2023\/08\/Promedios-Plaza-Rural.jpg?resize=300%2C166&amp;ssl=1 300w, https:\/\/i0.wp.com\/lahoradelcampo.com.uy\/site\/wp-content\/uploads\/2023\/08\/Promedios-Plaza-Rural.jpg?resize=768%2C426&amp;ssl=1 768w, https:\/\/i0.wp.com\/lahoradelcampo.com.uy\/site\/wp-content\/uploads\/2023\/08\/Promedios-Plaza-Rural.jpg?resize=135%2C75&amp;ssl=1 135w, https:\/\/i0.wp.com\/lahoradelcampo.com.uy\/site\/wp-content\/uploads\/2023\/08\/Promedios-Plaza-Rural.jpg?resize=270%2C150&amp;ssl=1 270w, https:\/\/i0.wp.com\/lahoradelcampo.com.uy\/site\/wp-content\/uploads\/2023\/08\/Promedios-Plaza-Rural.jpg?resize=585%2C325&amp;ssl=1 585w, https:\/\/i0.wp.com\/lahoradelcampo.com.uy\/site\/wp-content\/uploads\/2023\/08\/Promedios-Plaza-Rural.jpg?resize=450%2C250&amp;ssl=1 450w, https:\/\/i0.wp.com\/lahoradelcampo.com.uy\/site\/wp-content\/uploads\/2023\/08\/Promedios-Plaza-Rural.jpg?w=1113&amp;ssl=1 1113w\" sizes=\"auto, (max-width: 810px) 100vw, 810px\" \/><\/a><\/figure>\n\n\n\n<p>Salto, 21 de agosto de 2023<\/p>\n","protected":false},"excerpt":{"rendered":"<p>Plaza Rural llev\u00f3 adelante el remate 272, los d\u00edas jueves y viernes, con 15.559 vacunos comercializados (90% de la oferta), pero lo m\u00e1s destacado fue el alto nivel de colocaci\u00f3n [&hellip;]<\/p>\n","protected":false},"author":5,"featured_media":52258,"comment_status":"open","ping_status":"open","sticky":false,"template":"","format":"standard","meta":{"_price":"","_stock":"","_tribe_ticket_header":"","_tribe_default_ticket_provider":"","_tribe_ticket_capacity":"0","_ticket_start_date":"","_ticket_end_date":"","_tribe_ticket_show_description":"","_tribe_ticket_show_not_going":false,"_tribe_ticket_use_global_stock":"","_tribe_ticket_global_stock_level":"","_global_stock_mode":"","_global_stock_cap":"","_tribe_rsvp_for_event":"","_tribe_ticket_going_count":"","_tribe_ticket_not_going_count":"","_tribe_tickets_list":"[]","_tribe_ticket_has_attendee_info_fields":false,"h5ap_radio_sources":[],"_jetpack_newsletter_access":"","_jetpack_dont_email_post_to_subs":false,"_jetpack_newsletter_tier_id":0,"_jetpack_memberships_contains_paywalled_content":false,"_jetpack_memberships_contains_paid_content":false,"footnotes":""},"categories":[21,5],"tags":[],"class_list":["post-52254","post","type-post","status-publish","format-standard","has-post-thumbnail","hentry","category-actualidad","category-ganaderia"],"jetpack_featured_media_url":"https:\/\/i0.wp.com\/lahoradelcampo.com.uy\/site\/wp-content\/uploads\/2023\/08\/Francisco-Canepa-Plaza-Rural.jpg?fit=880%2C440&ssl=1","jetpack_sharing_enabled":true,"jetpack_shortlink":"https:\/\/wp.me\/p99IaT-dAO","jetpack-related-posts":[{"id":2191,"url":"https:\/\/lahoradelcampo.com.uy\/site\/plaza-rural-coloco-el-95-de-la-oferta-de-invernada\/","url_meta":{"origin":52254,"position":0},"title":"Plaza Rural coloc\u00f3 el 95% de la oferta de invernada","author":"La Hora del Campo","date":"5 octubre, 2017","format":false,"excerpt":"En la jornada de ayer el consorcio de rematadores de Plaza Rural realiz\u00f3 las ventas de los ganados de invernada en la primera jornada del remate 186, en el cual se incluye el Plaza Angus. Con valores firmes y buena demanda se logr\u00f3 colocar el 95% de la oferta. El\u2026","rel":"","context":"En \u00abActualidad\u00bb","block_context":{"text":"Actualidad","link":"https:\/\/lahoradelcampo.com.uy\/site\/category\/actualidad\/"},"img":{"alt_text":"","src":"https:\/\/i0.wp.com\/lahoradelcampo.com.uy\/site\/wp-content\/uploads\/2017\/10\/PlazaRuralcanepa.jpg?fit=880%2C440&ssl=1&resize=350%2C200","width":350,"height":200,"srcset":"https:\/\/i0.wp.com\/lahoradelcampo.com.uy\/site\/wp-content\/uploads\/2017\/10\/PlazaRuralcanepa.jpg?fit=880%2C440&ssl=1&resize=350%2C200 1x, https:\/\/i0.wp.com\/lahoradelcampo.com.uy\/site\/wp-content\/uploads\/2017\/10\/PlazaRuralcanepa.jpg?fit=880%2C440&ssl=1&resize=525%2C300 1.5x, https:\/\/i0.wp.com\/lahoradelcampo.com.uy\/site\/wp-content\/uploads\/2017\/10\/PlazaRuralcanepa.jpg?fit=880%2C440&ssl=1&resize=700%2C400 2x"},"classes":[]},{"id":49674,"url":"https:\/\/lahoradelcampo.com.uy\/site\/plaza-rural-registro-fuerte-demanda-en-su-tercera-venta-de-marzo\/","url_meta":{"origin":52254,"position":1},"title":"Plaza Rural registr\u00f3 fuerte demanda en su tercera venta de marzo","author":"La Hora del Campo","date":"3 abril, 2023","format":false,"excerpt":"Con la venta de 19.346 vacunos, Plaza Rural realiz\u00f3 su tercera venta del mes de marzo con gran \u00e9xito, logrando vender el 90% de lo ofertado, incluyendo el Plaza Hereford. El director del escritorio Ruben F Canepa, Francisco Anselmo C\u00e1nepa, destac\u00f3 que fue \"un muy buen remate, nuevamente con subas\u2026","rel":"","context":"En \u00abActualidad\u00bb","block_context":{"text":"Actualidad","link":"https:\/\/lahoradelcampo.com.uy\/site\/category\/actualidad\/"},"img":{"alt_text":"","src":"https:\/\/i0.wp.com\/lahoradelcampo.com.uy\/site\/wp-content\/uploads\/2017\/10\/PlazaRuralcanepa.jpg?fit=880%2C440&ssl=1&resize=350%2C200","width":350,"height":200,"srcset":"https:\/\/i0.wp.com\/lahoradelcampo.com.uy\/site\/wp-content\/uploads\/2017\/10\/PlazaRuralcanepa.jpg?fit=880%2C440&ssl=1&resize=350%2C200 1x, https:\/\/i0.wp.com\/lahoradelcampo.com.uy\/site\/wp-content\/uploads\/2017\/10\/PlazaRuralcanepa.jpg?fit=880%2C440&ssl=1&resize=525%2C300 1.5x, https:\/\/i0.wp.com\/lahoradelcampo.com.uy\/site\/wp-content\/uploads\/2017\/10\/PlazaRuralcanepa.jpg?fit=880%2C440&ssl=1&resize=700%2C400 2x"},"classes":[]},{"id":4921,"url":"https:\/\/lahoradelcampo.com.uy\/site\/plaza-rural-coloco-el-86-de-la-oferta-de-invernada\/","url_meta":{"origin":52254,"position":2},"title":"Plaza Rural coloc\u00f3 el 86% de la oferta de invernada","author":"La Hora del Campo","date":"14 diciembre, 2017","format":false,"excerpt":"En su primer d\u00eda de ventas del remate 189 de Plaza Rural, el consorcio de rematadores logr\u00f3 colocar el 100% de los ovinos y el 86% de las categor\u00edas de invernada, en una venta que ajusto a la baja los valores de los vacunos. El martillero Francisco C\u00e1nepa, principal del\u2026","rel":"","context":"En \u00abActualidad\u00bb","block_context":{"text":"Actualidad","link":"https:\/\/lahoradelcampo.com.uy\/site\/category\/actualidad\/"},"img":{"alt_text":"","src":"https:\/\/i0.wp.com\/lahoradelcampo.com.uy\/site\/wp-content\/uploads\/2017\/12\/Plaza.jpg?fit=880%2C440&ssl=1&resize=350%2C200","width":350,"height":200,"srcset":"https:\/\/i0.wp.com\/lahoradelcampo.com.uy\/site\/wp-content\/uploads\/2017\/12\/Plaza.jpg?fit=880%2C440&ssl=1&resize=350%2C200 1x, https:\/\/i0.wp.com\/lahoradelcampo.com.uy\/site\/wp-content\/uploads\/2017\/12\/Plaza.jpg?fit=880%2C440&ssl=1&resize=525%2C300 1.5x, https:\/\/i0.wp.com\/lahoradelcampo.com.uy\/site\/wp-content\/uploads\/2017\/12\/Plaza.jpg?fit=880%2C440&ssl=1&resize=700%2C400 2x"},"classes":[]},{"id":21666,"url":"https:\/\/lahoradelcampo.com.uy\/site\/plaza-rural-coloco-el-90-de-la-oferta-en-su-primer-dia-de-ventas\/","url_meta":{"origin":52254,"position":3},"title":"Plaza Rural coloc\u00f3 el 90% de la  oferta en su primer d\u00eda de ventas","author":"La Hora del Campo","date":"9 julio, 2020","format":false,"excerpt":"El consorcio de rematadores de Plaza Rural concret\u00f3 el primer d\u00eda de ventas del remate 222, con suba en las cotizaciones de todas las categor\u00edas comercializadas y un 90% de colocaci\u00f3n. En este sentido los terneros registraron una suba del 3,9% respecto al remate anterior, tras cerrar en US$ 2,17.\u2026","rel":"","context":"En \u00abActualidad\u00bb","block_context":{"text":"Actualidad","link":"https:\/\/lahoradelcampo.com.uy\/site\/category\/actualidad\/"},"img":{"alt_text":"","src":"https:\/\/i0.wp.com\/lahoradelcampo.com.uy\/site\/wp-content\/uploads\/2017\/10\/Plaza-Rural-1.jpg?fit=880%2C440&ssl=1&resize=350%2C200","width":350,"height":200,"srcset":"https:\/\/i0.wp.com\/lahoradelcampo.com.uy\/site\/wp-content\/uploads\/2017\/10\/Plaza-Rural-1.jpg?fit=880%2C440&ssl=1&resize=350%2C200 1x, https:\/\/i0.wp.com\/lahoradelcampo.com.uy\/site\/wp-content\/uploads\/2017\/10\/Plaza-Rural-1.jpg?fit=880%2C440&ssl=1&resize=525%2C300 1.5x, https:\/\/i0.wp.com\/lahoradelcampo.com.uy\/site\/wp-content\/uploads\/2017\/10\/Plaza-Rural-1.jpg?fit=880%2C440&ssl=1&resize=700%2C400 2x"},"classes":[]},{"id":57050,"url":"https:\/\/lahoradelcampo.com.uy\/site\/canepa-es-un-momento-ideal-para-producir-no-hay-que-dejar-ni-una-vaquillona-sin-entorar\/","url_meta":{"origin":52254,"position":4},"title":"C\u00e1nepa: \u201cEs un momento ideal para producir, no hay que dejar ni una vaquillona sin entorar\u00bb","author":"La Hora del Campo","date":"12 octubre, 2025","format":false,"excerpt":"Por estos d\u00edas, el escritorio Rub\u00e9n F. C\u00e1nepa se prepara para una intensa agenda de ventas en el marco de la zafra de toros y del remate 282 de Plaza Rural, que se desarrollar\u00e1 los d\u00edas jueves 16 y viernes 17 de octubre. Francisco Anselmo C\u00e1nepa, principal de la firma,\u2026","rel":"","context":"En \u00abActualidad\u00bb","block_context":{"text":"Actualidad","link":"https:\/\/lahoradelcampo.com.uy\/site\/category\/actualidad\/"},"img":{"alt_text":"","src":"https:\/\/i0.wp.com\/lahoradelcampo.com.uy\/site\/wp-content\/uploads\/2025\/07\/Canepa-plaza.jpg?fit=880%2C440&ssl=1&resize=350%2C200","width":350,"height":200,"srcset":"https:\/\/i0.wp.com\/lahoradelcampo.com.uy\/site\/wp-content\/uploads\/2025\/07\/Canepa-plaza.jpg?fit=880%2C440&ssl=1&resize=350%2C200 1x, https:\/\/i0.wp.com\/lahoradelcampo.com.uy\/site\/wp-content\/uploads\/2025\/07\/Canepa-plaza.jpg?fit=880%2C440&ssl=1&resize=525%2C300 1.5x, https:\/\/i0.wp.com\/lahoradelcampo.com.uy\/site\/wp-content\/uploads\/2025\/07\/Canepa-plaza.jpg?fit=880%2C440&ssl=1&resize=700%2C400 2x"},"classes":[]},{"id":54028,"url":"https:\/\/lahoradelcampo.com.uy\/site\/canepa-con-ganados-deexcelente-calidad-en-elremate-289-de-plaza-rural\/","url_meta":{"origin":52254,"position":5},"title":"C\u00e1nepa con ganados deexcelente calidad en elremate 289 de Plaza Rural","author":"La Hora del Campo","date":"24 julio, 2024","format":false,"excerpt":"El remate 289\u00b0 de Plaza Rural se realizar\u00e1 hoy mi\u00e9rcoles y ma\u00f1ana jueves, donde el consorcio celebrar\u00e1 su 23\u00b0 aniversario. Las ventas se realizan como siempre desde Hotel Cottage, por TV cable, Internet, streaming de audio, y la App de Plaza Rural. Se ofrecer\u00e1n en esta oportunidad 17.531 vacunos y\u2026","rel":"","context":"En \u00abActualidad\u00bb","block_context":{"text":"Actualidad","link":"https:\/\/lahoradelcampo.com.uy\/site\/category\/actualidad\/"},"img":{"alt_text":"","src":"https:\/\/i0.wp.com\/lahoradelcampo.com.uy\/site\/wp-content\/uploads\/2024\/07\/FranciscoCanepa.jpg?fit=880%2C440&ssl=1&resize=350%2C200","width":350,"height":200,"srcset":"https:\/\/i0.wp.com\/lahoradelcampo.com.uy\/site\/wp-content\/uploads\/2024\/07\/FranciscoCanepa.jpg?fit=880%2C440&ssl=1&resize=350%2C200 1x, https:\/\/i0.wp.com\/lahoradelcampo.com.uy\/site\/wp-content\/uploads\/2024\/07\/FranciscoCanepa.jpg?fit=880%2C440&ssl=1&resize=525%2C300 1.5x, https:\/\/i0.wp.com\/lahoradelcampo.com.uy\/site\/wp-content\/uploads\/2024\/07\/FranciscoCanepa.jpg?fit=880%2C440&ssl=1&resize=700%2C400 2x"},"classes":[]}],"jetpack_likes_enabled":true,"_links":{"self":[{"href":"https:\/\/lahoradelcampo.com.uy\/site\/wp-json\/wp\/v2\/posts\/52254","targetHints":{"allow":["GET"]}}],"collection":[{"href":"https:\/\/lahoradelcampo.com.uy\/site\/wp-json\/wp\/v2\/posts"}],"about":[{"href":"https:\/\/lahoradelcampo.com.uy\/site\/wp-json\/wp\/v2\/types\/post"}],"author":[{"embeddable":true,"href":"https:\/\/lahoradelcampo.com.uy\/site\/wp-json\/wp\/v2\/users\/5"}],"replies":[{"embeddable":true,"href":"https:\/\/lahoradelcampo.com.uy\/site\/wp-json\/wp\/v2\/comments?post=52254"}],"version-history":[{"count":1,"href":"https:\/\/lahoradelcampo.com.uy\/site\/wp-json\/wp\/v2\/posts\/52254\/revisions"}],"predecessor-version":[{"id":52260,"href":"https:\/\/lahoradelcampo.com.uy\/site\/wp-json\/wp\/v2\/posts\/52254\/revisions\/52260"}],"wp:featuredmedia":[{"embeddable":true,"href":"https:\/\/lahoradelcampo.com.uy\/site\/wp-json\/wp\/v2\/media\/52258"}],"wp:attachment":[{"href":"https:\/\/lahoradelcampo.com.uy\/site\/wp-json\/wp\/v2\/media?parent=52254"}],"wp:term":[{"taxonomy":"category","embeddable":true,"href":"https:\/\/lahoradelcampo.com.uy\/site\/wp-json\/wp\/v2\/categories?post=52254"},{"taxonomy":"post_tag","embeddable":true,"href":"https:\/\/lahoradelcampo.com.uy\/site\/wp-json\/wp\/v2\/tags?post=52254"}],"curies":[{"name":"wp","href":"https:\/\/api.w.org\/{rel}","templated":true}]}}