{"id":52246,"date":"2023-08-21T14:08:24","date_gmt":"2023-08-21T17:08:24","guid":{"rendered":"http:\/\/lahoradelcampo.com.uy\/site\/?p=52246"},"modified":"2024-08-06T14:54:50","modified_gmt":"2024-08-06T17:54:50","slug":"gaudin-hnos-coloco-el-100-de-la-oferta-en-parada-herreria-4","status":"publish","type":"post","link":"https:\/\/lahoradelcampo.com.uy\/site\/gaudin-hnos-coloco-el-100-de-la-oferta-en-parada-herreria-4\/","title":{"rendered":"Gaud\u00edn Hnos coloc\u00f3 el 100% de la oferta en Parada Herrer\u00eda"},"content":{"rendered":"\n<figure class=\"wp-block-image size-full\"><a href=\"https:\/\/i0.wp.com\/lahoradelcampo.com.uy\/site\/wp-content\/uploads\/2023\/08\/German-Gaudin.jpg\"><img data-recalc-dims=\"1\" loading=\"lazy\" decoding=\"async\" width=\"810\" height=\"405\" data-attachment-id=\"52248\" data-permalink=\"https:\/\/lahoradelcampo.com.uy\/site\/gaudin-hnos-coloco-el-100-de-la-oferta-en-parada-herreria-4\/german-gaudin\/\" data-orig-file=\"https:\/\/i0.wp.com\/lahoradelcampo.com.uy\/site\/wp-content\/uploads\/2023\/08\/German-Gaudin.jpg?fit=880%2C440&amp;ssl=1\" data-orig-size=\"880,440\" data-comments-opened=\"1\" data-image-meta=\"{&quot;aperture&quot;:&quot;0&quot;,&quot;credit&quot;:&quot;&quot;,&quot;camera&quot;:&quot;&quot;,&quot;caption&quot;:&quot;&quot;,&quot;created_timestamp&quot;:&quot;0&quot;,&quot;copyright&quot;:&quot;&quot;,&quot;focal_length&quot;:&quot;0&quot;,&quot;iso&quot;:&quot;0&quot;,&quot;shutter_speed&quot;:&quot;0&quot;,&quot;title&quot;:&quot;&quot;,&quot;orientation&quot;:&quot;1&quot;}\" data-image-title=\"German-Gaudin\" data-image-description=\"\" data-image-caption=\"\" data-large-file=\"https:\/\/i0.wp.com\/lahoradelcampo.com.uy\/site\/wp-content\/uploads\/2023\/08\/German-Gaudin.jpg?fit=810%2C405&amp;ssl=1\" src=\"https:\/\/i0.wp.com\/lahoradelcampo.com.uy\/site\/wp-content\/uploads\/2023\/08\/German-Gaudin.jpg?resize=810%2C405\" alt=\"\" class=\"wp-image-52248\" srcset=\"https:\/\/i0.wp.com\/lahoradelcampo.com.uy\/site\/wp-content\/uploads\/2023\/08\/German-Gaudin.jpg?w=880&amp;ssl=1 880w, https:\/\/i0.wp.com\/lahoradelcampo.com.uy\/site\/wp-content\/uploads\/2023\/08\/German-Gaudin.jpg?resize=300%2C150&amp;ssl=1 300w, https:\/\/i0.wp.com\/lahoradelcampo.com.uy\/site\/wp-content\/uploads\/2023\/08\/German-Gaudin.jpg?resize=768%2C384&amp;ssl=1 768w, https:\/\/i0.wp.com\/lahoradelcampo.com.uy\/site\/wp-content\/uploads\/2023\/08\/German-Gaudin.jpg?resize=820%2C410&amp;ssl=1 820w\" sizes=\"auto, (max-width: 810px) 100vw, 810px\" \/><\/a><\/figure>\n\n\n\n<p>Se desarroll\u00f3 el viernes un nuevo remate del escritorio Gaud\u00edn Hnos, en el local Parada Herrer\u00eda, con venta total tanto en vacunos como en ovinos. El Dr. Germ\u00e1n Gaud\u00edn, director de Gaud\u00edn Hnos, remarc\u00f3 la importancia de haber logrado una \u00aboferta importante\u00bb para este remate, lo que permiti\u00f3 una mayor presencia de compradores presentes en el local, incluso de otros departamentos.<\/p>\n\n\n\n<p>En el caso de los vacunos, el martillero se\u00f1al\u00f3 que \u00abhubo una linda oferta de ganado gordo muy bueno. Vacas gordas, muy pesadas y ganado en general\u00bb. Sobre el ganado para faena, donde como es tradicional hubo disputa por el abasto local y el de Constituci\u00f3n, la oferta estaba compuesta \u00abpor un conjunto de vacas de abasto interesante que se vendi\u00f3 todo sin ning\u00fan inconveniente\u00bb dijo Gaud\u00edn.<\/p>\n\n\n\n<p>En referencia a los precios, dijo que \u00ablas vacas gordas pesadas se pagaron en el entorno de 750-800 d\u00f3lares para las mejores, despu\u00e9s las m\u00e1s generales en 650, 680 hasta 700 d\u00f3lares y luego un vacaje doble prop\u00f3sito, dir\u00edamos entre invernada y adelantada, un abasto m\u00e1s de segunda, en el entorno de US$ 500 y US$ 550\u00bb.<\/p>\n\n\n\n<p>Respecto a los ganados de reposici\u00f3n, el Dr. Germ\u00e1n Gaud\u00edn, dijo que \u00abfue una oferta muy variada pero con mucha demanda. La demanda se not\u00f3. Seguramente est\u00e1 influido por el tema de la lluvia que aconteci\u00f3 horas anteriores y fue un mercado muy din\u00e1mico, con gente compradora nueva que apareci\u00f3 de Salto y Paysand\u00fa\u00bb. <\/p>\n\n\n\n<p>Como referencias de precios, indic\u00f3 que \u00abel vacaje entre 450-480 d\u00f3lares, las piezas de cr\u00eda se pagaron entre 360-370 d\u00f3lares, la novillada nueva en el entorno de 450, 500, 520 d\u00f3lares, un lote un poquito m\u00e1s destacado en cuanto a clase, porque hab\u00eda mucho ganado Holando y overos cruzas, a 425 d\u00f3lares. Despu\u00e9s la ternera entre 350-360 d\u00f3lares. Lindos terneros, algunos m\u00e1s chiquitos por tama\u00f1o, otros m\u00e1s grande, en funci\u00f3n a eso se fue dando los valores y en ese sentido digamos\u00bb<\/p>\n\n\n\n<p>Por \u00faltimo y respecto a los lanares, indic\u00f3 que \u00abhubo algo de borregos gordos y despu\u00e9s un lote de ovejas y corderos que tambi\u00e9n tuvieron buen mercado\u00bb. En estas categor\u00edas las referencias de precios se posicionaron para \u00ablos borregos entre 50 y 60 d\u00f3lares, las ovejas que eran para el campo en 40 d\u00f3lares y los corderitos chiquitos a 22 d\u00f3lares\u00bb.<\/p>\n\n\n\n<p>El Dr. Germ\u00e1n Gaud\u00edn, dijo que \u00aben definitiva, fue un buen remate con ventas totales y un mercado firme de principio a fin\u00bb.<\/p>\n\n\n\n<p>Salto, 21 de agosto de 2023<\/p>\n","protected":false},"excerpt":{"rendered":"<p>Se desarroll\u00f3 el viernes un nuevo remate del escritorio Gaud\u00edn Hnos, en el local Parada Herrer\u00eda, con venta total tanto en vacunos como en ovinos. El Dr. Germ\u00e1n Gaud\u00edn, director [&hellip;]<\/p>\n","protected":false},"author":5,"featured_media":52248,"comment_status":"open","ping_status":"open","sticky":false,"template":"","format":"standard","meta":{"_price":"","_stock":"","_tribe_ticket_header":"","_tribe_default_ticket_provider":"","_tribe_ticket_capacity":"0","_ticket_start_date":"","_ticket_end_date":"","_tribe_ticket_show_description":"","_tribe_ticket_show_not_going":false,"_tribe_ticket_use_global_stock":"","_tribe_ticket_global_stock_level":"","_global_stock_mode":"","_global_stock_cap":"","_tribe_rsvp_for_event":"","_tribe_ticket_going_count":"","_tribe_ticket_not_going_count":"","_tribe_tickets_list":"[]","_tribe_ticket_has_attendee_info_fields":false,"h5ap_radio_sources":[],"_jetpack_newsletter_access":"","_jetpack_dont_email_post_to_subs":false,"_jetpack_newsletter_tier_id":0,"_jetpack_memberships_contains_paywalled_content":false,"_jetpack_memberships_contains_paid_content":false,"footnotes":""},"categories":[21,5],"tags":[],"class_list":["post-52246","post","type-post","status-publish","format-standard","has-post-thumbnail","hentry","category-actualidad","category-ganaderia"],"jetpack_featured_media_url":"https:\/\/i0.wp.com\/lahoradelcampo.com.uy\/site\/wp-content\/uploads\/2023\/08\/German-Gaudin.jpg?fit=880%2C440&ssl=1","jetpack_sharing_enabled":true,"jetpack_shortlink":"https:\/\/wp.me\/p99IaT-dAG","jetpack-related-posts":[{"id":6847,"url":"https:\/\/lahoradelcampo.com.uy\/site\/gaudin-hnos-coloco-el-100-de-la-oferta-ayer-en-parada-herreria\/","url_meta":{"origin":52246,"position":0},"title":"Gaud\u00edn Hnos, coloc\u00f3 el 100% de la oferta ayer en Parada Herrer\u00eda","author":"La Hora del Campo","date":"3 mayo, 2018","format":false,"excerpt":"\"Remate con lluvia nunca falla\", dicen los rematadores, y ayer no fue la excepci\u00f3n en el local Parada Herrer\u00eda donde el escritorio Gaud\u00edn Hnos, coloc\u00f3 \u00e1gilmente el 100% de la oferta que paso por la pista. Sin llegar al local, por cuestiones clim\u00e1ticas, fue nuevamente el ovino. El comienzo del\u2026","rel":"","context":"En \u00abActualidad\u00bb","block_context":{"text":"Actualidad","link":"https:\/\/lahoradelcampo.com.uy\/site\/category\/actualidad\/"},"img":{"alt_text":"","src":"https:\/\/i0.wp.com\/lahoradelcampo.com.uy\/site\/wp-content\/uploads\/2018\/05\/Paradaherreria.jpg?fit=880%2C440&ssl=1&resize=350%2C200","width":350,"height":200,"srcset":"https:\/\/i0.wp.com\/lahoradelcampo.com.uy\/site\/wp-content\/uploads\/2018\/05\/Paradaherreria.jpg?fit=880%2C440&ssl=1&resize=350%2C200 1x, https:\/\/i0.wp.com\/lahoradelcampo.com.uy\/site\/wp-content\/uploads\/2018\/05\/Paradaherreria.jpg?fit=880%2C440&ssl=1&resize=525%2C300 1.5x, https:\/\/i0.wp.com\/lahoradelcampo.com.uy\/site\/wp-content\/uploads\/2018\/05\/Paradaherreria.jpg?fit=880%2C440&ssl=1&resize=700%2C400 2x"},"classes":[]},{"id":32680,"url":"https:\/\/lahoradelcampo.com.uy\/site\/venta-total-de-gaudin-hnos-en-el-local-parada-herreria\/","url_meta":{"origin":52246,"position":1},"title":"Venta total de Gaud\u00edn Hnos,  en el local Parada Herrer\u00eda","author":"La Hora del Campo","date":"3 agosto, 2021","format":false,"excerpt":"En la jornada de ayer se realiz\u00f3 la primera venta del mes de agosto del escritorio Gaud\u00edn Hnos en el local Parada Herrer\u00eda, con venta total en vacunos, con una buena demanda tanto de los productores por reponer, as\u00ed como de los abastecedores de Constituci\u00f3n, Bel\u00e9n y Salto que pujaron\u2026","rel":"","context":"En \u00abActualidad\u00bb","block_context":{"text":"Actualidad","link":"https:\/\/lahoradelcampo.com.uy\/site\/category\/actualidad\/"},"img":{"alt_text":"","src":"https:\/\/i0.wp.com\/lahoradelcampo.com.uy\/site\/wp-content\/uploads\/2020\/11\/paradaherreriagaudin.jpg?fit=880%2C440&ssl=1&resize=350%2C200","width":350,"height":200,"srcset":"https:\/\/i0.wp.com\/lahoradelcampo.com.uy\/site\/wp-content\/uploads\/2020\/11\/paradaherreriagaudin.jpg?fit=880%2C440&ssl=1&resize=350%2C200 1x, https:\/\/i0.wp.com\/lahoradelcampo.com.uy\/site\/wp-content\/uploads\/2020\/11\/paradaherreriagaudin.jpg?fit=880%2C440&ssl=1&resize=525%2C300 1.5x, https:\/\/i0.wp.com\/lahoradelcampo.com.uy\/site\/wp-content\/uploads\/2020\/11\/paradaherreriagaudin.jpg?fit=880%2C440&ssl=1&resize=700%2C400 2x"},"classes":[]},{"id":29960,"url":"https:\/\/lahoradelcampo.com.uy\/site\/gaudin-hnos-con-destacada-oferta-de-ganados-en-la-venta-mensual-de-lote-21\/","url_meta":{"origin":52246,"position":2},"title":"Gaud\u00edn Hnos con destacada oferta de ganados en la venta mensual de Lote 21","author":"La Hora del Campo","date":"12 mayo, 2021","format":false,"excerpt":"Lote 21 realiza en la jornada de hoy y ma\u00f1ana su remate n\u00famero 163 con una oferta que ronda los 12.000 vacunos en todo el pa\u00eds. Tal cual ha sido de rigor en los \u00faltimos eventos, el remate se realiza de forma 100% virtual, con transmisi\u00f3n por tv cable e\u2026","rel":"","context":"En \u00abActualidad\u00bb","block_context":{"text":"Actualidad","link":"https:\/\/lahoradelcampo.com.uy\/site\/category\/actualidad\/"},"img":{"alt_text":"","src":"https:\/\/i0.wp.com\/lahoradelcampo.com.uy\/site\/wp-content\/uploads\/2021\/05\/Gaudin-german.jpg?fit=880%2C440&ssl=1&resize=350%2C200","width":350,"height":200,"srcset":"https:\/\/i0.wp.com\/lahoradelcampo.com.uy\/site\/wp-content\/uploads\/2021\/05\/Gaudin-german.jpg?fit=880%2C440&ssl=1&resize=350%2C200 1x, https:\/\/i0.wp.com\/lahoradelcampo.com.uy\/site\/wp-content\/uploads\/2021\/05\/Gaudin-german.jpg?fit=880%2C440&ssl=1&resize=525%2C300 1.5x, https:\/\/i0.wp.com\/lahoradelcampo.com.uy\/site\/wp-content\/uploads\/2021\/05\/Gaudin-german.jpg?fit=880%2C440&ssl=1&resize=700%2C400 2x"},"classes":[]},{"id":16462,"url":"https:\/\/lahoradelcampo.com.uy\/site\/gaudin-hnos-coloco-el-100-de-la-oferta-en-la-ultima-venta-del-ano\/","url_meta":{"origin":52246,"position":3},"title":"Gaud\u00edn Hnos coloc\u00f3 el 100% de  la oferta en la \u00faltima venta del a\u00f1o","author":"La Hora del Campo","date":"17 diciembre, 2019","format":false,"excerpt":"En la tarde de ayer el escritorio Gaud\u00edn Hnos, coloc\u00f3 el 100% de la oferta que en definitiva logr\u00f3 llegar al local Parada Herrer\u00eda, debido a las precipitaciones que se registraron en las \u00faltimas horas que limitaron la oferta de vacunos. En este sentido tambi\u00e9n la garrapata contin\u00faa presente en\u2026","rel":"","context":"En \u00abActualidad\u00bb","block_context":{"text":"Actualidad","link":"https:\/\/lahoradelcampo.com.uy\/site\/category\/actualidad\/"},"img":{"alt_text":"","src":"https:\/\/i0.wp.com\/lahoradelcampo.com.uy\/site\/wp-content\/uploads\/2017\/10\/Parada-Herreria.jpg?fit=880%2C440&ssl=1&resize=350%2C200","width":350,"height":200,"srcset":"https:\/\/i0.wp.com\/lahoradelcampo.com.uy\/site\/wp-content\/uploads\/2017\/10\/Parada-Herreria.jpg?fit=880%2C440&ssl=1&resize=350%2C200 1x, https:\/\/i0.wp.com\/lahoradelcampo.com.uy\/site\/wp-content\/uploads\/2017\/10\/Parada-Herreria.jpg?fit=880%2C440&ssl=1&resize=525%2C300 1.5x, https:\/\/i0.wp.com\/lahoradelcampo.com.uy\/site\/wp-content\/uploads\/2017\/10\/Parada-Herreria.jpg?fit=880%2C440&ssl=1&resize=700%2C400 2x"},"classes":[]},{"id":41955,"url":"https:\/\/lahoradelcampo.com.uy\/site\/gaudin-hnos-coloco-el-100-de-la-oferta-en-parada-herreria-3\/","url_meta":{"origin":52246,"position":4},"title":"Gaud\u00edn Hnos. coloc\u00f3 el 100% de la oferta  en Parada Herrer\u00eda","author":"La Hora del Campo","date":"18 mayo, 2022","format":false,"excerpt":"En una tarde fr\u00eda, pr\u00e1cticamente de invierno, el escritorio Gaud\u00edn Hnos, concret\u00f3 su remate feria en el local Parada Herrer\u00eda, con colocaci\u00f3n total y \u00e1gil tanto en ovinos como en vacunos. El martillero Santiago Gaud\u00edn, dijo al cierre de las ventas \"fue uno de los remates m\u00e1s \u00e1giles en los\u2026","rel":"","context":"En \u00abActualidad\u00bb","block_context":{"text":"Actualidad","link":"https:\/\/lahoradelcampo.com.uy\/site\/category\/actualidad\/"},"img":{"alt_text":"","src":"https:\/\/i0.wp.com\/lahoradelcampo.com.uy\/site\/wp-content\/uploads\/2022\/05\/GAUDIN-Parada1.jpg?fit=880%2C440&ssl=1&resize=350%2C200","width":350,"height":200,"srcset":"https:\/\/i0.wp.com\/lahoradelcampo.com.uy\/site\/wp-content\/uploads\/2022\/05\/GAUDIN-Parada1.jpg?fit=880%2C440&ssl=1&resize=350%2C200 1x, https:\/\/i0.wp.com\/lahoradelcampo.com.uy\/site\/wp-content\/uploads\/2022\/05\/GAUDIN-Parada1.jpg?fit=880%2C440&ssl=1&resize=525%2C300 1.5x, https:\/\/i0.wp.com\/lahoradelcampo.com.uy\/site\/wp-content\/uploads\/2022\/05\/GAUDIN-Parada1.jpg?fit=880%2C440&ssl=1&resize=700%2C400 2x"},"classes":[]},{"id":38473,"url":"https:\/\/lahoradelcampo.com.uy\/site\/gaudin-hnos-comenzo-el-ano-con-ventas-totales-en-parada-herreria\/","url_meta":{"origin":52246,"position":5},"title":"Gaud\u00edn Hnos comenz\u00f3 el a\u00f1o con ventas totales en Parada Herrer\u00eda","author":"La Hora del Campo","date":"21 enero, 2022","format":false,"excerpt":"El escritorio Gaud\u00edn Hnos, realiz\u00f3 su primer remate de 2022, en el d\u00eda de ayer en el local Parada Herrer\u00eda. Las ventas comenzaron las 17 horas, debido al calor reinante en la zona. Sin embargo las precipitaciones registradas en los \u00faltimos d\u00edas han impulsado una demanda que se mostr\u00f3 muy\u2026","rel":"","context":"En \u00abActualidad\u00bb","block_context":{"text":"Actualidad","link":"https:\/\/lahoradelcampo.com.uy\/site\/category\/actualidad\/"},"img":{"alt_text":"","src":"https:\/\/i0.wp.com\/lahoradelcampo.com.uy\/site\/wp-content\/uploads\/2022\/01\/germanguadin.jpg?fit=880%2C440&ssl=1&resize=350%2C200","width":350,"height":200,"srcset":"https:\/\/i0.wp.com\/lahoradelcampo.com.uy\/site\/wp-content\/uploads\/2022\/01\/germanguadin.jpg?fit=880%2C440&ssl=1&resize=350%2C200 1x, https:\/\/i0.wp.com\/lahoradelcampo.com.uy\/site\/wp-content\/uploads\/2022\/01\/germanguadin.jpg?fit=880%2C440&ssl=1&resize=525%2C300 1.5x, https:\/\/i0.wp.com\/lahoradelcampo.com.uy\/site\/wp-content\/uploads\/2022\/01\/germanguadin.jpg?fit=880%2C440&ssl=1&resize=700%2C400 2x"},"classes":[]}],"jetpack_likes_enabled":true,"_links":{"self":[{"href":"https:\/\/lahoradelcampo.com.uy\/site\/wp-json\/wp\/v2\/posts\/52246","targetHints":{"allow":["GET"]}}],"collection":[{"href":"https:\/\/lahoradelcampo.com.uy\/site\/wp-json\/wp\/v2\/posts"}],"about":[{"href":"https:\/\/lahoradelcampo.com.uy\/site\/wp-json\/wp\/v2\/types\/post"}],"author":[{"embeddable":true,"href":"https:\/\/lahoradelcampo.com.uy\/site\/wp-json\/wp\/v2\/users\/5"}],"replies":[{"embeddable":true,"href":"https:\/\/lahoradelcampo.com.uy\/site\/wp-json\/wp\/v2\/comments?post=52246"}],"version-history":[{"count":3,"href":"https:\/\/lahoradelcampo.com.uy\/site\/wp-json\/wp\/v2\/posts\/52246\/revisions"}],"predecessor-version":[{"id":54146,"href":"https:\/\/lahoradelcampo.com.uy\/site\/wp-json\/wp\/v2\/posts\/52246\/revisions\/54146"}],"wp:featuredmedia":[{"embeddable":true,"href":"https:\/\/lahoradelcampo.com.uy\/site\/wp-json\/wp\/v2\/media\/52248"}],"wp:attachment":[{"href":"https:\/\/lahoradelcampo.com.uy\/site\/wp-json\/wp\/v2\/media?parent=52246"}],"wp:term":[{"taxonomy":"category","embeddable":true,"href":"https:\/\/lahoradelcampo.com.uy\/site\/wp-json\/wp\/v2\/categories?post=52246"},{"taxonomy":"post_tag","embeddable":true,"href":"https:\/\/lahoradelcampo.com.uy\/site\/wp-json\/wp\/v2\/tags?post=52246"}],"curies":[{"name":"wp","href":"https:\/\/api.w.org\/{rel}","templated":true}]}}