{"id":52240,"date":"2023-08-21T14:03:32","date_gmt":"2023-08-21T17:03:32","guid":{"rendered":"http:\/\/lahoradelcampo.com.uy\/site\/?p=52240"},"modified":"2023-08-21T14:03:56","modified_gmt":"2023-08-21T17:03:56","slug":"desde-tacuarembo-lote-21-coloco-el-91-de-la-oferta","status":"publish","type":"post","link":"https:\/\/lahoradelcampo.com.uy\/site\/desde-tacuarembo-lote-21-coloco-el-91-de-la-oferta\/","title":{"rendered":"Desde Tacuaremb\u00f3, Lote 21 coloc\u00f3 el 91% de la oferta"},"content":{"rendered":"\n<figure class=\"wp-block-image size-full\"><a href=\"https:\/\/i0.wp.com\/lahoradelcampo.com.uy\/site\/wp-content\/uploads\/2017\/12\/Lote21.jpg\"><img data-recalc-dims=\"1\" loading=\"lazy\" decoding=\"async\" width=\"810\" height=\"405\" data-attachment-id=\"4861\" data-permalink=\"https:\/\/lahoradelcampo.com.uy\/site\/paysandu-en-2018-debera-vacunar-con-rb51\/lote21-3\/\" data-orig-file=\"https:\/\/i0.wp.com\/lahoradelcampo.com.uy\/site\/wp-content\/uploads\/2017\/12\/Lote21.jpg?fit=880%2C440&amp;ssl=1\" data-orig-size=\"880,440\" data-comments-opened=\"1\" data-image-meta=\"{&quot;aperture&quot;:&quot;0&quot;,&quot;credit&quot;:&quot;Vicente-Manuel-Tort&quot;,&quot;camera&quot;:&quot;&quot;,&quot;caption&quot;:&quot;&quot;,&quot;created_timestamp&quot;:&quot;0&quot;,&quot;copyright&quot;:&quot;Presidencia de la Republica - Sec.Com.Inst.&quot;,&quot;focal_length&quot;:&quot;0&quot;,&quot;iso&quot;:&quot;0&quot;,&quot;shutter_speed&quot;:&quot;0&quot;,&quot;title&quot;:&quot;&quot;,&quot;orientation&quot;:&quot;1&quot;}\" data-image-title=\"Lote21\" data-image-description=\"\" data-image-caption=\"\" data-large-file=\"https:\/\/i0.wp.com\/lahoradelcampo.com.uy\/site\/wp-content\/uploads\/2017\/12\/Lote21.jpg?fit=810%2C405&amp;ssl=1\" src=\"https:\/\/i0.wp.com\/lahoradelcampo.com.uy\/site\/wp-content\/uploads\/2017\/12\/Lote21.jpg?resize=810%2C405\" alt=\"\" class=\"wp-image-4861\" srcset=\"https:\/\/i0.wp.com\/lahoradelcampo.com.uy\/site\/wp-content\/uploads\/2017\/12\/Lote21.jpg?w=880&amp;ssl=1 880w, https:\/\/i0.wp.com\/lahoradelcampo.com.uy\/site\/wp-content\/uploads\/2017\/12\/Lote21.jpg?resize=300%2C150&amp;ssl=1 300w, https:\/\/i0.wp.com\/lahoradelcampo.com.uy\/site\/wp-content\/uploads\/2017\/12\/Lote21.jpg?resize=768%2C384&amp;ssl=1 768w, https:\/\/i0.wp.com\/lahoradelcampo.com.uy\/site\/wp-content\/uploads\/2017\/12\/Lote21.jpg?resize=820%2C410&amp;ssl=1 820w\" sizes=\"auto, (max-width: 810px) 100vw, 810px\" \/><\/a><\/figure>\n\n\n\n<p>El consorcio de rematadores de Lote 21, tal cual lo ha venido realizando en las \u00faltimas ventas ha salido al interior del pa\u00eds, concretando los d\u00edas mi\u00e9rcoles y jueves, su remate 193\u00b0 desde las instalaciones del Hotel Carlos Gardel en Tacuaremb\u00f3. Con una destacada oferta que logr\u00f3 una colocaci\u00f3n \u00e1gil y din\u00e1mica, tanto en los ganados de invernada durante el primer d\u00eda, como as\u00ed tambi\u00e9n en la oferta de la cr\u00eda.<\/p>\n\n\n\n<p>Juan Ignacio Pirotto, representante de Jos\u00e9 A. Vald\u00e9z &amp; C\u00eda en Salto, al cierre de la primera jornada de ventas dijo: \u00abla verdad que muy conformes. Un remate donde se not\u00f3 avidez por parte de la demanda, m\u00e1s que interesante en lo que fue la parte de terneros, sobre todo los terneros que se destacaban, y tambi\u00e9n lo que fue la vaca de invernar\u00bb.<\/p>\n\n\n\n<p>El consignatario indic\u00f3 que \u00abla vaca de invernar, cotiz\u00f3 en torno a 1,55, 1,60 y hasta 1,65. La verdad que hubieron lotes que se destacaban y se not\u00f3 en los valores. Lo mismo te puedo decir de de los terneros. La verdad que hab\u00eda terneradas muy buenas. El ternero en el torno de 170 kilos hasta los 180 kilos hizo 2,55 de promedio pero con picos que que anduvieron por encima de los 2,60 y 2,70\u00bb.<\/p>\n\n\n\n<p>Respecto a la segunda jornada, Federico Rodr\u00edguez, el presidente del consorcio, dijo que \u201cse mostr\u00f3 inter\u00e9s por las terneras, m\u00e1s cautela en la colocaci\u00f3n de las vaquillonas de sobrea\u00f1o, pero reflejando esta categor\u00eda tambi\u00e9n una suba con respecto al remate anterior\u201d. En las vaquillonas de m\u00e1s de 2 a\u00f1os y las de entorar \u201chubo mayor inter\u00e9s\u201d. Y los vientres pre\u00f1ados tuvieron una colocaci\u00f3n \u201cpr\u00e1cticamente total y suba de valores, lo cual marca la clara demanda que hubo por esta categor\u00eda, al igual que la pieza de cr\u00eda\u201d.<\/p>\n\n\n\n<figure class=\"wp-block-image size-large\"><a href=\"https:\/\/i0.wp.com\/lahoradelcampo.com.uy\/site\/wp-content\/uploads\/2023\/08\/Promedios-Lote-21.jpg\"><img data-recalc-dims=\"1\" loading=\"lazy\" decoding=\"async\" width=\"810\" height=\"368\" data-attachment-id=\"52242\" data-permalink=\"https:\/\/lahoradelcampo.com.uy\/site\/desde-tacuarembo-lote-21-coloco-el-91-de-la-oferta\/promedios-lote-21\/\" data-orig-file=\"https:\/\/i0.wp.com\/lahoradelcampo.com.uy\/site\/wp-content\/uploads\/2023\/08\/Promedios-Lote-21.jpg?fit=1113%2C505&amp;ssl=1\" data-orig-size=\"1113,505\" data-comments-opened=\"1\" data-image-meta=\"{&quot;aperture&quot;:&quot;0&quot;,&quot;credit&quot;:&quot;&quot;,&quot;camera&quot;:&quot;&quot;,&quot;caption&quot;:&quot;&quot;,&quot;created_timestamp&quot;:&quot;0&quot;,&quot;copyright&quot;:&quot;&quot;,&quot;focal_length&quot;:&quot;0&quot;,&quot;iso&quot;:&quot;0&quot;,&quot;shutter_speed&quot;:&quot;0&quot;,&quot;title&quot;:&quot;&quot;,&quot;orientation&quot;:&quot;1&quot;}\" data-image-title=\"Promedios-Lote-21\" data-image-description=\"\" data-image-caption=\"\" data-large-file=\"https:\/\/i0.wp.com\/lahoradelcampo.com.uy\/site\/wp-content\/uploads\/2023\/08\/Promedios-Lote-21.jpg?fit=810%2C368&amp;ssl=1\" src=\"https:\/\/i0.wp.com\/lahoradelcampo.com.uy\/site\/wp-content\/uploads\/2023\/08\/Promedios-Lote-21.jpg?resize=810%2C368\" alt=\"\" class=\"wp-image-52242\" srcset=\"https:\/\/i0.wp.com\/lahoradelcampo.com.uy\/site\/wp-content\/uploads\/2023\/08\/Promedios-Lote-21.jpg?resize=1024%2C465&amp;ssl=1 1024w, https:\/\/i0.wp.com\/lahoradelcampo.com.uy\/site\/wp-content\/uploads\/2023\/08\/Promedios-Lote-21.jpg?resize=300%2C136&amp;ssl=1 300w, https:\/\/i0.wp.com\/lahoradelcampo.com.uy\/site\/wp-content\/uploads\/2023\/08\/Promedios-Lote-21.jpg?resize=768%2C348&amp;ssl=1 768w, https:\/\/i0.wp.com\/lahoradelcampo.com.uy\/site\/wp-content\/uploads\/2023\/08\/Promedios-Lote-21.jpg?w=1113&amp;ssl=1 1113w\" sizes=\"auto, (max-width: 810px) 100vw, 810px\" \/><\/a><\/figure>\n\n\n\n<p>Salto, 21 de agosto de 2023<\/p>\n","protected":false},"excerpt":{"rendered":"<p>El consorcio de rematadores de Lote 21, tal cual lo ha venido realizando en las \u00faltimas ventas ha salido al interior del pa\u00eds, concretando los d\u00edas mi\u00e9rcoles y jueves, su [&hellip;]<\/p>\n","protected":false},"author":5,"featured_media":4861,"comment_status":"open","ping_status":"open","sticky":false,"template":"","format":"standard","meta":{"_price":"","_stock":"","_tribe_ticket_header":"","_tribe_default_ticket_provider":"","_tribe_ticket_capacity":"0","_ticket_start_date":"","_ticket_end_date":"","_tribe_ticket_show_description":"","_tribe_ticket_show_not_going":false,"_tribe_ticket_use_global_stock":"","_tribe_ticket_global_stock_level":"","_global_stock_mode":"","_global_stock_cap":"","_tribe_rsvp_for_event":"","_tribe_ticket_going_count":"","_tribe_ticket_not_going_count":"","_tribe_tickets_list":"[]","_tribe_ticket_has_attendee_info_fields":false,"h5ap_radio_sources":[],"_jetpack_newsletter_access":"","_jetpack_dont_email_post_to_subs":false,"_jetpack_newsletter_tier_id":0,"_jetpack_memberships_contains_paywalled_content":false,"_jetpack_memberships_contains_paid_content":false,"footnotes":""},"categories":[21,5],"tags":[],"class_list":["post-52240","post","type-post","status-publish","format-standard","has-post-thumbnail","hentry","category-actualidad","category-ganaderia"],"jetpack_featured_media_url":"https:\/\/i0.wp.com\/lahoradelcampo.com.uy\/site\/wp-content\/uploads\/2017\/12\/Lote21.jpg?fit=880%2C440&ssl=1","jetpack_sharing_enabled":true,"jetpack_shortlink":"https:\/\/wp.me\/p99IaT-dAA","jetpack-related-posts":[{"id":30452,"url":"https:\/\/lahoradelcampo.com.uy\/site\/manana-se-realiza-valdez-tv-y-el-modelo-club\/","url_meta":{"origin":52240,"position":0},"title":"Ma\u00f1ana se realiza Valdez TV y el Modelo Club","author":"La Hora del Campo","date":"24 mayo, 2021","format":false,"excerpt":"De una semana movida, con liquidaci\u00f3n en el local Don Tito y ventas de m\u00e1s 1.200 reses en el local Ansina en Tacuaremb\u00f3, la firma Jos\u00e9 A. Valdez & C\u00eda, trabaja para lo que ser\u00e1 el martes, una nueva venta por pantalla y el viernes el retorno a las ventas\u2026","rel":"","context":"En \u00abActualidad\u00bb","block_context":{"text":"Actualidad","link":"https:\/\/lahoradelcampo.com.uy\/site\/category\/actualidad\/"},"img":{"alt_text":"","src":"https:\/\/i0.wp.com\/lahoradelcampo.com.uy\/site\/wp-content\/uploads\/2017\/09\/valdez-tv.jpg?fit=880%2C440&ssl=1&resize=350%2C200","width":350,"height":200,"srcset":"https:\/\/i0.wp.com\/lahoradelcampo.com.uy\/site\/wp-content\/uploads\/2017\/09\/valdez-tv.jpg?fit=880%2C440&ssl=1&resize=350%2C200 1x, https:\/\/i0.wp.com\/lahoradelcampo.com.uy\/site\/wp-content\/uploads\/2017\/09\/valdez-tv.jpg?fit=880%2C440&ssl=1&resize=525%2C300 1.5x, https:\/\/i0.wp.com\/lahoradelcampo.com.uy\/site\/wp-content\/uploads\/2017\/09\/valdez-tv.jpg?fit=880%2C440&ssl=1&resize=700%2C400 2x"},"classes":[]},{"id":39025,"url":"https:\/\/lahoradelcampo.com.uy\/site\/lote-21-concreto-su-remate-171-con-subas-importantes\/","url_meta":{"origin":52240,"position":1},"title":"Lote 21 concret\u00f3 su remate 171 con subas importantes","author":"La Hora del Campo","date":"9 febrero, 2022","format":false,"excerpt":"El consorcio de rematadores de Lote 21 concret\u00f3 ayer su remate 171, el primero del calendario de este 2022, en un contexto de poca oferta y alta demanda, principalmente desde el sur, centro y este del pa\u00eds. Las precipitaciones, salvo en el norte, generaron una demanda importante para la reposici\u00f3n\u2026","rel":"","context":"En \u00abActualidad\u00bb","block_context":{"text":"Actualidad","link":"https:\/\/lahoradelcampo.com.uy\/site\/category\/actualidad\/"},"img":{"alt_text":"","src":"https:\/\/i0.wp.com\/lahoradelcampo.com.uy\/site\/wp-content\/uploads\/2018\/05\/lote21.jpg?fit=880%2C440&ssl=1&resize=350%2C200","width":350,"height":200,"srcset":"https:\/\/i0.wp.com\/lahoradelcampo.com.uy\/site\/wp-content\/uploads\/2018\/05\/lote21.jpg?fit=880%2C440&ssl=1&resize=350%2C200 1x, https:\/\/i0.wp.com\/lahoradelcampo.com.uy\/site\/wp-content\/uploads\/2018\/05\/lote21.jpg?fit=880%2C440&ssl=1&resize=525%2C300 1.5x, https:\/\/i0.wp.com\/lahoradelcampo.com.uy\/site\/wp-content\/uploads\/2018\/05\/lote21.jpg?fit=880%2C440&ssl=1&resize=700%2C400 2x"},"classes":[]},{"id":2851,"url":"https:\/\/lahoradelcampo.com.uy\/site\/lote-21-coloco-el-92-de-la-oferta-en-su-remate-124\/","url_meta":{"origin":52240,"position":2},"title":"Lote 21 coloc\u00f3 el 92% de  la oferta en su remate 124","author":"La Hora del Campo","date":"18 octubre, 2017","format":false,"excerpt":"El consorcio de rematadores de Lote 21 concret\u00f3 en la jornada de ayer su 124 remate por pantalla desde el Hip\u00f3dromo de Maro\u00f1as y a trav\u00e9s de los diferentes telecentros de venta en el interior del pa\u00eds. La oferta de ganados de reposici\u00f3n en esta venta se logr\u00f3 colocar en\u2026","rel":"","context":"En \u00abActualidad\u00bb","block_context":{"text":"Actualidad","link":"https:\/\/lahoradelcampo.com.uy\/site\/category\/actualidad\/"},"img":{"alt_text":"","src":"https:\/\/i0.wp.com\/lahoradelcampo.com.uy\/site\/wp-content\/uploads\/2017\/10\/Lote21.jpg?fit=880%2C440&ssl=1&resize=350%2C200","width":350,"height":200,"srcset":"https:\/\/i0.wp.com\/lahoradelcampo.com.uy\/site\/wp-content\/uploads\/2017\/10\/Lote21.jpg?fit=880%2C440&ssl=1&resize=350%2C200 1x, https:\/\/i0.wp.com\/lahoradelcampo.com.uy\/site\/wp-content\/uploads\/2017\/10\/Lote21.jpg?fit=880%2C440&ssl=1&resize=525%2C300 1.5x, https:\/\/i0.wp.com\/lahoradelcampo.com.uy\/site\/wp-content\/uploads\/2017\/10\/Lote21.jpg?fit=880%2C440&ssl=1&resize=700%2C400 2x"},"classes":[]},{"id":39647,"url":"https:\/\/lahoradelcampo.com.uy\/site\/agilidad-en-las-ventas-de-valdez-cia-ayer-en-valentin\/","url_meta":{"origin":52240,"position":3},"title":"Agilidad en las ventas de Valdez &#038; C\u00eda ayer en Valent\u00edn","author":"La Hora del Campo","date":"9 marzo, 2022","format":false,"excerpt":"En la jornada de ayer, la firma Jos\u00e9 A. Valdez & C\u00eda, realiz\u00f3 su remate del mes de marzo en el local de la Asociaci\u00f3n Fomento Rural de Valent\u00edn, con una oferta que se vio disminuida tanto en vacunos como ovinos, debido a las precipitaciones y algunos pasos crecidos en\u2026","rel":"","context":"En \u00abActualidad\u00bb","block_context":{"text":"Actualidad","link":"https:\/\/lahoradelcampo.com.uy\/site\/category\/actualidad\/"},"img":{"alt_text":"","src":"https:\/\/i0.wp.com\/lahoradelcampo.com.uy\/site\/wp-content\/uploads\/2021\/02\/valdez.jpg?fit=880%2C440&ssl=1&resize=350%2C200","width":350,"height":200,"srcset":"https:\/\/i0.wp.com\/lahoradelcampo.com.uy\/site\/wp-content\/uploads\/2021\/02\/valdez.jpg?fit=880%2C440&ssl=1&resize=350%2C200 1x, https:\/\/i0.wp.com\/lahoradelcampo.com.uy\/site\/wp-content\/uploads\/2021\/02\/valdez.jpg?fit=880%2C440&ssl=1&resize=525%2C300 1.5x, https:\/\/i0.wp.com\/lahoradelcampo.com.uy\/site\/wp-content\/uploads\/2021\/02\/valdez.jpg?fit=880%2C440&ssl=1&resize=700%2C400 2x"},"classes":[]},{"id":34663,"url":"https:\/\/lahoradelcampo.com.uy\/site\/rvn-agilidad-y-dinamica-tanto-en-vacunos-como-ovinos\/","url_meta":{"origin":52240,"position":4},"title":"RVN: agilidad y din\u00e1mica tanto en vacunos como ovinos","author":"La Hora del Campo","date":"27 septiembre, 2021","format":false,"excerpt":"Con el retorno a la presencialidad, la d\u00e9cima primera edici\u00f3n del Remate Virtual del Norte, desde la parrillada El Port\u00f3n, se desarroll\u00f3 con dinamismo y agilidad tanto en ovinos como en vacunos. Los escritorios Enrique Beriau, Azanza & Migliaro y El Estribo, colocaron el 100% de la oferta de vacunos\u2026","rel":"","context":"En \u00abActualidad\u00bb","block_context":{"text":"Actualidad","link":"https:\/\/lahoradelcampo.com.uy\/site\/category\/actualidad\/"},"img":{"alt_text":"","src":"https:\/\/i0.wp.com\/lahoradelcampo.com.uy\/site\/wp-content\/uploads\/2021\/09\/RVN-setiembre.jpg?fit=880%2C440&ssl=1&resize=350%2C200","width":350,"height":200,"srcset":"https:\/\/i0.wp.com\/lahoradelcampo.com.uy\/site\/wp-content\/uploads\/2021\/09\/RVN-setiembre.jpg?fit=880%2C440&ssl=1&resize=350%2C200 1x, https:\/\/i0.wp.com\/lahoradelcampo.com.uy\/site\/wp-content\/uploads\/2021\/09\/RVN-setiembre.jpg?fit=880%2C440&ssl=1&resize=525%2C300 1.5x, https:\/\/i0.wp.com\/lahoradelcampo.com.uy\/site\/wp-content\/uploads\/2021\/09\/RVN-setiembre.jpg?fit=880%2C440&ssl=1&resize=700%2C400 2x"},"classes":[]},{"id":18820,"url":"https:\/\/lahoradelcampo.com.uy\/site\/francisco-canepa-tenemos-16-000-terneros-en-plaza-rural\/","url_meta":{"origin":52240,"position":5},"title":"Francisco C\u00e1nepa: \u00abtenemos 16.000 terneros en Plaza Rural\u00bb","author":"La Hora del Campo","date":"13 abril, 2020","format":false,"excerpt":"El consorcio de rematadores de Plaza Rural decidi\u00f3 adelantar su pr\u00f3xima venta y ha concretado una oferta \"extraordinaria\" para esta oportunidad, \"la segunda oferta m\u00e1s importante que ha tenido el grupo en su historia\" dijo el martillero Francisco C\u00e1nepa. La oferta del remate 219, que incluye Plaza Braford, se ha\u2026","rel":"","context":"En \u00abActualidad\u00bb","block_context":{"text":"Actualidad","link":"https:\/\/lahoradelcampo.com.uy\/site\/category\/actualidad\/"},"img":{"alt_text":"","src":"https:\/\/i0.wp.com\/lahoradelcampo.com.uy\/site\/wp-content\/uploads\/2017\/12\/Canepa.jpg?fit=880%2C440&ssl=1&resize=350%2C200","width":350,"height":200,"srcset":"https:\/\/i0.wp.com\/lahoradelcampo.com.uy\/site\/wp-content\/uploads\/2017\/12\/Canepa.jpg?fit=880%2C440&ssl=1&resize=350%2C200 1x, https:\/\/i0.wp.com\/lahoradelcampo.com.uy\/site\/wp-content\/uploads\/2017\/12\/Canepa.jpg?fit=880%2C440&ssl=1&resize=525%2C300 1.5x, https:\/\/i0.wp.com\/lahoradelcampo.com.uy\/site\/wp-content\/uploads\/2017\/12\/Canepa.jpg?fit=880%2C440&ssl=1&resize=700%2C400 2x"},"classes":[]}],"jetpack_likes_enabled":true,"_links":{"self":[{"href":"https:\/\/lahoradelcampo.com.uy\/site\/wp-json\/wp\/v2\/posts\/52240","targetHints":{"allow":["GET"]}}],"collection":[{"href":"https:\/\/lahoradelcampo.com.uy\/site\/wp-json\/wp\/v2\/posts"}],"about":[{"href":"https:\/\/lahoradelcampo.com.uy\/site\/wp-json\/wp\/v2\/types\/post"}],"author":[{"embeddable":true,"href":"https:\/\/lahoradelcampo.com.uy\/site\/wp-json\/wp\/v2\/users\/5"}],"replies":[{"embeddable":true,"href":"https:\/\/lahoradelcampo.com.uy\/site\/wp-json\/wp\/v2\/comments?post=52240"}],"version-history":[{"count":1,"href":"https:\/\/lahoradelcampo.com.uy\/site\/wp-json\/wp\/v2\/posts\/52240\/revisions"}],"predecessor-version":[{"id":52244,"href":"https:\/\/lahoradelcampo.com.uy\/site\/wp-json\/wp\/v2\/posts\/52240\/revisions\/52244"}],"wp:featuredmedia":[{"embeddable":true,"href":"https:\/\/lahoradelcampo.com.uy\/site\/wp-json\/wp\/v2\/media\/4861"}],"wp:attachment":[{"href":"https:\/\/lahoradelcampo.com.uy\/site\/wp-json\/wp\/v2\/media?parent=52240"}],"wp:term":[{"taxonomy":"category","embeddable":true,"href":"https:\/\/lahoradelcampo.com.uy\/site\/wp-json\/wp\/v2\/categories?post=52240"},{"taxonomy":"post_tag","embeddable":true,"href":"https:\/\/lahoradelcampo.com.uy\/site\/wp-json\/wp\/v2\/tags?post=52240"}],"curies":[{"name":"wp","href":"https:\/\/api.w.org\/{rel}","templated":true}]}}