{"id":52236,"date":"2023-08-21T13:59:58","date_gmt":"2023-08-21T16:59:58","guid":{"rendered":"http:\/\/lahoradelcampo.com.uy\/site\/?p=52236"},"modified":"2023-08-21T14:00:40","modified_gmt":"2023-08-21T17:00:40","slug":"ovinos-subas-en-la-referencia-del-cordero","status":"publish","type":"post","link":"https:\/\/lahoradelcampo.com.uy\/site\/ovinos-subas-en-la-referencia-del-cordero\/","title":{"rendered":"Ovinos: Subas en la referencia del cordero"},"content":{"rendered":"\n<figure class=\"wp-block-image size-full\"><a href=\"https:\/\/i0.wp.com\/lahoradelcampo.com.uy\/site\/wp-content\/uploads\/2017\/09\/Ovinos.jpg\"><img data-recalc-dims=\"1\" loading=\"lazy\" decoding=\"async\" width=\"810\" height=\"405\" data-attachment-id=\"1921\" data-permalink=\"https:\/\/lahoradelcampo.com.uy\/site\/salto-es-el-departamento-con-mayor-cantidad-de-ovinos-en-el-pais\/ovinos\/\" data-orig-file=\"https:\/\/i0.wp.com\/lahoradelcampo.com.uy\/site\/wp-content\/uploads\/2017\/09\/Ovinos.jpg?fit=880%2C440&amp;ssl=1\" data-orig-size=\"880,440\" data-comments-opened=\"1\" data-image-meta=\"{&quot;aperture&quot;:&quot;0&quot;,&quot;credit&quot;:&quot;Vicente-Manuel-Tort&quot;,&quot;camera&quot;:&quot;&quot;,&quot;caption&quot;:&quot;&quot;,&quot;created_timestamp&quot;:&quot;0&quot;,&quot;copyright&quot;:&quot;Presidencia de la Republica - Sec.Com.Inst.&quot;,&quot;focal_length&quot;:&quot;0&quot;,&quot;iso&quot;:&quot;0&quot;,&quot;shutter_speed&quot;:&quot;0&quot;,&quot;title&quot;:&quot;&quot;,&quot;orientation&quot;:&quot;1&quot;}\" data-image-title=\"Ovinos\" data-image-description=\"\" data-image-caption=\"\" data-large-file=\"https:\/\/i0.wp.com\/lahoradelcampo.com.uy\/site\/wp-content\/uploads\/2017\/09\/Ovinos.jpg?fit=810%2C405&amp;ssl=1\" src=\"https:\/\/i0.wp.com\/lahoradelcampo.com.uy\/site\/wp-content\/uploads\/2017\/09\/Ovinos.jpg?resize=810%2C405\" alt=\"\" class=\"wp-image-1921\" srcset=\"https:\/\/i0.wp.com\/lahoradelcampo.com.uy\/site\/wp-content\/uploads\/2017\/09\/Ovinos.jpg?w=880&amp;ssl=1 880w, https:\/\/i0.wp.com\/lahoradelcampo.com.uy\/site\/wp-content\/uploads\/2017\/09\/Ovinos.jpg?resize=300%2C150&amp;ssl=1 300w, https:\/\/i0.wp.com\/lahoradelcampo.com.uy\/site\/wp-content\/uploads\/2017\/09\/Ovinos.jpg?resize=768%2C384&amp;ssl=1 768w, https:\/\/i0.wp.com\/lahoradelcampo.com.uy\/site\/wp-content\/uploads\/2017\/09\/Ovinos.jpg?resize=820%2C410&amp;ssl=1 820w\" sizes=\"auto, (max-width: 810px) 100vw, 810px\" \/><\/a><\/figure>\n\n\n\n<p>El mercado de la carne ovina en Uruguay ha presentado movimientos diversos en los precios de sus categor\u00edas, seg\u00fan los informes recientes publicados por el Secretariado Uruguayo de la Lana (SUL). En este contexto, se han observado alzas en los corderos destinados a la industria, mientras que el mercado de lanas experimenta una operativa limitada.<\/p>\n\n\n\n<p>En lo que respecta a la carne ovina, la semana ha sido caracterizada por fluctuaciones en los precios de distintas categor\u00edas. En particular, se ha registrado una disminuci\u00f3n del 3% en los precios de los borregos, seguido de una ca\u00edda del 1,3% en las ovejas y del 0,7% en los corderos pesados. <\/p>\n\n\n\n<p>Contrariamente, los valores de los capones han incrementado en un 1,2%, y los corderos de hasta 35 kg han presentado un aumento del 0,3%. En t\u00e9rminos de referencia de precios, el informe del SUL establece que las ovejas se cotizan a US$ 2,35, los corderos hasta 35 kilos a US$ 2,93, los corderos pesados a US$ 2,91, los capones a US$ 2,44 y los borregos a US$ 2,88.<\/p>\n\n\n\n<p>Lanas<\/p>\n\n\n\n<p>Por otro lado, en el mercado lanero se han identificado diversos lotes con caracter\u00edsticas espec\u00edficas. Un lote Merino de 4.000 kilos con 20 micras, acondicionado con grifa verde y certificaci\u00f3n RWS, ha presentado un rendimiento al lavado del 76,9% y un precio de US$ 5,75 por vell\u00f3n, m\u00e1s US$ 1 por subproductos, con un plazo de 60 d\u00edas. <\/p>\n\n\n\n<p>Asimismo, un lote Merino de 25.000 kilos con 20,4 micras, acondicionado con grifa verde, ha tenido un rendimiento al lavado del 78%, cotizando el vell\u00f3n a US$ 5,5 y los subproductos a US$ 0,8, con un plazo de 90 d\u00edas. Otro lote Merino de 2.500 kilos con 21,5 micras, acondicionado con grifa verde, ha mostrado un rendimiento al lavado del 77,2%, con un precio de US$ 4,25 para el vell\u00f3n y US$ 0,80 para subproductos, en un plazo de 45 d\u00edas.<br><\/p>\n\n\n\n<p>En el caso de un lote Ideal de 3.500 kg con 23,7 micras, acondicionado con grifa verde y sin informaci\u00f3n de rendimiento al lavado, se ha valorado el vell\u00f3n en US$ 2,60 y los subproductos en US$ 0,6, con un plazo de 60 d\u00edas.<br><\/p>\n\n\n\n<p>Para los lotes de lana Corriedale, con micrajes de 27,5 a 28,8, se han observado variaciones en el rendimiento al lavado y en los precios. Un lote de 9.000 kg con 27,5 micras y un rendimiento del 80,2% se cotiza a US$ 0,7 para el vell\u00f3n y US$ 0,3 para subproductos, con pago en octubre de 2023. Otro lote de 10.000 kg con 28 micras y sin informaci\u00f3n de rendimiento al lavado se ha valuado en US$ 0,9 para el vell\u00f3n y US$ 0,45 para subproductos, con un plazo de 60 d\u00edas.<\/p>\n\n\n\n<p>Salto, 21 de agosto de 2023<\/p>\n","protected":false},"excerpt":{"rendered":"<p>El mercado de la carne ovina en Uruguay ha presentado movimientos diversos en los precios de sus categor\u00edas, seg\u00fan los informes recientes publicados por el Secretariado Uruguayo de la Lana [&hellip;]<\/p>\n","protected":false},"author":5,"featured_media":1921,"comment_status":"open","ping_status":"open","sticky":false,"template":"","format":"standard","meta":{"_price":"","_stock":"","_tribe_ticket_header":"","_tribe_default_ticket_provider":"","_tribe_ticket_capacity":"0","_ticket_start_date":"","_ticket_end_date":"","_tribe_ticket_show_description":"","_tribe_ticket_show_not_going":false,"_tribe_ticket_use_global_stock":"","_tribe_ticket_global_stock_level":"","_global_stock_mode":"","_global_stock_cap":"","_tribe_rsvp_for_event":"","_tribe_ticket_going_count":"","_tribe_ticket_not_going_count":"","_tribe_tickets_list":"[]","_tribe_ticket_has_attendee_info_fields":false,"h5ap_radio_sources":[],"_jetpack_newsletter_access":"","_jetpack_dont_email_post_to_subs":false,"_jetpack_newsletter_tier_id":0,"_jetpack_memberships_contains_paywalled_content":false,"_jetpack_memberships_contains_paid_content":false,"footnotes":""},"categories":[21,13],"tags":[],"class_list":["post-52236","post","type-post","status-publish","format-standard","has-post-thumbnail","hentry","category-actualidad","category-ovinos"],"jetpack_featured_media_url":"https:\/\/i0.wp.com\/lahoradelcampo.com.uy\/site\/wp-content\/uploads\/2017\/09\/Ovinos.jpg?fit=880%2C440&ssl=1","jetpack_sharing_enabled":true,"jetpack_shortlink":"https:\/\/wp.me\/p99IaT-dAw","jetpack-related-posts":[{"id":13226,"url":"https:\/\/lahoradelcampo.com.uy\/site\/mercado-de-carne-ovina-con-baja-faena-y-precios-firmes\/","url_meta":{"origin":52236,"position":0},"title":"Mercado de carne ovina con baja faena y precios firmes","author":"La Hora del Campo","date":"2 agosto, 2019","format":false,"excerpt":"El mercado de carne ovina mantiene un bajo nivel de oferta de ovinos gordos para faena, lo cual marca un descenso en la actividad industrial en lo que va de 2019, respecto al a\u00f1o pasado. Hasta el pasado 27 de julio, la faena de ovinos descendi\u00f3 un 26,3% de acuerdo\u2026","rel":"","context":"En \u00abActualidad\u00bb","block_context":{"text":"Actualidad","link":"https:\/\/lahoradelcampo.com.uy\/site\/category\/actualidad\/"},"img":{"alt_text":"","src":"https:\/\/i0.wp.com\/lahoradelcampo.com.uy\/site\/wp-content\/uploads\/2018\/05\/ovinos.jpg?fit=880%2C440&ssl=1&resize=350%2C200","width":350,"height":200,"srcset":"https:\/\/i0.wp.com\/lahoradelcampo.com.uy\/site\/wp-content\/uploads\/2018\/05\/ovinos.jpg?fit=880%2C440&ssl=1&resize=350%2C200 1x, https:\/\/i0.wp.com\/lahoradelcampo.com.uy\/site\/wp-content\/uploads\/2018\/05\/ovinos.jpg?fit=880%2C440&ssl=1&resize=525%2C300 1.5x, https:\/\/i0.wp.com\/lahoradelcampo.com.uy\/site\/wp-content\/uploads\/2018\/05\/ovinos.jpg?fit=880%2C440&ssl=1&resize=700%2C400 2x"},"classes":[]},{"id":45897,"url":"https:\/\/lahoradelcampo.com.uy\/site\/dos-frigorificos-manejan-la-industria-de-la-carne-ovina-y-eso-no-es-bueno\/","url_meta":{"origin":52236,"position":1},"title":"Dos frigor\u00edficos manejan la industria de la carne ovina y eso no es bueno","author":"La Hora del Campo","date":"28 septiembre, 2022","format":false,"excerpt":"El frigor\u00edfico Dayman Meat (Sidercol) trabaja en la faena de ovinos, con destino a Brasil y mercado interno. El Cr. Sebasti\u00e1n Juanena, integrante de la firma, indic\u00f3 que en setiembre del a\u00f1o pasado la planta fue adquirida por capitales brasile\u00f1os y ha procesado hasta el momento 100.000 animales, en una\u2026","rel":"","context":"En \u00abActualidad\u00bb","block_context":{"text":"Actualidad","link":"https:\/\/lahoradelcampo.com.uy\/site\/category\/actualidad\/"},"img":{"alt_text":"","src":"https:\/\/i0.wp.com\/lahoradelcampo.com.uy\/site\/wp-content\/uploads\/2022\/09\/SebastianJuanena.jpg?fit=880%2C440&ssl=1&resize=350%2C200","width":350,"height":200,"srcset":"https:\/\/i0.wp.com\/lahoradelcampo.com.uy\/site\/wp-content\/uploads\/2022\/09\/SebastianJuanena.jpg?fit=880%2C440&ssl=1&resize=350%2C200 1x, https:\/\/i0.wp.com\/lahoradelcampo.com.uy\/site\/wp-content\/uploads\/2022\/09\/SebastianJuanena.jpg?fit=880%2C440&ssl=1&resize=525%2C300 1.5x, https:\/\/i0.wp.com\/lahoradelcampo.com.uy\/site\/wp-content\/uploads\/2022\/09\/SebastianJuanena.jpg?fit=880%2C440&ssl=1&resize=700%2C400 2x"},"classes":[]},{"id":53913,"url":"https:\/\/lahoradelcampo.com.uy\/site\/ovinos-faena-y-exportaciones-caen-mientras-el-precio-del-cordero-sube\/","url_meta":{"origin":52236,"position":2},"title":"Ovinos: Faena y exportaciones caen, mientras el precio del cordero sube","author":"La Hora del Campo","date":"25 mayo, 2024","format":false,"excerpt":"Seg\u00fan los datos del Instituto Nacional de Carnes (INAC), los precios del ovino presentan un incremento del 8% en el caso del cordero y del 5% en la oveja respecto a 2023, mientras que tanto la tonelada exportada como los precios en el abasto interno tambi\u00e9n descienden. Faena En lo\u2026","rel":"","context":"En \u00abActualidad\u00bb","block_context":{"text":"Actualidad","link":"https:\/\/lahoradelcampo.com.uy\/site\/category\/actualidad\/"},"img":{"alt_text":"","src":"https:\/\/i0.wp.com\/lahoradelcampo.com.uy\/site\/wp-content\/uploads\/2024\/05\/Ovinos-campo.jpg?fit=880%2C440&ssl=1&resize=350%2C200","width":350,"height":200,"srcset":"https:\/\/i0.wp.com\/lahoradelcampo.com.uy\/site\/wp-content\/uploads\/2024\/05\/Ovinos-campo.jpg?fit=880%2C440&ssl=1&resize=350%2C200 1x, https:\/\/i0.wp.com\/lahoradelcampo.com.uy\/site\/wp-content\/uploads\/2024\/05\/Ovinos-campo.jpg?fit=880%2C440&ssl=1&resize=525%2C300 1.5x, https:\/\/i0.wp.com\/lahoradelcampo.com.uy\/site\/wp-content\/uploads\/2024\/05\/Ovinos-campo.jpg?fit=880%2C440&ssl=1&resize=700%2C400 2x"},"classes":[]},{"id":35135,"url":"https:\/\/lahoradelcampo.com.uy\/site\/en-un-ano-de-aumento-de-la-faena-ovina-durante-setiembre-cayo-un-17\/","url_meta":{"origin":52236,"position":3},"title":"En un a\u00f1o de aumento de la faena ovina, durante setiembre cay\u00f3 un 17%","author":"La Hora del Campo","date":"6 octubre, 2021","format":false,"excerpt":"2021 es el indiscutido a\u00f1o de la carne ovina gracias a la fuerte demanda de China, que ha impulsado la faena y los precios en todas las categor\u00edas. El volumen faenado ha crecido un 78,2% desde el mes de enero, en comparaci\u00f3n con 2020. Sin embargo esa voracidad que gener\u00f3\u2026","rel":"","context":"En \u00abActualidad\u00bb","block_context":{"text":"Actualidad","link":"https:\/\/lahoradelcampo.com.uy\/site\/category\/actualidad\/"},"img":{"alt_text":"","src":"https:\/\/i0.wp.com\/lahoradelcampo.com.uy\/site\/wp-content\/uploads\/2018\/05\/ovinos.jpg?fit=880%2C440&ssl=1&resize=350%2C200","width":350,"height":200,"srcset":"https:\/\/i0.wp.com\/lahoradelcampo.com.uy\/site\/wp-content\/uploads\/2018\/05\/ovinos.jpg?fit=880%2C440&ssl=1&resize=350%2C200 1x, https:\/\/i0.wp.com\/lahoradelcampo.com.uy\/site\/wp-content\/uploads\/2018\/05\/ovinos.jpg?fit=880%2C440&ssl=1&resize=525%2C300 1.5x, https:\/\/i0.wp.com\/lahoradelcampo.com.uy\/site\/wp-content\/uploads\/2018\/05\/ovinos.jpg?fit=880%2C440&ssl=1&resize=700%2C400 2x"},"classes":[]},{"id":55173,"url":"https:\/\/lahoradelcampo.com.uy\/site\/precios-del-ovino-siguen-al-alza-en-el-mercado-interno\/","url_meta":{"origin":52236,"position":4},"title":"Precios del ovino siguen al alza en el mercado interno","author":"La Hora del Campo","date":"29 noviembre, 2024","format":false,"excerpt":"Durante la semana del 17 al 23 de noviembre de 2024, el mercado interno del ovino present\u00f3 un aumento en los precios de casi todas las categor\u00edas, seg\u00fan el informe de la Asociaci\u00f3n de Consignatarios de Ganado (ACG). El precio del cordero pesado alcanz\u00f3 los 4,15 d\u00f3lares por kilo, mientras\u2026","rel":"","context":"En \u00abActualidad\u00bb","block_context":{"text":"Actualidad","link":"https:\/\/lahoradelcampo.com.uy\/site\/category\/actualidad\/"},"img":{"alt_text":"","src":"https:\/\/i0.wp.com\/lahoradelcampo.com.uy\/site\/wp-content\/uploads\/2023\/07\/SUL-Ovinos.jpg?fit=880%2C440&ssl=1&resize=350%2C200","width":350,"height":200,"srcset":"https:\/\/i0.wp.com\/lahoradelcampo.com.uy\/site\/wp-content\/uploads\/2023\/07\/SUL-Ovinos.jpg?fit=880%2C440&ssl=1&resize=350%2C200 1x, https:\/\/i0.wp.com\/lahoradelcampo.com.uy\/site\/wp-content\/uploads\/2023\/07\/SUL-Ovinos.jpg?fit=880%2C440&ssl=1&resize=525%2C300 1.5x, https:\/\/i0.wp.com\/lahoradelcampo.com.uy\/site\/wp-content\/uploads\/2023\/07\/SUL-Ovinos.jpg?fit=880%2C440&ssl=1&resize=700%2C400 2x"},"classes":[]},{"id":4041,"url":"https:\/\/lahoradelcampo.com.uy\/site\/el-distribuidor-de-carne-ovina-en-eeuu-es-productor-en-nueva-zelanda\/","url_meta":{"origin":52236,"position":5},"title":"El distribuidor de carne ovina en  EEUU es productor en Nueva Zelanda","author":"La Hora del Campo","date":"17 noviembre, 2017","format":false,"excerpt":"El trabajo realizado por Uruguay para alcanzar el ingreso de carne ovina con hueso al mercado estadounidense, fue poco a poco alcanzando varios logros en el camino. Se debe recordar la habilitaci\u00f3n de la figura del compartimento para esta especie y \"a la uruguaya\", como dice el Dr. Jorge Bonino,\u2026","rel":"","context":"En \u00abActualidad\u00bb","block_context":{"text":"Actualidad","link":"https:\/\/lahoradelcampo.com.uy\/site\/category\/actualidad\/"},"img":{"alt_text":"","src":"https:\/\/i0.wp.com\/lahoradelcampo.com.uy\/site\/wp-content\/uploads\/2017\/11\/Santos.jpg?fit=880%2C440&ssl=1&resize=350%2C200","width":350,"height":200,"srcset":"https:\/\/i0.wp.com\/lahoradelcampo.com.uy\/site\/wp-content\/uploads\/2017\/11\/Santos.jpg?fit=880%2C440&ssl=1&resize=350%2C200 1x, https:\/\/i0.wp.com\/lahoradelcampo.com.uy\/site\/wp-content\/uploads\/2017\/11\/Santos.jpg?fit=880%2C440&ssl=1&resize=525%2C300 1.5x, https:\/\/i0.wp.com\/lahoradelcampo.com.uy\/site\/wp-content\/uploads\/2017\/11\/Santos.jpg?fit=880%2C440&ssl=1&resize=700%2C400 2x"},"classes":[]}],"jetpack_likes_enabled":true,"_links":{"self":[{"href":"https:\/\/lahoradelcampo.com.uy\/site\/wp-json\/wp\/v2\/posts\/52236","targetHints":{"allow":["GET"]}}],"collection":[{"href":"https:\/\/lahoradelcampo.com.uy\/site\/wp-json\/wp\/v2\/posts"}],"about":[{"href":"https:\/\/lahoradelcampo.com.uy\/site\/wp-json\/wp\/v2\/types\/post"}],"author":[{"embeddable":true,"href":"https:\/\/lahoradelcampo.com.uy\/site\/wp-json\/wp\/v2\/users\/5"}],"replies":[{"embeddable":true,"href":"https:\/\/lahoradelcampo.com.uy\/site\/wp-json\/wp\/v2\/comments?post=52236"}],"version-history":[{"count":1,"href":"https:\/\/lahoradelcampo.com.uy\/site\/wp-json\/wp\/v2\/posts\/52236\/revisions"}],"predecessor-version":[{"id":52238,"href":"https:\/\/lahoradelcampo.com.uy\/site\/wp-json\/wp\/v2\/posts\/52236\/revisions\/52238"}],"wp:featuredmedia":[{"embeddable":true,"href":"https:\/\/lahoradelcampo.com.uy\/site\/wp-json\/wp\/v2\/media\/1921"}],"wp:attachment":[{"href":"https:\/\/lahoradelcampo.com.uy\/site\/wp-json\/wp\/v2\/media?parent=52236"}],"wp:term":[{"taxonomy":"category","embeddable":true,"href":"https:\/\/lahoradelcampo.com.uy\/site\/wp-json\/wp\/v2\/categories?post=52236"},{"taxonomy":"post_tag","embeddable":true,"href":"https:\/\/lahoradelcampo.com.uy\/site\/wp-json\/wp\/v2\/tags?post=52236"}],"curies":[{"name":"wp","href":"https:\/\/api.w.org\/{rel}","templated":true}]}}