{"id":51600,"date":"2023-07-02T19:43:14","date_gmt":"2023-07-02T22:43:14","guid":{"rendered":"http:\/\/lahoradelcampo.com.uy\/site\/?p=51600"},"modified":"2023-07-02T19:43:40","modified_gmt":"2023-07-02T22:43:40","slug":"el-porcentaje-de-prenez-cayo-9-puntos-este-ano-se-situo-en-712","status":"publish","type":"post","link":"https:\/\/lahoradelcampo.com.uy\/site\/el-porcentaje-de-prenez-cayo-9-puntos-este-ano-se-situo-en-712\/","title":{"rendered":"El porcentaje de pre\u00f1ez cay\u00f3 9 puntos este a\u00f1o, se situ\u00f3 en 71,2%"},"content":{"rendered":"\n<figure class=\"wp-block-image size-full\"><a href=\"https:\/\/i0.wp.com\/lahoradelcampo.com.uy\/site\/wp-content\/uploads\/2023\/07\/INIA-prenez-2023.jpg\"><img data-recalc-dims=\"1\" loading=\"lazy\" decoding=\"async\" width=\"810\" height=\"405\" data-attachment-id=\"51602\" data-permalink=\"https:\/\/lahoradelcampo.com.uy\/site\/el-porcentaje-de-prenez-cayo-9-puntos-este-ano-se-situo-en-712\/inia-prenez-2023\/\" data-orig-file=\"https:\/\/i0.wp.com\/lahoradelcampo.com.uy\/site\/wp-content\/uploads\/2023\/07\/INIA-prenez-2023.jpg?fit=880%2C440&amp;ssl=1\" data-orig-size=\"880,440\" data-comments-opened=\"1\" data-image-meta=\"{&quot;aperture&quot;:&quot;0&quot;,&quot;credit&quot;:&quot;&quot;,&quot;camera&quot;:&quot;&quot;,&quot;caption&quot;:&quot;&quot;,&quot;created_timestamp&quot;:&quot;0&quot;,&quot;copyright&quot;:&quot;&quot;,&quot;focal_length&quot;:&quot;0&quot;,&quot;iso&quot;:&quot;0&quot;,&quot;shutter_speed&quot;:&quot;0&quot;,&quot;title&quot;:&quot;&quot;,&quot;orientation&quot;:&quot;1&quot;}\" data-image-title=\"INIA-pre\u00f1ez 2023\" data-image-description=\"\" data-image-caption=\"\" data-large-file=\"https:\/\/i0.wp.com\/lahoradelcampo.com.uy\/site\/wp-content\/uploads\/2023\/07\/INIA-prenez-2023.jpg?fit=810%2C405&amp;ssl=1\" src=\"https:\/\/i0.wp.com\/lahoradelcampo.com.uy\/site\/wp-content\/uploads\/2023\/07\/INIA-prenez-2023.jpg?resize=810%2C405\" alt=\"\" class=\"wp-image-51602\" srcset=\"https:\/\/i0.wp.com\/lahoradelcampo.com.uy\/site\/wp-content\/uploads\/2023\/07\/INIA-prenez-2023.jpg?w=880&amp;ssl=1 880w, https:\/\/i0.wp.com\/lahoradelcampo.com.uy\/site\/wp-content\/uploads\/2023\/07\/INIA-prenez-2023.jpg?resize=300%2C150&amp;ssl=1 300w, https:\/\/i0.wp.com\/lahoradelcampo.com.uy\/site\/wp-content\/uploads\/2023\/07\/INIA-prenez-2023.jpg?resize=768%2C384&amp;ssl=1 768w, https:\/\/i0.wp.com\/lahoradelcampo.com.uy\/site\/wp-content\/uploads\/2023\/07\/INIA-prenez-2023.jpg?resize=820%2C410&amp;ssl=1 820w\" sizes=\"auto, (max-width: 810px) 100vw, 810px\" \/><\/a><\/figure>\n\n\n\n<p>El Instituto Nacional de Investigaci\u00f3n Agropecuaria (INIA) llev\u00f3 a cabo en Treinta y Tres el \u00abXXI Taller de an\u00e1lisis de los diagn\u00f3sticos de gestaci\u00f3n en vacunos\u00bb. Durante la jornada, se analiz\u00f3 el estado de pre\u00f1ez de 388.000 vacas diagnosticadas por profesionales veterinarios, y se obtuvo un porcentaje de pre\u00f1ez del 71,2% a nivel nacional.<\/p>\n\n\n\n<p>Este resultado refleja una disminuci\u00f3n de 9 puntos en comparaci\u00f3n con el a\u00f1o 2022. A nivel departamental, Lavalleja registr\u00f3 el menor porcentaje de pre\u00f1ez, con un 59,1% de un total de 13.209 vacas diagnosticadas. En la zona Este del pa\u00eds, se alcanz\u00f3 un 69,8% de pre\u00f1ez.<\/p>\n\n\n\n<p>En el norte del pa\u00eds, espec\u00edficamente en el departamento de Artigas, se diagnosticaron 44.172 vacas, obteniendo un 60,3% de pre\u00f1ez. En conjunto con otros departamentos de la regi\u00f3n norte, se alcanz\u00f3 un 70,6% de pre\u00f1ez. <\/p>\n\n\n\n<p>Por su parte, en el Centro-Sur del pa\u00eds, el porcentaje de pre\u00f1ez fue del 72,8%.<\/p>\n\n\n\n<p>En el caso del departamento de Salto, se diagnosticaron 35.859 vacas y se obtuvo un porcentaje de pre\u00f1ez del 70,9%. En comparaci\u00f3n con los datos de 2022, la pre\u00f1ez en el departamento registr\u00f3 un descenso de seis puntos.<\/p>\n\n\n\n<p>Estos resultados muestran variaciones significativas en los \u00edndices de pre\u00f1ez a lo largo del territorio nacional, lo que evidencia la importancia de analizar y comprender los factores que influyen en la reproducci\u00f3n de los vacunos en diferentes regiones del pa\u00eds, y tomar las decisiones necesarias en el momento adecuado. <\/p>\n\n\n<div class=\"wp-block-image\">\n<figure class=\"aligncenter size-full is-resized\"><a href=\"https:\/\/i0.wp.com\/lahoradelcampo.com.uy\/site\/wp-content\/uploads\/2023\/07\/Prenez-2023-OK.jpg\"><img data-recalc-dims=\"1\" loading=\"lazy\" decoding=\"async\" data-attachment-id=\"51604\" data-permalink=\"https:\/\/lahoradelcampo.com.uy\/site\/el-porcentaje-de-prenez-cayo-9-puntos-este-ano-se-situo-en-712\/prenez-2023-ok\/\" data-orig-file=\"https:\/\/i0.wp.com\/lahoradelcampo.com.uy\/site\/wp-content\/uploads\/2023\/07\/Prenez-2023-OK.jpg?fit=797%2C561&amp;ssl=1\" data-orig-size=\"797,561\" data-comments-opened=\"1\" data-image-meta=\"{&quot;aperture&quot;:&quot;0&quot;,&quot;credit&quot;:&quot;&quot;,&quot;camera&quot;:&quot;&quot;,&quot;caption&quot;:&quot;&quot;,&quot;created_timestamp&quot;:&quot;0&quot;,&quot;copyright&quot;:&quot;&quot;,&quot;focal_length&quot;:&quot;0&quot;,&quot;iso&quot;:&quot;0&quot;,&quot;shutter_speed&quot;:&quot;0&quot;,&quot;title&quot;:&quot;&quot;,&quot;orientation&quot;:&quot;0&quot;}\" data-image-title=\"Pre\u00f1ez 2023 OK\" data-image-description=\"\" data-image-caption=\"\" data-large-file=\"https:\/\/i0.wp.com\/lahoradelcampo.com.uy\/site\/wp-content\/uploads\/2023\/07\/Prenez-2023-OK.jpg?fit=797%2C561&amp;ssl=1\" src=\"https:\/\/i0.wp.com\/lahoradelcampo.com.uy\/site\/wp-content\/uploads\/2023\/07\/Prenez-2023-OK.jpg?resize=538%2C379\" alt=\"\" class=\"wp-image-51604\" width=\"538\" height=\"379\" srcset=\"https:\/\/i0.wp.com\/lahoradelcampo.com.uy\/site\/wp-content\/uploads\/2023\/07\/Prenez-2023-OK.jpg?w=797&amp;ssl=1 797w, https:\/\/i0.wp.com\/lahoradelcampo.com.uy\/site\/wp-content\/uploads\/2023\/07\/Prenez-2023-OK.jpg?resize=300%2C211&amp;ssl=1 300w, https:\/\/i0.wp.com\/lahoradelcampo.com.uy\/site\/wp-content\/uploads\/2023\/07\/Prenez-2023-OK.jpg?resize=768%2C541&amp;ssl=1 768w\" sizes=\"auto, (max-width: 538px) 100vw, 538px\" \/><\/a><\/figure>\n<\/div>\n\n\n<p>Salto, 2 de julio de 2023<\/p>\n","protected":false},"excerpt":{"rendered":"<p>El Instituto Nacional de Investigaci\u00f3n Agropecuaria (INIA) llev\u00f3 a cabo en Treinta y Tres el \u00abXXI Taller de an\u00e1lisis de los diagn\u00f3sticos de gestaci\u00f3n en vacunos\u00bb. Durante la jornada, se [&hellip;]<\/p>\n","protected":false},"author":5,"featured_media":51602,"comment_status":"open","ping_status":"open","sticky":false,"template":"","format":"standard","meta":{"_price":"","_stock":"","_tribe_ticket_header":"","_tribe_default_ticket_provider":"","_tribe_ticket_capacity":"0","_ticket_start_date":"","_ticket_end_date":"","_tribe_ticket_show_description":"","_tribe_ticket_show_not_going":false,"_tribe_ticket_use_global_stock":"","_tribe_ticket_global_stock_level":"","_global_stock_mode":"","_global_stock_cap":"","_tribe_rsvp_for_event":"","_tribe_ticket_going_count":"","_tribe_ticket_not_going_count":"","_tribe_tickets_list":"[]","_tribe_ticket_has_attendee_info_fields":false,"h5ap_radio_sources":[],"_jetpack_newsletter_access":"","_jetpack_dont_email_post_to_subs":false,"_jetpack_newsletter_tier_id":0,"_jetpack_memberships_contains_paywalled_content":false,"_jetpack_memberships_contains_paid_content":false,"footnotes":""},"categories":[21,5],"tags":[],"class_list":["post-51600","post","type-post","status-publish","format-standard","has-post-thumbnail","hentry","category-actualidad","category-ganaderia"],"jetpack_featured_media_url":"https:\/\/i0.wp.com\/lahoradelcampo.com.uy\/site\/wp-content\/uploads\/2023\/07\/INIA-prenez-2023.jpg?fit=880%2C440&ssl=1","jetpack_sharing_enabled":true,"jetpack_shortlink":"https:\/\/wp.me\/p99IaT-dqg","jetpack-related-posts":[{"id":51471,"url":"https:\/\/lahoradelcampo.com.uy\/site\/en-una-misma-zona-pueden-haber-diferencias-de-30-a-40-puntos-de-prenez\/","url_meta":{"origin":51600,"position":0},"title":"En una misma zona \u00abpueden haber diferencias de 30 a 40 puntos\u00bb de pre\u00f1ez","author":"La Hora del Campo","date":"26 junio, 2023","format":false,"excerpt":"El per\u00edodo de entore 2022-2023 ha presentado desaf\u00edos importantes en el sector ganadero, especialmente en aquellas zonas donde el impacto de la sequ\u00eda fue mayor. Seg\u00fan la Ing. Graciela Quintans, del Instituto Nacional de Investigaci\u00f3n Agropecuaria (INIA), la prolongada sequ\u00eda ha dejado su huella en los resultados reproductivos del rodeo,\u2026","rel":"","context":"En \u00abActualidad\u00bb","block_context":{"text":"Actualidad","link":"https:\/\/lahoradelcampo.com.uy\/site\/category\/actualidad\/"},"img":{"alt_text":"","src":"https:\/\/i0.wp.com\/lahoradelcampo.com.uy\/site\/wp-content\/uploads\/2023\/06\/INIA-Graciela-Quintans.jpg?fit=880%2C440&ssl=1&resize=350%2C200","width":350,"height":200,"srcset":"https:\/\/i0.wp.com\/lahoradelcampo.com.uy\/site\/wp-content\/uploads\/2023\/06\/INIA-Graciela-Quintans.jpg?fit=880%2C440&ssl=1&resize=350%2C200 1x, https:\/\/i0.wp.com\/lahoradelcampo.com.uy\/site\/wp-content\/uploads\/2023\/06\/INIA-Graciela-Quintans.jpg?fit=880%2C440&ssl=1&resize=525%2C300 1.5x, https:\/\/i0.wp.com\/lahoradelcampo.com.uy\/site\/wp-content\/uploads\/2023\/06\/INIA-Graciela-Quintans.jpg?fit=880%2C440&ssl=1&resize=700%2C400 2x"},"classes":[]},{"id":56233,"url":"https:\/\/lahoradelcampo.com.uy\/site\/taller-de-prenez-marco-el-segundo-mayor-registro-del-siglo\/","url_meta":{"origin":51600,"position":1},"title":"Taller de pre\u00f1ez marc\u00f3 el segundo mayor registr\u00f3 del siglo","author":"La Hora del Campo","date":"1 julio, 2025","format":false,"excerpt":"Los resultados del Taller de evaluaci\u00f3n de los diagn\u00f3sticos de gestaci\u00f3n vacuna 2025, organizado por INIA Treinta y Tres, confirman un excelente desempe\u00f1o del entore 2024\/25, con una tasa de pre\u00f1ez nacional del 82,1% sobre un total de 316.681 vientres analizados. Aunque este valor representa una leve baja de 2\u2026","rel":"","context":"En \u00abActualidad\u00bb","block_context":{"text":"Actualidad","link":"https:\/\/lahoradelcampo.com.uy\/site\/category\/actualidad\/"},"img":{"alt_text":"","src":"https:\/\/i0.wp.com\/lahoradelcampo.com.uy\/site\/wp-content\/uploads\/2025\/07\/Preneces2025.jpg?fit=880%2C440&ssl=1&resize=350%2C200","width":350,"height":200,"srcset":"https:\/\/i0.wp.com\/lahoradelcampo.com.uy\/site\/wp-content\/uploads\/2025\/07\/Preneces2025.jpg?fit=880%2C440&ssl=1&resize=350%2C200 1x, https:\/\/i0.wp.com\/lahoradelcampo.com.uy\/site\/wp-content\/uploads\/2025\/07\/Preneces2025.jpg?fit=880%2C440&ssl=1&resize=525%2C300 1.5x, https:\/\/i0.wp.com\/lahoradelcampo.com.uy\/site\/wp-content\/uploads\/2025\/07\/Preneces2025.jpg?fit=880%2C440&ssl=1&resize=700%2C400 2x"},"classes":[]},{"id":17112,"url":"https:\/\/lahoradelcampo.com.uy\/site\/hay-un-bajo-nivel-de-prenez-y-un-alto-porcentaje-de-vacas-en-anestro\/","url_meta":{"origin":51600,"position":2},"title":"Hay un bajo nivel de pre\u00f1ez y un alto porcentaje de vacas en anestro","author":"La Hora del Campo","date":"28 enero, 2020","format":false,"excerpt":"Van finalizando, para algunos profesionales, los an\u00e1lisis de actividad ov\u00e1rica en las vacas paridas, donde se muestran algunos datos que comienzan a llamar la atenci\u00f3n y preocupan a los veterinarios. En este sentido el Dr. Guillermo De Nava, dio a conocer los resultados de sus trabajos en un total de\u2026","rel":"","context":"En \u00abActualidad\u00bb","block_context":{"text":"Actualidad","link":"https:\/\/lahoradelcampo.com.uy\/site\/category\/actualidad\/"},"img":{"alt_text":"","src":"https:\/\/i0.wp.com\/lahoradelcampo.com.uy\/site\/wp-content\/uploads\/2020\/01\/guillermo-de-nava.jpg?fit=880%2C440&ssl=1&resize=350%2C200","width":350,"height":200,"srcset":"https:\/\/i0.wp.com\/lahoradelcampo.com.uy\/site\/wp-content\/uploads\/2020\/01\/guillermo-de-nava.jpg?fit=880%2C440&ssl=1&resize=350%2C200 1x, https:\/\/i0.wp.com\/lahoradelcampo.com.uy\/site\/wp-content\/uploads\/2020\/01\/guillermo-de-nava.jpg?fit=880%2C440&ssl=1&resize=525%2C300 1.5x, https:\/\/i0.wp.com\/lahoradelcampo.com.uy\/site\/wp-content\/uploads\/2020\/01\/guillermo-de-nava.jpg?fit=880%2C440&ssl=1&resize=700%2C400 2x"},"classes":[]},{"id":50897,"url":"https:\/\/lahoradelcampo.com.uy\/site\/sequia-porcentajes-de-prenez-un-15-por-debajo-del-ano-pasado\/","url_meta":{"origin":51600,"position":3},"title":"Sequ\u00eda: porcentajes de pre\u00f1ez un 15% por debajo del a\u00f1o pasado","author":"La Hora del Campo","date":"30 mayo, 2023","format":false,"excerpt":"En un a\u00f1o marcado por la sequ\u00eda y diversas circunstancias, se han obtenido resultados variables en cuanto al porcentaje de pre\u00f1ez en el ganado, lo cual ha afectado directamente a los sistemas productivos. As\u00ed lo afirma el Dr. Jos\u00e9 Hermann, m\u00e9dico veterinario del ejercicio liberal, quien destac\u00f3 la influencia del\u2026","rel":"","context":"En \u00abActualidad\u00bb","block_context":{"text":"Actualidad","link":"https:\/\/lahoradelcampo.com.uy\/site\/category\/actualidad\/"},"img":{"alt_text":"","src":"https:\/\/i0.wp.com\/lahoradelcampo.com.uy\/site\/wp-content\/uploads\/2023\/05\/JoseHermann.jpg?fit=880%2C440&ssl=1&resize=350%2C200","width":350,"height":200,"srcset":"https:\/\/i0.wp.com\/lahoradelcampo.com.uy\/site\/wp-content\/uploads\/2023\/05\/JoseHermann.jpg?fit=880%2C440&ssl=1&resize=350%2C200 1x, https:\/\/i0.wp.com\/lahoradelcampo.com.uy\/site\/wp-content\/uploads\/2023\/05\/JoseHermann.jpg?fit=880%2C440&ssl=1&resize=525%2C300 1.5x, https:\/\/i0.wp.com\/lahoradelcampo.com.uy\/site\/wp-content\/uploads\/2023\/05\/JoseHermann.jpg?fit=880%2C440&ssl=1&resize=700%2C400 2x"},"classes":[]},{"id":53997,"url":"https:\/\/lahoradelcampo.com.uy\/site\/record-historico-de-prenez-vacuna-tras-una-primavera-excelente\/","url_meta":{"origin":51600,"position":4},"title":"R\u00e9cord hist\u00f3rico de pre\u00f1ez vacuna, tras una primavera excelente","author":"La Hora del Campo","date":"21 junio, 2024","format":false,"excerpt":"Se realiz\u00f3 este jueves, el XXII taller de evaluaci\u00f3n de diagn\u00f3sticos de gestaci\u00f3n vacuna en la estaci\u00f3n experimental del Instituto Nacional de Investigaci\u00f3n Agropecuaria (INIA) en Villa Sara, Treinta y Tres. La evaluaci\u00f3n de los trabajos realizados por los profesionales veterinarios en distintos puntos del pa\u00eds arroj\u00f3 un 84,1% de\u2026","rel":"","context":"En \u00abActualidad\u00bb","block_context":{"text":"Actualidad","link":"https:\/\/lahoradelcampo.com.uy\/site\/category\/actualidad\/"},"img":{"alt_text":"","src":"https:\/\/i0.wp.com\/lahoradelcampo.com.uy\/site\/wp-content\/uploads\/2024\/06\/preneces-2024.jpg?fit=880%2C440&ssl=1&resize=350%2C200","width":350,"height":200,"srcset":"https:\/\/i0.wp.com\/lahoradelcampo.com.uy\/site\/wp-content\/uploads\/2024\/06\/preneces-2024.jpg?fit=880%2C440&ssl=1&resize=350%2C200 1x, https:\/\/i0.wp.com\/lahoradelcampo.com.uy\/site\/wp-content\/uploads\/2024\/06\/preneces-2024.jpg?fit=880%2C440&ssl=1&resize=525%2C300 1.5x, https:\/\/i0.wp.com\/lahoradelcampo.com.uy\/site\/wp-content\/uploads\/2024\/06\/preneces-2024.jpg?fit=880%2C440&ssl=1&resize=700%2C400 2x"},"classes":[]},{"id":54000,"url":"https:\/\/lahoradelcampo.com.uy\/site\/en-el-litoral-norte-la-prenez-se-situo-en-el-833\/","url_meta":{"origin":51600,"position":5},"title":"En el litoral norte la pre\u00f1ez se situ\u00f3 en el 83,3%","author":"La Hora del Campo","date":"21 junio, 2024","format":false,"excerpt":"En el litoral norte, Artigas, Paysand\u00fa y Salto, se visualiz\u00f3 un escenario totalmente diferente al del a\u00f1o pasado. Situaci\u00f3n que se debe fundamentalmente al cambio en el efecto clim\u00e1tico y su ascendencia sobre la producci\u00f3n de forraje y la recuperaci\u00f3n de la condici\u00f3n corporal de las vacas. Este a\u00f1o se\u2026","rel":"","context":"En \u00abActualidad\u00bb","block_context":{"text":"Actualidad","link":"https:\/\/lahoradelcampo.com.uy\/site\/category\/actualidad\/"},"img":{"alt_text":"","src":"https:\/\/i0.wp.com\/lahoradelcampo.com.uy\/site\/wp-content\/uploads\/2018\/01\/prenez.jpg?fit=880%2C440&ssl=1&resize=350%2C200","width":350,"height":200,"srcset":"https:\/\/i0.wp.com\/lahoradelcampo.com.uy\/site\/wp-content\/uploads\/2018\/01\/prenez.jpg?fit=880%2C440&ssl=1&resize=350%2C200 1x, https:\/\/i0.wp.com\/lahoradelcampo.com.uy\/site\/wp-content\/uploads\/2018\/01\/prenez.jpg?fit=880%2C440&ssl=1&resize=525%2C300 1.5x, https:\/\/i0.wp.com\/lahoradelcampo.com.uy\/site\/wp-content\/uploads\/2018\/01\/prenez.jpg?fit=880%2C440&ssl=1&resize=700%2C400 2x"},"classes":[]}],"jetpack_likes_enabled":true,"_links":{"self":[{"href":"https:\/\/lahoradelcampo.com.uy\/site\/wp-json\/wp\/v2\/posts\/51600","targetHints":{"allow":["GET"]}}],"collection":[{"href":"https:\/\/lahoradelcampo.com.uy\/site\/wp-json\/wp\/v2\/posts"}],"about":[{"href":"https:\/\/lahoradelcampo.com.uy\/site\/wp-json\/wp\/v2\/types\/post"}],"author":[{"embeddable":true,"href":"https:\/\/lahoradelcampo.com.uy\/site\/wp-json\/wp\/v2\/users\/5"}],"replies":[{"embeddable":true,"href":"https:\/\/lahoradelcampo.com.uy\/site\/wp-json\/wp\/v2\/comments?post=51600"}],"version-history":[{"count":1,"href":"https:\/\/lahoradelcampo.com.uy\/site\/wp-json\/wp\/v2\/posts\/51600\/revisions"}],"predecessor-version":[{"id":51606,"href":"https:\/\/lahoradelcampo.com.uy\/site\/wp-json\/wp\/v2\/posts\/51600\/revisions\/51606"}],"wp:featuredmedia":[{"embeddable":true,"href":"https:\/\/lahoradelcampo.com.uy\/site\/wp-json\/wp\/v2\/media\/51602"}],"wp:attachment":[{"href":"https:\/\/lahoradelcampo.com.uy\/site\/wp-json\/wp\/v2\/media?parent=51600"}],"wp:term":[{"taxonomy":"category","embeddable":true,"href":"https:\/\/lahoradelcampo.com.uy\/site\/wp-json\/wp\/v2\/categories?post=51600"},{"taxonomy":"post_tag","embeddable":true,"href":"https:\/\/lahoradelcampo.com.uy\/site\/wp-json\/wp\/v2\/tags?post=51600"}],"curies":[{"name":"wp","href":"https:\/\/api.w.org\/{rel}","templated":true}]}}