{"id":51594,"date":"2023-07-02T19:16:43","date_gmt":"2023-07-02T22:16:43","guid":{"rendered":"http:\/\/lahoradelcampo.com.uy\/site\/?p=51594"},"modified":"2023-07-02T19:17:14","modified_gmt":"2023-07-02T22:17:14","slug":"bajas-en-el-precio-del-gordo-impacto-de-la-menor-demanda-china","status":"publish","type":"post","link":"https:\/\/lahoradelcampo.com.uy\/site\/bajas-en-el-precio-del-gordo-impacto-de-la-menor-demanda-china\/","title":{"rendered":"Bajas en el precio del gordo: Impacto de la menor demanda china"},"content":{"rendered":"\n<figure class=\"wp-block-image size-full\"><a href=\"https:\/\/i0.wp.com\/lahoradelcampo.com.uy\/site\/wp-content\/uploads\/2023\/07\/Indarte-Fernandop.jpg\"><img data-recalc-dims=\"1\" loading=\"lazy\" decoding=\"async\" width=\"810\" height=\"405\" data-attachment-id=\"51596\" data-permalink=\"https:\/\/lahoradelcampo.com.uy\/site\/bajas-en-el-precio-del-gordo-impacto-de-la-menor-demanda-china\/indarte-fernandop\/\" data-orig-file=\"https:\/\/i0.wp.com\/lahoradelcampo.com.uy\/site\/wp-content\/uploads\/2023\/07\/Indarte-Fernandop.jpg?fit=880%2C440&amp;ssl=1\" data-orig-size=\"880,440\" data-comments-opened=\"1\" data-image-meta=\"{&quot;aperture&quot;:&quot;0&quot;,&quot;credit&quot;:&quot;&quot;,&quot;camera&quot;:&quot;&quot;,&quot;caption&quot;:&quot;&quot;,&quot;created_timestamp&quot;:&quot;0&quot;,&quot;copyright&quot;:&quot;&quot;,&quot;focal_length&quot;:&quot;0&quot;,&quot;iso&quot;:&quot;0&quot;,&quot;shutter_speed&quot;:&quot;0&quot;,&quot;title&quot;:&quot;&quot;,&quot;orientation&quot;:&quot;1&quot;}\" data-image-title=\"Indarte-Fernandop\" data-image-description=\"\" data-image-caption=\"\" data-large-file=\"https:\/\/i0.wp.com\/lahoradelcampo.com.uy\/site\/wp-content\/uploads\/2023\/07\/Indarte-Fernandop.jpg?fit=810%2C405&amp;ssl=1\" src=\"https:\/\/i0.wp.com\/lahoradelcampo.com.uy\/site\/wp-content\/uploads\/2023\/07\/Indarte-Fernandop.jpg?resize=810%2C405\" alt=\"\" class=\"wp-image-51596\" srcset=\"https:\/\/i0.wp.com\/lahoradelcampo.com.uy\/site\/wp-content\/uploads\/2023\/07\/Indarte-Fernandop.jpg?w=880&amp;ssl=1 880w, https:\/\/i0.wp.com\/lahoradelcampo.com.uy\/site\/wp-content\/uploads\/2023\/07\/Indarte-Fernandop.jpg?resize=300%2C150&amp;ssl=1 300w, https:\/\/i0.wp.com\/lahoradelcampo.com.uy\/site\/wp-content\/uploads\/2023\/07\/Indarte-Fernandop.jpg?resize=768%2C384&amp;ssl=1 768w, https:\/\/i0.wp.com\/lahoradelcampo.com.uy\/site\/wp-content\/uploads\/2023\/07\/Indarte-Fernandop.jpg?resize=820%2C410&amp;ssl=1 820w\" sizes=\"auto, (max-width: 810px) 100vw, 810px\" \/><\/a><\/figure>\n\n\n\n<p>Las \u00faltimas semanas han sido testigo de una importante disminuci\u00f3n en el precio de la carne, lo cual ha generado interrogantes sobre las razones detr\u00e1s de esta tendencia. El director del escritorio Indarte &amp; C\u00eda., el Ing. Agr. Fernando Indarte, analiz\u00f3 en di\u00e1logo con La Hora del Campo, los factores que han contribuido a esta situaci\u00f3n.<\/p>\n\n\n\n<p>El mercado c\u00e1rnico uruguayo se encuentra altamente dependiente de China, y cualquier variaci\u00f3n en su demanda tiene un impacto significativo en los precios dijo el consignatario. Record\u00f3 que el a\u00f1o pasado, China pagaba precios hist\u00f3ricamente altos por tonelada de carne, superando los 6,000 d\u00f3lares. Sin embargo, debido a las restricciones impuestas por la pandemia de COVID-19, la referencia del consignatario chino cay\u00f3 a alrededor de 570 o 560 d\u00f3lares en el segundo semestre. Las restricciones a la movilidad y la disminuci\u00f3n del consumo resultaron en una abrupta ca\u00edda en los precios de la carne, llegando a alrededor de 3 d\u00f3lares por kilogramo, una situaci\u00f3n nunca antes vista.<\/p>\n\n\n\n<p>Se esperaba que China se recuperara en este primer semestre a medida que la situaci\u00f3n se normalizara. A nivel mundial, la oferta de carne se ha mantenido estable, y en Uruguay, la oferta sigue siendo baja debido a la escasez de ganado gordo de pasto, provocada por la sequ\u00eda que ha afectado las pasturas en el norte y el litoral del pa\u00eds. Sin embargo, China a\u00fan no ha logrado una recuperaci\u00f3n completa.<\/p>\n\n\n\n<p>Otro factor que ha impactado en la situaci\u00f3n actual es la competencia de Argentina en el mercado chino. Argentina ofrece precios m\u00e1s competitivos y ha logrado captar una parte significativa del mercado chino. El Ing. Indarte menciona que \u00abArgentina nos est\u00e1 compitiendo fuertemente; el 90% de lo que ellos ofrecieron se fue a China, mientras que nosotros, a diferencia de otros a\u00f1os, les estamos vendiendo alrededor del 50-60% de la carne\u00bb. Esta competencia ha generado una presi\u00f3n adicional en los precios de la carne uruguaya exportada a China.<\/p>\n\n\n\n<p>Adem\u00e1s de la situaci\u00f3n externa, Uruguay enfrenta la escasez de ganado gordo debido a la sequ\u00eda. En los \u00faltimos a\u00f1os, el stock de ganado ha disminuido, y la falta de presi\u00f3n de la industria sobre los animales gordos especiales ha contribuido a esta situaci\u00f3n.<\/p>\n\n\n\n<p>El Ing. Agr. Fernando Indarte se\u00f1ala que, aunque actualmente se realizan pocos negocios a los precios actuales, se espera una estabilizaci\u00f3n y un posible aumento en el corto plazo.<\/p>\n\n\n\n<p>Esta combinaci\u00f3n de factores, incluyendo la situaci\u00f3n en China, la escasez de ganado gordo y la falta de presi\u00f3n de la industria, ha llevado a una disminuci\u00f3n significativa en los precios de la carne en Uruguay. Los actores del sector esperan que la situaci\u00f3n se estabilice y se revierta en el futuro pr\u00f3ximo.<\/p>\n\n\n\n<p>Salto, 2 de julio de 2023<\/p>\n","protected":false},"excerpt":{"rendered":"<p>Las \u00faltimas semanas han sido testigo de una importante disminuci\u00f3n en el precio de la carne, lo cual ha generado interrogantes sobre las razones detr\u00e1s de esta tendencia. El director [&hellip;]<\/p>\n","protected":false},"author":5,"featured_media":51596,"comment_status":"open","ping_status":"open","sticky":false,"template":"","format":"standard","meta":{"_price":"","_stock":"","_tribe_ticket_header":"","_tribe_default_ticket_provider":"","_tribe_ticket_capacity":"0","_ticket_start_date":"","_ticket_end_date":"","_tribe_ticket_show_description":"","_tribe_ticket_show_not_going":false,"_tribe_ticket_use_global_stock":"","_tribe_ticket_global_stock_level":"","_global_stock_mode":"","_global_stock_cap":"","_tribe_rsvp_for_event":"","_tribe_ticket_going_count":"","_tribe_ticket_not_going_count":"","_tribe_tickets_list":"[]","_tribe_ticket_has_attendee_info_fields":false,"h5ap_radio_sources":[],"_jetpack_newsletter_access":"","_jetpack_dont_email_post_to_subs":false,"_jetpack_newsletter_tier_id":0,"_jetpack_memberships_contains_paywalled_content":false,"_jetpack_memberships_contains_paid_content":false,"footnotes":""},"categories":[21,5],"tags":[],"class_list":["post-51594","post","type-post","status-publish","format-standard","has-post-thumbnail","hentry","category-actualidad","category-ganaderia"],"jetpack_featured_media_url":"https:\/\/i0.wp.com\/lahoradelcampo.com.uy\/site\/wp-content\/uploads\/2023\/07\/Indarte-Fernandop.jpg?fit=880%2C440&ssl=1","jetpack_sharing_enabled":true,"jetpack_shortlink":"https:\/\/wp.me\/p99IaT-dqa","jetpack-related-posts":[{"id":46199,"url":"https:\/\/lahoradelcampo.com.uy\/site\/la-baja-en-el-ganado-creo-que-no-se-justifica-por-una-menor-demanda-de-china\/","url_meta":{"origin":51594,"position":0},"title":"La baja en el ganado \u00abcreo que no\u00bb se justifica por una menor demanda de China","author":"La Hora del Campo","date":"10 octubre, 2022","format":false,"excerpt":"Para el Ing. Jos\u00e9 Mesa, representante de la Comisi\u00f3n Nacional de Fomento Rural (CNFR) en la junta directiva del Instituto Nacional de Carnes, la ca\u00edda en los valores no se justifica por una menor demanda desde China, seg\u00fan lo coment\u00f3 en una entrevista realizada por la Asociaci\u00f3n de Consignatarios de\u2026","rel":"","context":"En \u00abActualidad\u00bb","block_context":{"text":"Actualidad","link":"https:\/\/lahoradelcampo.com.uy\/site\/category\/actualidad\/"},"img":{"alt_text":"","src":"https:\/\/i0.wp.com\/lahoradelcampo.com.uy\/site\/wp-content\/uploads\/2019\/12\/Mesa.jpg?fit=880%2C440&ssl=1&resize=350%2C200","width":350,"height":200,"srcset":"https:\/\/i0.wp.com\/lahoradelcampo.com.uy\/site\/wp-content\/uploads\/2019\/12\/Mesa.jpg?fit=880%2C440&ssl=1&resize=350%2C200 1x, https:\/\/i0.wp.com\/lahoradelcampo.com.uy\/site\/wp-content\/uploads\/2019\/12\/Mesa.jpg?fit=880%2C440&ssl=1&resize=525%2C300 1.5x, https:\/\/i0.wp.com\/lahoradelcampo.com.uy\/site\/wp-content\/uploads\/2019\/12\/Mesa.jpg?fit=880%2C440&ssl=1&resize=700%2C400 2x"},"classes":[]},{"id":56593,"url":"https:\/\/lahoradelcampo.com.uy\/site\/el-ganado-gordo-firme-y-senales-claras-para-el-criador\/","url_meta":{"origin":51594,"position":1},"title":"El ganado gordo firme y se\u00f1ales claras para el criador","author":"La Hora del Campo","date":"16 agosto, 2025","format":false,"excerpt":"El director de Indarte & C\u00eda., Ing. Agr. Fernando Indarte, afirm\u00f3 que en la actualidad \"estamos viviendo un momento \u00fanico, con precios del ganado gordo incre\u00edbles y con un ternero macho que promedia 520 d\u00f3lares en la pantalla\". Al mismo tiempo, remarc\u00f3 que se trata de un escenario que ofrece\u2026","rel":"","context":"En \u00abActualidad\u00bb","block_context":{"text":"Actualidad","link":"https:\/\/lahoradelcampo.com.uy\/site\/category\/actualidad\/"},"img":{"alt_text":"","src":"https:\/\/i0.wp.com\/lahoradelcampo.com.uy\/site\/wp-content\/uploads\/2023\/07\/Indarte-Fernandop.jpg?fit=880%2C440&ssl=1&resize=350%2C200","width":350,"height":200,"srcset":"https:\/\/i0.wp.com\/lahoradelcampo.com.uy\/site\/wp-content\/uploads\/2023\/07\/Indarte-Fernandop.jpg?fit=880%2C440&ssl=1&resize=350%2C200 1x, https:\/\/i0.wp.com\/lahoradelcampo.com.uy\/site\/wp-content\/uploads\/2023\/07\/Indarte-Fernandop.jpg?fit=880%2C440&ssl=1&resize=525%2C300 1.5x, https:\/\/i0.wp.com\/lahoradelcampo.com.uy\/site\/wp-content\/uploads\/2023\/07\/Indarte-Fernandop.jpg?fit=880%2C440&ssl=1&resize=700%2C400 2x"},"classes":[]},{"id":49608,"url":"https:\/\/lahoradelcampo.com.uy\/site\/el-regreso-de-brasil-a-china-impulsa-el-novillo-mercosur\/","url_meta":{"origin":51594,"position":2},"title":"El regreso de Brasil a China impulsa el Novillo Mercosur","author":"La Hora del Campo","date":"30 marzo, 2023","format":false,"excerpt":"El regreso de Brasil a China como exportador de carne fresca, luego de la suspensi\u00f3n por el caso de vaca loca at\u00edpica, ha generado un impacto positivo en el mercado del novillo en el Mercosur. La habilitaci\u00f3n de las exportaciones brasile\u00f1as ha presionado al alza los precios del boi gordo\u2026","rel":"","context":"En \u00abActualidad\u00bb","block_context":{"text":"Actualidad","link":"https:\/\/lahoradelcampo.com.uy\/site\/category\/actualidad\/"},"img":{"alt_text":"","src":"https:\/\/i0.wp.com\/lahoradelcampo.com.uy\/site\/wp-content\/uploads\/2023\/03\/boigordo1.jpg?fit=880%2C440&ssl=1&resize=350%2C200","width":350,"height":200,"srcset":"https:\/\/i0.wp.com\/lahoradelcampo.com.uy\/site\/wp-content\/uploads\/2023\/03\/boigordo1.jpg?fit=880%2C440&ssl=1&resize=350%2C200 1x, https:\/\/i0.wp.com\/lahoradelcampo.com.uy\/site\/wp-content\/uploads\/2023\/03\/boigordo1.jpg?fit=880%2C440&ssl=1&resize=525%2C300 1.5x, https:\/\/i0.wp.com\/lahoradelcampo.com.uy\/site\/wp-content\/uploads\/2023\/03\/boigordo1.jpg?fit=880%2C440&ssl=1&resize=700%2C400 2x"},"classes":[]},{"id":35175,"url":"https:\/\/lahoradelcampo.com.uy\/site\/exportaciones-de-carne-bovina-continuaron-creciendo-en-setiembre\/","url_meta":{"origin":51594,"position":3},"title":"Exportaciones de carne bovina continuaron creciendo en setiembre","author":"La Hora del Campo","date":"7 octubre, 2021","format":false,"excerpt":"Nuevamente hubo un r\u00e9cord en las ventas del mes en la comparaci\u00f3n interanual, como tambi\u00e9n en lo que va del a\u00f1o. Asimismo, el acumulado enero-setiembre fue el m\u00e1s alto de los \u00faltimos 20 a\u00f1os. Cabe destacar que el precio internacional de la carne se mantiene elevado. Asimismo, el gobierno argentino\u2026","rel":"","context":"En \u00abActualidad\u00bb","block_context":{"text":"Actualidad","link":"https:\/\/lahoradelcampo.com.uy\/site\/category\/actualidad\/"},"img":{"alt_text":"","src":"https:\/\/i0.wp.com\/lahoradelcampo.com.uy\/site\/wp-content\/uploads\/2017\/11\/Carne.jpg?fit=880%2C440&ssl=1&resize=350%2C200","width":350,"height":200,"srcset":"https:\/\/i0.wp.com\/lahoradelcampo.com.uy\/site\/wp-content\/uploads\/2017\/11\/Carne.jpg?fit=880%2C440&ssl=1&resize=350%2C200 1x, https:\/\/i0.wp.com\/lahoradelcampo.com.uy\/site\/wp-content\/uploads\/2017\/11\/Carne.jpg?fit=880%2C440&ssl=1&resize=525%2C300 1.5x, https:\/\/i0.wp.com\/lahoradelcampo.com.uy\/site\/wp-content\/uploads\/2017\/11\/Carne.jpg?fit=880%2C440&ssl=1&resize=700%2C400 2x"},"classes":[]},{"id":54296,"url":"https:\/\/lahoradelcampo.com.uy\/site\/china-disminuira-su-produccion-de-carne-de-cerdo\/","url_meta":{"origin":51594,"position":4},"title":"China disminuir\u00e1 su producci\u00f3n de carne de cerdo","author":"La Hora del Campo","date":"27 agosto, 2024","format":false,"excerpt":"Seg\u00fan un informe del USDA, se prev\u00e9 que tanto la producci\u00f3n como la importaci\u00f3n de carne de cerdo en China disminuyan en 2025. Esta reducci\u00f3n se atribuye a la menor demanda y a una disminuci\u00f3n en el n\u00famero de cerdos disponibles para sacrificio, producto de un menor n\u00famero de cerdas\u2026","rel":"","context":"En \u00abActualidad\u00bb","block_context":{"text":"Actualidad","link":"https:\/\/lahoradelcampo.com.uy\/site\/category\/actualidad\/"},"img":{"alt_text":"","src":"https:\/\/i0.wp.com\/lahoradelcampo.com.uy\/site\/wp-content\/uploads\/2023\/11\/cerdos-suinos.jpg?fit=880%2C440&ssl=1&resize=350%2C200","width":350,"height":200,"srcset":"https:\/\/i0.wp.com\/lahoradelcampo.com.uy\/site\/wp-content\/uploads\/2023\/11\/cerdos-suinos.jpg?fit=880%2C440&ssl=1&resize=350%2C200 1x, https:\/\/i0.wp.com\/lahoradelcampo.com.uy\/site\/wp-content\/uploads\/2023\/11\/cerdos-suinos.jpg?fit=880%2C440&ssl=1&resize=525%2C300 1.5x, https:\/\/i0.wp.com\/lahoradelcampo.com.uy\/site\/wp-content\/uploads\/2023\/11\/cerdos-suinos.jpg?fit=880%2C440&ssl=1&resize=700%2C400 2x"},"classes":[]},{"id":10845,"url":"https:\/\/lahoradelcampo.com.uy\/site\/la-demanda-en-china-tambien-ha-impulsado-a-la-carne-ovina\/","url_meta":{"origin":51594,"position":5},"title":"La demanda en China tambi\u00e9n  ha impulsado a la carne ovina","author":"La Hora del Campo","date":"17 mayo, 2019","format":false,"excerpt":"Finalizada la tercera y \u00faltima jornada de la feria SIAL en Shangai, China, el Ing. Rafael T\u00e1rdaguila dijo que la muestra dej\u00f3 \"un fervor inusitado y una importante demanda\". Al mismo tiempo tambi\u00e9n la interrogante en varios exportadores hacia ese mercado, tanto de nuestro pa\u00eds como de la regi\u00f3n, \"\u00bfestos\u2026","rel":"","context":"En \u00abActualidad\u00bb","block_context":{"text":"Actualidad","link":"https:\/\/lahoradelcampo.com.uy\/site\/category\/actualidad\/"},"img":{"alt_text":"","src":"https:\/\/i0.wp.com\/lahoradelcampo.com.uy\/site\/wp-content\/uploads\/2019\/05\/Sial-dia-3.jpg?fit=880%2C440&ssl=1&resize=350%2C200","width":350,"height":200,"srcset":"https:\/\/i0.wp.com\/lahoradelcampo.com.uy\/site\/wp-content\/uploads\/2019\/05\/Sial-dia-3.jpg?fit=880%2C440&ssl=1&resize=350%2C200 1x, https:\/\/i0.wp.com\/lahoradelcampo.com.uy\/site\/wp-content\/uploads\/2019\/05\/Sial-dia-3.jpg?fit=880%2C440&ssl=1&resize=525%2C300 1.5x, https:\/\/i0.wp.com\/lahoradelcampo.com.uy\/site\/wp-content\/uploads\/2019\/05\/Sial-dia-3.jpg?fit=880%2C440&ssl=1&resize=700%2C400 2x"},"classes":[]}],"jetpack_likes_enabled":true,"_links":{"self":[{"href":"https:\/\/lahoradelcampo.com.uy\/site\/wp-json\/wp\/v2\/posts\/51594","targetHints":{"allow":["GET"]}}],"collection":[{"href":"https:\/\/lahoradelcampo.com.uy\/site\/wp-json\/wp\/v2\/posts"}],"about":[{"href":"https:\/\/lahoradelcampo.com.uy\/site\/wp-json\/wp\/v2\/types\/post"}],"author":[{"embeddable":true,"href":"https:\/\/lahoradelcampo.com.uy\/site\/wp-json\/wp\/v2\/users\/5"}],"replies":[{"embeddable":true,"href":"https:\/\/lahoradelcampo.com.uy\/site\/wp-json\/wp\/v2\/comments?post=51594"}],"version-history":[{"count":1,"href":"https:\/\/lahoradelcampo.com.uy\/site\/wp-json\/wp\/v2\/posts\/51594\/revisions"}],"predecessor-version":[{"id":51598,"href":"https:\/\/lahoradelcampo.com.uy\/site\/wp-json\/wp\/v2\/posts\/51594\/revisions\/51598"}],"wp:featuredmedia":[{"embeddable":true,"href":"https:\/\/lahoradelcampo.com.uy\/site\/wp-json\/wp\/v2\/media\/51596"}],"wp:attachment":[{"href":"https:\/\/lahoradelcampo.com.uy\/site\/wp-json\/wp\/v2\/media?parent=51594"}],"wp:term":[{"taxonomy":"category","embeddable":true,"href":"https:\/\/lahoradelcampo.com.uy\/site\/wp-json\/wp\/v2\/categories?post=51594"},{"taxonomy":"post_tag","embeddable":true,"href":"https:\/\/lahoradelcampo.com.uy\/site\/wp-json\/wp\/v2\/tags?post=51594"}],"curies":[{"name":"wp","href":"https:\/\/api.w.org\/{rel}","templated":true}]}}