{"id":51584,"date":"2023-07-02T19:06:03","date_gmt":"2023-07-02T22:06:03","guid":{"rendered":"http:\/\/lahoradelcampo.com.uy\/site\/?p=51584"},"modified":"2023-07-02T19:07:02","modified_gmt":"2023-07-02T22:07:02","slug":"cierre-de-la-zafra-lanera-ime-cae-un-243-en-australia","status":"publish","type":"post","link":"https:\/\/lahoradelcampo.com.uy\/site\/cierre-de-la-zafra-lanera-ime-cae-un-243-en-australia\/","title":{"rendered":"Cierre de la zafra lanera: IME cae un 24,3% en Australia"},"content":{"rendered":"\n<figure class=\"wp-block-image size-full\"><a href=\"https:\/\/i0.wp.com\/lahoradelcampo.com.uy\/site\/wp-content\/uploads\/2018\/03\/Lanaa.jpg\"><img data-recalc-dims=\"1\" loading=\"lazy\" decoding=\"async\" width=\"810\" height=\"405\" data-attachment-id=\"6173\" data-permalink=\"https:\/\/lahoradelcampo.com.uy\/site\/mercado-lanero-australiano-cerro-a-us-1377-por-kilogramo-base-limpia\/lanaa\/\" data-orig-file=\"https:\/\/i0.wp.com\/lahoradelcampo.com.uy\/site\/wp-content\/uploads\/2018\/03\/Lanaa.jpg?fit=880%2C440&amp;ssl=1\" data-orig-size=\"880,440\" data-comments-opened=\"1\" data-image-meta=\"{&quot;aperture&quot;:&quot;0&quot;,&quot;credit&quot;:&quot;Vicente-Manuel-Tort&quot;,&quot;camera&quot;:&quot;&quot;,&quot;caption&quot;:&quot;&quot;,&quot;created_timestamp&quot;:&quot;0&quot;,&quot;copyright&quot;:&quot;Presidencia de la Republica - Sec.Com.Inst.&quot;,&quot;focal_length&quot;:&quot;0&quot;,&quot;iso&quot;:&quot;0&quot;,&quot;shutter_speed&quot;:&quot;0&quot;,&quot;title&quot;:&quot;&quot;,&quot;orientation&quot;:&quot;1&quot;}\" data-image-title=\"Lanaa\" data-image-description=\"\" data-image-caption=\"\" data-large-file=\"https:\/\/i0.wp.com\/lahoradelcampo.com.uy\/site\/wp-content\/uploads\/2018\/03\/Lanaa.jpg?fit=810%2C405&amp;ssl=1\" src=\"https:\/\/i0.wp.com\/lahoradelcampo.com.uy\/site\/wp-content\/uploads\/2018\/03\/Lanaa.jpg?resize=810%2C405\" alt=\"\" class=\"wp-image-6173\" srcset=\"https:\/\/i0.wp.com\/lahoradelcampo.com.uy\/site\/wp-content\/uploads\/2018\/03\/Lanaa.jpg?w=880&amp;ssl=1 880w, https:\/\/i0.wp.com\/lahoradelcampo.com.uy\/site\/wp-content\/uploads\/2018\/03\/Lanaa.jpg?resize=300%2C150&amp;ssl=1 300w, https:\/\/i0.wp.com\/lahoradelcampo.com.uy\/site\/wp-content\/uploads\/2018\/03\/Lanaa.jpg?resize=768%2C384&amp;ssl=1 768w, https:\/\/i0.wp.com\/lahoradelcampo.com.uy\/site\/wp-content\/uploads\/2018\/03\/Lanaa.jpg?resize=820%2C410&amp;ssl=1 820w\" sizes=\"auto, (max-width: 810px) 100vw, 810px\" \/><\/a><\/figure>\n\n\n\n<p>El cierre de la zafra lanera dej\u00f3 como resultado un descenso en el Indicador de Mercados del Este (IME), que se cotiz\u00f3 en US$ 7,48 por kilogramo base limpia. Este valor marca el piso para la pr\u00f3xima temporada 2022-2023 y representa una disminuci\u00f3n del 24,3% en comparaci\u00f3n con el cierre de la zafra anterior.<\/p>\n\n\n\n<p>Durante esta semana, se ha observado una demanda m\u00e1s estable en los niveles de precios actuales, lo que ha generado peque\u00f1os incrementos en algunos micronajes de lanas merinas y cruzas. Sin embargo, la calidad de la oferta ha provocado nuevos descensos en las lanas por debajo de las 18,5 micras.<\/p>\n\n\n\n<p>A pesar de los aumentos registrados en varios micronajes en moneda local, estos no han sido suficientes para contrarrestar la volatilidad del tipo de cambio. En este contexto, el IME cerr\u00f3 en A$ 11,26 por kilogramo base limpia, disminuyendo 13 centavos durante la semana y experimentando una ca\u00edda del 21,3% en la zafra.<\/p>\n\n\n\n<p>En las dos jornadas de subastas de esta semana, se ofertaron 43.344 fardos, despu\u00e9s de retirar el 9,5% de lo previamente inscripto para estas ventas. El porcentaje de comercializaci\u00f3n alcanz\u00f3 el 86,3%. Las cinco principales firmas compradoras, lideradas por Tianyu Wool, adquirieron el 54,1% del total comercializado.<\/p>\n\n\n\n<p>En la pr\u00f3xima semana, se llevar\u00e1n a cabo las primeras ventas de la zafra lanera 2023-2024 los d\u00edas martes y mi\u00e9rcoles. Seg\u00fan lo previsto por Australian Wool Exchange (AWEX), se han inscripto 42.498 fardos que ser\u00e1n distribuidos en los tres centros de ventas. De confirmarse este volumen, representar\u00e1 un aumento del 1,95% en comparaci\u00f3n con la semana actual y un 13% por encima de la primera semana de la zafra que est\u00e1 por concluir.<\/p>\n\n\n\n<p>Salto, 2 de julio de 2023<\/p>\n","protected":false},"excerpt":{"rendered":"<p>El cierre de la zafra lanera dej\u00f3 como resultado un descenso en el Indicador de Mercados del Este (IME), que se cotiz\u00f3 en US$ 7,48 por kilogramo base limpia. Este [&hellip;]<\/p>\n","protected":false},"author":5,"featured_media":6173,"comment_status":"open","ping_status":"open","sticky":false,"template":"","format":"standard","meta":{"_price":"","_stock":"","_tribe_ticket_header":"","_tribe_default_ticket_provider":"","_tribe_ticket_capacity":"0","_ticket_start_date":"","_ticket_end_date":"","_tribe_ticket_show_description":"","_tribe_ticket_show_not_going":false,"_tribe_ticket_use_global_stock":"","_tribe_ticket_global_stock_level":"","_global_stock_mode":"","_global_stock_cap":"","_tribe_rsvp_for_event":"","_tribe_ticket_going_count":"","_tribe_ticket_not_going_count":"","_tribe_tickets_list":"[]","_tribe_ticket_has_attendee_info_fields":false,"h5ap_radio_sources":[],"_jetpack_newsletter_access":"","_jetpack_dont_email_post_to_subs":false,"_jetpack_newsletter_tier_id":0,"_jetpack_memberships_contains_paywalled_content":false,"_jetpack_memberships_contains_paid_content":false,"footnotes":""},"categories":[21,13],"tags":[],"class_list":["post-51584","post","type-post","status-publish","format-standard","has-post-thumbnail","hentry","category-actualidad","category-ovinos"],"jetpack_featured_media_url":"https:\/\/i0.wp.com\/lahoradelcampo.com.uy\/site\/wp-content\/uploads\/2018\/03\/Lanaa.jpg?fit=880%2C440&ssl=1","jetpack_sharing_enabled":true,"jetpack_shortlink":"https:\/\/wp.me\/p99IaT-dq0","jetpack-related-posts":[{"id":45017,"url":"https:\/\/lahoradelcampo.com.uy\/site\/el-ime-cayo-un-62-desde-el-cierre-de-la-zafra-lanera-21-22\/","url_meta":{"origin":51584,"position":0},"title":"El IME cay\u00f3 un 6,2% desde el cierre de la zafra lanera 21-22","author":"La Hora del Campo","date":"27 agosto, 2022","format":false,"excerpt":"El mercado lanero australiano ha transitado una tendencia bajista en el Indicador de Mercados del Este (IME) desde el inicio de la presente zafra, de la mano de un mayor volumen de oferta de lanas de menor calidad, con una demanda que ha marcado su fuerte inter\u00e9s por lanas declaradas\u2026","rel":"","context":"En \u00abActualidad\u00bb","block_context":{"text":"Actualidad","link":"https:\/\/lahoradelcampo.com.uy\/site\/category\/actualidad\/"},"img":{"alt_text":"","src":"https:\/\/i0.wp.com\/lahoradelcampo.com.uy\/site\/wp-content\/uploads\/2019\/06\/Lana-australia-1.jpg?fit=880%2C440&ssl=1&resize=350%2C200","width":350,"height":200,"srcset":"https:\/\/i0.wp.com\/lahoradelcampo.com.uy\/site\/wp-content\/uploads\/2019\/06\/Lana-australia-1.jpg?fit=880%2C440&ssl=1&resize=350%2C200 1x, https:\/\/i0.wp.com\/lahoradelcampo.com.uy\/site\/wp-content\/uploads\/2019\/06\/Lana-australia-1.jpg?fit=880%2C440&ssl=1&resize=525%2C300 1.5x, https:\/\/i0.wp.com\/lahoradelcampo.com.uy\/site\/wp-content\/uploads\/2019\/06\/Lana-australia-1.jpg?fit=880%2C440&ssl=1&resize=700%2C400 2x"},"classes":[]},{"id":51417,"url":"https:\/\/lahoradelcampo.com.uy\/site\/a-una-semana-del-cierre-de-la-zafra-el-piso-del-ime-bajo-a-us-774\/","url_meta":{"origin":51584,"position":1},"title":"A una semana del cierre de la zafra, el piso del IME baj\u00f3 a US$ 7,74","author":"La Hora del Campo","date":"23 junio, 2023","format":false,"excerpt":"La tendencia a la baja se mantuvo presente durante las dos ventas de esta semana, con un Indicador de Mercados del Este (IME) que ha mostrado un nuevo descenso en su cotizaci\u00f3n, disminuyendo a\u00fan m\u00e1s el piso de la zafra. La baja calidad de la oferta en esta etapa final\u2026","rel":"","context":"En \u00abActualidad\u00bb","block_context":{"text":"Actualidad","link":"https:\/\/lahoradelcampo.com.uy\/site\/category\/actualidad\/"},"img":{"alt_text":"","src":"https:\/\/i0.wp.com\/lahoradelcampo.com.uy\/site\/wp-content\/uploads\/2023\/06\/Lana-australia.jpg?fit=880%2C440&ssl=1&resize=350%2C200","width":350,"height":200,"srcset":"https:\/\/i0.wp.com\/lahoradelcampo.com.uy\/site\/wp-content\/uploads\/2023\/06\/Lana-australia.jpg?fit=880%2C440&ssl=1&resize=350%2C200 1x, https:\/\/i0.wp.com\/lahoradelcampo.com.uy\/site\/wp-content\/uploads\/2023\/06\/Lana-australia.jpg?fit=880%2C440&ssl=1&resize=525%2C300 1.5x, https:\/\/i0.wp.com\/lahoradelcampo.com.uy\/site\/wp-content\/uploads\/2023\/06\/Lana-australia.jpg?fit=880%2C440&ssl=1&resize=700%2C400 2x"},"classes":[]},{"id":43393,"url":"https:\/\/lahoradelcampo.com.uy\/site\/el-ime-cayo-fuerte-al-cierre-de-la-zafra-lanera-2021-22\/","url_meta":{"origin":51584,"position":2},"title":"El IME cay\u00f3 fuerte al cierre de la zafra lanera 2021-22","author":"La Hora del Campo","date":"1 julio, 2022","format":false,"excerpt":"El mi\u00e9rcoles cerr\u00f3 la zafra lanera 2021-2022 en Australia, con una fuerte correcci\u00f3n a la baja en las referencias de precios para todos los micronajes, principalmente en las lanas finas debido a la baja calidad en la gran mayor\u00eda de la oferta. A modo de ejemplo de lo que signific\u00f3\u2026","rel":"","context":"En \u00abActualidad\u00bb","block_context":{"text":"Actualidad","link":"https:\/\/lahoradelcampo.com.uy\/site\/category\/actualidad\/"},"img":{"alt_text":"","src":"https:\/\/i0.wp.com\/lahoradelcampo.com.uy\/site\/wp-content\/uploads\/2022\/06\/lanas-australia.jpg?fit=880%2C440&ssl=1&resize=350%2C200","width":350,"height":200,"srcset":"https:\/\/i0.wp.com\/lahoradelcampo.com.uy\/site\/wp-content\/uploads\/2022\/06\/lanas-australia.jpg?fit=880%2C440&ssl=1&resize=350%2C200 1x, https:\/\/i0.wp.com\/lahoradelcampo.com.uy\/site\/wp-content\/uploads\/2022\/06\/lanas-australia.jpg?fit=880%2C440&ssl=1&resize=525%2C300 1.5x, https:\/\/i0.wp.com\/lahoradelcampo.com.uy\/site\/wp-content\/uploads\/2022\/06\/lanas-australia.jpg?fit=880%2C440&ssl=1&resize=700%2C400 2x"},"classes":[]},{"id":37649,"url":"https:\/\/lahoradelcampo.com.uy\/site\/el-ime-cerro-la-primera-mitad-de-la-zafra-en-us-965\/","url_meta":{"origin":51584,"position":3},"title":"El IME cerr\u00f3 la primera mitad de la zafra en US$ 9,65","author":"La Hora del Campo","date":"17 diciembre, 2021","format":false,"excerpt":"Cerr\u00f3 la primera mitad de la zafra lanera 2021-2022, con una semana que registr\u00f3 una baja de seis centavos en el Indicador de Mercados del Este (IME). La demanda China estuvo m\u00e1s cauta ante el crecimiento de los casos de Covid-19 en el gigante asi\u00e1tico, pero con inter\u00e9s en lanas\u2026","rel":"","context":"En \u00abActualidad\u00bb","block_context":{"text":"Actualidad","link":"https:\/\/lahoradelcampo.com.uy\/site\/category\/actualidad\/"},"img":{"alt_text":"","src":"https:\/\/i0.wp.com\/lahoradelcampo.com.uy\/site\/wp-content\/uploads\/2018\/03\/lana.jpg?fit=880%2C440&ssl=1&resize=350%2C200","width":350,"height":200,"srcset":"https:\/\/i0.wp.com\/lahoradelcampo.com.uy\/site\/wp-content\/uploads\/2018\/03\/lana.jpg?fit=880%2C440&ssl=1&resize=350%2C200 1x, https:\/\/i0.wp.com\/lahoradelcampo.com.uy\/site\/wp-content\/uploads\/2018\/03\/lana.jpg?fit=880%2C440&ssl=1&resize=525%2C300 1.5x, https:\/\/i0.wp.com\/lahoradelcampo.com.uy\/site\/wp-content\/uploads\/2018\/03\/lana.jpg?fit=880%2C440&ssl=1&resize=700%2C400 2x"},"classes":[]},{"id":21502,"url":"https:\/\/lahoradelcampo.com.uy\/site\/la-zafra-lanera-2020-21-en-australia-arranco-con-el-ime-estable\/","url_meta":{"origin":51584,"position":4},"title":"La zafra lanera 2020\/21 en Australia arranc\u00f3 con el IME estable","author":"La Hora del Campo","date":"3 julio, 2020","format":false,"excerpt":"La primera semana de la zafra lanera 2020\/2021 cerr\u00f3 con Indicador de Mercados del Este (IME) estable respecto al cierre de la semana pasada, luego de un tipo de cambio que gener\u00f3 bajas y subas en la moneda norteamericana, sin embargo lo m\u00e1s importante de la semana ha sido el\u2026","rel":"","context":"En \u00abActualidad\u00bb","block_context":{"text":"Actualidad","link":"https:\/\/lahoradelcampo.com.uy\/site\/category\/actualidad\/"},"img":{"alt_text":"","src":"https:\/\/i0.wp.com\/lahoradelcampo.com.uy\/site\/wp-content\/uploads\/2018\/03\/Lanaa.jpg?fit=880%2C440&ssl=1&resize=350%2C200","width":350,"height":200,"srcset":"https:\/\/i0.wp.com\/lahoradelcampo.com.uy\/site\/wp-content\/uploads\/2018\/03\/Lanaa.jpg?fit=880%2C440&ssl=1&resize=350%2C200 1x, https:\/\/i0.wp.com\/lahoradelcampo.com.uy\/site\/wp-content\/uploads\/2018\/03\/Lanaa.jpg?fit=880%2C440&ssl=1&resize=525%2C300 1.5x, https:\/\/i0.wp.com\/lahoradelcampo.com.uy\/site\/wp-content\/uploads\/2018\/03\/Lanaa.jpg?fit=880%2C440&ssl=1&resize=700%2C400 2x"},"classes":[]},{"id":55293,"url":"https:\/\/lahoradelcampo.com.uy\/site\/cierre-semanal-con-subas-en-el-ime-y-expectativas-de-recuperacion-para-2025\/","url_meta":{"origin":51584,"position":5},"title":"Cierre semanal con subas en el IME y expectativas de recuperaci\u00f3n para 2025","author":"La Hora del Campo","date":"21 diciembre, 2024","format":false,"excerpt":"El mercado lanero australiano concluy\u00f3 la \u00faltima semana de ventas del a\u00f1o 2024 con un repunte en su cotizaci\u00f3n del Indicador de Mercados del Este (IME) en ambas monedas. Sin embargo, el comportamiento es dispar, de acuerdo con la moneda en que se analice, al analizar los primeros seis meses\u2026","rel":"","context":"En \u00abActualidad\u00bb","block_context":{"text":"Actualidad","link":"https:\/\/lahoradelcampo.com.uy\/site\/category\/actualidad\/"},"img":{"alt_text":"","src":"https:\/\/i0.wp.com\/lahoradelcampo.com.uy\/site\/wp-content\/uploads\/2024\/12\/lanas-australias.jpg?fit=880%2C440&ssl=1&resize=350%2C200","width":350,"height":200,"srcset":"https:\/\/i0.wp.com\/lahoradelcampo.com.uy\/site\/wp-content\/uploads\/2024\/12\/lanas-australias.jpg?fit=880%2C440&ssl=1&resize=350%2C200 1x, https:\/\/i0.wp.com\/lahoradelcampo.com.uy\/site\/wp-content\/uploads\/2024\/12\/lanas-australias.jpg?fit=880%2C440&ssl=1&resize=525%2C300 1.5x, https:\/\/i0.wp.com\/lahoradelcampo.com.uy\/site\/wp-content\/uploads\/2024\/12\/lanas-australias.jpg?fit=880%2C440&ssl=1&resize=700%2C400 2x"},"classes":[]}],"jetpack_likes_enabled":true,"_links":{"self":[{"href":"https:\/\/lahoradelcampo.com.uy\/site\/wp-json\/wp\/v2\/posts\/51584","targetHints":{"allow":["GET"]}}],"collection":[{"href":"https:\/\/lahoradelcampo.com.uy\/site\/wp-json\/wp\/v2\/posts"}],"about":[{"href":"https:\/\/lahoradelcampo.com.uy\/site\/wp-json\/wp\/v2\/types\/post"}],"author":[{"embeddable":true,"href":"https:\/\/lahoradelcampo.com.uy\/site\/wp-json\/wp\/v2\/users\/5"}],"replies":[{"embeddable":true,"href":"https:\/\/lahoradelcampo.com.uy\/site\/wp-json\/wp\/v2\/comments?post=51584"}],"version-history":[{"count":1,"href":"https:\/\/lahoradelcampo.com.uy\/site\/wp-json\/wp\/v2\/posts\/51584\/revisions"}],"predecessor-version":[{"id":51586,"href":"https:\/\/lahoradelcampo.com.uy\/site\/wp-json\/wp\/v2\/posts\/51584\/revisions\/51586"}],"wp:featuredmedia":[{"embeddable":true,"href":"https:\/\/lahoradelcampo.com.uy\/site\/wp-json\/wp\/v2\/media\/6173"}],"wp:attachment":[{"href":"https:\/\/lahoradelcampo.com.uy\/site\/wp-json\/wp\/v2\/media?parent=51584"}],"wp:term":[{"taxonomy":"category","embeddable":true,"href":"https:\/\/lahoradelcampo.com.uy\/site\/wp-json\/wp\/v2\/categories?post=51584"},{"taxonomy":"post_tag","embeddable":true,"href":"https:\/\/lahoradelcampo.com.uy\/site\/wp-json\/wp\/v2\/tags?post=51584"}],"curies":[{"name":"wp","href":"https:\/\/api.w.org\/{rel}","templated":true}]}}