{"id":51570,"date":"2023-07-02T18:53:57","date_gmt":"2023-07-02T21:53:57","guid":{"rendered":"http:\/\/lahoradelcampo.com.uy\/site\/?p=51570"},"modified":"2023-07-02T18:54:46","modified_gmt":"2023-07-02T21:54:46","slug":"el-proximo-3-de-agosto-se-realiza-el-8vo-taller-de-gestacion-en-ovinos","status":"publish","type":"post","link":"https:\/\/lahoradelcampo.com.uy\/site\/el-proximo-3-de-agosto-se-realiza-el-8vo-taller-de-gestacion-en-ovinos\/","title":{"rendered":"El pr\u00f3ximo 3 de agosto se realiza el 8vo. Taller de Gestaci\u00f3n en Ovinos"},"content":{"rendered":"\n<figure class=\"wp-block-image size-full\"><a href=\"https:\/\/i0.wp.com\/lahoradelcampo.com.uy\/site\/wp-content\/uploads\/2023\/07\/Ovino-corderos.jpg\"><img data-recalc-dims=\"1\" loading=\"lazy\" decoding=\"async\" width=\"810\" height=\"405\" data-attachment-id=\"51572\" data-permalink=\"https:\/\/lahoradelcampo.com.uy\/site\/el-proximo-3-de-agosto-se-realiza-el-8vo-taller-de-gestacion-en-ovinos\/ovino-corderos\/\" data-orig-file=\"https:\/\/i0.wp.com\/lahoradelcampo.com.uy\/site\/wp-content\/uploads\/2023\/07\/Ovino-corderos.jpg?fit=880%2C440&amp;ssl=1\" data-orig-size=\"880,440\" data-comments-opened=\"1\" data-image-meta=\"{&quot;aperture&quot;:&quot;0&quot;,&quot;credit&quot;:&quot;&quot;,&quot;camera&quot;:&quot;&quot;,&quot;caption&quot;:&quot;&quot;,&quot;created_timestamp&quot;:&quot;0&quot;,&quot;copyright&quot;:&quot;&quot;,&quot;focal_length&quot;:&quot;0&quot;,&quot;iso&quot;:&quot;0&quot;,&quot;shutter_speed&quot;:&quot;0&quot;,&quot;title&quot;:&quot;&quot;,&quot;orientation&quot;:&quot;1&quot;}\" data-image-title=\"Ovino-corderos\" data-image-description=\"\" data-image-caption=\"\" data-large-file=\"https:\/\/i0.wp.com\/lahoradelcampo.com.uy\/site\/wp-content\/uploads\/2023\/07\/Ovino-corderos.jpg?fit=810%2C405&amp;ssl=1\" src=\"https:\/\/i0.wp.com\/lahoradelcampo.com.uy\/site\/wp-content\/uploads\/2023\/07\/Ovino-corderos.jpg?resize=810%2C405\" alt=\"\" class=\"wp-image-51572\" srcset=\"https:\/\/i0.wp.com\/lahoradelcampo.com.uy\/site\/wp-content\/uploads\/2023\/07\/Ovino-corderos.jpg?w=880&amp;ssl=1 880w, https:\/\/i0.wp.com\/lahoradelcampo.com.uy\/site\/wp-content\/uploads\/2023\/07\/Ovino-corderos.jpg?resize=300%2C150&amp;ssl=1 300w, https:\/\/i0.wp.com\/lahoradelcampo.com.uy\/site\/wp-content\/uploads\/2023\/07\/Ovino-corderos.jpg?resize=768%2C384&amp;ssl=1 768w, https:\/\/i0.wp.com\/lahoradelcampo.com.uy\/site\/wp-content\/uploads\/2023\/07\/Ovino-corderos.jpg?resize=820%2C410&amp;ssl=1 820w\" sizes=\"auto, (max-width: 810px) 100vw, 810px\" \/><\/a><\/figure>\n\n\n\n<p>El Instituto Nacional de Investigaci\u00f3n Agropecuaria (INIA) realizar\u00e1 el 8vo. Taller de Diagn\u00f3sticos de Gestaci\u00f3n en Ovinos, el pr\u00f3ximo 3 de agosto. Este a\u00f1o, el taller ofrecer\u00e1 una propuesta combinada, que incluir\u00e1 una visita a la Unidad de Ovinos de INIA La Estanzuela, as\u00ed como una presentaci\u00f3n en sala donde se compartir\u00e1n los reportes sobre el estado de gestaci\u00f3n de los reba\u00f1os ovinos en Uruguay, presentados por los diferentes equipos y asesores veterinarios del taller.<\/p>\n\n\n\n<p>La jornada iniciar\u00e1 a las 10 de la ma\u00f1ana, con un punto de encuentro en la propia Unidad de Ovinos, donde los participantes podr\u00e1n recorrer pasturas, instalaciones, parideras, mangas y conocer m\u00e1s acerca del cultivo de Lupino y sus propiedades, entre otros aspectos de inter\u00e9s.<\/p>\n\n\n\n<p>En la tarde, se realizar\u00e1n las presentaciones en la Sala Centenario de INIA La Estanzuela, donde se compartir\u00e1n los informes detallados sobre el estado de gestaci\u00f3n de los reba\u00f1os provenientes de diferentes puntos del pa\u00eds. Tambi\u00e9n se abordar\u00e1 el control de piet\u00edn mediante vacunaci\u00f3n, con el apoyo de colegas del SUL, y se brindar\u00e1 una visi\u00f3n general de los referentes en el rubro ovino.<\/p>\n\n\n\n<p>Es importante destacar que este taller es de acceso libre y gratuito, y est\u00e1 dirigido principalmente a productores, asesores y estudiantes del sector agropecuario.<\/p>\n\n\n\n<p>Salto, 2 de julio de 2023<\/p>\n","protected":false},"excerpt":{"rendered":"<p>El Instituto Nacional de Investigaci\u00f3n Agropecuaria (INIA) realizar\u00e1 el 8vo. Taller de Diagn\u00f3sticos de Gestaci\u00f3n en Ovinos, el pr\u00f3ximo 3 de agosto. Este a\u00f1o, el taller ofrecer\u00e1 una propuesta combinada, [&hellip;]<\/p>\n","protected":false},"author":5,"featured_media":51572,"comment_status":"open","ping_status":"open","sticky":false,"template":"","format":"standard","meta":{"_price":"","_stock":"","_tribe_ticket_header":"","_tribe_default_ticket_provider":"","_tribe_ticket_capacity":"0","_ticket_start_date":"","_ticket_end_date":"","_tribe_ticket_show_description":"","_tribe_ticket_show_not_going":false,"_tribe_ticket_use_global_stock":"","_tribe_ticket_global_stock_level":"","_global_stock_mode":"","_global_stock_cap":"","_tribe_rsvp_for_event":"","_tribe_ticket_going_count":"","_tribe_ticket_not_going_count":"","_tribe_tickets_list":"[]","_tribe_ticket_has_attendee_info_fields":false,"h5ap_radio_sources":[],"_jetpack_newsletter_access":"","_jetpack_dont_email_post_to_subs":false,"_jetpack_newsletter_tier_id":0,"_jetpack_memberships_contains_paywalled_content":false,"_jetpack_memberships_contains_paid_content":false,"footnotes":""},"categories":[21,13],"tags":[],"class_list":["post-51570","post","type-post","status-publish","format-standard","has-post-thumbnail","hentry","category-actualidad","category-ovinos"],"jetpack_featured_media_url":"https:\/\/i0.wp.com\/lahoradelcampo.com.uy\/site\/wp-content\/uploads\/2023\/07\/Ovino-corderos.jpg?fit=880%2C440&ssl=1","jetpack_sharing_enabled":true,"jetpack_shortlink":"https:\/\/wp.me\/p99IaT-dpM","jetpack-related-posts":[{"id":13126,"url":"https:\/\/lahoradelcampo.com.uy\/site\/el-iv-taller-de-gestacion-en-ovinos-se-desarrollara-en-salto\/","url_meta":{"origin":51570,"position":0},"title":"El IV taller de gestaci\u00f3n en ovinos se desarrollar\u00e1 en Salto","author":"La Hora del Campo","date":"30 julio, 2019","format":false,"excerpt":"Este a\u00f1o el taller de gestaci\u00f3n en ovinos, que llega a su cuarta edici\u00f3n, se desarrollar\u00e1 en las instalaciones de INIA Salto Grande, con la participaci\u00f3n de destacados t\u00e9cnicos a nivel nacional. La actividad se realizar\u00e1 el 14 de agosto, a partir de la hora 9, y es organizada por\u2026","rel":"","context":"En \u00abActualidad\u00bb","block_context":{"text":"Actualidad","link":"https:\/\/lahoradelcampo.com.uy\/site\/category\/actualidad\/"},"img":{"alt_text":"","src":"https:\/\/i0.wp.com\/lahoradelcampo.com.uy\/site\/wp-content\/uploads\/2019\/07\/ovinos-corderos.jpg?fit=880%2C440&ssl=1&resize=350%2C200","width":350,"height":200,"srcset":"https:\/\/i0.wp.com\/lahoradelcampo.com.uy\/site\/wp-content\/uploads\/2019\/07\/ovinos-corderos.jpg?fit=880%2C440&ssl=1&resize=350%2C200 1x, https:\/\/i0.wp.com\/lahoradelcampo.com.uy\/site\/wp-content\/uploads\/2019\/07\/ovinos-corderos.jpg?fit=880%2C440&ssl=1&resize=525%2C300 1.5x, https:\/\/i0.wp.com\/lahoradelcampo.com.uy\/site\/wp-content\/uploads\/2019\/07\/ovinos-corderos.jpg?fit=880%2C440&ssl=1&resize=700%2C400 2x"},"classes":[]},{"id":43821,"url":"https:\/\/lahoradelcampo.com.uy\/site\/en-agosto-se-realiza-el-7mo-taller-de-gestacion-en-ovinos\/","url_meta":{"origin":51570,"position":1},"title":"En agosto  se realiza el 7mo taller de gestaci\u00f3n en ovinos","author":"La Hora del Campo","date":"15 julio, 2022","format":false,"excerpt":"Al igual que con la especie vacuna, los profesionales veterinarios se encuentran aportando la informaci\u00f3n correspondiente a los Diagn\u00f3sticos de Gestaci\u00f3n en Ovinos, que se vienen realizando en todo el territorio nacional, para lo que ser\u00e1 el s\u00e9ptimo taller nacional, que en esta oportunidad se realizar\u00e1 en las instalaciones de\u2026","rel":"","context":"En \u00abActualidad\u00bb","block_context":{"text":"Actualidad","link":"https:\/\/lahoradelcampo.com.uy\/site\/category\/actualidad\/"},"img":{"alt_text":"","src":"https:\/\/i0.wp.com\/lahoradelcampo.com.uy\/site\/wp-content\/uploads\/2019\/08\/diagnosticos.jpg?fit=880%2C440&ssl=1&resize=350%2C200","width":350,"height":200,"srcset":"https:\/\/i0.wp.com\/lahoradelcampo.com.uy\/site\/wp-content\/uploads\/2019\/08\/diagnosticos.jpg?fit=880%2C440&ssl=1&resize=350%2C200 1x, https:\/\/i0.wp.com\/lahoradelcampo.com.uy\/site\/wp-content\/uploads\/2019\/08\/diagnosticos.jpg?fit=880%2C440&ssl=1&resize=525%2C300 1.5x, https:\/\/i0.wp.com\/lahoradelcampo.com.uy\/site\/wp-content\/uploads\/2019\/08\/diagnosticos.jpg?fit=880%2C440&ssl=1&resize=700%2C400 2x"},"classes":[]},{"id":32992,"url":"https:\/\/lahoradelcampo.com.uy\/site\/el-6to-taller-de-diagnosticos-de-gestacion-en-ovinos-tendra-foco-un-ano-mellicero\/","url_meta":{"origin":51570,"position":2},"title":"El 6to taller de diagn\u00f3sticos de gestaci\u00f3n en ovinos tendr\u00e1 foco \u00abun a\u00f1o mellicero\u00bb","author":"La Hora del Campo","date":"12 agosto, 2021","format":false,"excerpt":"El pr\u00f3ximo jueves 19 de agosto, el Instituto Nacional de Investigaci\u00f3n Agropecuaria (INIA) desarrollar\u00e1 el 6to Taller de diagn\u00f3sticos de gestaci\u00f3n en ovinos, que ser\u00e1 transmitido a trav\u00e9s de su canal de Youtube a partir de las 16 horas. Dicho encuentro contar\u00e1 con dos partes bien definidas, la primera ser\u00e1\u2026","rel":"","context":"En \u00abActualidad\u00bb","block_context":{"text":"Actualidad","link":"https:\/\/lahoradelcampo.com.uy\/site\/category\/actualidad\/"},"img":{"alt_text":"","src":"https:\/\/i0.wp.com\/lahoradelcampo.com.uy\/site\/wp-content\/uploads\/2021\/08\/georgget-banchero.jpg?fit=880%2C440&ssl=1&resize=350%2C200","width":350,"height":200,"srcset":"https:\/\/i0.wp.com\/lahoradelcampo.com.uy\/site\/wp-content\/uploads\/2021\/08\/georgget-banchero.jpg?fit=880%2C440&ssl=1&resize=350%2C200 1x, https:\/\/i0.wp.com\/lahoradelcampo.com.uy\/site\/wp-content\/uploads\/2021\/08\/georgget-banchero.jpg?fit=880%2C440&ssl=1&resize=525%2C300 1.5x, https:\/\/i0.wp.com\/lahoradelcampo.com.uy\/site\/wp-content\/uploads\/2021\/08\/georgget-banchero.jpg?fit=880%2C440&ssl=1&resize=700%2C400 2x"},"classes":[]},{"id":54186,"url":"https:\/\/lahoradelcampo.com.uy\/site\/el-ovino-tiene-un-potencial-del-1129-de-senalada-este-ano\/","url_meta":{"origin":51570,"position":3},"title":"El ovino tiene un potencial del 112,9% de se\u00f1alada este a\u00f1o","author":"La Hora del Campo","date":"9 agosto, 2024","format":false,"excerpt":"Se realiz\u00f3 este jueves 8 de agosto en los salones de la Comisi\u00f3n T\u00e9cnica Mixta de Salto Grande, la jornada \"\u00bfQu\u00e9 Ovinos necesitamos en el escenario actual?\", desarrollada por el Instituto Nacional de Investigaci\u00f3n Agropecuaria (Inia), en la cual se incluy\u00f3 el noveno taller de resultados de los diagn\u00f3sticos de\u2026","rel":"","context":"En \u00abActualidad\u00bb","block_context":{"text":"Actualidad","link":"https:\/\/lahoradelcampo.com.uy\/site\/category\/actualidad\/"},"img":{"alt_text":"","src":"https:\/\/i0.wp.com\/lahoradelcampo.com.uy\/site\/wp-content\/uploads\/2024\/08\/Tallerdediagnostico.jpg?fit=880%2C440&ssl=1&resize=350%2C200","width":350,"height":200,"srcset":"https:\/\/i0.wp.com\/lahoradelcampo.com.uy\/site\/wp-content\/uploads\/2024\/08\/Tallerdediagnostico.jpg?fit=880%2C440&ssl=1&resize=350%2C200 1x, https:\/\/i0.wp.com\/lahoradelcampo.com.uy\/site\/wp-content\/uploads\/2024\/08\/Tallerdediagnostico.jpg?fit=880%2C440&ssl=1&resize=525%2C300 1.5x, https:\/\/i0.wp.com\/lahoradelcampo.com.uy\/site\/wp-content\/uploads\/2024\/08\/Tallerdediagnostico.jpg?fit=880%2C440&ssl=1&resize=700%2C400 2x"},"classes":[]},{"id":51890,"url":"https:\/\/lahoradelcampo.com.uy\/site\/mayor-prenez-y-presencia-de-mellizos-en-las-majadas-del-norte-del-pais\/","url_meta":{"origin":51570,"position":4},"title":"Mayor pre\u00f1ez y presencia de mellizos en las majadas del norte del pa\u00eds","author":"La Hora del Campo","date":"19 julio, 2023","format":false,"excerpt":"En el marco del 8vo. Taller de Diagn\u00f3sticos de Gestaci\u00f3n en Ovinos, que se llevar\u00e1 a cabo el pr\u00f3ximo 3 de agosto, el Instituto Nacional de Investigaci\u00f3n Agropecuaria (INIA) ha organizado una interesante propuesta para los productores, asesores y estudiantes del agro en Uruguay. Este taller, que combina una visita\u2026","rel":"","context":"En \u00abActualidad\u00bb","block_context":{"text":"Actualidad","link":"https:\/\/lahoradelcampo.com.uy\/site\/category\/actualidad\/"},"img":{"alt_text":"","src":"https:\/\/i0.wp.com\/lahoradelcampo.com.uy\/site\/wp-content\/uploads\/2023\/07\/JoseHermann1.jpg?fit=880%2C440&ssl=1&resize=350%2C200","width":350,"height":200,"srcset":"https:\/\/i0.wp.com\/lahoradelcampo.com.uy\/site\/wp-content\/uploads\/2023\/07\/JoseHermann1.jpg?fit=880%2C440&ssl=1&resize=350%2C200 1x, https:\/\/i0.wp.com\/lahoradelcampo.com.uy\/site\/wp-content\/uploads\/2023\/07\/JoseHermann1.jpg?fit=880%2C440&ssl=1&resize=525%2C300 1.5x, https:\/\/i0.wp.com\/lahoradelcampo.com.uy\/site\/wp-content\/uploads\/2023\/07\/JoseHermann1.jpg?fit=880%2C440&ssl=1&resize=700%2C400 2x"},"classes":[]},{"id":33331,"url":"https:\/\/lahoradelcampo.com.uy\/site\/ovinos-con-un-112-de-potencial-de-paricion\/","url_meta":{"origin":51570,"position":5},"title":"Ovinos con un 112% de potencial de parici\u00f3n","author":"La Hora del Campo","date":"23 agosto, 2021","format":false,"excerpt":"El jueves, INIA realiz\u00f3 el sexto taller de diagn\u00f3sticos en gestaci\u00f3n ovina, donde se concluye que se ha constatado un 93% de pre\u00f1ez un potencial de parici\u00f3n del 112%, lo cual reafirma lo se\u00f1alado previamente al encuentro por parte por la Dra. Georgett Banchero en La Hora del Campo, que\u2026","rel":"","context":"En \u00abActualidad\u00bb","block_context":{"text":"Actualidad","link":"https:\/\/lahoradelcampo.com.uy\/site\/category\/actualidad\/"},"img":{"alt_text":"","src":"https:\/\/i0.wp.com\/lahoradelcampo.com.uy\/site\/wp-content\/uploads\/2019\/07\/ovinos-corderos.jpg?fit=880%2C440&ssl=1&resize=350%2C200","width":350,"height":200,"srcset":"https:\/\/i0.wp.com\/lahoradelcampo.com.uy\/site\/wp-content\/uploads\/2019\/07\/ovinos-corderos.jpg?fit=880%2C440&ssl=1&resize=350%2C200 1x, https:\/\/i0.wp.com\/lahoradelcampo.com.uy\/site\/wp-content\/uploads\/2019\/07\/ovinos-corderos.jpg?fit=880%2C440&ssl=1&resize=525%2C300 1.5x, https:\/\/i0.wp.com\/lahoradelcampo.com.uy\/site\/wp-content\/uploads\/2019\/07\/ovinos-corderos.jpg?fit=880%2C440&ssl=1&resize=700%2C400 2x"},"classes":[]}],"jetpack_likes_enabled":true,"_links":{"self":[{"href":"https:\/\/lahoradelcampo.com.uy\/site\/wp-json\/wp\/v2\/posts\/51570","targetHints":{"allow":["GET"]}}],"collection":[{"href":"https:\/\/lahoradelcampo.com.uy\/site\/wp-json\/wp\/v2\/posts"}],"about":[{"href":"https:\/\/lahoradelcampo.com.uy\/site\/wp-json\/wp\/v2\/types\/post"}],"author":[{"embeddable":true,"href":"https:\/\/lahoradelcampo.com.uy\/site\/wp-json\/wp\/v2\/users\/5"}],"replies":[{"embeddable":true,"href":"https:\/\/lahoradelcampo.com.uy\/site\/wp-json\/wp\/v2\/comments?post=51570"}],"version-history":[{"count":2,"href":"https:\/\/lahoradelcampo.com.uy\/site\/wp-json\/wp\/v2\/posts\/51570\/revisions"}],"predecessor-version":[{"id":51576,"href":"https:\/\/lahoradelcampo.com.uy\/site\/wp-json\/wp\/v2\/posts\/51570\/revisions\/51576"}],"wp:featuredmedia":[{"embeddable":true,"href":"https:\/\/lahoradelcampo.com.uy\/site\/wp-json\/wp\/v2\/media\/51572"}],"wp:attachment":[{"href":"https:\/\/lahoradelcampo.com.uy\/site\/wp-json\/wp\/v2\/media?parent=51570"}],"wp:term":[{"taxonomy":"category","embeddable":true,"href":"https:\/\/lahoradelcampo.com.uy\/site\/wp-json\/wp\/v2\/categories?post=51570"},{"taxonomy":"post_tag","embeddable":true,"href":"https:\/\/lahoradelcampo.com.uy\/site\/wp-json\/wp\/v2\/tags?post=51570"}],"curies":[{"name":"wp","href":"https:\/\/api.w.org\/{rel}","templated":true}]}}